{"id":3493,"date":"2021-05-29T13:44:15","date_gmt":"2021-05-29T11:44:15","guid":{"rendered":"https:\/\/www.ofkbrdo.com\/Wordpress\/?p=3493"},"modified":"2021-05-29T13:44:15","modified_gmt":"2021-05-29T11:44:15","slug":"svi-putevi-vode-prema-vedrom-polju","status":"publish","type":"post","link":"https:\/\/www.ofkbrdo.com\/Wordpress\/svi-putevi-vode-prema-vedrom-polju\/","title":{"rendered":"SVI PUTEVI VODE PREMA VEDROM POLJU."},"content":{"rendered":"<p>Zajednic\u030ckim snagama smo se pribliz\u030cili velikom uspjehu. Drugoligas\u030ca sezona je na samom kraju.<\/p>\n<p>Ne tako davno nismo mogli ni zamisliti da c\u0301e u trec\u0301em rangu takmic\u030cenja u BiH, biti klub koji z\u030civot znac\u030ci. Ali, to se desilo i ruku na srce, poloz\u030cili smo ispit jer c\u0301e se Vedrim poljem i naredne godine igrati drugoligas\u030cki fudbal, a nas\u030ca mladost c\u0301e nastupati u Omladinskoj ligi BiH.<\/p>\n<p><img data-recalc-dims=\"1\" fetchpriority=\"high\" decoding=\"async\" data-attachment-id=\"3490\" data-permalink=\"https:\/\/www.ofkbrdo.com\/Wordpress\/fk-ljubija-ofk-brdo-0-8\/90811248-3882-4851-a0f9-c2fbab8e60d7\/\" data-orig-file=\"https:\/\/i0.wp.com\/www.ofkbrdo.com\/Wordpress\/wp-content\/uploads\/2021\/05\/90811248-3882-4851-A0F9-C2FBAB8E60D7-scaled.jpeg?fit=2560%2C1375&amp;ssl=1\" data-orig-size=\"2560,1375\" data-comments-opened=\"0\" data-image-meta=\"{&quot;aperture&quot;:&quot;1.8&quot;,&quot;credit&quot;:&quot;&quot;,&quot;camera&quot;:&quot;Nokia 7.2&quot;,&quot;caption&quot;:&quot;&quot;,&quot;created_timestamp&quot;:&quot;0&quot;,&quot;copyright&quot;:&quot;&quot;,&quot;focal_length&quot;:&quot;4.71&quot;,&quot;iso&quot;:&quot;101&quot;,&quot;shutter_speed&quot;:&quot;0.00025&quot;,&quot;title&quot;:&quot;&quot;,&quot;orientation&quot;:&quot;1&quot;}\" data-image-title=\"90811248-3882-4851-A0F9-C2FBAB8E60D7\" data-image-description=\"\" data-image-caption=\"\" data-large-file=\"https:\/\/i0.wp.com\/www.ofkbrdo.com\/Wordpress\/wp-content\/uploads\/2021\/05\/90811248-3882-4851-A0F9-C2FBAB8E60D7-scaled.jpeg?fit=640%2C344&amp;ssl=1\" class=\"aligncenter size-large wp-image-3490\" src=\"https:\/\/i0.wp.com\/www.ofkbrdo.com\/Wordpress\/wp-content\/uploads\/2021\/05\/90811248-3882-4851-A0F9-C2FBAB8E60D7.jpeg?resize=640%2C343&#038;ssl=1\" alt=\"\" width=\"640\" height=\"343\" srcset=\"https:\/\/i0.wp.com\/www.ofkbrdo.com\/Wordpress\/wp-content\/uploads\/2021\/05\/90811248-3882-4851-A0F9-C2FBAB8E60D7-scaled.jpeg?resize=1024%2C550&amp;ssl=1 1024w, https:\/\/i0.wp.com\/www.ofkbrdo.com\/Wordpress\/wp-content\/uploads\/2021\/05\/90811248-3882-4851-A0F9-C2FBAB8E60D7-scaled.jpeg?resize=300%2C161&amp;ssl=1 300w, https:\/\/i0.wp.com\/www.ofkbrdo.com\/Wordpress\/wp-content\/uploads\/2021\/05\/90811248-3882-4851-A0F9-C2FBAB8E60D7-scaled.jpeg?resize=768%2C413&amp;ssl=1 768w, https:\/\/i0.wp.com\/www.ofkbrdo.com\/Wordpress\/wp-content\/uploads\/2021\/05\/90811248-3882-4851-A0F9-C2FBAB8E60D7-scaled.jpeg?resize=1536%2C825&amp;ssl=1 1536w, https:\/\/i0.wp.com\/www.ofkbrdo.com\/Wordpress\/wp-content\/uploads\/2021\/05\/90811248-3882-4851-A0F9-C2FBAB8E60D7-scaled.jpeg?resize=2048%2C1100&amp;ssl=1 2048w, https:\/\/i0.wp.com\/www.ofkbrdo.com\/Wordpress\/wp-content\/uploads\/2021\/05\/90811248-3882-4851-A0F9-C2FBAB8E60D7-scaled.jpeg?resize=310%2C167&amp;ssl=1 310w, https:\/\/i0.wp.com\/www.ofkbrdo.com\/Wordpress\/wp-content\/uploads\/2021\/05\/90811248-3882-4851-A0F9-C2FBAB8E60D7-scaled.jpeg?resize=60%2C32&amp;ssl=1 60w, https:\/\/i0.wp.com\/www.ofkbrdo.com\/Wordpress\/wp-content\/uploads\/2021\/05\/90811248-3882-4851-A0F9-C2FBAB8E60D7-scaled.jpeg?w=1280&amp;ssl=1 1280w, https:\/\/i0.wp.com\/www.ofkbrdo.com\/Wordpress\/wp-content\/uploads\/2021\/05\/90811248-3882-4851-A0F9-C2FBAB8E60D7-scaled.jpeg?w=1920&amp;ssl=1 1920w\" sizes=\"(max-width: 640px) 100vw, 640px\" \/><br \/>\nAli, sutras\u030cnji susret sa nekadas\u030cnjim c\u030clanom najjac\u030ce lige u drz\u030cavi, ekipom Laktas\u030ca, prilika je da sezonu okonc\u030camo u velikom stilu i budemo me\u0111u najuspjes\u030cnijim sastavima ovog proljec\u0301a.<\/p>\n<figure id=\"attachment_3494\" aria-describedby=\"caption-attachment-3494\" style=\"width: 820px\" class=\"wp-caption aligncenter\"><img data-recalc-dims=\"1\" decoding=\"async\" data-attachment-id=\"3494\" data-permalink=\"https:\/\/www.ofkbrdo.com\/Wordpress\/svi-putevi-vode-prema-vedrom-polju\/3292fa39-174c-46f0-8d11-56508044aa2b\/\" data-orig-file=\"https:\/\/i0.wp.com\/www.ofkbrdo.com\/Wordpress\/wp-content\/uploads\/2021\/05\/3292FA39-174C-46F0-8D11-56508044AA2B-scaled.jpeg?fit=2560%2C1920&amp;ssl=1\" data-orig-size=\"2560,1920\" data-comments-opened=\"0\" data-image-meta=\"{&quot;aperture&quot;:&quot;0&quot;,&quot;credit&quot;:&quot;&quot;,&quot;camera&quot;:&quot;&quot;,&quot;caption&quot;:&quot;&quot;,&quot;created_timestamp&quot;:&quot;0&quot;,&quot;copyright&quot;:&quot;&quot;,&quot;focal_length&quot;:&quot;0&quot;,&quot;iso&quot;:&quot;0&quot;,&quot;shutter_speed&quot;:&quot;0&quot;,&quot;title&quot;:&quot;&quot;,&quot;orientation&quot;:&quot;1&quot;}\" data-image-title=\"3292FA39-174C-46F0-8D11-56508044AA2B\" data-image-description=\"&lt;p&gt;Senudin Safi\u0107 na zadatku&lt;\/p&gt;\n\" data-image-caption=\"&lt;p&gt;Senudin Safi\u0107 na zadatku&lt;\/p&gt;\n\" data-large-file=\"https:\/\/i0.wp.com\/www.ofkbrdo.com\/Wordpress\/wp-content\/uploads\/2021\/05\/3292FA39-174C-46F0-8D11-56508044AA2B-scaled.jpeg?fit=640%2C480&amp;ssl=1\" class=\"size-large wp-image-3494\" src=\"https:\/\/i0.wp.com\/www.ofkbrdo.com\/Wordpress\/wp-content\/uploads\/2021\/05\/3292FA39-174C-46F0-8D11-56508044AA2B.jpeg?resize=640%2C480&#038;ssl=1\" alt=\"\" width=\"640\" height=\"480\" srcset=\"https:\/\/i0.wp.com\/www.ofkbrdo.com\/Wordpress\/wp-content\/uploads\/2021\/05\/3292FA39-174C-46F0-8D11-56508044AA2B-scaled.jpeg?resize=1024%2C768&amp;ssl=1 1024w, https:\/\/i0.wp.com\/www.ofkbrdo.com\/Wordpress\/wp-content\/uploads\/2021\/05\/3292FA39-174C-46F0-8D11-56508044AA2B-scaled.jpeg?resize=300%2C225&amp;ssl=1 300w, https:\/\/i0.wp.com\/www.ofkbrdo.com\/Wordpress\/wp-content\/uploads\/2021\/05\/3292FA39-174C-46F0-8D11-56508044AA2B-scaled.jpeg?resize=768%2C576&amp;ssl=1 768w, https:\/\/i0.wp.com\/www.ofkbrdo.com\/Wordpress\/wp-content\/uploads\/2021\/05\/3292FA39-174C-46F0-8D11-56508044AA2B-scaled.jpeg?resize=1536%2C1152&amp;ssl=1 1536w, https:\/\/i0.wp.com\/www.ofkbrdo.com\/Wordpress\/wp-content\/uploads\/2021\/05\/3292FA39-174C-46F0-8D11-56508044AA2B-scaled.jpeg?resize=2048%2C1536&amp;ssl=1 2048w, https:\/\/i0.wp.com\/www.ofkbrdo.com\/Wordpress\/wp-content\/uploads\/2021\/05\/3292FA39-174C-46F0-8D11-56508044AA2B-scaled.jpeg?resize=310%2C233&amp;ssl=1 310w, https:\/\/i0.wp.com\/www.ofkbrdo.com\/Wordpress\/wp-content\/uploads\/2021\/05\/3292FA39-174C-46F0-8D11-56508044AA2B-scaled.jpeg?resize=60%2C45&amp;ssl=1 60w, https:\/\/i0.wp.com\/www.ofkbrdo.com\/Wordpress\/wp-content\/uploads\/2021\/05\/3292FA39-174C-46F0-8D11-56508044AA2B-scaled.jpeg?resize=640%2C480&amp;ssl=1 640w, https:\/\/i0.wp.com\/www.ofkbrdo.com\/Wordpress\/wp-content\/uploads\/2021\/05\/3292FA39-174C-46F0-8D11-56508044AA2B-scaled.jpeg?w=1280&amp;ssl=1 1280w, https:\/\/i0.wp.com\/www.ofkbrdo.com\/Wordpress\/wp-content\/uploads\/2021\/05\/3292FA39-174C-46F0-8D11-56508044AA2B-scaled.jpeg?w=1920&amp;ssl=1 1920w\" sizes=\"(max-width: 640px) 100vw, 640px\" \/><figcaption id=\"caption-attachment-3494\" class=\"wp-caption-text\">Senudin Safi\u0107 na zadatku<\/figcaption><\/figure>\n<p>Zato vas pozivamo da sutra (nedjelja) u 17:30 sati u s\u030cto vec\u0301em broju do\u0111ete na Vedro polje i prisustvujete ovoj utakmici. Upravni odbor je odluc\u030cio da su ulaznice besplatne, a za nas\u030cu raju s\u030cirom svijeta osigurali smo live prijenos utakmice. Dakle, svi putevi vode prema Vedrom polju.<\/p>\n","protected":false},"excerpt":{"rendered":"<p>Zajednic\u030ckim snagama smo se pribliz\u030cili velikom uspjehu. Drugoligas\u030ca sezona je na samom kraju. Ne tako davno nismo mogli ni zamisliti da c\u0301e u trec\u0301em rangu takmic\u030cenja u BiH, biti klub koji z\u030civot znac\u030ci. Ali, to se desilo i ruku na srce, poloz\u030cili smo ispit jer c\u0301e se Vedrim poljem i naredne godine igrati drugoligas\u030cki fudbal, [&hellip;]<\/p>\n","protected":false},"author":1,"featured_media":3490,"comment_status":"closed","ping_status":"closed","sticky":false,"template":"","format":"standard","meta":{"ngg_post_thumbnail":0,"_jetpack_memberships_contains_paid_content":false,"footnotes":"","jetpack_publicize_message":"","jetpack_publicize_feature_enabled":true,"jetpack_social_post_already_shared":false,"jetpack_social_options":{"image_generator_settings":{"template":"highway","default_image_id":0,"font":"","enabled":false},"version":2}},"categories":[12],"tags":[],"class_list":["post-3493","post","type-post","status-publish","format-standard","has-post-thumbnail","hentry","category-prva-ekipa"],"jetpack_publicize_connections":[],"jetpack_featured_media_url":"https:\/\/i0.wp.com\/www.ofkbrdo.com\/Wordpress\/wp-content\/uploads\/2021\/05\/90811248-3882-4851-A0F9-C2FBAB8E60D7-scaled.jpeg?fit=2560%2C1375&ssl=1","jetpack_sharing_enabled":true,"jetpack_likes_enabled":true,"jetpack_shortlink":"https:\/\/wp.me\/pevKtx-Ul","jetpack-related-posts":[{"id":2764,"url":"https:\/\/www.ofkbrdo.com\/Wordpress\/juniori-brda-osvajali-bodove-u-omladinskoj-ligi-bih\/","url_meta":{"origin":3493,"position":0},"title":"JUNIORI BRDA OSVAJALI BODOVE U OMLADINSKOJ LIGI BIH","author":"admin","date":"30. November 2020","format":false,"excerpt":"Malo smo se pribojavali pred po\u010detak prvenstva u Omladinskoj ligi BiH, grupa zapad. Izuzetno kvalitetni protivnici su bili veliki izazov za izabranike Amira Duratovi\u0107a. Start prvenstva je bio za zaborav, ali i susreti u kojima se prikupljalo neophodno iskustvo. Nakon \u010detiri odigrana kola na kontu Brda nije bilo bodova uz\u2026","rel":"","context":"In &quot;Pocetna&quot;","block_context":{"text":"Pocetna","link":"https:\/\/www.ofkbrdo.com\/Wordpress\/vijesti\/"},"img":{"alt_text":"","src":"https:\/\/i0.wp.com\/www.ofkbrdo.com\/Wordpress\/wp-content\/uploads\/2020\/10\/received_351695059585629.jpeg?fit=1200%2C753&ssl=1&resize=350%2C200","width":350,"height":200,"srcset":"https:\/\/i0.wp.com\/www.ofkbrdo.com\/Wordpress\/wp-content\/uploads\/2020\/10\/received_351695059585629.jpeg?fit=1200%2C753&ssl=1&resize=350%2C200 1x, https:\/\/i0.wp.com\/www.ofkbrdo.com\/Wordpress\/wp-content\/uploads\/2020\/10\/received_351695059585629.jpeg?fit=1200%2C753&ssl=1&resize=525%2C300 1.5x, https:\/\/i0.wp.com\/www.ofkbrdo.com\/Wordpress\/wp-content\/uploads\/2020\/10\/received_351695059585629.jpeg?fit=1200%2C753&ssl=1&resize=700%2C400 2x, https:\/\/i0.wp.com\/www.ofkbrdo.com\/Wordpress\/wp-content\/uploads\/2020\/10\/received_351695059585629.jpeg?fit=1200%2C753&ssl=1&resize=1050%2C600 3x"},"classes":[]},{"id":8374,"url":"https:\/\/www.ofkbrdo.com\/Wordpress\/fudbaler-ofk-brda-predstavlja-bih-u-latviji\/","url_meta":{"origin":3493,"position":1},"title":"FUDBALER OFK BRDA PREDSTAVLJA BIH U LATVIJI","author":"admin","date":"2. November 2024","format":false,"excerpt":"U dana\u0161njoj, prvenstvenoj utakmici koju Omladinski fudbalski klub Brdo igra protiv ekipe Poleta, u redovima \u017euto- plavih ne\u0107e biti Nemanje Miljevi\u0107a. Ovaj pouzdani fudbaler, godinama je dio ekipe koja uspje\u0161no plovi vodoma drugoliga\u0161kog zapada, na odu\u0161evljenje brojnih navija\u010da i prijatelja kluba kako u BiH tako i \u0161irom svijeta. Me\u0111utim, Milja\u2026","rel":"","context":"In &quot;Dru\u017eenje&quot;","block_context":{"text":"Dru\u017eenje","link":"https:\/\/www.ofkbrdo.com\/Wordpress\/druzenje\/"},"img":{"alt_text":"","src":"https:\/\/i0.wp.com\/www.ofkbrdo.com\/Wordpress\/wp-content\/uploads\/2024\/11\/IMG_2181-1.jpeg?fit=1179%2C716&ssl=1&resize=350%2C200","width":350,"height":200,"srcset":"https:\/\/i0.wp.com\/www.ofkbrdo.com\/Wordpress\/wp-content\/uploads\/2024\/11\/IMG_2181-1.jpeg?fit=1179%2C716&ssl=1&resize=350%2C200 1x, https:\/\/i0.wp.com\/www.ofkbrdo.com\/Wordpress\/wp-content\/uploads\/2024\/11\/IMG_2181-1.jpeg?fit=1179%2C716&ssl=1&resize=525%2C300 1.5x, https:\/\/i0.wp.com\/www.ofkbrdo.com\/Wordpress\/wp-content\/uploads\/2024\/11\/IMG_2181-1.jpeg?fit=1179%2C716&ssl=1&resize=700%2C400 2x, https:\/\/i0.wp.com\/www.ofkbrdo.com\/Wordpress\/wp-content\/uploads\/2024\/11\/IMG_2181-1.jpeg?fit=1179%2C716&ssl=1&resize=1050%2C600 3x"},"classes":[]},{"id":3762,"url":"https:\/\/www.ofkbrdo.com\/Wordpress\/nezaboravno-vece-za-klub-koji-zivot-znaci\/","url_meta":{"origin":3493,"position":2},"title":"NEZABORAVNO VEC\u030cE ZA KLUB KOJI Z\u030cIVOT ZNAC\u030cI","author":"admin","date":"30. July 2021","format":false,"excerpt":"U nezaboravnom danu za bosanskohercegovac\u030cki klupski fudbal, na stadionu Vedro polje ispisali smo jednu od najljeps\u030cih stranica u historiji Omladinskog fudbalskog kluba Brdo. Mnogi su smatrali da Velez\u030c u Atini moz\u030ce do senzacionalnog prolaza, i da ljudima koji vole BiH podari ogromno zadovoljstvo. Tako se i desilo. Mi, u Omladinskom\u2026","rel":"","context":"In &quot;Pocetna&quot;","block_context":{"text":"Pocetna","link":"https:\/\/www.ofkbrdo.com\/Wordpress\/vijesti\/"},"img":{"alt_text":"","src":"https:\/\/i0.wp.com\/www.ofkbrdo.com\/Wordpress\/wp-content\/uploads\/2021\/07\/received_206439408088286.jpeg?fit=1200%2C900&ssl=1&resize=350%2C200","width":350,"height":200,"srcset":"https:\/\/i0.wp.com\/www.ofkbrdo.com\/Wordpress\/wp-content\/uploads\/2021\/07\/received_206439408088286.jpeg?fit=1200%2C900&ssl=1&resize=350%2C200 1x, https:\/\/i0.wp.com\/www.ofkbrdo.com\/Wordpress\/wp-content\/uploads\/2021\/07\/received_206439408088286.jpeg?fit=1200%2C900&ssl=1&resize=525%2C300 1.5x, https:\/\/i0.wp.com\/www.ofkbrdo.com\/Wordpress\/wp-content\/uploads\/2021\/07\/received_206439408088286.jpeg?fit=1200%2C900&ssl=1&resize=700%2C400 2x, https:\/\/i0.wp.com\/www.ofkbrdo.com\/Wordpress\/wp-content\/uploads\/2021\/07\/received_206439408088286.jpeg?fit=1200%2C900&ssl=1&resize=1050%2C600 3x"},"classes":[]},{"id":8236,"url":"https:\/\/www.ofkbrdo.com\/Wordpress\/ns-fs-bih-i-ofk-brdo-u-zajednickom-projektu\/","url_meta":{"origin":3493,"position":3},"title":"NS\/FS BIH I OFK BRDO U ZAJEDNI\u010cKOM PROJEKTU","author":"admin","date":"2. October 2024","format":false,"excerpt":"U sklopu obilje\u017eavanja UEFA Grassroots sedmice danas je u Prijedoru odr\u017eano predivno fudbalsko dru\u017eenje. Brojne djevoj\u010dice i dje\u010daci su nau\u010dili neke nove fudbalske vje\u0161tine, bilo je prostoora za igru i smijeh. Posebno nas raduje \u0161to je ovo fudbalsko dru\u017eenje organizovano na stadionu Vedro polje. Za saradnju na relaciji Brdo- NS\/FS\u2026","rel":"","context":"In &quot;Dru\u017eenje&quot;","block_context":{"text":"Dru\u017eenje","link":"https:\/\/www.ofkbrdo.com\/Wordpress\/druzenje\/"},"img":{"alt_text":"","src":"https:\/\/i0.wp.com\/www.ofkbrdo.com\/Wordpress\/wp-content\/uploads\/2024\/10\/IMG_0662.jpeg?fit=1200%2C667&ssl=1&resize=350%2C200","width":350,"height":200,"srcset":"https:\/\/i0.wp.com\/www.ofkbrdo.com\/Wordpress\/wp-content\/uploads\/2024\/10\/IMG_0662.jpeg?fit=1200%2C667&ssl=1&resize=350%2C200 1x, https:\/\/i0.wp.com\/www.ofkbrdo.com\/Wordpress\/wp-content\/uploads\/2024\/10\/IMG_0662.jpeg?fit=1200%2C667&ssl=1&resize=525%2C300 1.5x, https:\/\/i0.wp.com\/www.ofkbrdo.com\/Wordpress\/wp-content\/uploads\/2024\/10\/IMG_0662.jpeg?fit=1200%2C667&ssl=1&resize=700%2C400 2x, https:\/\/i0.wp.com\/www.ofkbrdo.com\/Wordpress\/wp-content\/uploads\/2024\/10\/IMG_0662.jpeg?fit=1200%2C667&ssl=1&resize=1050%2C600 3x"},"classes":[]},{"id":8856,"url":"https:\/\/www.ofkbrdo.com\/Wordpress\/oko-ofk-brda-se-okupljaju-preduzeca-poznata-u-bih-i-inostranstvu\/","url_meta":{"origin":3493,"position":4},"title":"OKO OFK BRDA SE OKUPLJAJU PREDUZE\u0106A POZNATA U BIH I INOSTRANSTVU","author":"admin","date":"11. March 2025","format":false,"excerpt":"Vrijeme u kojem egzistira pet selekcija Omladinskog fudbalskog kluba, kada je rije\u010d o finansiranju, su veoma te\u0161ka. Izuzetno nas raduje \u0161to do nas dolaze pri\u010de da ste jako ponosni na na\u0161e rezultate i uspje\u0161no vo\u0111enje kluba koji plijeni pa\u017enju sportske javnosti. I mi smo jako ponosni, posebno kada se me\u0111usobno\u2026","rel":"","context":"In &quot;Sponzori&quot;","block_context":{"text":"Sponzori","link":"https:\/\/www.ofkbrdo.com\/Wordpress\/sponzori\/"},"img":{"alt_text":"","src":"https:\/\/i0.wp.com\/www.ofkbrdo.com\/Wordpress\/wp-content\/uploads\/2025\/03\/IMG_6572.jpeg?fit=1200%2C1200&ssl=1&resize=350%2C200","width":350,"height":200,"srcset":"https:\/\/i0.wp.com\/www.ofkbrdo.com\/Wordpress\/wp-content\/uploads\/2025\/03\/IMG_6572.jpeg?fit=1200%2C1200&ssl=1&resize=350%2C200 1x, https:\/\/i0.wp.com\/www.ofkbrdo.com\/Wordpress\/wp-content\/uploads\/2025\/03\/IMG_6572.jpeg?fit=1200%2C1200&ssl=1&resize=525%2C300 1.5x, https:\/\/i0.wp.com\/www.ofkbrdo.com\/Wordpress\/wp-content\/uploads\/2025\/03\/IMG_6572.jpeg?fit=1200%2C1200&ssl=1&resize=700%2C400 2x, https:\/\/i0.wp.com\/www.ofkbrdo.com\/Wordpress\/wp-content\/uploads\/2025\/03\/IMG_6572.jpeg?fit=1200%2C1200&ssl=1&resize=1050%2C600 3x"},"classes":[]},{"id":3944,"url":"https:\/\/www.ofkbrdo.com\/Wordpress\/vrijedna-donacija-elvedina-padjana-za-klub-koji-zivot-znaci\/","url_meta":{"origin":3493,"position":5},"title":"VRIJEDNA DONACIJA ELVEDINA PA\u0110ANA ZA KLUB KOJI \u017dIVOT ZNA\u010cI","author":"admin","date":"6. September 2021","format":false,"excerpt":"Zahvaljuju\u0107i na\u0161oj dobroj raji razasutoj \u0161irom svijeta Omladinski fudbalski klub Brdo bilje\u017ei napredak kako na organizacionom tako i takmi\u010darskom planu. Infrastrukturni projekti na Vedrom polju i razvoj seniorskog sastava i omladinskih selekcija na\u0161a je svakodnevna obaveza jer samo na taj na\u010din mo\u017eemo biti jo\u0161 bolje organizovani i povezani. Zna\u010dajan doprinos\u2026","rel":"","context":"In &quot;Sponzori&quot;","block_context":{"text":"Sponzori","link":"https:\/\/www.ofkbrdo.com\/Wordpress\/sponzori\/"},"img":{"alt_text":"","src":"https:\/\/i0.wp.com\/www.ofkbrdo.com\/Wordpress\/wp-content\/uploads\/2021\/09\/B7208DBD-F3C2-43CC-A776-B32A64BAD724.jpeg?fit=1200%2C1200&ssl=1&resize=350%2C200","width":350,"height":200,"srcset":"https:\/\/i0.wp.com\/www.ofkbrdo.com\/Wordpress\/wp-content\/uploads\/2021\/09\/B7208DBD-F3C2-43CC-A776-B32A64BAD724.jpeg?fit=1200%2C1200&ssl=1&resize=350%2C200 1x, https:\/\/i0.wp.com\/www.ofkbrdo.com\/Wordpress\/wp-content\/uploads\/2021\/09\/B7208DBD-F3C2-43CC-A776-B32A64BAD724.jpeg?fit=1200%2C1200&ssl=1&resize=525%2C300 1.5x, https:\/\/i0.wp.com\/www.ofkbrdo.com\/Wordpress\/wp-content\/uploads\/2021\/09\/B7208DBD-F3C2-43CC-A776-B32A64BAD724.jpeg?fit=1200%2C1200&ssl=1&resize=700%2C400 2x, https:\/\/i0.wp.com\/www.ofkbrdo.com\/Wordpress\/wp-content\/uploads\/2021\/09\/B7208DBD-F3C2-43CC-A776-B32A64BAD724.jpeg?fit=1200%2C1200&ssl=1&resize=1050%2C600 3x"},"classes":[]}],"_links":{"self":[{"href":"https:\/\/www.ofkbrdo.com\/Wordpress\/wp-json\/wp\/v2\/posts\/3493","targetHints":{"allow":["GET"]}}],"collection":[{"href":"https:\/\/www.ofkbrdo.com\/Wordpress\/wp-json\/wp\/v2\/posts"}],"about":[{"href":"https:\/\/www.ofkbrdo.com\/Wordpress\/wp-json\/wp\/v2\/types\/post"}],"author":[{"embeddable":true,"href":"https:\/\/www.ofkbrdo.com\/Wordpress\/wp-json\/wp\/v2\/users\/1"}],"replies":[{"embeddable":true,"href":"https:\/\/www.ofkbrdo.com\/Wordpress\/wp-json\/wp\/v2\/comments?post=3493"}],"version-history":[{"count":0,"href":"https:\/\/www.ofkbrdo.com\/Wordpress\/wp-json\/wp\/v2\/posts\/3493\/revisions"}],"wp:featuredmedia":[{"embeddable":true,"href":"https:\/\/www.ofkbrdo.com\/Wordpress\/wp-json\/wp\/v2\/media\/3490"}],"wp:attachment":[{"href":"https:\/\/www.ofkbrdo.com\/Wordpress\/wp-json\/wp\/v2\/media?parent=3493"}],"wp:term":[{"taxonomy":"category","embeddable":true,"href":"https:\/\/www.ofkbrdo.com\/Wordpress\/wp-json\/wp\/v2\/categories?post=3493"},{"taxonomy":"post_tag","embeddable":true,"href":"https:\/\/www.ofkbrdo.com\/Wordpress\/wp-json\/wp\/v2\/tags?post=3493"}],"curies":[{"name":"wp","href":"https:\/\/api.w.org\/{rel}","templated":true}]}}