{"id":3504,"date":"2021-05-30T21:50:55","date_gmt":"2021-05-30T19:50:55","guid":{"rendered":"https:\/\/www.ofkbrdo.com\/Wordpress\/?p=3504"},"modified":"2021-05-30T22:10:37","modified_gmt":"2021-05-30T20:10:37","slug":"pobjeda-nad-bivsim-premijerligasem-za-kraj-odlicne-sezone","status":"publish","type":"post","link":"https:\/\/www.ofkbrdo.com\/Wordpress\/pobjeda-nad-bivsim-premijerligasem-za-kraj-odlicne-sezone\/","title":{"rendered":"POBJEDA NAD BIVS\u030cIM PREMIJERLIGAS\u030cEM ZA KRAJ ODLIC\u030cNE SEZONE"},"content":{"rendered":"<p>Mnogi su mislili da c\u0301e u duelima sa ekipom Mirze Alkic\u0301a popravljati gol razliku. Mislili su da nec\u0301emo izdrz\u030cati drugoligas\u030cku konkurenciju. A, mi smo radili, organizovali raju s\u030cirom svijeta i rasli iz utakmice u utakmicu. I, kada su nas pratili porazi znali smo da smo na pravom putu jer je bilo dosta pehova.<\/p>\n<p><img data-recalc-dims=\"1\" fetchpriority=\"high\" decoding=\"async\" data-attachment-id=\"3512\" data-permalink=\"https:\/\/www.ofkbrdo.com\/Wordpress\/pobjeda-nad-bivsim-premijerligasem-za-kraj-odlicne-sezone\/50f51254-2a3b-45cf-be7f-0ab36177f886\/\" data-orig-file=\"https:\/\/i0.wp.com\/www.ofkbrdo.com\/Wordpress\/wp-content\/uploads\/2021\/05\/50F51254-2A3B-45CF-BE7F-0AB36177F886.jpeg?fit=828%2C428&amp;ssl=1\" data-orig-size=\"828,428\" data-comments-opened=\"0\" data-image-meta=\"{&quot;aperture&quot;:&quot;0&quot;,&quot;credit&quot;:&quot;&quot;,&quot;camera&quot;:&quot;&quot;,&quot;caption&quot;:&quot;&quot;,&quot;created_timestamp&quot;:&quot;0&quot;,&quot;copyright&quot;:&quot;&quot;,&quot;focal_length&quot;:&quot;0&quot;,&quot;iso&quot;:&quot;0&quot;,&quot;shutter_speed&quot;:&quot;0&quot;,&quot;title&quot;:&quot;&quot;,&quot;orientation&quot;:&quot;1&quot;}\" data-image-title=\"50F51254-2A3B-45CF-BE7F-0AB36177F886\" data-image-description=\"\" data-image-caption=\"\" data-large-file=\"https:\/\/i0.wp.com\/www.ofkbrdo.com\/Wordpress\/wp-content\/uploads\/2021\/05\/50F51254-2A3B-45CF-BE7F-0AB36177F886.jpeg?fit=640%2C331&amp;ssl=1\" class=\"aligncenter size-full wp-image-3512\" src=\"https:\/\/i0.wp.com\/www.ofkbrdo.com\/Wordpress\/wp-content\/uploads\/2021\/05\/50F51254-2A3B-45CF-BE7F-0AB36177F886.jpeg?resize=640%2C331&#038;ssl=1\" alt=\"\" width=\"640\" height=\"331\" srcset=\"https:\/\/i0.wp.com\/www.ofkbrdo.com\/Wordpress\/wp-content\/uploads\/2021\/05\/50F51254-2A3B-45CF-BE7F-0AB36177F886.jpeg?w=828&amp;ssl=1 828w, https:\/\/i0.wp.com\/www.ofkbrdo.com\/Wordpress\/wp-content\/uploads\/2021\/05\/50F51254-2A3B-45CF-BE7F-0AB36177F886.jpeg?resize=300%2C155&amp;ssl=1 300w, https:\/\/i0.wp.com\/www.ofkbrdo.com\/Wordpress\/wp-content\/uploads\/2021\/05\/50F51254-2A3B-45CF-BE7F-0AB36177F886.jpeg?resize=768%2C397&amp;ssl=1 768w, https:\/\/i0.wp.com\/www.ofkbrdo.com\/Wordpress\/wp-content\/uploads\/2021\/05\/50F51254-2A3B-45CF-BE7F-0AB36177F886.jpeg?resize=310%2C160&amp;ssl=1 310w, https:\/\/i0.wp.com\/www.ofkbrdo.com\/Wordpress\/wp-content\/uploads\/2021\/05\/50F51254-2A3B-45CF-BE7F-0AB36177F886.jpeg?resize=60%2C31&amp;ssl=1 60w\" sizes=\"(max-width: 640px) 100vw, 640px\" \/><\/p>\n<p>Ekipa je &#8220;eksplodirala&#8221; u proljetnom dijelu prvenstva. Ostvarili smo pobjede na &#8220;&#8221;vruc\u0301im&#8221; gostovanjima i pokazali da kvalitet i ogromno zalaganje pobje\u0111uju i gdje je izuzetno tes\u030cko.<br \/>\n<img data-recalc-dims=\"1\" decoding=\"async\" data-attachment-id=\"3505\" data-permalink=\"https:\/\/www.ofkbrdo.com\/Wordpress\/pobjeda-nad-bivsim-premijerligasem-za-kraj-odlicne-sezone\/d876fe75-2b61-4422-a611-542638fe3c26\/\" data-orig-file=\"https:\/\/i0.wp.com\/www.ofkbrdo.com\/Wordpress\/wp-content\/uploads\/2021\/05\/D876FE75-2B61-4422-A611-542638FE3C26.jpeg?fit=827%2C574&amp;ssl=1\" data-orig-size=\"827,574\" data-comments-opened=\"0\" data-image-meta=\"{&quot;aperture&quot;:&quot;0&quot;,&quot;credit&quot;:&quot;&quot;,&quot;camera&quot;:&quot;&quot;,&quot;caption&quot;:&quot;&quot;,&quot;created_timestamp&quot;:&quot;0&quot;,&quot;copyright&quot;:&quot;&quot;,&quot;focal_length&quot;:&quot;0&quot;,&quot;iso&quot;:&quot;0&quot;,&quot;shutter_speed&quot;:&quot;0&quot;,&quot;title&quot;:&quot;&quot;,&quot;orientation&quot;:&quot;1&quot;}\" data-image-title=\"D876FE75-2B61-4422-A611-542638FE3C26\" data-image-description=\"\" data-image-caption=\"\" data-large-file=\"https:\/\/i0.wp.com\/www.ofkbrdo.com\/Wordpress\/wp-content\/uploads\/2021\/05\/D876FE75-2B61-4422-A611-542638FE3C26.jpeg?fit=640%2C444&amp;ssl=1\" class=\"aligncenter size-full wp-image-3505\" src=\"https:\/\/i0.wp.com\/www.ofkbrdo.com\/Wordpress\/wp-content\/uploads\/2021\/05\/D876FE75-2B61-4422-A611-542638FE3C26.jpeg?resize=640%2C444&#038;ssl=1\" alt=\"\" width=\"640\" height=\"444\" srcset=\"https:\/\/i0.wp.com\/www.ofkbrdo.com\/Wordpress\/wp-content\/uploads\/2021\/05\/D876FE75-2B61-4422-A611-542638FE3C26.jpeg?w=827&amp;ssl=1 827w, https:\/\/i0.wp.com\/www.ofkbrdo.com\/Wordpress\/wp-content\/uploads\/2021\/05\/D876FE75-2B61-4422-A611-542638FE3C26.jpeg?resize=300%2C208&amp;ssl=1 300w, https:\/\/i0.wp.com\/www.ofkbrdo.com\/Wordpress\/wp-content\/uploads\/2021\/05\/D876FE75-2B61-4422-A611-542638FE3C26.jpeg?resize=768%2C533&amp;ssl=1 768w, https:\/\/i0.wp.com\/www.ofkbrdo.com\/Wordpress\/wp-content\/uploads\/2021\/05\/D876FE75-2B61-4422-A611-542638FE3C26.jpeg?resize=310%2C215&amp;ssl=1 310w, https:\/\/i0.wp.com\/www.ofkbrdo.com\/Wordpress\/wp-content\/uploads\/2021\/05\/D876FE75-2B61-4422-A611-542638FE3C26.jpeg?resize=60%2C42&amp;ssl=1 60w\" sizes=\"(max-width: 640px) 100vw, 640px\" \/><\/p>\n<p>Danas je ekipa Brda u posljednjem prvenstvenom kolu bila bolja od nekadas\u030cnjeg premijerligas\u030ca iz Laktas\u030ca, rezultatom 2-1. Prvo mjesto u ligi za opstanak i me\u0111u najboljim sastavima proljec\u0301a nagrada su za sve koji nas podrz\u030cavaju.<\/p>\n<p><img data-recalc-dims=\"1\" decoding=\"async\" data-attachment-id=\"3513\" data-permalink=\"https:\/\/www.ofkbrdo.com\/Wordpress\/pobjeda-nad-bivsim-premijerligasem-za-kraj-odlicne-sezone\/8558b56d-cd5e-4d82-adca-900261ed842f\/\" data-orig-file=\"https:\/\/i0.wp.com\/www.ofkbrdo.com\/Wordpress\/wp-content\/uploads\/2021\/05\/8558B56D-CD5E-4D82-ADCA-900261ED842F.jpeg?fit=737%2C493&amp;ssl=1\" data-orig-size=\"737,493\" data-comments-opened=\"0\" data-image-meta=\"{&quot;aperture&quot;:&quot;0&quot;,&quot;credit&quot;:&quot;&quot;,&quot;camera&quot;:&quot;&quot;,&quot;caption&quot;:&quot;&quot;,&quot;created_timestamp&quot;:&quot;0&quot;,&quot;copyright&quot;:&quot;&quot;,&quot;focal_length&quot;:&quot;0&quot;,&quot;iso&quot;:&quot;0&quot;,&quot;shutter_speed&quot;:&quot;0&quot;,&quot;title&quot;:&quot;&quot;,&quot;orientation&quot;:&quot;1&quot;}\" data-image-title=\"8558B56D-CD5E-4D82-ADCA-900261ED842F\" data-image-description=\"\" data-image-caption=\"\" data-large-file=\"https:\/\/i0.wp.com\/www.ofkbrdo.com\/Wordpress\/wp-content\/uploads\/2021\/05\/8558B56D-CD5E-4D82-ADCA-900261ED842F.jpeg?fit=640%2C428&amp;ssl=1\" class=\"aligncenter size-full wp-image-3513\" src=\"https:\/\/i0.wp.com\/www.ofkbrdo.com\/Wordpress\/wp-content\/uploads\/2021\/05\/8558B56D-CD5E-4D82-ADCA-900261ED842F.jpeg?resize=640%2C428&#038;ssl=1\" alt=\"\" width=\"640\" height=\"428\" srcset=\"https:\/\/i0.wp.com\/www.ofkbrdo.com\/Wordpress\/wp-content\/uploads\/2021\/05\/8558B56D-CD5E-4D82-ADCA-900261ED842F.jpeg?w=737&amp;ssl=1 737w, https:\/\/i0.wp.com\/www.ofkbrdo.com\/Wordpress\/wp-content\/uploads\/2021\/05\/8558B56D-CD5E-4D82-ADCA-900261ED842F.jpeg?resize=300%2C201&amp;ssl=1 300w, https:\/\/i0.wp.com\/www.ofkbrdo.com\/Wordpress\/wp-content\/uploads\/2021\/05\/8558B56D-CD5E-4D82-ADCA-900261ED842F.jpeg?resize=310%2C207&amp;ssl=1 310w, https:\/\/i0.wp.com\/www.ofkbrdo.com\/Wordpress\/wp-content\/uploads\/2021\/05\/8558B56D-CD5E-4D82-ADCA-900261ED842F.jpeg?resize=60%2C40&amp;ssl=1 60w, https:\/\/i0.wp.com\/www.ofkbrdo.com\/Wordpress\/wp-content\/uploads\/2021\/05\/8558B56D-CD5E-4D82-ADCA-900261ED842F.jpeg?resize=640%2C427&amp;ssl=1 640w, https:\/\/i0.wp.com\/www.ofkbrdo.com\/Wordpress\/wp-content\/uploads\/2021\/05\/8558B56D-CD5E-4D82-ADCA-900261ED842F.jpeg?resize=200%2C133&amp;ssl=1 200w\" sizes=\"(max-width: 640px) 100vw, 640px\" \/><\/p>\n<p>Fudbalerima i struc\u030cnom s\u030ctabu veliko hvala. S\u030cef struc\u030cnog s\u030ctaba Omladinskog fudbalskog kluba Brdo Mirza Alkic\u0301 je bio na visini zadatka i nije dozvolio da mu drugi rade posao. Igrac\u030ci su slus\u030cali upute i zasluz\u030cili da im c\u030cestitamo. Uprava je radila svoj dio posla pos\u030cteno i kvalitetno.<\/p>\n<p><img data-recalc-dims=\"1\" loading=\"lazy\" decoding=\"async\" data-attachment-id=\"3515\" data-permalink=\"https:\/\/www.ofkbrdo.com\/Wordpress\/pobjeda-nad-bivsim-premijerligasem-za-kraj-odlicne-sezone\/ce3e9893-1288-445d-a131-ad6037a69825\/\" data-orig-file=\"https:\/\/i0.wp.com\/www.ofkbrdo.com\/Wordpress\/wp-content\/uploads\/2021\/05\/CE3E9893-1288-445D-A131-AD6037A69825.jpeg?fit=828%2C428&amp;ssl=1\" data-orig-size=\"828,428\" data-comments-opened=\"0\" data-image-meta=\"{&quot;aperture&quot;:&quot;0&quot;,&quot;credit&quot;:&quot;&quot;,&quot;camera&quot;:&quot;&quot;,&quot;caption&quot;:&quot;&quot;,&quot;created_timestamp&quot;:&quot;0&quot;,&quot;copyright&quot;:&quot;&quot;,&quot;focal_length&quot;:&quot;0&quot;,&quot;iso&quot;:&quot;0&quot;,&quot;shutter_speed&quot;:&quot;0&quot;,&quot;title&quot;:&quot;&quot;,&quot;orientation&quot;:&quot;1&quot;}\" data-image-title=\"CE3E9893-1288-445D-A131-AD6037A69825\" data-image-description=\"\" data-image-caption=\"\" data-large-file=\"https:\/\/i0.wp.com\/www.ofkbrdo.com\/Wordpress\/wp-content\/uploads\/2021\/05\/CE3E9893-1288-445D-A131-AD6037A69825.jpeg?fit=640%2C331&amp;ssl=1\" class=\"aligncenter size-full wp-image-3515\" src=\"https:\/\/i0.wp.com\/www.ofkbrdo.com\/Wordpress\/wp-content\/uploads\/2021\/05\/CE3E9893-1288-445D-A131-AD6037A69825.jpeg?resize=640%2C331&#038;ssl=1\" alt=\"\" width=\"640\" height=\"331\" srcset=\"https:\/\/i0.wp.com\/www.ofkbrdo.com\/Wordpress\/wp-content\/uploads\/2021\/05\/CE3E9893-1288-445D-A131-AD6037A69825.jpeg?w=828&amp;ssl=1 828w, https:\/\/i0.wp.com\/www.ofkbrdo.com\/Wordpress\/wp-content\/uploads\/2021\/05\/CE3E9893-1288-445D-A131-AD6037A69825.jpeg?resize=300%2C155&amp;ssl=1 300w, https:\/\/i0.wp.com\/www.ofkbrdo.com\/Wordpress\/wp-content\/uploads\/2021\/05\/CE3E9893-1288-445D-A131-AD6037A69825.jpeg?resize=768%2C397&amp;ssl=1 768w, https:\/\/i0.wp.com\/www.ofkbrdo.com\/Wordpress\/wp-content\/uploads\/2021\/05\/CE3E9893-1288-445D-A131-AD6037A69825.jpeg?resize=310%2C160&amp;ssl=1 310w, https:\/\/i0.wp.com\/www.ofkbrdo.com\/Wordpress\/wp-content\/uploads\/2021\/05\/CE3E9893-1288-445D-A131-AD6037A69825.jpeg?resize=60%2C31&amp;ssl=1 60w\" sizes=\"(max-width: 640px) 100vw, 640px\" \/><\/p>\n<p>Slo\u017eit \u0107ete se da danas nema talasanje oko kluba koji z\u030civot znac\u030ci. Zbili smo redove i pokazali da smo najjac\u030ci kada vidimo pos\u030ctenje. Iz svih krajeva svijeta ste nam poslali jasnu poruku: &#8221; &#8220;Radite transparentno i mi c\u0301emo podrz\u030cati klub&#8221;. Rezultati se vide jer raste broj c\u030clanova, sponzora i donatora.<\/p>\n<p>Pobjednic\u030cka pjesma s Vedrog polja danas obilazi svijet.<\/p>\n<p><img data-recalc-dims=\"1\" loading=\"lazy\" decoding=\"async\" data-attachment-id=\"3514\" data-permalink=\"https:\/\/www.ofkbrdo.com\/Wordpress\/pobjeda-nad-bivsim-premijerligasem-za-kraj-odlicne-sezone\/6aeb7cd8-9873-49da-9e4a-da43797ce204\/\" data-orig-file=\"https:\/\/i0.wp.com\/www.ofkbrdo.com\/Wordpress\/wp-content\/uploads\/2021\/05\/6AEB7CD8-9873-49DA-9E4A-DA43797CE204.jpeg?fit=708%2C495&amp;ssl=1\" data-orig-size=\"708,495\" data-comments-opened=\"0\" data-image-meta=\"{&quot;aperture&quot;:&quot;0&quot;,&quot;credit&quot;:&quot;&quot;,&quot;camera&quot;:&quot;&quot;,&quot;caption&quot;:&quot;&quot;,&quot;created_timestamp&quot;:&quot;0&quot;,&quot;copyright&quot;:&quot;&quot;,&quot;focal_length&quot;:&quot;0&quot;,&quot;iso&quot;:&quot;0&quot;,&quot;shutter_speed&quot;:&quot;0&quot;,&quot;title&quot;:&quot;&quot;,&quot;orientation&quot;:&quot;1&quot;}\" data-image-title=\"6AEB7CD8-9873-49DA-9E4A-DA43797CE204\" data-image-description=\"\" data-image-caption=\"\" data-large-file=\"https:\/\/i0.wp.com\/www.ofkbrdo.com\/Wordpress\/wp-content\/uploads\/2021\/05\/6AEB7CD8-9873-49DA-9E4A-DA43797CE204.jpeg?fit=640%2C447&amp;ssl=1\" class=\"aligncenter size-full wp-image-3514\" src=\"https:\/\/i0.wp.com\/www.ofkbrdo.com\/Wordpress\/wp-content\/uploads\/2021\/05\/6AEB7CD8-9873-49DA-9E4A-DA43797CE204.jpeg?resize=640%2C447&#038;ssl=1\" alt=\"\" width=\"640\" height=\"447\" srcset=\"https:\/\/i0.wp.com\/www.ofkbrdo.com\/Wordpress\/wp-content\/uploads\/2021\/05\/6AEB7CD8-9873-49DA-9E4A-DA43797CE204.jpeg?w=708&amp;ssl=1 708w, https:\/\/i0.wp.com\/www.ofkbrdo.com\/Wordpress\/wp-content\/uploads\/2021\/05\/6AEB7CD8-9873-49DA-9E4A-DA43797CE204.jpeg?resize=300%2C210&amp;ssl=1 300w, https:\/\/i0.wp.com\/www.ofkbrdo.com\/Wordpress\/wp-content\/uploads\/2021\/05\/6AEB7CD8-9873-49DA-9E4A-DA43797CE204.jpeg?resize=310%2C217&amp;ssl=1 310w, https:\/\/i0.wp.com\/www.ofkbrdo.com\/Wordpress\/wp-content\/uploads\/2021\/05\/6AEB7CD8-9873-49DA-9E4A-DA43797CE204.jpeg?resize=60%2C42&amp;ssl=1 60w\" sizes=\"(max-width: 640px) 100vw, 640px\" \/><\/p>\n<p>Zahvaljujuc\u0301i Samedu Omanovic\u0301u koji je izdvojio 130 KM, Munibu Ceric\u0301u 100 KM i Mensuru Medic\u0301u koji je branio boje kluba, a danas je u Njemac\u030ckoj i izdvojio je 50 eura (i 4 para kopac\u030cki), ekipa se poslije danas\u030cnje pobjede okupila u prostorijama kluba.<\/p>\n<p><img data-recalc-dims=\"1\" loading=\"lazy\" decoding=\"async\" data-attachment-id=\"3517\" data-permalink=\"https:\/\/www.ofkbrdo.com\/Wordpress\/pobjeda-nad-bivsim-premijerligasem-za-kraj-odlicne-sezone\/bb3dfd77-db37-4c45-a7a1-5ec7e72dcca5\/\" data-orig-file=\"https:\/\/i0.wp.com\/www.ofkbrdo.com\/Wordpress\/wp-content\/uploads\/2021\/05\/BB3DFD77-DB37-4C45-A7A1-5EC7E72DCCA5-scaled.jpeg?fit=2560%2C1920&amp;ssl=1\" data-orig-size=\"2560,1920\" data-comments-opened=\"0\" data-image-meta=\"{&quot;aperture&quot;:&quot;0&quot;,&quot;credit&quot;:&quot;&quot;,&quot;camera&quot;:&quot;&quot;,&quot;caption&quot;:&quot;&quot;,&quot;created_timestamp&quot;:&quot;0&quot;,&quot;copyright&quot;:&quot;&quot;,&quot;focal_length&quot;:&quot;0&quot;,&quot;iso&quot;:&quot;0&quot;,&quot;shutter_speed&quot;:&quot;0&quot;,&quot;title&quot;:&quot;&quot;,&quot;orientation&quot;:&quot;1&quot;}\" data-image-title=\"BB3DFD77-DB37-4C45-A7A1-5EC7E72DCCA5\" data-image-description=\"\" data-image-caption=\"\" data-large-file=\"https:\/\/i0.wp.com\/www.ofkbrdo.com\/Wordpress\/wp-content\/uploads\/2021\/05\/BB3DFD77-DB37-4C45-A7A1-5EC7E72DCCA5-scaled.jpeg?fit=640%2C480&amp;ssl=1\" class=\"aligncenter size-large wp-image-3517\" src=\"https:\/\/i0.wp.com\/www.ofkbrdo.com\/Wordpress\/wp-content\/uploads\/2021\/05\/BB3DFD77-DB37-4C45-A7A1-5EC7E72DCCA5.jpeg?resize=640%2C480&#038;ssl=1\" alt=\"\" width=\"640\" height=\"480\" srcset=\"https:\/\/i0.wp.com\/www.ofkbrdo.com\/Wordpress\/wp-content\/uploads\/2021\/05\/BB3DFD77-DB37-4C45-A7A1-5EC7E72DCCA5-scaled.jpeg?resize=1024%2C768&amp;ssl=1 1024w, https:\/\/i0.wp.com\/www.ofkbrdo.com\/Wordpress\/wp-content\/uploads\/2021\/05\/BB3DFD77-DB37-4C45-A7A1-5EC7E72DCCA5-scaled.jpeg?resize=300%2C225&amp;ssl=1 300w, https:\/\/i0.wp.com\/www.ofkbrdo.com\/Wordpress\/wp-content\/uploads\/2021\/05\/BB3DFD77-DB37-4C45-A7A1-5EC7E72DCCA5-scaled.jpeg?resize=768%2C576&amp;ssl=1 768w, https:\/\/i0.wp.com\/www.ofkbrdo.com\/Wordpress\/wp-content\/uploads\/2021\/05\/BB3DFD77-DB37-4C45-A7A1-5EC7E72DCCA5-scaled.jpeg?resize=1536%2C1152&amp;ssl=1 1536w, https:\/\/i0.wp.com\/www.ofkbrdo.com\/Wordpress\/wp-content\/uploads\/2021\/05\/BB3DFD77-DB37-4C45-A7A1-5EC7E72DCCA5-scaled.jpeg?resize=2048%2C1536&amp;ssl=1 2048w, https:\/\/i0.wp.com\/www.ofkbrdo.com\/Wordpress\/wp-content\/uploads\/2021\/05\/BB3DFD77-DB37-4C45-A7A1-5EC7E72DCCA5-scaled.jpeg?resize=310%2C233&amp;ssl=1 310w, https:\/\/i0.wp.com\/www.ofkbrdo.com\/Wordpress\/wp-content\/uploads\/2021\/05\/BB3DFD77-DB37-4C45-A7A1-5EC7E72DCCA5-scaled.jpeg?resize=60%2C45&amp;ssl=1 60w, https:\/\/i0.wp.com\/www.ofkbrdo.com\/Wordpress\/wp-content\/uploads\/2021\/05\/BB3DFD77-DB37-4C45-A7A1-5EC7E72DCCA5-scaled.jpeg?resize=640%2C480&amp;ssl=1 640w, https:\/\/i0.wp.com\/www.ofkbrdo.com\/Wordpress\/wp-content\/uploads\/2021\/05\/BB3DFD77-DB37-4C45-A7A1-5EC7E72DCCA5-scaled.jpeg?w=1280&amp;ssl=1 1280w, https:\/\/i0.wp.com\/www.ofkbrdo.com\/Wordpress\/wp-content\/uploads\/2021\/05\/BB3DFD77-DB37-4C45-A7A1-5EC7E72DCCA5-scaled.jpeg?w=1920&amp;ssl=1 1920w\" sizes=\"(max-width: 640px) 100vw, 640px\" \/><\/p>\n<p>Oc\u030cekuju nas nove prepreka, ali nas\u030ce zajednis\u030ctvo garant je novih uspjeha. Nadamo se da ste zadovoljni radom medijskog tima. Posebno se zahvaljujemo Samiru i Mirsada C\u030caus\u030cevic\u0301 koji su prepoznali znac\u030caj ulaganja u medijsko predstavljanje kluba.<\/p>\n<p>Hvala vam svima koji ste u porodici koja se zove Omladinski fudbalski klub Brdo. Vama koji pomaz\u030cete rad kluba beskrajno smo zahvalni.<\/p>\n<p><i><img data-recalc-dims=\"1\" loading=\"lazy\" decoding=\"async\" data-attachment-id=\"3506\" data-permalink=\"https:\/\/www.ofkbrdo.com\/Wordpress\/pobjeda-nad-bivsim-premijerligasem-za-kraj-odlicne-sezone\/39d7c2d9-5177-4226-a41f-e9777d735465\/\" data-orig-file=\"https:\/\/i0.wp.com\/www.ofkbrdo.com\/Wordpress\/wp-content\/uploads\/2021\/05\/39D7C2D9-5177-4226-A41F-E9777D735465-scaled.jpeg?fit=2560%2C1768&amp;ssl=1\" data-orig-size=\"2560,1768\" data-comments-opened=\"0\" data-image-meta=\"{&quot;aperture&quot;:&quot;0&quot;,&quot;credit&quot;:&quot;&quot;,&quot;camera&quot;:&quot;&quot;,&quot;caption&quot;:&quot;&quot;,&quot;created_timestamp&quot;:&quot;0&quot;,&quot;copyright&quot;:&quot;&quot;,&quot;focal_length&quot;:&quot;0&quot;,&quot;iso&quot;:&quot;0&quot;,&quot;shutter_speed&quot;:&quot;0&quot;,&quot;title&quot;:&quot;&quot;,&quot;orientation&quot;:&quot;1&quot;}\" data-image-title=\"39D7C2D9-5177-4226-A41F-E9777D735465\" data-image-description=\"\" data-image-caption=\"\" data-large-file=\"https:\/\/i0.wp.com\/www.ofkbrdo.com\/Wordpress\/wp-content\/uploads\/2021\/05\/39D7C2D9-5177-4226-A41F-E9777D735465-scaled.jpeg?fit=640%2C442&amp;ssl=1\" class=\"aligncenter size-large wp-image-3506\" src=\"https:\/\/i0.wp.com\/www.ofkbrdo.com\/Wordpress\/wp-content\/uploads\/2021\/05\/39D7C2D9-5177-4226-A41F-E9777D735465-1024x707.jpeg?resize=640%2C442&#038;ssl=1\" alt=\"\" width=\"640\" height=\"442\" srcset=\"https:\/\/i0.wp.com\/www.ofkbrdo.com\/Wordpress\/wp-content\/uploads\/2021\/05\/39D7C2D9-5177-4226-A41F-E9777D735465-scaled.jpeg?resize=1024%2C707&amp;ssl=1 1024w, https:\/\/i0.wp.com\/www.ofkbrdo.com\/Wordpress\/wp-content\/uploads\/2021\/05\/39D7C2D9-5177-4226-A41F-E9777D735465-scaled.jpeg?resize=300%2C207&amp;ssl=1 300w, https:\/\/i0.wp.com\/www.ofkbrdo.com\/Wordpress\/wp-content\/uploads\/2021\/05\/39D7C2D9-5177-4226-A41F-E9777D735465-scaled.jpeg?resize=768%2C530&amp;ssl=1 768w, https:\/\/i0.wp.com\/www.ofkbrdo.com\/Wordpress\/wp-content\/uploads\/2021\/05\/39D7C2D9-5177-4226-A41F-E9777D735465-scaled.jpeg?resize=1536%2C1061&amp;ssl=1 1536w, https:\/\/i0.wp.com\/www.ofkbrdo.com\/Wordpress\/wp-content\/uploads\/2021\/05\/39D7C2D9-5177-4226-A41F-E9777D735465-scaled.jpeg?resize=2048%2C1414&amp;ssl=1 2048w, https:\/\/i0.wp.com\/www.ofkbrdo.com\/Wordpress\/wp-content\/uploads\/2021\/05\/39D7C2D9-5177-4226-A41F-E9777D735465-scaled.jpeg?resize=310%2C214&amp;ssl=1 310w, https:\/\/i0.wp.com\/www.ofkbrdo.com\/Wordpress\/wp-content\/uploads\/2021\/05\/39D7C2D9-5177-4226-A41F-E9777D735465-scaled.jpeg?resize=60%2C41&amp;ssl=1 60w, https:\/\/i0.wp.com\/www.ofkbrdo.com\/Wordpress\/wp-content\/uploads\/2021\/05\/39D7C2D9-5177-4226-A41F-E9777D735465-scaled.jpeg?w=1280&amp;ssl=1 1280w, https:\/\/i0.wp.com\/www.ofkbrdo.com\/Wordpress\/wp-content\/uploads\/2021\/05\/39D7C2D9-5177-4226-A41F-E9777D735465-scaled.jpeg?w=1920&amp;ssl=1 1920w\" sizes=\"(max-width: 640px) 100vw, 640px\" \/><br \/>\n5. kolo Druge lige RS &#8220;Zapad&#8221; &#8211; Liga za opstanak<\/i><\/p>\n<p>30-05-2021, 17:30<br \/>\nStadion: Vedro polje, Hambarine<br \/>\nGledaoca : 100<\/p>\n<h2><b>OFK Brdo &#8211; FK Lakta\u0161i 2-1 (1-0)<\/b>&nbsp;<\/h2>\n<p>1-0 Radakovi\u0107 42&#8242; min<br \/>\n2-0 Vujatovi\u0107 52&#8242; min<br \/>\n2-1 Keleman 81&#8242; min<br \/>\n<i><\/i><\/p>\n<p><i>\u017duti karton:<\/i> Karupovi\u0107<\/p>\n<p>Sastav:<br \/>\n1.Vidovi\u0107 3.Miljevi\u0107 4.Karupovi\u0107 5.Vujatovi\u0107 7.Radakovi\u0107 8.Miodragovi\u0107 9.Pekija 10.Mili\u010devi\u0107 11.Isakovi\u0107 16.Me\u0161i\u0107 19.Stoji\u0107<\/p>\n<p>Rezerve:<br \/>\n82.Ba\u010di\u0107 2.Behli\u0107 13.Hod\u017ei\u0107 14.Trepi\u0107 15. 16.Duratovi\u0107 18 Dedi\u0107<\/p>\n<p><img data-recalc-dims=\"1\" loading=\"lazy\" decoding=\"async\" data-attachment-id=\"3507\" data-permalink=\"https:\/\/www.ofkbrdo.com\/Wordpress\/pobjeda-nad-bivsim-premijerligasem-za-kraj-odlicne-sezone\/f4ba3830-8137-4c38-8e70-f57538c2f766\/\" data-orig-file=\"https:\/\/i0.wp.com\/www.ofkbrdo.com\/Wordpress\/wp-content\/uploads\/2021\/05\/F4BA3830-8137-4C38-8E70-F57538C2F766.jpeg?fit=828%2C369&amp;ssl=1\" data-orig-size=\"828,369\" data-comments-opened=\"0\" data-image-meta=\"{&quot;aperture&quot;:&quot;0&quot;,&quot;credit&quot;:&quot;&quot;,&quot;camera&quot;:&quot;&quot;,&quot;caption&quot;:&quot;&quot;,&quot;created_timestamp&quot;:&quot;0&quot;,&quot;copyright&quot;:&quot;&quot;,&quot;focal_length&quot;:&quot;0&quot;,&quot;iso&quot;:&quot;0&quot;,&quot;shutter_speed&quot;:&quot;0&quot;,&quot;title&quot;:&quot;&quot;,&quot;orientation&quot;:&quot;1&quot;}\" data-image-title=\"F4BA3830-8137-4C38-8E70-F57538C2F766\" data-image-description=\"\" data-image-caption=\"\" data-large-file=\"https:\/\/i0.wp.com\/www.ofkbrdo.com\/Wordpress\/wp-content\/uploads\/2021\/05\/F4BA3830-8137-4C38-8E70-F57538C2F766.jpeg?fit=640%2C285&amp;ssl=1\" class=\"aligncenter size-large wp-image-3507\" src=\"https:\/\/i0.wp.com\/www.ofkbrdo.com\/Wordpress\/wp-content\/uploads\/2021\/05\/F4BA3830-8137-4C38-8E70-F57538C2F766.jpeg?resize=640%2C285&#038;ssl=1\" alt=\"\" width=\"640\" height=\"285\" srcset=\"https:\/\/i0.wp.com\/www.ofkbrdo.com\/Wordpress\/wp-content\/uploads\/2021\/05\/F4BA3830-8137-4C38-8E70-F57538C2F766.jpeg?w=828&amp;ssl=1 828w, https:\/\/i0.wp.com\/www.ofkbrdo.com\/Wordpress\/wp-content\/uploads\/2021\/05\/F4BA3830-8137-4C38-8E70-F57538C2F766.jpeg?resize=300%2C134&amp;ssl=1 300w, https:\/\/i0.wp.com\/www.ofkbrdo.com\/Wordpress\/wp-content\/uploads\/2021\/05\/F4BA3830-8137-4C38-8E70-F57538C2F766.jpeg?resize=768%2C342&amp;ssl=1 768w, https:\/\/i0.wp.com\/www.ofkbrdo.com\/Wordpress\/wp-content\/uploads\/2021\/05\/F4BA3830-8137-4C38-8E70-F57538C2F766.jpeg?resize=310%2C138&amp;ssl=1 310w, https:\/\/i0.wp.com\/www.ofkbrdo.com\/Wordpress\/wp-content\/uploads\/2021\/05\/F4BA3830-8137-4C38-8E70-F57538C2F766.jpeg?resize=60%2C27&amp;ssl=1 60w\" sizes=\"(max-width: 640px) 100vw, 640px\" \/> <img data-recalc-dims=\"1\" loading=\"lazy\" decoding=\"async\" data-attachment-id=\"3508\" data-permalink=\"https:\/\/www.ofkbrdo.com\/Wordpress\/pobjeda-nad-bivsim-premijerligasem-za-kraj-odlicne-sezone\/bc4b3b1e-1c07-4eba-bf57-6d9e593ef603\/\" data-orig-file=\"https:\/\/i0.wp.com\/www.ofkbrdo.com\/Wordpress\/wp-content\/uploads\/2021\/05\/BC4B3B1E-1C07-4EBA-BF57-6D9E593EF603.jpeg?fit=828%2C1060&amp;ssl=1\" data-orig-size=\"828,1060\" data-comments-opened=\"0\" data-image-meta=\"{&quot;aperture&quot;:&quot;0&quot;,&quot;credit&quot;:&quot;&quot;,&quot;camera&quot;:&quot;&quot;,&quot;caption&quot;:&quot;&quot;,&quot;created_timestamp&quot;:&quot;0&quot;,&quot;copyright&quot;:&quot;&quot;,&quot;focal_length&quot;:&quot;0&quot;,&quot;iso&quot;:&quot;0&quot;,&quot;shutter_speed&quot;:&quot;0&quot;,&quot;title&quot;:&quot;&quot;,&quot;orientation&quot;:&quot;1&quot;}\" data-image-title=\"BC4B3B1E-1C07-4EBA-BF57-6D9E593EF603\" data-image-description=\"\" data-image-caption=\"\" data-large-file=\"https:\/\/i0.wp.com\/www.ofkbrdo.com\/Wordpress\/wp-content\/uploads\/2021\/05\/BC4B3B1E-1C07-4EBA-BF57-6D9E593EF603.jpeg?fit=640%2C819&amp;ssl=1\" class=\"aligncenter size-large wp-image-3508\" src=\"https:\/\/i0.wp.com\/www.ofkbrdo.com\/Wordpress\/wp-content\/uploads\/2021\/05\/BC4B3B1E-1C07-4EBA-BF57-6D9E593EF603.jpeg?resize=640%2C819&#038;ssl=1\" alt=\"\" width=\"640\" height=\"819\" srcset=\"https:\/\/i0.wp.com\/www.ofkbrdo.com\/Wordpress\/wp-content\/uploads\/2021\/05\/BC4B3B1E-1C07-4EBA-BF57-6D9E593EF603.jpeg?resize=800%2C1024&amp;ssl=1 800w, https:\/\/i0.wp.com\/www.ofkbrdo.com\/Wordpress\/wp-content\/uploads\/2021\/05\/BC4B3B1E-1C07-4EBA-BF57-6D9E593EF603.jpeg?resize=234%2C300&amp;ssl=1 234w, https:\/\/i0.wp.com\/www.ofkbrdo.com\/Wordpress\/wp-content\/uploads\/2021\/05\/BC4B3B1E-1C07-4EBA-BF57-6D9E593EF603.jpeg?resize=768%2C983&amp;ssl=1 768w, https:\/\/i0.wp.com\/www.ofkbrdo.com\/Wordpress\/wp-content\/uploads\/2021\/05\/BC4B3B1E-1C07-4EBA-BF57-6D9E593EF603.jpeg?resize=310%2C397&amp;ssl=1 310w, https:\/\/i0.wp.com\/www.ofkbrdo.com\/Wordpress\/wp-content\/uploads\/2021\/05\/BC4B3B1E-1C07-4EBA-BF57-6D9E593EF603.jpeg?resize=60%2C77&amp;ssl=1 60w, https:\/\/i0.wp.com\/www.ofkbrdo.com\/Wordpress\/wp-content\/uploads\/2021\/05\/BC4B3B1E-1C07-4EBA-BF57-6D9E593EF603.jpeg?w=828&amp;ssl=1 828w\" sizes=\"(max-width: 640px) 100vw, 640px\" \/><b><br \/>\nTekst: Senudin Safi\u0107<br \/>\nSlike: Senudin Safi\u0107, Semir Balti\u0107, Mirza Alki\u0107 i Amir Duratovi\u0107 <\/b><\/p>\n","protected":false},"excerpt":{"rendered":"<p>Mnogi su mislili da c\u0301e u duelima sa ekipom Mirze Alkic\u0301a popravljati gol razliku. Mislili su da nec\u0301emo izdrz\u030cati drugoligas\u030cku konkurenciju. A, mi smo radili, organizovali raju s\u030cirom svijeta i rasli iz utakmice u utakmicu. I, kada su nas pratili porazi znali smo da smo na pravom putu jer je bilo dosta pehova. Ekipa je [&hellip;]<\/p>\n","protected":false},"author":1,"featured_media":3505,"comment_status":"closed","ping_status":"closed","sticky":false,"template":"","format":"standard","meta":{"ngg_post_thumbnail":0,"_jetpack_memberships_contains_paid_content":false,"footnotes":"","jetpack_publicize_message":"","jetpack_publicize_feature_enabled":true,"jetpack_social_post_already_shared":false,"jetpack_social_options":{"image_generator_settings":{"template":"highway","default_image_id":0,"font":"","enabled":false},"version":2}},"categories":[12],"tags":[],"class_list":["post-3504","post","type-post","status-publish","format-standard","has-post-thumbnail","hentry","category-prva-ekipa"],"jetpack_publicize_connections":[],"jetpack_featured_media_url":"https:\/\/i0.wp.com\/www.ofkbrdo.com\/Wordpress\/wp-content\/uploads\/2021\/05\/D876FE75-2B61-4422-A611-542638FE3C26.jpeg?fit=827%2C574&ssl=1","jetpack_sharing_enabled":true,"jetpack_likes_enabled":true,"jetpack_shortlink":"https:\/\/wp.me\/pevKtx-Uw","jetpack-related-posts":[{"id":4907,"url":"https:\/\/www.ofkbrdo.com\/Wordpress\/spremni-smo-za-nastavak-prvenstva\/","url_meta":{"origin":3504,"position":0},"title":"SPREMNI SMO ZA NASTAVAK PRVENSTVA","author":"admin","date":"27. February 2022","format":false,"excerpt":"Trener Omladinskog fudbalskog kluba Brdo Goran Kecman je bio prili\u010dno zadovoljan prikazanom igrom u generalnoj probi pred nastavak prvenstva. https:\/\/youtu.be\/WUm3D6M0K0k Dobro je za atmosferu u ekipi da je zabilje\u017eena pobjeda u duelu sa federalnim drugoliga\u0161em iz Kamengrada, ali Kecmana vi\u0161e zanima kako igra\u010di odgovaraju na date upute. To je dobro\u2026","rel":"","context":"In &quot;Prva ekipa&quot;","block_context":{"text":"Prva ekipa","link":"https:\/\/www.ofkbrdo.com\/Wordpress\/prva-ekipa\/"},"img":{"alt_text":"","src":"https:\/\/i0.wp.com\/www.ofkbrdo.com\/Wordpress\/wp-content\/uploads\/2022\/02\/21CCD573-BDBC-4D23-8B19-DD980FDCA6CF.jpeg?fit=1200%2C749&ssl=1&resize=350%2C200","width":350,"height":200,"srcset":"https:\/\/i0.wp.com\/www.ofkbrdo.com\/Wordpress\/wp-content\/uploads\/2022\/02\/21CCD573-BDBC-4D23-8B19-DD980FDCA6CF.jpeg?fit=1200%2C749&ssl=1&resize=350%2C200 1x, https:\/\/i0.wp.com\/www.ofkbrdo.com\/Wordpress\/wp-content\/uploads\/2022\/02\/21CCD573-BDBC-4D23-8B19-DD980FDCA6CF.jpeg?fit=1200%2C749&ssl=1&resize=525%2C300 1.5x, https:\/\/i0.wp.com\/www.ofkbrdo.com\/Wordpress\/wp-content\/uploads\/2022\/02\/21CCD573-BDBC-4D23-8B19-DD980FDCA6CF.jpeg?fit=1200%2C749&ssl=1&resize=700%2C400 2x, https:\/\/i0.wp.com\/www.ofkbrdo.com\/Wordpress\/wp-content\/uploads\/2022\/02\/21CCD573-BDBC-4D23-8B19-DD980FDCA6CF.jpeg?fit=1200%2C749&ssl=1&resize=1050%2C600 3x"},"classes":[]},{"id":5034,"url":"https:\/\/www.ofkbrdo.com\/Wordpress\/danas-smo-bili-ekipa-u-punom-smislu-te-rijeci\/","url_meta":{"origin":3504,"position":1},"title":"DANAS SMO BILI EKIPA U PUNOM SMISLU TE RIJE\u010cI","author":"admin","date":"26. March 2022","format":false,"excerpt":"Pora\u017eeni smo, ali nam poraz ne pada tako te\u0161ko. Za\u0161to? Zato \u0161to smo danas imali ekipu koja je u\u010dinila maksimum da ostvari dobar rezultat. Dakle, to je ono \u0161to nam treba i \u0161to tra\u017eimo od ekipe Mirze Alki\u0107a i Gorana Kecmana. Od prve minute Omladinski fudbalski klub Brdo je imao\u2026","rel":"","context":"In &quot;Druga liga RS&quot;","block_context":{"text":"Druga liga RS","link":"https:\/\/www.ofkbrdo.com\/Wordpress\/druga-liga-rs\/"},"img":{"alt_text":"","src":"https:\/\/i0.wp.com\/www.ofkbrdo.com\/Wordpress\/wp-content\/uploads\/2022\/03\/71B7F9FF-C2C5-4855-9192-15704A0FD9F9-scaled.jpeg?fit=1200%2C768&ssl=1&resize=350%2C200","width":350,"height":200,"srcset":"https:\/\/i0.wp.com\/www.ofkbrdo.com\/Wordpress\/wp-content\/uploads\/2022\/03\/71B7F9FF-C2C5-4855-9192-15704A0FD9F9-scaled.jpeg?fit=1200%2C768&ssl=1&resize=350%2C200 1x, https:\/\/i0.wp.com\/www.ofkbrdo.com\/Wordpress\/wp-content\/uploads\/2022\/03\/71B7F9FF-C2C5-4855-9192-15704A0FD9F9-scaled.jpeg?fit=1200%2C768&ssl=1&resize=525%2C300 1.5x, https:\/\/i0.wp.com\/www.ofkbrdo.com\/Wordpress\/wp-content\/uploads\/2022\/03\/71B7F9FF-C2C5-4855-9192-15704A0FD9F9-scaled.jpeg?fit=1200%2C768&ssl=1&resize=700%2C400 2x, https:\/\/i0.wp.com\/www.ofkbrdo.com\/Wordpress\/wp-content\/uploads\/2022\/03\/71B7F9FF-C2C5-4855-9192-15704A0FD9F9-scaled.jpeg?fit=1200%2C768&ssl=1&resize=1050%2C600 3x"},"classes":[]},{"id":2172,"url":"https:\/\/www.ofkbrdo.com\/Wordpress\/fk-mladost-ofk-brdo-1-3\/","url_meta":{"origin":3504,"position":2},"title":"FK MLADOST &#8211; OFK BRDO ( 1 : 3 )","author":"admin","date":"14. September 2020","format":false,"excerpt":"U okviru \u0161estog kola Druge lige FS RS grupa Zapad ekipa OFK BRDO gostovala je u Donjoj Slatini kod ekipe Mladosti. Bio je ovo prvi susret u novijoj historiji izme\u0111u ova dva kluba. Na\u0161i momci poslije dobro odigrane utakmice sa Borcem iz \u0160amca oti\u0161li su na ovo daleko putovanje ubje\u0111eni\u2026","rel":"","context":"In &quot;Pocetna&quot;","block_context":{"text":"Pocetna","link":"https:\/\/www.ofkbrdo.com\/Wordpress\/vijesti\/"},"img":{"alt_text":"","src":"https:\/\/i0.wp.com\/www.ofkbrdo.com\/Wordpress\/wp-content\/uploads\/2020\/09\/Brdo.jpg?fit=564%2C481&ssl=1&resize=350%2C200","width":350,"height":200,"srcset":"https:\/\/i0.wp.com\/www.ofkbrdo.com\/Wordpress\/wp-content\/uploads\/2020\/09\/Brdo.jpg?fit=564%2C481&ssl=1&resize=350%2C200 1x, https:\/\/i0.wp.com\/www.ofkbrdo.com\/Wordpress\/wp-content\/uploads\/2020\/09\/Brdo.jpg?fit=564%2C481&ssl=1&resize=525%2C300 1.5x"},"classes":[]},{"id":3398,"url":"https:\/\/www.ofkbrdo.com\/Wordpress\/utakmica-koja-daje-puno-odgovara\/","url_meta":{"origin":3504,"position":3},"title":"UTAKMICA KOJA DAJE PUNO ODGOVARA","author":"admin","date":"8. May 2021","format":false,"excerpt":"Pred Brdom je utakmica koja bi mogla trasirati put prema o\u010duvanju drugoliga\u0161kog statusa. Ali, dok postoji mogu\u0107nost za opciju koja nam nije ni na kraj pameti, treba pokazati maksimalnu opreznost. \u010cinjenica je da ekipa Mirze Alki\u0107a ima potpunu kontrolu i sve va\u017ene konce dr\u017ei u svojim nogama. Kakva je ekipa\u2026","rel":"","context":"In &quot;Prva ekipa&quot;","block_context":{"text":"Prva ekipa","link":"https:\/\/www.ofkbrdo.com\/Wordpress\/prva-ekipa\/"},"img":{"alt_text":"","src":"https:\/\/i0.wp.com\/www.ofkbrdo.com\/Wordpress\/wp-content\/uploads\/2021\/05\/0FFFB38E-9F2E-4FC6-9DAA-5BC6376C72EA-scaled.jpeg?fit=1200%2C900&ssl=1&resize=350%2C200","width":350,"height":200,"srcset":"https:\/\/i0.wp.com\/www.ofkbrdo.com\/Wordpress\/wp-content\/uploads\/2021\/05\/0FFFB38E-9F2E-4FC6-9DAA-5BC6376C72EA-scaled.jpeg?fit=1200%2C900&ssl=1&resize=350%2C200 1x, https:\/\/i0.wp.com\/www.ofkbrdo.com\/Wordpress\/wp-content\/uploads\/2021\/05\/0FFFB38E-9F2E-4FC6-9DAA-5BC6376C72EA-scaled.jpeg?fit=1200%2C900&ssl=1&resize=525%2C300 1.5x, https:\/\/i0.wp.com\/www.ofkbrdo.com\/Wordpress\/wp-content\/uploads\/2021\/05\/0FFFB38E-9F2E-4FC6-9DAA-5BC6376C72EA-scaled.jpeg?fit=1200%2C900&ssl=1&resize=700%2C400 2x, https:\/\/i0.wp.com\/www.ofkbrdo.com\/Wordpress\/wp-content\/uploads\/2021\/05\/0FFFB38E-9F2E-4FC6-9DAA-5BC6376C72EA-scaled.jpeg?fit=1200%2C900&ssl=1&resize=1050%2C600 3x"},"classes":[]},{"id":1130,"url":"https:\/\/www.ofkbrdo.com\/Wordpress\/nova-pobjeda-u-nastavk-sezone\/","url_meta":{"origin":3504,"position":4},"title":"Nova pobjeda u nastavku sezone","author":"admin","date":"18. March 2020","format":false,"excerpt":"OFK BRDO upisalo je prvu pobjedu u drugom djelu prvenstva u Regionalnoj ligi Zapad. U goste nam je do\u0161la ekipa Sloge iz Sani\u0107ana koju smo pobjedili rezultatom 1:0 golom Meseld\u017eije u 29. minuti susreta. Na\u0161a ekipa imala je inicjativu u citavoj utakmici i nekoliko izglednih prilika za postizanje gola, ali\u2026","rel":"","context":"In &quot;Pocetna&quot;","block_context":{"text":"Pocetna","link":"https:\/\/www.ofkbrdo.com\/Wordpress\/vijesti\/"},"img":{"alt_text":"","src":"https:\/\/i0.wp.com\/www.ofkbrdo.com\/Wordpress\/wp-content\/uploads\/2020\/03\/Brdo-Sloga.jpg?fit=960%2C720&ssl=1&resize=350%2C200","width":350,"height":200,"srcset":"https:\/\/i0.wp.com\/www.ofkbrdo.com\/Wordpress\/wp-content\/uploads\/2020\/03\/Brdo-Sloga.jpg?fit=960%2C720&ssl=1&resize=350%2C200 1x, https:\/\/i0.wp.com\/www.ofkbrdo.com\/Wordpress\/wp-content\/uploads\/2020\/03\/Brdo-Sloga.jpg?fit=960%2C720&ssl=1&resize=525%2C300 1.5x, https:\/\/i0.wp.com\/www.ofkbrdo.com\/Wordpress\/wp-content\/uploads\/2020\/03\/Brdo-Sloga.jpg?fit=960%2C720&ssl=1&resize=700%2C400 2x"},"classes":[]},{"id":1061,"url":"https:\/\/www.ofkbrdo.com\/Wordpress\/1061\/","url_meta":{"origin":3504,"position":5},"title":"Priprmene utakmice &#8211; proljece 2020","author":"admin","date":"11. March 2020","format":false,"excerpt":"U posljednih deset dana na\u0161 klub odigrao je dvije pripremne utakmice. U Kljucu smo igrali sa ekipom NK Klju\u010d gdje smo porazeni 2:1, a kod ku\u0107e smo odigrali me\u010d sa NK Rudar iz Kamengrada gdje je rezultat bio 3:3. Iako retultat u ovakvim utakmica ide u drugi plan napominjemo da\u2026","rel":"","context":"In &quot;Pocetna&quot;","block_context":{"text":"Pocetna","link":"https:\/\/www.ofkbrdo.com\/Wordpress\/vijesti\/"},"img":{"alt_text":"","src":"https:\/\/i0.wp.com\/www.ofkbrdo.com\/Wordpress\/wp-content\/uploads\/2020\/03\/BrdoKamengradProljece2020-1.jpg?fit=960%2C720&ssl=1&resize=350%2C200","width":350,"height":200,"srcset":"https:\/\/i0.wp.com\/www.ofkbrdo.com\/Wordpress\/wp-content\/uploads\/2020\/03\/BrdoKamengradProljece2020-1.jpg?fit=960%2C720&ssl=1&resize=350%2C200 1x, https:\/\/i0.wp.com\/www.ofkbrdo.com\/Wordpress\/wp-content\/uploads\/2020\/03\/BrdoKamengradProljece2020-1.jpg?fit=960%2C720&ssl=1&resize=525%2C300 1.5x, https:\/\/i0.wp.com\/www.ofkbrdo.com\/Wordpress\/wp-content\/uploads\/2020\/03\/BrdoKamengradProljece2020-1.jpg?fit=960%2C720&ssl=1&resize=700%2C400 2x"},"classes":[]}],"_links":{"self":[{"href":"https:\/\/www.ofkbrdo.com\/Wordpress\/wp-json\/wp\/v2\/posts\/3504","targetHints":{"allow":["GET"]}}],"collection":[{"href":"https:\/\/www.ofkbrdo.com\/Wordpress\/wp-json\/wp\/v2\/posts"}],"about":[{"href":"https:\/\/www.ofkbrdo.com\/Wordpress\/wp-json\/wp\/v2\/types\/post"}],"author":[{"embeddable":true,"href":"https:\/\/www.ofkbrdo.com\/Wordpress\/wp-json\/wp\/v2\/users\/1"}],"replies":[{"embeddable":true,"href":"https:\/\/www.ofkbrdo.com\/Wordpress\/wp-json\/wp\/v2\/comments?post=3504"}],"version-history":[{"count":0,"href":"https:\/\/www.ofkbrdo.com\/Wordpress\/wp-json\/wp\/v2\/posts\/3504\/revisions"}],"wp:featuredmedia":[{"embeddable":true,"href":"https:\/\/www.ofkbrdo.com\/Wordpress\/wp-json\/wp\/v2\/media\/3505"}],"wp:attachment":[{"href":"https:\/\/www.ofkbrdo.com\/Wordpress\/wp-json\/wp\/v2\/media?parent=3504"}],"wp:term":[{"taxonomy":"category","embeddable":true,"href":"https:\/\/www.ofkbrdo.com\/Wordpress\/wp-json\/wp\/v2\/categories?post=3504"},{"taxonomy":"post_tag","embeddable":true,"href":"https:\/\/www.ofkbrdo.com\/Wordpress\/wp-json\/wp\/v2\/tags?post=3504"}],"curies":[{"name":"wp","href":"https:\/\/api.w.org\/{rel}","templated":true}]}}