{"id":3520,"date":"2021-06-01T15:33:27","date_gmt":"2021-06-01T13:33:27","guid":{"rendered":"https:\/\/www.ofkbrdo.com\/Wordpress\/?p=3520"},"modified":"2021-06-01T15:33:27","modified_gmt":"2021-06-01T13:33:27","slug":"moze-li-brdo-do-finala-kupa","status":"publish","type":"post","link":"https:\/\/www.ofkbrdo.com\/Wordpress\/moze-li-brdo-do-finala-kupa\/","title":{"rendered":"MO\u017dE LI BRDO DO FINALA KUPA ?"},"content":{"rendered":"<p>Veliko je isku\u0161enje pred ekipom Mirze Alki\u0107a. Iskreno se nadamo da \u0107e ovo biti pretposljednja utakmica ove sezone i da tim ima snage za jo\u0161 jedan uspjeh. Sutra se na stadionu Vedro polje igra polufinalni susret Kupa grada Prijedora. Brdo \u0107e odmjeriti snage s novim prvoliga\u0161em, sastavom Omarske.<br \/>\n<img data-recalc-dims=\"1\" fetchpriority=\"high\" decoding=\"async\" data-attachment-id=\"3490\" data-permalink=\"https:\/\/www.ofkbrdo.com\/Wordpress\/fk-ljubija-ofk-brdo-0-8\/90811248-3882-4851-a0f9-c2fbab8e60d7\/\" data-orig-file=\"https:\/\/i0.wp.com\/www.ofkbrdo.com\/Wordpress\/wp-content\/uploads\/2021\/05\/90811248-3882-4851-A0F9-C2FBAB8E60D7-scaled.jpeg?fit=2560%2C1375&amp;ssl=1\" data-orig-size=\"2560,1375\" data-comments-opened=\"0\" data-image-meta=\"{&quot;aperture&quot;:&quot;1.8&quot;,&quot;credit&quot;:&quot;&quot;,&quot;camera&quot;:&quot;Nokia 7.2&quot;,&quot;caption&quot;:&quot;&quot;,&quot;created_timestamp&quot;:&quot;0&quot;,&quot;copyright&quot;:&quot;&quot;,&quot;focal_length&quot;:&quot;4.71&quot;,&quot;iso&quot;:&quot;101&quot;,&quot;shutter_speed&quot;:&quot;0.00025&quot;,&quot;title&quot;:&quot;&quot;,&quot;orientation&quot;:&quot;1&quot;}\" data-image-title=\"90811248-3882-4851-A0F9-C2FBAB8E60D7\" data-image-description=\"\" data-image-caption=\"\" data-large-file=\"https:\/\/i0.wp.com\/www.ofkbrdo.com\/Wordpress\/wp-content\/uploads\/2021\/05\/90811248-3882-4851-A0F9-C2FBAB8E60D7-scaled.jpeg?fit=640%2C344&amp;ssl=1\" class=\"aligncenter size-large wp-image-3490\" src=\"https:\/\/i0.wp.com\/www.ofkbrdo.com\/Wordpress\/wp-content\/uploads\/2021\/05\/90811248-3882-4851-A0F9-C2FBAB8E60D7.jpeg?resize=640%2C343&#038;ssl=1\" alt=\"\" width=\"640\" height=\"343\" srcset=\"https:\/\/i0.wp.com\/www.ofkbrdo.com\/Wordpress\/wp-content\/uploads\/2021\/05\/90811248-3882-4851-A0F9-C2FBAB8E60D7-scaled.jpeg?resize=1024%2C550&amp;ssl=1 1024w, https:\/\/i0.wp.com\/www.ofkbrdo.com\/Wordpress\/wp-content\/uploads\/2021\/05\/90811248-3882-4851-A0F9-C2FBAB8E60D7-scaled.jpeg?resize=300%2C161&amp;ssl=1 300w, https:\/\/i0.wp.com\/www.ofkbrdo.com\/Wordpress\/wp-content\/uploads\/2021\/05\/90811248-3882-4851-A0F9-C2FBAB8E60D7-scaled.jpeg?resize=768%2C413&amp;ssl=1 768w, https:\/\/i0.wp.com\/www.ofkbrdo.com\/Wordpress\/wp-content\/uploads\/2021\/05\/90811248-3882-4851-A0F9-C2FBAB8E60D7-scaled.jpeg?resize=1536%2C825&amp;ssl=1 1536w, https:\/\/i0.wp.com\/www.ofkbrdo.com\/Wordpress\/wp-content\/uploads\/2021\/05\/90811248-3882-4851-A0F9-C2FBAB8E60D7-scaled.jpeg?resize=2048%2C1100&amp;ssl=1 2048w, https:\/\/i0.wp.com\/www.ofkbrdo.com\/Wordpress\/wp-content\/uploads\/2021\/05\/90811248-3882-4851-A0F9-C2FBAB8E60D7-scaled.jpeg?resize=310%2C167&amp;ssl=1 310w, https:\/\/i0.wp.com\/www.ofkbrdo.com\/Wordpress\/wp-content\/uploads\/2021\/05\/90811248-3882-4851-A0F9-C2FBAB8E60D7-scaled.jpeg?resize=60%2C32&amp;ssl=1 60w, https:\/\/i0.wp.com\/www.ofkbrdo.com\/Wordpress\/wp-content\/uploads\/2021\/05\/90811248-3882-4851-A0F9-C2FBAB8E60D7-scaled.jpeg?w=1280&amp;ssl=1 1280w, https:\/\/i0.wp.com\/www.ofkbrdo.com\/Wordpress\/wp-content\/uploads\/2021\/05\/90811248-3882-4851-A0F9-C2FBAB8E60D7-scaled.jpeg?w=1920&amp;ssl=1 1920w\" sizes=\"(max-width: 640px) 100vw, 640px\" \/><\/p>\n<p>&#8221; Spremni smo da pru\u017eimo maksimum i poku\u0161amo do\u0107i do finala. Duel je to s ekipom Omarske koja je zaslu\u017eeno u vi\u0161em rangu takmi\u010denja. Siguran sam da \u0107e moji fudbaleri ostaviti srce na terenu&#8221;, rekao je \u0160ef stru\u010dnog \u0161taba OFK Brdo, Mirza Alki\u0107.<\/p>\n<p>Susret Brdo- Omarska igra se sutra (srijeda) na stadionu Vedro polje s po\u010detkom u 18 sati. Treba ista\u0107i da \u0107e sudijsku trojku predvoditi, sudija na listi Premijer lige BiH, Zoran Grbi\u0107 iz Prijedora.<\/p>\n","protected":false},"excerpt":{"rendered":"<p>Veliko je isku\u0161enje pred ekipom Mirze Alki\u0107a. Iskreno se nadamo da \u0107e ovo biti pretposljednja utakmica ove sezone i da tim ima snage za jo\u0161 jedan uspjeh. Sutra se na stadionu Vedro polje igra polufinalni susret Kupa grada Prijedora. Brdo \u0107e odmjeriti snage s novim prvoliga\u0161em, sastavom Omarske. &#8221; Spremni smo da pru\u017eimo maksimum i [&hellip;]<\/p>\n","protected":false},"author":1,"featured_media":3515,"comment_status":"closed","ping_status":"closed","sticky":false,"template":"","format":"standard","meta":{"ngg_post_thumbnail":0,"_jetpack_memberships_contains_paid_content":false,"footnotes":"","jetpack_publicize_message":"","jetpack_publicize_feature_enabled":true,"jetpack_social_post_already_shared":false,"jetpack_social_options":{"image_generator_settings":{"template":"highway","default_image_id":0,"font":"","enabled":false},"version":2}},"categories":[12],"tags":[],"class_list":["post-3520","post","type-post","status-publish","format-standard","has-post-thumbnail","hentry","category-prva-ekipa"],"jetpack_publicize_connections":[],"jetpack_featured_media_url":"https:\/\/i0.wp.com\/www.ofkbrdo.com\/Wordpress\/wp-content\/uploads\/2021\/05\/CE3E9893-1288-445D-A131-AD6037A69825.jpeg?fit=828%2C428&ssl=1","jetpack_sharing_enabled":true,"jetpack_likes_enabled":true,"jetpack_shortlink":"https:\/\/wp.me\/pevKtx-UM","jetpack-related-posts":[{"id":3395,"url":"https:\/\/www.ofkbrdo.com\/Wordpress\/berek-brdo-u-kupu-grada-prijedora\/","url_meta":{"origin":3520,"position":0},"title":"BEREK-BRDO U KUPU GRADA PRIJEDORA","author":"admin","date":"5. May 2021","format":false,"excerpt":"Izvla\u010denje parova utakmica osmine finala Kupa grada Prijedora odr\u017eano je u organizaciji Gradskog fudbalskog saveza Prijedor. Voljom \u017erijeba Omladinski fudbalski klub Brdo odmjeri \u0107e snage sa sa sastavom Bereka. Susret se igra 12.05. u 17,00 sati na stadionu Poljana. U ostalim me\u010devima osmine finala sastaju se Kozara ,Gornji Orlovci -\u2026","rel":"","context":"In &quot;Prva ekipa&quot;","block_context":{"text":"Prva ekipa","link":"https:\/\/www.ofkbrdo.com\/Wordpress\/prva-ekipa\/"},"img":{"alt_text":"","src":"https:\/\/i0.wp.com\/www.ofkbrdo.com\/Wordpress\/wp-content\/uploads\/2021\/05\/785B4D43-9653-447B-917C-03005DD0257A.jpeg?fit=960%2C720&ssl=1&resize=350%2C200","width":350,"height":200,"srcset":"https:\/\/i0.wp.com\/www.ofkbrdo.com\/Wordpress\/wp-content\/uploads\/2021\/05\/785B4D43-9653-447B-917C-03005DD0257A.jpeg?fit=960%2C720&ssl=1&resize=350%2C200 1x, https:\/\/i0.wp.com\/www.ofkbrdo.com\/Wordpress\/wp-content\/uploads\/2021\/05\/785B4D43-9653-447B-917C-03005DD0257A.jpeg?fit=960%2C720&ssl=1&resize=525%2C300 1.5x, https:\/\/i0.wp.com\/www.ofkbrdo.com\/Wordpress\/wp-content\/uploads\/2021\/05\/785B4D43-9653-447B-917C-03005DD0257A.jpeg?fit=960%2C720&ssl=1&resize=700%2C400 2x"},"classes":[]},{"id":3958,"url":"https:\/\/www.ofkbrdo.com\/Wordpress\/nova-iskusenja-u-kup-takmicenju\/","url_meta":{"origin":3520,"position":1},"title":"NOVA ISKU\u0160ENJA U KUP TAKMI\u010cENJU","author":"admin","date":"7. September 2021","format":false,"excerpt":"Danas i sutra igraju se susreti 1\/16 finala Kupa RS. Bi\u0107e to tre\u0107i susret ekipe Omladinskog fudbalskog kluba Brdo za sedam dana. Nakon osvajanja kupa grada i trijumfa u prvenstvenom susretu sa Jedinstvenom iz \u017deravice, sutra je pred izabranicima Mirze Alki\u0107a me\u010d u okviru 1\/16 finala Kupa RS. Brdo gostuje\u2026","rel":"","context":"In &quot;Kup&quot;","block_context":{"text":"Kup","link":"https:\/\/www.ofkbrdo.com\/Wordpress\/kup\/"},"img":{"alt_text":"","src":"https:\/\/i0.wp.com\/www.ofkbrdo.com\/Wordpress\/wp-content\/uploads\/2021\/09\/9D41A79A-BA8B-45D2-AC94-A1A6CA4A1738.jpeg?fit=1200%2C452&ssl=1&resize=350%2C200","width":350,"height":200,"srcset":"https:\/\/i0.wp.com\/www.ofkbrdo.com\/Wordpress\/wp-content\/uploads\/2021\/09\/9D41A79A-BA8B-45D2-AC94-A1A6CA4A1738.jpeg?fit=1200%2C452&ssl=1&resize=350%2C200 1x, https:\/\/i0.wp.com\/www.ofkbrdo.com\/Wordpress\/wp-content\/uploads\/2021\/09\/9D41A79A-BA8B-45D2-AC94-A1A6CA4A1738.jpeg?fit=1200%2C452&ssl=1&resize=525%2C300 1.5x, https:\/\/i0.wp.com\/www.ofkbrdo.com\/Wordpress\/wp-content\/uploads\/2021\/09\/9D41A79A-BA8B-45D2-AC94-A1A6CA4A1738.jpeg?fit=1200%2C452&ssl=1&resize=700%2C400 2x, https:\/\/i0.wp.com\/www.ofkbrdo.com\/Wordpress\/wp-content\/uploads\/2021\/09\/9D41A79A-BA8B-45D2-AC94-A1A6CA4A1738.jpeg?fit=1200%2C452&ssl=1&resize=1050%2C600 3x"},"classes":[]},{"id":3482,"url":"https:\/\/www.ofkbrdo.com\/Wordpress\/cetvrtfinale-kupa-grada-prijedora\/","url_meta":{"origin":3520,"position":2},"title":"\u010cETVRTFINALE KUPA GRADA PRIJEDORA","author":"admin","date":"25. May 2021","format":false,"excerpt":"Nakon uvjerljivog trijumfa u duelu sa ekipom Bereka pred fudbalerima Omladinskog fudbalskog kluba Brdo je \u010detvrtfinalni ogled u Ljubiji. Naravno da je u ovom duelu Brdo favorit ali kup nas je nau\u010dio na brojna iznena\u0111enja tako da treba ulo\u017eiti mnogo napora kako bi se ostvario plasman u me\u0111u \u010detiri najbolje\u2026","rel":"","context":"In &quot;Prva ekipa&quot;","block_context":{"text":"Prva ekipa","link":"https:\/\/www.ofkbrdo.com\/Wordpress\/prva-ekipa\/"},"img":{"alt_text":"","src":"https:\/\/i0.wp.com\/www.ofkbrdo.com\/Wordpress\/wp-content\/uploads\/2021\/05\/61653768-888B-43DF-B071-243EFF9748DF.jpeg?fit=1200%2C568&ssl=1&resize=350%2C200","width":350,"height":200,"srcset":"https:\/\/i0.wp.com\/www.ofkbrdo.com\/Wordpress\/wp-content\/uploads\/2021\/05\/61653768-888B-43DF-B071-243EFF9748DF.jpeg?fit=1200%2C568&ssl=1&resize=350%2C200 1x, https:\/\/i0.wp.com\/www.ofkbrdo.com\/Wordpress\/wp-content\/uploads\/2021\/05\/61653768-888B-43DF-B071-243EFF9748DF.jpeg?fit=1200%2C568&ssl=1&resize=525%2C300 1.5x, https:\/\/i0.wp.com\/www.ofkbrdo.com\/Wordpress\/wp-content\/uploads\/2021\/05\/61653768-888B-43DF-B071-243EFF9748DF.jpeg?fit=1200%2C568&ssl=1&resize=700%2C400 2x, https:\/\/i0.wp.com\/www.ofkbrdo.com\/Wordpress\/wp-content\/uploads\/2021\/05\/61653768-888B-43DF-B071-243EFF9748DF.jpeg?fit=1200%2C568&ssl=1&resize=1050%2C600 3x"},"classes":[]},{"id":3522,"url":"https:\/\/www.ofkbrdo.com\/Wordpress\/brdo-bolje-od-novog-prvoligasa-iz-omarske\/","url_meta":{"origin":3520,"position":3},"title":"BRDO BOLJE OD NOVOG PRVOLIGA\u0160A IZ OMARSKE","author":"admin","date":"2. June 2021","format":false,"excerpt":"Protivnik igra onoliko koliko mu dopustite. Ova konstatacija se potvrdila u dana\u0161njem susretu OFK Brdo - FK Omarska, odigranom na stadionu Vedro polje. Strpljivo, uz dosta pas igre, borbeno i krajnje odgovorno igrala je ekipa Mirze Alki\u0107a. Prvoliga\u0161 iz Omarske je toplo do\u010dekan uz \u010destitke na plasmanu u vi\u0161i rang\u2026","rel":"","context":"In &quot;Prva ekipa&quot;","block_context":{"text":"Prva ekipa","link":"https:\/\/www.ofkbrdo.com\/Wordpress\/prva-ekipa\/"},"img":{"alt_text":"","src":"https:\/\/i0.wp.com\/www.ofkbrdo.com\/Wordpress\/wp-content\/uploads\/2021\/06\/34658D43-30EA-4DBD-B7AD-0C758715DE57-scaled.jpeg?fit=1200%2C900&ssl=1&resize=350%2C200","width":350,"height":200,"srcset":"https:\/\/i0.wp.com\/www.ofkbrdo.com\/Wordpress\/wp-content\/uploads\/2021\/06\/34658D43-30EA-4DBD-B7AD-0C758715DE57-scaled.jpeg?fit=1200%2C900&ssl=1&resize=350%2C200 1x, https:\/\/i0.wp.com\/www.ofkbrdo.com\/Wordpress\/wp-content\/uploads\/2021\/06\/34658D43-30EA-4DBD-B7AD-0C758715DE57-scaled.jpeg?fit=1200%2C900&ssl=1&resize=525%2C300 1.5x, https:\/\/i0.wp.com\/www.ofkbrdo.com\/Wordpress\/wp-content\/uploads\/2021\/06\/34658D43-30EA-4DBD-B7AD-0C758715DE57-scaled.jpeg?fit=1200%2C900&ssl=1&resize=700%2C400 2x, https:\/\/i0.wp.com\/www.ofkbrdo.com\/Wordpress\/wp-content\/uploads\/2021\/06\/34658D43-30EA-4DBD-B7AD-0C758715DE57-scaled.jpeg?fit=1200%2C900&ssl=1&resize=1050%2C600 3x"},"classes":[]},{"id":4428,"url":"https:\/\/www.ofkbrdo.com\/Wordpress\/jos-jedno-finale-pred-fudbalerima-brda\/","url_meta":{"origin":3520,"position":4},"title":"JO\u0160 JEDNO FINALE PRED FUDBALERIMA BRDA","author":"admin","date":"19. October 2021","format":false,"excerpt":"Nedavno osvajanje Kupa Grada Prijedora, sna\u017eno je odjeknulo me\u0111u navija\u010dima i simpatizerima Omladinskog fudbalskog kluba Brdo, \u0161irom svijeta. Bili su ponosni na jo\u0161 jedan trofej u vitrinama kluba koji \u017eivot zna\u010di. Pred pulenima Mirze Alki\u0107a je nova \u0161ansa za veliko slavlje. Sutra \u0107e na stadionu u Bosanskoj Kostajnici biti odigran\u2026","rel":"","context":"In &quot;Kup&quot;","block_context":{"text":"Kup","link":"https:\/\/www.ofkbrdo.com\/Wordpress\/kup\/"},"img":{"alt_text":"","src":"https:\/\/i0.wp.com\/www.ofkbrdo.com\/Wordpress\/wp-content\/uploads\/2021\/09\/242189439_289165032634764_191334885370558990_n.jpg?fit=1200%2C801&ssl=1&resize=350%2C200","width":350,"height":200,"srcset":"https:\/\/i0.wp.com\/www.ofkbrdo.com\/Wordpress\/wp-content\/uploads\/2021\/09\/242189439_289165032634764_191334885370558990_n.jpg?fit=1200%2C801&ssl=1&resize=350%2C200 1x, https:\/\/i0.wp.com\/www.ofkbrdo.com\/Wordpress\/wp-content\/uploads\/2021\/09\/242189439_289165032634764_191334885370558990_n.jpg?fit=1200%2C801&ssl=1&resize=525%2C300 1.5x, https:\/\/i0.wp.com\/www.ofkbrdo.com\/Wordpress\/wp-content\/uploads\/2021\/09\/242189439_289165032634764_191334885370558990_n.jpg?fit=1200%2C801&ssl=1&resize=700%2C400 2x, https:\/\/i0.wp.com\/www.ofkbrdo.com\/Wordpress\/wp-content\/uploads\/2021\/09\/242189439_289165032634764_191334885370558990_n.jpg?fit=1200%2C801&ssl=1&resize=1050%2C600 3x"},"classes":[]},{"id":2830,"url":"https:\/\/www.ofkbrdo.com\/Wordpress\/prva-zvanicna-posjeta-novog-gradonacelnika-prijedora-na-stadionu-vedro-polje\/","url_meta":{"origin":3520,"position":5},"title":"PRVA ZVANI\u010cNA POSJETA NOVOG GRADONA\u010cELNIKA PRIJEDORA, NA STADIONU VEDRO POLJE","author":"admin","date":"27. December 2020","format":false,"excerpt":"Nedavno je za novog gradona\u010delnika Prijedora izabran Dalibor Pavlovi\u0107. Njegova prva, zvani\u010dna posjeta u mandatu, realizirana je danas. Pavlovi\u0107 je sa saradnicima posjetio OFK Brdo. U veoma prijateljskoj atmosferi i obostrano uva\u017eavanje, on je naglasio da je dosada\u0161nja podr\u0161ka prijedorske op\u0161tine bila veoma simboli\u010dna te da Brdo zaslu\u017euje vi\u0161e sredstava\u2026","rel":"","context":"In &quot;Pocetna&quot;","block_context":{"text":"Pocetna","link":"https:\/\/www.ofkbrdo.com\/Wordpress\/vijesti\/"},"img":{"alt_text":"","src":"https:\/\/i0.wp.com\/www.ofkbrdo.com\/Wordpress\/wp-content\/uploads\/2020\/12\/posjeta_gradonacelnika3.jpg?fit=720%2C960&ssl=1&resize=350%2C200","width":350,"height":200,"srcset":"https:\/\/i0.wp.com\/www.ofkbrdo.com\/Wordpress\/wp-content\/uploads\/2020\/12\/posjeta_gradonacelnika3.jpg?fit=720%2C960&ssl=1&resize=350%2C200 1x, https:\/\/i0.wp.com\/www.ofkbrdo.com\/Wordpress\/wp-content\/uploads\/2020\/12\/posjeta_gradonacelnika3.jpg?fit=720%2C960&ssl=1&resize=525%2C300 1.5x, https:\/\/i0.wp.com\/www.ofkbrdo.com\/Wordpress\/wp-content\/uploads\/2020\/12\/posjeta_gradonacelnika3.jpg?fit=720%2C960&ssl=1&resize=700%2C400 2x"},"classes":[]}],"_links":{"self":[{"href":"https:\/\/www.ofkbrdo.com\/Wordpress\/wp-json\/wp\/v2\/posts\/3520","targetHints":{"allow":["GET"]}}],"collection":[{"href":"https:\/\/www.ofkbrdo.com\/Wordpress\/wp-json\/wp\/v2\/posts"}],"about":[{"href":"https:\/\/www.ofkbrdo.com\/Wordpress\/wp-json\/wp\/v2\/types\/post"}],"author":[{"embeddable":true,"href":"https:\/\/www.ofkbrdo.com\/Wordpress\/wp-json\/wp\/v2\/users\/1"}],"replies":[{"embeddable":true,"href":"https:\/\/www.ofkbrdo.com\/Wordpress\/wp-json\/wp\/v2\/comments?post=3520"}],"version-history":[{"count":0,"href":"https:\/\/www.ofkbrdo.com\/Wordpress\/wp-json\/wp\/v2\/posts\/3520\/revisions"}],"wp:featuredmedia":[{"embeddable":true,"href":"https:\/\/www.ofkbrdo.com\/Wordpress\/wp-json\/wp\/v2\/media\/3515"}],"wp:attachment":[{"href":"https:\/\/www.ofkbrdo.com\/Wordpress\/wp-json\/wp\/v2\/media?parent=3520"}],"wp:term":[{"taxonomy":"category","embeddable":true,"href":"https:\/\/www.ofkbrdo.com\/Wordpress\/wp-json\/wp\/v2\/categories?post=3520"},{"taxonomy":"post_tag","embeddable":true,"href":"https:\/\/www.ofkbrdo.com\/Wordpress\/wp-json\/wp\/v2\/tags?post=3520"}],"curies":[{"name":"wp","href":"https:\/\/api.w.org\/{rel}","templated":true}]}}