{"id":3576,"date":"2021-06-17T13:44:25","date_gmt":"2021-06-17T11:44:25","guid":{"rendered":"https:\/\/www.ofkbrdo.com\/Wordpress\/?p=3576"},"modified":"2021-06-17T13:45:44","modified_gmt":"2021-06-17T11:45:44","slug":"odlucio-sam-nastaviti-mjesecno-uplacivati-po-50-eura-almir-muhic-cani","status":"publish","type":"post","link":"https:\/\/www.ofkbrdo.com\/Wordpress\/odlucio-sam-nastaviti-mjesecno-uplacivati-po-50-eura-almir-muhic-cani\/","title":{"rendered":"ODLU\u010cIO SAM NASTAVITI MJESE\u010cNO UPLA\u0106IVATI PO 50 EURA- ALMIR MUHI\u0106 \u0106ANI"},"content":{"rendered":"<p>Te\u0161ko je opisati osje\u0107aj kada ljudi u bijelom svijetu primjete napore koje ula\u017eemo kako bi na\u0161 klub bio bolji. Posebno nam je drago kada se oglase na\u0161i \u010destiti ljudi koji su prepoznali ulo\u017eeni napor.<\/p>\n<figure id=\"attachment_3577\" aria-describedby=\"caption-attachment-3577\" style=\"width: 820px\" class=\"wp-caption aligncenter\"><img data-recalc-dims=\"1\" fetchpriority=\"high\" decoding=\"async\" data-attachment-id=\"3577\" data-permalink=\"https:\/\/www.ofkbrdo.com\/Wordpress\/odlucio-sam-nastaviti-mjesecno-uplacivati-po-50-eura-almir-muhic-cani\/d3c7ec76-5318-4738-8453-d17e635098a2\/\" data-orig-file=\"https:\/\/i0.wp.com\/www.ofkbrdo.com\/Wordpress\/wp-content\/uploads\/2021\/06\/D3C7EC76-5318-4738-8453-D17E635098A2-scaled.jpeg?fit=2245%2C2560&amp;ssl=1\" data-orig-size=\"2245,2560\" data-comments-opened=\"0\" data-image-meta=\"{&quot;aperture&quot;:&quot;2.2&quot;,&quot;credit&quot;:&quot;&quot;,&quot;camera&quot;:&quot;iPhone XR&quot;,&quot;caption&quot;:&quot;&quot;,&quot;created_timestamp&quot;:&quot;1623947251&quot;,&quot;copyright&quot;:&quot;&quot;,&quot;focal_length&quot;:&quot;2.87&quot;,&quot;iso&quot;:&quot;320&quot;,&quot;shutter_speed&quot;:&quot;0.024390243902439&quot;,&quot;title&quot;:&quot;&quot;,&quot;orientation&quot;:&quot;1&quot;}\" data-image-title=\"Edvin i Almir Muhi\u0107\" data-image-description=\"&lt;p&gt;Edvin i Almir Muhi\u0107 &lt;\/p&gt;\n\" data-image-caption=\"&lt;p&gt;Edvin i Almir Muhi\u0107 &lt;\/p&gt;\n\" data-large-file=\"https:\/\/i0.wp.com\/www.ofkbrdo.com\/Wordpress\/wp-content\/uploads\/2021\/06\/D3C7EC76-5318-4738-8453-D17E635098A2-scaled.jpeg?fit=640%2C730&amp;ssl=1\" class=\"size-large wp-image-3577\" src=\"https:\/\/i0.wp.com\/www.ofkbrdo.com\/Wordpress\/wp-content\/uploads\/2021\/06\/D3C7EC76-5318-4738-8453-D17E635098A2.jpeg?resize=640%2C730&#038;ssl=1\" alt=\"\" width=\"640\" height=\"730\" srcset=\"https:\/\/i0.wp.com\/www.ofkbrdo.com\/Wordpress\/wp-content\/uploads\/2021\/06\/D3C7EC76-5318-4738-8453-D17E635098A2-scaled.jpeg?resize=898%2C1024&amp;ssl=1 898w, https:\/\/i0.wp.com\/www.ofkbrdo.com\/Wordpress\/wp-content\/uploads\/2021\/06\/D3C7EC76-5318-4738-8453-D17E635098A2-scaled.jpeg?resize=263%2C300&amp;ssl=1 263w, https:\/\/i0.wp.com\/www.ofkbrdo.com\/Wordpress\/wp-content\/uploads\/2021\/06\/D3C7EC76-5318-4738-8453-D17E635098A2-scaled.jpeg?resize=768%2C876&amp;ssl=1 768w, https:\/\/i0.wp.com\/www.ofkbrdo.com\/Wordpress\/wp-content\/uploads\/2021\/06\/D3C7EC76-5318-4738-8453-D17E635098A2-scaled.jpeg?resize=1347%2C1536&amp;ssl=1 1347w, https:\/\/i0.wp.com\/www.ofkbrdo.com\/Wordpress\/wp-content\/uploads\/2021\/06\/D3C7EC76-5318-4738-8453-D17E635098A2-scaled.jpeg?resize=1796%2C2048&amp;ssl=1 1796w, https:\/\/i0.wp.com\/www.ofkbrdo.com\/Wordpress\/wp-content\/uploads\/2021\/06\/D3C7EC76-5318-4738-8453-D17E635098A2-scaled.jpeg?resize=310%2C354&amp;ssl=1 310w, https:\/\/i0.wp.com\/www.ofkbrdo.com\/Wordpress\/wp-content\/uploads\/2021\/06\/D3C7EC76-5318-4738-8453-D17E635098A2-scaled.jpeg?resize=60%2C68&amp;ssl=1 60w, https:\/\/i0.wp.com\/www.ofkbrdo.com\/Wordpress\/wp-content\/uploads\/2021\/06\/D3C7EC76-5318-4738-8453-D17E635098A2-scaled.jpeg?w=1280&amp;ssl=1 1280w, https:\/\/i0.wp.com\/www.ofkbrdo.com\/Wordpress\/wp-content\/uploads\/2021\/06\/D3C7EC76-5318-4738-8453-D17E635098A2-scaled.jpeg?w=1920&amp;ssl=1 1920w\" sizes=\"(max-width: 640px) 100vw, 640px\" \/><figcaption id=\"caption-attachment-3577\" class=\"wp-caption-text\">Edvin i Almir Muhi\u0107<\/figcaption><\/figure>\n<p>Almir Muhi\u0107 \u0106ani je donator kakav se samo mo\u017ee po\u017eeljeti. Sudbina je tako htjela da \u017eivi i radi u dalekoj Australiji. U Sydneyu sa suprugom Nirmom podi\u017ee sina Edvina i svakodnevno razmi\u0161lja o podr\u0161ci rodnom kraju. Jako nas raduje \u0161to je rije\u010d o obrzovanom bra\u010dnom paru. On je geolog u rudarskoj kompaniji, a Nirma je u financijsko-operativnoj inspekciji jedne australijske avio kompanije.<\/p>\n<p>\u0106ani prati rad Omladinskog fudbalskog kluba Brda i jako je zadovoljan radom medijskog tima na\u0161eg kluba i postignutim rezultatima. Jedna predivna poruka iz daleke Australije doputovala je do Vedrog polja.<\/p>\n<p>&#8211; \u017delim da klub napreduje, pa sam odlu\u010dio da nastavim mjese\u010dno upla\u0107ivati 50 eura, rije\u010di su Almira Muhi\u0107a \u0106anija.<\/p>\n<p>Dakle, to je 600 eura godi\u0161nje. To je podr\u0161ka na kojoj smo jako zahvalni jer nam mnogo zna\u010di. Kada bi imali 50 ovakvih sponzora, gdje bi nam bio kraj.<\/p>\n<p><img data-recalc-dims=\"1\" decoding=\"async\" data-attachment-id=\"3367\" data-permalink=\"https:\/\/www.ofkbrdo.com\/Wordpress\/ostavili-smo-srce-na-terenu-i-rezultat-nije-izostao\/0fb07c86-eb54-469d-874e-8a33473df07f\/\" data-orig-file=\"https:\/\/i0.wp.com\/www.ofkbrdo.com\/Wordpress\/wp-content\/uploads\/2021\/04\/0FB07C86-EB54-469D-874E-8A33473DF07F.jpeg?fit=1470%2C828&amp;ssl=1\" data-orig-size=\"1470,828\" data-comments-opened=\"0\" data-image-meta=\"{&quot;aperture&quot;:&quot;0&quot;,&quot;credit&quot;:&quot;&quot;,&quot;camera&quot;:&quot;&quot;,&quot;caption&quot;:&quot;&quot;,&quot;created_timestamp&quot;:&quot;0&quot;,&quot;copyright&quot;:&quot;&quot;,&quot;focal_length&quot;:&quot;0&quot;,&quot;iso&quot;:&quot;0&quot;,&quot;shutter_speed&quot;:&quot;0&quot;,&quot;title&quot;:&quot;&quot;,&quot;orientation&quot;:&quot;1&quot;}\" data-image-title=\"0FB07C86-EB54-469D-874E-8A33473DF07F\" data-image-description=\"\" data-image-caption=\"\" data-large-file=\"https:\/\/i0.wp.com\/www.ofkbrdo.com\/Wordpress\/wp-content\/uploads\/2021\/04\/0FB07C86-EB54-469D-874E-8A33473DF07F.jpeg?fit=640%2C361&amp;ssl=1\" class=\"aligncenter size-large wp-image-3367\" src=\"https:\/\/i0.wp.com\/www.ofkbrdo.com\/Wordpress\/wp-content\/uploads\/2021\/04\/0FB07C86-EB54-469D-874E-8A33473DF07F.jpeg?resize=640%2C361&#038;ssl=1\" alt=\"\" width=\"640\" height=\"361\" srcset=\"https:\/\/i0.wp.com\/www.ofkbrdo.com\/Wordpress\/wp-content\/uploads\/2021\/04\/0FB07C86-EB54-469D-874E-8A33473DF07F.jpeg?resize=1024%2C577&amp;ssl=1 1024w, https:\/\/i0.wp.com\/www.ofkbrdo.com\/Wordpress\/wp-content\/uploads\/2021\/04\/0FB07C86-EB54-469D-874E-8A33473DF07F.jpeg?resize=300%2C169&amp;ssl=1 300w, https:\/\/i0.wp.com\/www.ofkbrdo.com\/Wordpress\/wp-content\/uploads\/2021\/04\/0FB07C86-EB54-469D-874E-8A33473DF07F.jpeg?resize=768%2C433&amp;ssl=1 768w, https:\/\/i0.wp.com\/www.ofkbrdo.com\/Wordpress\/wp-content\/uploads\/2021\/04\/0FB07C86-EB54-469D-874E-8A33473DF07F.jpeg?resize=310%2C175&amp;ssl=1 310w, https:\/\/i0.wp.com\/www.ofkbrdo.com\/Wordpress\/wp-content\/uploads\/2021\/04\/0FB07C86-EB54-469D-874E-8A33473DF07F.jpeg?resize=60%2C34&amp;ssl=1 60w, https:\/\/i0.wp.com\/www.ofkbrdo.com\/Wordpress\/wp-content\/uploads\/2021\/04\/0FB07C86-EB54-469D-874E-8A33473DF07F.jpeg?resize=1400%2C787&amp;ssl=1 1400w, https:\/\/i0.wp.com\/www.ofkbrdo.com\/Wordpress\/wp-content\/uploads\/2021\/04\/0FB07C86-EB54-469D-874E-8A33473DF07F.jpeg?w=1470&amp;ssl=1 1470w, https:\/\/i0.wp.com\/www.ofkbrdo.com\/Wordpress\/wp-content\/uploads\/2021\/04\/0FB07C86-EB54-469D-874E-8A33473DF07F.jpeg?w=1280&amp;ssl=1 1280w\" sizes=\"(max-width: 640px) 100vw, 640px\" \/><\/p>\n<p>Na\u0161 klub je u proteklom periodu imao ogromnu podr\u0161ku Almira Muhi\u0107a koji je za izgradnju tribina izdvojio 300 eura. Oktobra pro\u0161le godine donirao je 300 eura Brdo, plus \u010dlanarina 200 eura. U oktobru, nevembru i decembru pro\u0161le godine za live prenose utakmica donirao je 150 eura. Ove godine od 13.01. izdvaja mjese\u010dno 50 eura.<\/p>\n<p>&nbsp;<\/p>\n<p>Treba ista\u0107i da Almir Muhi\u0107 pru\u017ea zna\u010dajnu podr\u0161ku Humanitarnoj organizaciji HUMANO BRDO. Njihova kvalitetna saradnja rezultirala je podr\u0161kom klubu koji \u017eivot zn\u010di. Sretni i ponosni \u0161to je \u0106ani me\u0111u nama najiskrenije mu se zahvaljujemo i \u017eelimo mnogo sre\u0107e na privatnom i poslovnom planu.<\/p>\n","protected":false},"excerpt":{"rendered":"<p>Te\u0161ko je opisati osje\u0107aj kada ljudi u bijelom svijetu primjete napore koje ula\u017eemo kako bi na\u0161 klub bio bolji. Posebno nam je drago kada se oglase na\u0161i \u010destiti ljudi koji su prepoznali ulo\u017eeni napor. Almir Muhi\u0107 \u0106ani je donator kakav se samo mo\u017ee po\u017eeljeti. Sudbina je tako htjela da \u017eivi i radi u dalekoj Australiji. [&hellip;]<\/p>\n","protected":false},"author":1,"featured_media":3577,"comment_status":"closed","ping_status":"closed","sticky":false,"template":"","format":"standard","meta":{"ngg_post_thumbnail":0,"_jetpack_memberships_contains_paid_content":false,"footnotes":"","jetpack_publicize_message":"","jetpack_publicize_feature_enabled":true,"jetpack_social_post_already_shared":false,"jetpack_social_options":{"image_generator_settings":{"template":"highway","default_image_id":0,"font":"","enabled":false},"version":2}},"categories":[157],"tags":[],"class_list":["post-3576","post","type-post","status-publish","format-standard","has-post-thumbnail","hentry","category-clanska"],"jetpack_publicize_connections":[],"jetpack_featured_media_url":"https:\/\/i0.wp.com\/www.ofkbrdo.com\/Wordpress\/wp-content\/uploads\/2021\/06\/D3C7EC76-5318-4738-8453-D17E635098A2-scaled.jpeg?fit=2245%2C2560&ssl=1","jetpack_sharing_enabled":true,"jetpack_likes_enabled":true,"jetpack_shortlink":"https:\/\/wp.me\/pevKtx-VG","jetpack-related-posts":[{"id":4874,"url":"https:\/\/www.ofkbrdo.com\/Wordpress\/almir-muhic-je-nas-veliki-prijatelj\/","url_meta":{"origin":3576,"position":0},"title":"ALMIR MUHI\u0106 JE NA\u0160 VELIKI PRIJATELJ","author":"admin","date":"22. February 2022","format":false,"excerpt":"Me\u0111u ljudima kod kojih nema kalkulacija kada je rije\u010d o ljubavi prema rodnom kraju je i Almir Muhi\u0107. Raja ga zove \u0106ani. Gdje se \u010dine dobra djela tamo je i ovaj dobri insan. Iako je na na drugoj strani svijeta, daleko od Mataru\u0161kog Brda, \u010dini nam se kao da svakog\u2026","rel":"","context":"In &quot;\u010clanska&quot;","block_context":{"text":"\u010clanska","link":"https:\/\/www.ofkbrdo.com\/Wordpress\/clanska\/"},"img":{"alt_text":"","src":"https:\/\/i0.wp.com\/www.ofkbrdo.com\/Wordpress\/wp-content\/uploads\/2022\/02\/F134D5FB-1E37-4CFC-B177-3F6EF66AE121-scaled.jpeg?fit=1200%2C857&ssl=1&resize=350%2C200","width":350,"height":200,"srcset":"https:\/\/i0.wp.com\/www.ofkbrdo.com\/Wordpress\/wp-content\/uploads\/2022\/02\/F134D5FB-1E37-4CFC-B177-3F6EF66AE121-scaled.jpeg?fit=1200%2C857&ssl=1&resize=350%2C200 1x, https:\/\/i0.wp.com\/www.ofkbrdo.com\/Wordpress\/wp-content\/uploads\/2022\/02\/F134D5FB-1E37-4CFC-B177-3F6EF66AE121-scaled.jpeg?fit=1200%2C857&ssl=1&resize=525%2C300 1.5x, https:\/\/i0.wp.com\/www.ofkbrdo.com\/Wordpress\/wp-content\/uploads\/2022\/02\/F134D5FB-1E37-4CFC-B177-3F6EF66AE121-scaled.jpeg?fit=1200%2C857&ssl=1&resize=700%2C400 2x, https:\/\/i0.wp.com\/www.ofkbrdo.com\/Wordpress\/wp-content\/uploads\/2022\/02\/F134D5FB-1E37-4CFC-B177-3F6EF66AE121-scaled.jpeg?fit=1200%2C857&ssl=1&resize=1050%2C600 3x"},"classes":[]},{"id":8710,"url":"https:\/\/www.ofkbrdo.com\/Wordpress\/almir-muhic-cani-covjek-u-punom-smislu-te-rijeci\/","url_meta":{"origin":3576,"position":1},"title":"ALMIR MUHI\u0106 \u0106ANI, \u010cOVJEK U PUNOM SMISLU TE RIJE\u010cI","author":"admin","date":"6. February 2025","format":false,"excerpt":"U Omladinskom fudbalskom klubu Brdo mo\u017eemo se pohvaliti postignutim rezultatima i u\u010dinjenim na organizacionom planu. Prostora za napredak ima, tako da stremimo novim uspjesima. Hvala Bogu, mo\u017eemo se pohvaliti da u na\u0161im redovima ima ljudi od \u010dije dobrote ztastaje dah. Nisu to ljudi kojima trebaju hvalospjevi jer njihova dobrota nije\u2026","rel":"","context":"In &quot;\u010clanska&quot;","block_context":{"text":"\u010clanska","link":"https:\/\/www.ofkbrdo.com\/Wordpress\/clanska\/"},"img":{"alt_text":"","src":"https:\/\/i0.wp.com\/www.ofkbrdo.com\/Wordpress\/wp-content\/uploads\/2025\/02\/IMG_4962.jpeg?fit=1200%2C900&ssl=1&resize=350%2C200","width":350,"height":200,"srcset":"https:\/\/i0.wp.com\/www.ofkbrdo.com\/Wordpress\/wp-content\/uploads\/2025\/02\/IMG_4962.jpeg?fit=1200%2C900&ssl=1&resize=350%2C200 1x, https:\/\/i0.wp.com\/www.ofkbrdo.com\/Wordpress\/wp-content\/uploads\/2025\/02\/IMG_4962.jpeg?fit=1200%2C900&ssl=1&resize=525%2C300 1.5x, https:\/\/i0.wp.com\/www.ofkbrdo.com\/Wordpress\/wp-content\/uploads\/2025\/02\/IMG_4962.jpeg?fit=1200%2C900&ssl=1&resize=700%2C400 2x, https:\/\/i0.wp.com\/www.ofkbrdo.com\/Wordpress\/wp-content\/uploads\/2025\/02\/IMG_4962.jpeg?fit=1200%2C900&ssl=1&resize=1050%2C600 3x"},"classes":[]},{"id":6319,"url":"https:\/\/www.ofkbrdo.com\/Wordpress\/almir-muhic-cani-svijetla-strana-mataruskog-brda\/","url_meta":{"origin":3576,"position":2},"title":"ALMIR MUHI\u0106 \u0106ANI \u2013 SVIJETLA STRANA MATARU\u0160KOG BRDA","author":"admin","date":"4. February 2023","format":false,"excerpt":"Dani, mjeseci i godine uporno pralaze. Za na\u0161u raju razasutu \u0161irom svijeta svaki dan, daleko od rodnog kraja je kao godina.Savremena tehnolo\u0161ka dostignu\u0107a su nam omogu\u0107ila da se znatno smanji na\u0161a udaljenost od mahala i sokaka kojima smo nekada kora\u010dali. Me\u0111utim, vezu s rodnim krajem itekako \u010duva i plemenitost tako\u2026","rel":"","context":"In &quot;\u010clanska&quot;","block_context":{"text":"\u010clanska","link":"https:\/\/www.ofkbrdo.com\/Wordpress\/clanska\/"},"img":{"alt_text":"","src":"https:\/\/i0.wp.com\/www.ofkbrdo.com\/Wordpress\/wp-content\/uploads\/2023\/02\/AB533A3E-4094-473B-A913-6CCF4B7EA902.jpeg?fit=1200%2C900&ssl=1&resize=350%2C200","width":350,"height":200,"srcset":"https:\/\/i0.wp.com\/www.ofkbrdo.com\/Wordpress\/wp-content\/uploads\/2023\/02\/AB533A3E-4094-473B-A913-6CCF4B7EA902.jpeg?fit=1200%2C900&ssl=1&resize=350%2C200 1x, https:\/\/i0.wp.com\/www.ofkbrdo.com\/Wordpress\/wp-content\/uploads\/2023\/02\/AB533A3E-4094-473B-A913-6CCF4B7EA902.jpeg?fit=1200%2C900&ssl=1&resize=525%2C300 1.5x, https:\/\/i0.wp.com\/www.ofkbrdo.com\/Wordpress\/wp-content\/uploads\/2023\/02\/AB533A3E-4094-473B-A913-6CCF4B7EA902.jpeg?fit=1200%2C900&ssl=1&resize=700%2C400 2x, https:\/\/i0.wp.com\/www.ofkbrdo.com\/Wordpress\/wp-content\/uploads\/2023\/02\/AB533A3E-4094-473B-A913-6CCF4B7EA902.jpeg?fit=1200%2C900&ssl=1&resize=1050%2C600 3x"},"classes":[]},{"id":2944,"url":"https:\/\/www.ofkbrdo.com\/Wordpress\/povecava-se-broj-clanova-omladinskog-fudbalskog-kluba-brdo\/","url_meta":{"origin":3576,"position":3},"title":"POVE\u0106AVA SE BROJ \u010cLANOVA OMLADINSKOG FUDBALSKOG KLUBA BRDO","author":"admin","date":"4. February 2021","format":false,"excerpt":"Blagajnik OFK Brda Benjamin Kadiri\u0107 je ve\u0107 godinama \u010dlan na\u0161e porodice. Tih i nenametljiv, ali izuzetno sretan kada se lopta zakoprca u mre\u017ei ekipe koja igra protiv voljenog kluba. Da, i Benjamin Kadiri\u0107 je \u010dlan Omladinskog fudbalskog kluba Brdo. Izdvojio je 50 KM i tako se pridru\u017eio, iz dana u\u2026","rel":"","context":"In &quot;Pocetna&quot;","block_context":{"text":"Pocetna","link":"https:\/\/www.ofkbrdo.com\/Wordpress\/vijesti\/"},"img":{"alt_text":"","src":"https:\/\/i0.wp.com\/www.ofkbrdo.com\/Wordpress\/wp-content\/uploads\/2021\/02\/BenjoKadiric.jpg?fit=1200%2C900&ssl=1&resize=350%2C200","width":350,"height":200,"srcset":"https:\/\/i0.wp.com\/www.ofkbrdo.com\/Wordpress\/wp-content\/uploads\/2021\/02\/BenjoKadiric.jpg?fit=1200%2C900&ssl=1&resize=350%2C200 1x, https:\/\/i0.wp.com\/www.ofkbrdo.com\/Wordpress\/wp-content\/uploads\/2021\/02\/BenjoKadiric.jpg?fit=1200%2C900&ssl=1&resize=525%2C300 1.5x, https:\/\/i0.wp.com\/www.ofkbrdo.com\/Wordpress\/wp-content\/uploads\/2021\/02\/BenjoKadiric.jpg?fit=1200%2C900&ssl=1&resize=700%2C400 2x, https:\/\/i0.wp.com\/www.ofkbrdo.com\/Wordpress\/wp-content\/uploads\/2021\/02\/BenjoKadiric.jpg?fit=1200%2C900&ssl=1&resize=1050%2C600 3x"},"classes":[]},{"id":6245,"url":"https:\/\/www.ofkbrdo.com\/Wordpress\/nova-godina-stare-navike-clanske-karte-2023\/","url_meta":{"origin":3576,"position":4},"title":"Nova godina, stare navike &#8211; \u010cLANSKE KARTE 2023.","author":"admin","date":"11. January 2023","format":false,"excerpt":"Nova godina, stare navike. U novu godinu ulazimo uz stare navike. Dok mnogi novu godinu koriste da mijenjaju navike, mi je koristimo da obnovimo vjernost \u017euto-plavim bojama. Tako i ove godine obnavljamo na\u0161e \u010dlanks karte i rado otvaramo vrata novim \u010dlanovima i simpatizerima koji, hvala Bogu, ne izostaju ni u\u2026","rel":"","context":"In &quot;Pocetna&quot;","block_context":{"text":"Pocetna","link":"https:\/\/www.ofkbrdo.com\/Wordpress\/vijesti\/"},"img":{"alt_text":"","src":"https:\/\/i0.wp.com\/www.ofkbrdo.com\/Wordpress\/wp-content\/uploads\/2023\/01\/uclanise2023-e1692194448916.jpg?fit=906%2C500&ssl=1&resize=350%2C200","width":350,"height":200,"srcset":"https:\/\/i0.wp.com\/www.ofkbrdo.com\/Wordpress\/wp-content\/uploads\/2023\/01\/uclanise2023-e1692194448916.jpg?fit=906%2C500&ssl=1&resize=350%2C200 1x, https:\/\/i0.wp.com\/www.ofkbrdo.com\/Wordpress\/wp-content\/uploads\/2023\/01\/uclanise2023-e1692194448916.jpg?fit=906%2C500&ssl=1&resize=525%2C300 1.5x, https:\/\/i0.wp.com\/www.ofkbrdo.com\/Wordpress\/wp-content\/uploads\/2023\/01\/uclanise2023-e1692194448916.jpg?fit=906%2C500&ssl=1&resize=700%2C400 2x"},"classes":[]},{"id":1719,"url":"https:\/\/www.ofkbrdo.com\/Wordpress\/vedro-polje-u-novom-ruhu\/","url_meta":{"origin":3576,"position":5},"title":"Vedro Polje u &#8220;novom ruhu&#8221;.","author":"admin","date":"28. July 2020","format":false,"excerpt":"Da Juli mjesec i vrijeme godi\u0161njih, na na\u0161em Brdu, ove godine, izgleda mnogo druga\u010dije nego smo navikli, shvatili smo najkasnije sada, kada se polako pribli\u017eava kraj Jula. Izostala su tradicionalna i uobi\u010dajena obilje\u017eavanja u na\u0161im selima, koja su okupljala veliki broj, doma\u0107ih i \"stranih\" \u017eitelja, koji svoje godi\u0161nje odmore redovno\u2026","rel":"","context":"In &quot;Pocetna&quot;","block_context":{"text":"Pocetna","link":"https:\/\/www.ofkbrdo.com\/Wordpress\/vijesti\/"},"img":{"alt_text":"","src":"https:\/\/i0.wp.com\/www.ofkbrdo.com\/Wordpress\/wp-content\/uploads\/2020\/07\/Tribina25.jpg?fit=1200%2C719&ssl=1&resize=350%2C200","width":350,"height":200,"srcset":"https:\/\/i0.wp.com\/www.ofkbrdo.com\/Wordpress\/wp-content\/uploads\/2020\/07\/Tribina25.jpg?fit=1200%2C719&ssl=1&resize=350%2C200 1x, https:\/\/i0.wp.com\/www.ofkbrdo.com\/Wordpress\/wp-content\/uploads\/2020\/07\/Tribina25.jpg?fit=1200%2C719&ssl=1&resize=525%2C300 1.5x, https:\/\/i0.wp.com\/www.ofkbrdo.com\/Wordpress\/wp-content\/uploads\/2020\/07\/Tribina25.jpg?fit=1200%2C719&ssl=1&resize=700%2C400 2x, https:\/\/i0.wp.com\/www.ofkbrdo.com\/Wordpress\/wp-content\/uploads\/2020\/07\/Tribina25.jpg?fit=1200%2C719&ssl=1&resize=1050%2C600 3x"},"classes":[]}],"_links":{"self":[{"href":"https:\/\/www.ofkbrdo.com\/Wordpress\/wp-json\/wp\/v2\/posts\/3576","targetHints":{"allow":["GET"]}}],"collection":[{"href":"https:\/\/www.ofkbrdo.com\/Wordpress\/wp-json\/wp\/v2\/posts"}],"about":[{"href":"https:\/\/www.ofkbrdo.com\/Wordpress\/wp-json\/wp\/v2\/types\/post"}],"author":[{"embeddable":true,"href":"https:\/\/www.ofkbrdo.com\/Wordpress\/wp-json\/wp\/v2\/users\/1"}],"replies":[{"embeddable":true,"href":"https:\/\/www.ofkbrdo.com\/Wordpress\/wp-json\/wp\/v2\/comments?post=3576"}],"version-history":[{"count":0,"href":"https:\/\/www.ofkbrdo.com\/Wordpress\/wp-json\/wp\/v2\/posts\/3576\/revisions"}],"wp:featuredmedia":[{"embeddable":true,"href":"https:\/\/www.ofkbrdo.com\/Wordpress\/wp-json\/wp\/v2\/media\/3577"}],"wp:attachment":[{"href":"https:\/\/www.ofkbrdo.com\/Wordpress\/wp-json\/wp\/v2\/media?parent=3576"}],"wp:term":[{"taxonomy":"category","embeddable":true,"href":"https:\/\/www.ofkbrdo.com\/Wordpress\/wp-json\/wp\/v2\/categories?post=3576"},{"taxonomy":"post_tag","embeddable":true,"href":"https:\/\/www.ofkbrdo.com\/Wordpress\/wp-json\/wp\/v2\/tags?post=3576"}],"curies":[{"name":"wp","href":"https:\/\/api.w.org\/{rel}","templated":true}]}}