{"id":3944,"date":"2021-09-06T18:01:14","date_gmt":"2021-09-06T16:01:14","guid":{"rendered":"https:\/\/www.ofkbrdo.com\/Wordpress\/?p=3944"},"modified":"2021-09-06T18:01:14","modified_gmt":"2021-09-06T16:01:14","slug":"vrijedna-donacija-elvedina-padjana-za-klub-koji-zivot-znaci","status":"publish","type":"post","link":"https:\/\/www.ofkbrdo.com\/Wordpress\/vrijedna-donacija-elvedina-padjana-za-klub-koji-zivot-znaci\/","title":{"rendered":"VRIJEDNA DONACIJA ELVEDINA PA\u0110ANA ZA KLUB KOJI \u017dIVOT ZNA\u010cI"},"content":{"rendered":"<p>Zahvaljuju\u0107i na\u0161oj dobroj raji razasutoj \u0161irom svijeta Omladinski fudbalski klub Brdo bilje\u017ei napredak kako na organizacionom tako i takmi\u010darskom planu. Infrastrukturni projekti na Vedrom polju i razvoj seniorskog sastava i omladinskih selekcija na\u0161a je svakodnevna obaveza jer samo na taj na\u010din mo\u017eemo biti jo\u0161 bolje organizovani i povezani.<br \/>\n<img data-recalc-dims=\"1\" fetchpriority=\"high\" decoding=\"async\" data-attachment-id=\"3946\" data-permalink=\"https:\/\/www.ofkbrdo.com\/Wordpress\/vrijedna-donacija-elvedina-padjana-za-klub-koji-zivot-znaci\/a5076e43-d9ec-4874-9662-f83880cf5a26\/\" data-orig-file=\"https:\/\/i0.wp.com\/www.ofkbrdo.com\/Wordpress\/wp-content\/uploads\/2021\/09\/A5076E43-D9EC-4874-9662-F83880CF5A26-scaled.jpeg?fit=1920%2C2560&amp;ssl=1\" data-orig-size=\"1920,2560\" data-comments-opened=\"0\" data-image-meta=\"{&quot;aperture&quot;:&quot;0&quot;,&quot;credit&quot;:&quot;&quot;,&quot;camera&quot;:&quot;&quot;,&quot;caption&quot;:&quot;&quot;,&quot;created_timestamp&quot;:&quot;0&quot;,&quot;copyright&quot;:&quot;&quot;,&quot;focal_length&quot;:&quot;0&quot;,&quot;iso&quot;:&quot;0&quot;,&quot;shutter_speed&quot;:&quot;0&quot;,&quot;title&quot;:&quot;&quot;,&quot;orientation&quot;:&quot;1&quot;}\" data-image-title=\"A5076E43-D9EC-4874-9662-F83880CF5A26\" data-image-description=\"\" data-image-caption=\"\" data-large-file=\"https:\/\/i0.wp.com\/www.ofkbrdo.com\/Wordpress\/wp-content\/uploads\/2021\/09\/A5076E43-D9EC-4874-9662-F83880CF5A26-scaled.jpeg?fit=640%2C853&amp;ssl=1\" class=\"aligncenter size-large wp-image-3946\" src=\"https:\/\/i0.wp.com\/www.ofkbrdo.com\/Wordpress\/wp-content\/uploads\/2021\/09\/A5076E43-D9EC-4874-9662-F83880CF5A26.jpeg?resize=640%2C853&#038;ssl=1\" alt=\"\" width=\"640\" height=\"853\" srcset=\"https:\/\/i0.wp.com\/www.ofkbrdo.com\/Wordpress\/wp-content\/uploads\/2021\/09\/A5076E43-D9EC-4874-9662-F83880CF5A26-scaled.jpeg?resize=768%2C1024&amp;ssl=1 768w, https:\/\/i0.wp.com\/www.ofkbrdo.com\/Wordpress\/wp-content\/uploads\/2021\/09\/A5076E43-D9EC-4874-9662-F83880CF5A26-scaled.jpeg?resize=225%2C300&amp;ssl=1 225w, https:\/\/i0.wp.com\/www.ofkbrdo.com\/Wordpress\/wp-content\/uploads\/2021\/09\/A5076E43-D9EC-4874-9662-F83880CF5A26-scaled.jpeg?resize=1152%2C1536&amp;ssl=1 1152w, https:\/\/i0.wp.com\/www.ofkbrdo.com\/Wordpress\/wp-content\/uploads\/2021\/09\/A5076E43-D9EC-4874-9662-F83880CF5A26-scaled.jpeg?resize=1536%2C2048&amp;ssl=1 1536w, https:\/\/i0.wp.com\/www.ofkbrdo.com\/Wordpress\/wp-content\/uploads\/2021\/09\/A5076E43-D9EC-4874-9662-F83880CF5A26-scaled.jpeg?resize=310%2C413&amp;ssl=1 310w, https:\/\/i0.wp.com\/www.ofkbrdo.com\/Wordpress\/wp-content\/uploads\/2021\/09\/A5076E43-D9EC-4874-9662-F83880CF5A26-scaled.jpeg?resize=60%2C80&amp;ssl=1 60w, https:\/\/i0.wp.com\/www.ofkbrdo.com\/Wordpress\/wp-content\/uploads\/2021\/09\/A5076E43-D9EC-4874-9662-F83880CF5A26-scaled.jpeg?w=1920&amp;ssl=1 1920w, https:\/\/i0.wp.com\/www.ofkbrdo.com\/Wordpress\/wp-content\/uploads\/2021\/09\/A5076E43-D9EC-4874-9662-F83880CF5A26-scaled.jpeg?w=1280&amp;ssl=1 1280w\" sizes=\"(max-width: 640px) 100vw, 640px\" \/>Zna\u010dajan doprinos razvoju Omladinskog fudbalskog kluba Brdo pru\u017ea Elvedin Pa\u0111an. \u010clan, donator, brojni projekti na promociji kluba su glavne odlike volontera voljenog kluba. U hladnoj \u0160vedski toplo srce ovog \u010dovjeka kuca za napredak rodnog kraja. Uspjesi rodnih Hambarina, ljudi u naseljima lijeve obale, \u0161irom BiH su i njegovi uspjesi.<br \/>\n<img data-recalc-dims=\"1\" decoding=\"async\" data-attachment-id=\"3947\" data-permalink=\"https:\/\/www.ofkbrdo.com\/Wordpress\/vrijedna-donacija-elvedina-padjana-za-klub-koji-zivot-znaci\/4a3ad753-61a7-47fa-8ef3-8a75a7335341\/\" data-orig-file=\"https:\/\/i0.wp.com\/www.ofkbrdo.com\/Wordpress\/wp-content\/uploads\/2021\/09\/4A3AD753-61A7-47FA-8EF3-8A75A7335341-scaled.jpeg?fit=2560%2C1920&amp;ssl=1\" data-orig-size=\"2560,1920\" data-comments-opened=\"0\" data-image-meta=\"{&quot;aperture&quot;:&quot;0&quot;,&quot;credit&quot;:&quot;&quot;,&quot;camera&quot;:&quot;&quot;,&quot;caption&quot;:&quot;&quot;,&quot;created_timestamp&quot;:&quot;0&quot;,&quot;copyright&quot;:&quot;&quot;,&quot;focal_length&quot;:&quot;0&quot;,&quot;iso&quot;:&quot;0&quot;,&quot;shutter_speed&quot;:&quot;0&quot;,&quot;title&quot;:&quot;&quot;,&quot;orientation&quot;:&quot;1&quot;}\" data-image-title=\"4A3AD753-61A7-47FA-8EF3-8A75A7335341\" data-image-description=\"\" data-image-caption=\"\" data-large-file=\"https:\/\/i0.wp.com\/www.ofkbrdo.com\/Wordpress\/wp-content\/uploads\/2021\/09\/4A3AD753-61A7-47FA-8EF3-8A75A7335341-scaled.jpeg?fit=640%2C480&amp;ssl=1\" class=\"aligncenter size-large wp-image-3947\" src=\"https:\/\/i0.wp.com\/www.ofkbrdo.com\/Wordpress\/wp-content\/uploads\/2021\/09\/4A3AD753-61A7-47FA-8EF3-8A75A7335341.jpeg?resize=640%2C480&#038;ssl=1\" alt=\"\" width=\"640\" height=\"480\" srcset=\"https:\/\/i0.wp.com\/www.ofkbrdo.com\/Wordpress\/wp-content\/uploads\/2021\/09\/4A3AD753-61A7-47FA-8EF3-8A75A7335341-scaled.jpeg?resize=1024%2C768&amp;ssl=1 1024w, https:\/\/i0.wp.com\/www.ofkbrdo.com\/Wordpress\/wp-content\/uploads\/2021\/09\/4A3AD753-61A7-47FA-8EF3-8A75A7335341-scaled.jpeg?resize=300%2C225&amp;ssl=1 300w, https:\/\/i0.wp.com\/www.ofkbrdo.com\/Wordpress\/wp-content\/uploads\/2021\/09\/4A3AD753-61A7-47FA-8EF3-8A75A7335341-scaled.jpeg?resize=768%2C576&amp;ssl=1 768w, https:\/\/i0.wp.com\/www.ofkbrdo.com\/Wordpress\/wp-content\/uploads\/2021\/09\/4A3AD753-61A7-47FA-8EF3-8A75A7335341-scaled.jpeg?resize=1536%2C1152&amp;ssl=1 1536w, https:\/\/i0.wp.com\/www.ofkbrdo.com\/Wordpress\/wp-content\/uploads\/2021\/09\/4A3AD753-61A7-47FA-8EF3-8A75A7335341-scaled.jpeg?resize=2048%2C1536&amp;ssl=1 2048w, https:\/\/i0.wp.com\/www.ofkbrdo.com\/Wordpress\/wp-content\/uploads\/2021\/09\/4A3AD753-61A7-47FA-8EF3-8A75A7335341-scaled.jpeg?resize=310%2C233&amp;ssl=1 310w, https:\/\/i0.wp.com\/www.ofkbrdo.com\/Wordpress\/wp-content\/uploads\/2021\/09\/4A3AD753-61A7-47FA-8EF3-8A75A7335341-scaled.jpeg?resize=60%2C45&amp;ssl=1 60w, https:\/\/i0.wp.com\/www.ofkbrdo.com\/Wordpress\/wp-content\/uploads\/2021\/09\/4A3AD753-61A7-47FA-8EF3-8A75A7335341-scaled.jpeg?resize=640%2C480&amp;ssl=1 640w, https:\/\/i0.wp.com\/www.ofkbrdo.com\/Wordpress\/wp-content\/uploads\/2021\/09\/4A3AD753-61A7-47FA-8EF3-8A75A7335341-scaled.jpeg?w=1280&amp;ssl=1 1280w, https:\/\/i0.wp.com\/www.ofkbrdo.com\/Wordpress\/wp-content\/uploads\/2021\/09\/4A3AD753-61A7-47FA-8EF3-8A75A7335341-scaled.jpeg?w=1920&amp;ssl=1 1920w\" sizes=\"(max-width: 640px) 100vw, 640px\" \/>Jo\u0161 jednom nas je Elvedin Pa\u0111an obradovao vrijednom donacijom, od izuzetnog zna\u010daja za klub koji \u017eivot zna\u010di. Ve\u0161 ma\u0161ina i sportska oprema za Brdo.<br \/>\nNajiskrenije se zahvaljujemo na\u0161em velikom prijatelju koji je posebno sretan kada smo jedinstveni i pru\u017eamo pomo\u0107 rodnom kraju. Bez Vede bi nam bilo veoma te\u0161ko i zbog toga ga jako po\u0161tujemo.<br \/>\n<img data-recalc-dims=\"1\" decoding=\"async\" data-attachment-id=\"3948\" data-permalink=\"https:\/\/www.ofkbrdo.com\/Wordpress\/vrijedna-donacija-elvedina-padjana-za-klub-koji-zivot-znaci\/7c2c8c96-ab54-4ca0-a71a-484867af86be\/\" data-orig-file=\"https:\/\/i0.wp.com\/www.ofkbrdo.com\/Wordpress\/wp-content\/uploads\/2021\/09\/7C2C8C96-AB54-4CA0-A71A-484867AF86BE.jpeg?fit=1280%2C1148&amp;ssl=1\" data-orig-size=\"1280,1148\" data-comments-opened=\"0\" data-image-meta=\"{&quot;aperture&quot;:&quot;0&quot;,&quot;credit&quot;:&quot;&quot;,&quot;camera&quot;:&quot;&quot;,&quot;caption&quot;:&quot;&quot;,&quot;created_timestamp&quot;:&quot;0&quot;,&quot;copyright&quot;:&quot;&quot;,&quot;focal_length&quot;:&quot;0&quot;,&quot;iso&quot;:&quot;0&quot;,&quot;shutter_speed&quot;:&quot;0&quot;,&quot;title&quot;:&quot;&quot;,&quot;orientation&quot;:&quot;1&quot;}\" data-image-title=\"7C2C8C96-AB54-4CA0-A71A-484867AF86BE\" data-image-description=\"\" data-image-caption=\"\" data-large-file=\"https:\/\/i0.wp.com\/www.ofkbrdo.com\/Wordpress\/wp-content\/uploads\/2021\/09\/7C2C8C96-AB54-4CA0-A71A-484867AF86BE.jpeg?fit=640%2C574&amp;ssl=1\" class=\"aligncenter size-large wp-image-3948\" src=\"https:\/\/i0.wp.com\/www.ofkbrdo.com\/Wordpress\/wp-content\/uploads\/2021\/09\/7C2C8C96-AB54-4CA0-A71A-484867AF86BE.jpeg?resize=640%2C574&#038;ssl=1\" alt=\"\" width=\"640\" height=\"574\" srcset=\"https:\/\/i0.wp.com\/www.ofkbrdo.com\/Wordpress\/wp-content\/uploads\/2021\/09\/7C2C8C96-AB54-4CA0-A71A-484867AF86BE.jpeg?resize=1024%2C918&amp;ssl=1 1024w, https:\/\/i0.wp.com\/www.ofkbrdo.com\/Wordpress\/wp-content\/uploads\/2021\/09\/7C2C8C96-AB54-4CA0-A71A-484867AF86BE.jpeg?resize=300%2C269&amp;ssl=1 300w, https:\/\/i0.wp.com\/www.ofkbrdo.com\/Wordpress\/wp-content\/uploads\/2021\/09\/7C2C8C96-AB54-4CA0-A71A-484867AF86BE.jpeg?resize=768%2C689&amp;ssl=1 768w, https:\/\/i0.wp.com\/www.ofkbrdo.com\/Wordpress\/wp-content\/uploads\/2021\/09\/7C2C8C96-AB54-4CA0-A71A-484867AF86BE.jpeg?resize=310%2C278&amp;ssl=1 310w, https:\/\/i0.wp.com\/www.ofkbrdo.com\/Wordpress\/wp-content\/uploads\/2021\/09\/7C2C8C96-AB54-4CA0-A71A-484867AF86BE.jpeg?resize=60%2C54&amp;ssl=1 60w, https:\/\/i0.wp.com\/www.ofkbrdo.com\/Wordpress\/wp-content\/uploads\/2021\/09\/7C2C8C96-AB54-4CA0-A71A-484867AF86BE.jpeg?w=1280&amp;ssl=1 1280w\" sizes=\"(max-width: 640px) 100vw, 640px\" \/>Treba ista\u0107i da je Elvedin Pa\u0111an bio aktivan i kada je rije\u010d o brojnim projektima realizovanim u zavi\u010daju, ali i \u0161irom BiH. Veliko hvala mu \u0161alju i ljudi koji \u017eive na ivici egzistencije do kojih je stigla njegova ruka dobrote.<\/p>\n","protected":false},"excerpt":{"rendered":"<p>Zahvaljuju\u0107i na\u0161oj dobroj raji razasutoj \u0161irom svijeta Omladinski fudbalski klub Brdo bilje\u017ei napredak kako na organizacionom tako i takmi\u010darskom planu. Infrastrukturni projekti na Vedrom polju i razvoj seniorskog sastava i omladinskih selekcija na\u0161a je svakodnevna obaveza jer samo na taj na\u010din mo\u017eemo biti jo\u0161 bolje organizovani i povezani. Zna\u010dajan doprinos razvoju Omladinskog fudbalskog kluba Brdo [&hellip;]<\/p>\n","protected":false},"author":1,"featured_media":3945,"comment_status":"closed","ping_status":"closed","sticky":false,"template":"","format":"standard","meta":{"ngg_post_thumbnail":0,"_jetpack_memberships_contains_paid_content":false,"footnotes":"","jetpack_publicize_message":"","jetpack_publicize_feature_enabled":true,"jetpack_social_post_already_shared":false,"jetpack_social_options":{"image_generator_settings":{"template":"highway","default_image_id":0,"font":"","enabled":false},"version":2}},"categories":[20,184],"tags":[],"class_list":["post-3944","post","type-post","status-publish","format-standard","has-post-thumbnail","hentry","category-sponzori","category-razno"],"jetpack_publicize_connections":[],"jetpack_featured_media_url":"https:\/\/i0.wp.com\/www.ofkbrdo.com\/Wordpress\/wp-content\/uploads\/2021\/09\/B7208DBD-F3C2-43CC-A776-B32A64BAD724.jpeg?fit=1280%2C1280&ssl=1","jetpack_sharing_enabled":true,"jetpack_likes_enabled":true,"jetpack_shortlink":"https:\/\/wp.me\/pevKtx-11C","jetpack-related-posts":[{"id":8488,"url":"https:\/\/www.ofkbrdo.com\/Wordpress\/ofk-brdo-nize-historijske-uspjehe\/","url_meta":{"origin":3944,"position":0},"title":"OFK BRDO NI\u017dE HISTORIJSKE USPJEHE","author":"admin","date":"30. November 2024","format":false,"excerpt":"Protekla polusezona bila je najbolja od osnivanja Omladinskog fudbalskog kluba Brdo. Nikada do sada nismo do\u010dekali nastavak drugoliga\u0161kog takmi\u010denja sa 30 osvojenih bodova, gol-razlikom od +15 i drugom pozicijom na tabeli. Posebno je impresivan podatak da ekipa Brda nije pora\u017eena na gostuju\u0107em terenu. Trener Mirza Alki\u0107 i njegovi izabranici zaslu\u017euju\u2026","rel":"","context":"In &quot;Druga liga RS&quot;","block_context":{"text":"Druga liga RS","link":"https:\/\/www.ofkbrdo.com\/Wordpress\/druga-liga-rs\/"},"img":{"alt_text":"","src":"https:\/\/i0.wp.com\/www.ofkbrdo.com\/Wordpress\/wp-content\/uploads\/2024\/09\/IMG_0566.jpeg?fit=1200%2C699&ssl=1&resize=350%2C200","width":350,"height":200,"srcset":"https:\/\/i0.wp.com\/www.ofkbrdo.com\/Wordpress\/wp-content\/uploads\/2024\/09\/IMG_0566.jpeg?fit=1200%2C699&ssl=1&resize=350%2C200 1x, https:\/\/i0.wp.com\/www.ofkbrdo.com\/Wordpress\/wp-content\/uploads\/2024\/09\/IMG_0566.jpeg?fit=1200%2C699&ssl=1&resize=525%2C300 1.5x, https:\/\/i0.wp.com\/www.ofkbrdo.com\/Wordpress\/wp-content\/uploads\/2024\/09\/IMG_0566.jpeg?fit=1200%2C699&ssl=1&resize=700%2C400 2x, https:\/\/i0.wp.com\/www.ofkbrdo.com\/Wordpress\/wp-content\/uploads\/2024\/09\/IMG_0566.jpeg?fit=1200%2C699&ssl=1&resize=1050%2C600 3x"},"classes":[]},{"id":6000,"url":"https:\/\/www.ofkbrdo.com\/Wordpress\/lopte-za-brdo\/","url_meta":{"origin":3944,"position":1},"title":"LOPTE ZA BRDO","author":"admin","date":"4. October 2022","format":false,"excerpt":"Svaka podr\u0161ka nam je dobro do\u0161la. Zato je jako bitno da ostanemo u dobroj konekciji s na\u0161om rajom koja se nalazi \u0161irom svijeta. Na\u0161 veliki prijatelj Omladinskog fudbalskog kluba Brdo, Elvedin Pa\u0111an, pored brojnih zadataka koje realizuje na dobrobit voljenog kluba, poklonio nam je 13 lopti. Ovog puta se \u017eelimo\u2026","rel":"","context":"In &quot;Sponzori&quot;","block_context":{"text":"Sponzori","link":"https:\/\/www.ofkbrdo.com\/Wordpress\/sponzori\/"},"img":{"alt_text":"","src":"https:\/\/i0.wp.com\/www.ofkbrdo.com\/Wordpress\/wp-content\/uploads\/2022\/08\/3CECAC8A-28CD-41F9-8417-24B7741DFEF0.jpeg?fit=1200%2C801&ssl=1&resize=350%2C200","width":350,"height":200,"srcset":"https:\/\/i0.wp.com\/www.ofkbrdo.com\/Wordpress\/wp-content\/uploads\/2022\/08\/3CECAC8A-28CD-41F9-8417-24B7741DFEF0.jpeg?fit=1200%2C801&ssl=1&resize=350%2C200 1x, https:\/\/i0.wp.com\/www.ofkbrdo.com\/Wordpress\/wp-content\/uploads\/2022\/08\/3CECAC8A-28CD-41F9-8417-24B7741DFEF0.jpeg?fit=1200%2C801&ssl=1&resize=525%2C300 1.5x, https:\/\/i0.wp.com\/www.ofkbrdo.com\/Wordpress\/wp-content\/uploads\/2022\/08\/3CECAC8A-28CD-41F9-8417-24B7741DFEF0.jpeg?fit=1200%2C801&ssl=1&resize=700%2C400 2x, https:\/\/i0.wp.com\/www.ofkbrdo.com\/Wordpress\/wp-content\/uploads\/2022\/08\/3CECAC8A-28CD-41F9-8417-24B7741DFEF0.jpeg?fit=1200%2C801&ssl=1&resize=1050%2C600 3x"},"classes":[]},{"id":4509,"url":"https:\/\/www.ofkbrdo.com\/Wordpress\/nepobjedivi-kadeti-brda\/","url_meta":{"origin":3944,"position":2},"title":"NEPOBJEDIVI KADETI BRDA","author":"admin","date":"25. October 2021","format":false,"excerpt":"\u010cestitamo kadetima Omladinskog fudbalskog kluba Brdo na tituli jesenjeg prvaka. Posljednji me\u010d jeseni odigran je u Kozaru\u0161i sa kadetima Bratstva \u00a0iz Kozarcu. U utakmici bez pobjednika golove za Brdo postigli su Karupovi\u0107, Miljatovi\u0107, a jedan \u00a0gol u svoju mre\u017eu postigli su doma\u0107i fudbaleri. Dakle, u Podru\u010dnom fudbalskom savezu Prijedor nema\u2026","rel":"","context":"In &quot;Kadeti U16&quot;","block_context":{"text":"Kadeti U16","link":"https:\/\/www.ofkbrdo.com\/Wordpress\/kadeti-u16\/"},"img":{"alt_text":"","src":"https:\/\/i0.wp.com\/www.ofkbrdo.com\/Wordpress\/wp-content\/uploads\/2021\/10\/E0CD2EFD-6A59-47B3-AFDD-BE5CD80A7FB1.jpeg?fit=723%2C542&ssl=1&resize=350%2C200","width":350,"height":200,"srcset":"https:\/\/i0.wp.com\/www.ofkbrdo.com\/Wordpress\/wp-content\/uploads\/2021\/10\/E0CD2EFD-6A59-47B3-AFDD-BE5CD80A7FB1.jpeg?fit=723%2C542&ssl=1&resize=350%2C200 1x, https:\/\/i0.wp.com\/www.ofkbrdo.com\/Wordpress\/wp-content\/uploads\/2021\/10\/E0CD2EFD-6A59-47B3-AFDD-BE5CD80A7FB1.jpeg?fit=723%2C542&ssl=1&resize=525%2C300 1.5x, https:\/\/i0.wp.com\/www.ofkbrdo.com\/Wordpress\/wp-content\/uploads\/2021\/10\/E0CD2EFD-6A59-47B3-AFDD-BE5CD80A7FB1.jpeg?fit=723%2C542&ssl=1&resize=700%2C400 2x"},"classes":[]},{"id":6787,"url":"https:\/\/www.ofkbrdo.com\/Wordpress\/edni-pripadaju-zasluge-za-uspjeh-brda\/","url_meta":{"origin":3944,"position":3},"title":"\u201eEDNI\u201c PRIPADAJU ZASLUGE ZA USPJEH BRDA","author":"admin","date":"10. June 2023","format":false,"excerpt":"Fudbaleri, stru\u010dni \u0161tab, medijski tim, navija\u010di,... su \u017eila kucavica Omladinskog fudbalskog kluba Brdo. Kvalitetna selekcija igra\u010da uz medijsku promociju koju na ovom nivou nemaju ni mnogo ve\u0107e ekipe, napravili su respektabilan kolektiv koji ima svoje simpatizere \u0161irom svijeta. Ali, bez ljudi koji su spremni pru\u017eiti veliku pomo\u0107 klubu koji \u017eivot\u2026","rel":"","context":"In &quot;Sponzori&quot;","block_context":{"text":"Sponzori","link":"https:\/\/www.ofkbrdo.com\/Wordpress\/sponzori\/"},"img":{"alt_text":"","src":"https:\/\/i0.wp.com\/www.ofkbrdo.com\/Wordpress\/wp-content\/uploads\/2023\/06\/IMG_8817.jpeg?fit=880%2C485&ssl=1&resize=350%2C200","width":350,"height":200,"srcset":"https:\/\/i0.wp.com\/www.ofkbrdo.com\/Wordpress\/wp-content\/uploads\/2023\/06\/IMG_8817.jpeg?fit=880%2C485&ssl=1&resize=350%2C200 1x, https:\/\/i0.wp.com\/www.ofkbrdo.com\/Wordpress\/wp-content\/uploads\/2023\/06\/IMG_8817.jpeg?fit=880%2C485&ssl=1&resize=525%2C300 1.5x, https:\/\/i0.wp.com\/www.ofkbrdo.com\/Wordpress\/wp-content\/uploads\/2023\/06\/IMG_8817.jpeg?fit=880%2C485&ssl=1&resize=700%2C400 2x"},"classes":[]},{"id":5587,"url":"https:\/\/www.ofkbrdo.com\/Wordpress\/transparentan-rad-omladinskog-fudbalskog-kluba-brdo\/","url_meta":{"origin":3944,"position":4},"title":"TRANSPARENTAN RAD OMLADINSKOG FUDBALSKOG KLUBA BRDO","author":"admin","date":"3. August 2022","format":false,"excerpt":"Delegati Skup\u0161tine Omladinskog fudbalskog kluba Brdo jednoglasno su konstovali da je u proteklom periodu ostvaren zna\u010dajan napredak na rezultatskom i organizacionom planu. Jednoglasno je nakon razmatranja usvojen finansijski izvje\u0161taj \u0161to potvr\u0111uje da je se u izvje\u0161tajnom periodu doma\u0107inski odnosilo prema raspolo\u017eivim finansijskim sredstvima. U tom pogledu treba pohvaliti rad klupskih\u2026","rel":"","context":"In &quot;Razno&quot;","block_context":{"text":"Razno","link":"https:\/\/www.ofkbrdo.com\/Wordpress\/razno\/"},"img":{"alt_text":"","src":"https:\/\/i0.wp.com\/www.ofkbrdo.com\/Wordpress\/wp-content\/uploads\/2022\/08\/4F700E37-E46F-411A-BAB7-551971DE2A7C-scaled.jpeg?fit=1200%2C854&ssl=1&resize=350%2C200","width":350,"height":200,"srcset":"https:\/\/i0.wp.com\/www.ofkbrdo.com\/Wordpress\/wp-content\/uploads\/2022\/08\/4F700E37-E46F-411A-BAB7-551971DE2A7C-scaled.jpeg?fit=1200%2C854&ssl=1&resize=350%2C200 1x, https:\/\/i0.wp.com\/www.ofkbrdo.com\/Wordpress\/wp-content\/uploads\/2022\/08\/4F700E37-E46F-411A-BAB7-551971DE2A7C-scaled.jpeg?fit=1200%2C854&ssl=1&resize=525%2C300 1.5x, https:\/\/i0.wp.com\/www.ofkbrdo.com\/Wordpress\/wp-content\/uploads\/2022\/08\/4F700E37-E46F-411A-BAB7-551971DE2A7C-scaled.jpeg?fit=1200%2C854&ssl=1&resize=700%2C400 2x, https:\/\/i0.wp.com\/www.ofkbrdo.com\/Wordpress\/wp-content\/uploads\/2022\/08\/4F700E37-E46F-411A-BAB7-551971DE2A7C-scaled.jpeg?fit=1200%2C854&ssl=1&resize=1050%2C600 3x"},"classes":[]},{"id":5539,"url":"https:\/\/www.ofkbrdo.com\/Wordpress\/neka-se-dres-brda-nosi-sirom-svijeta\/","url_meta":{"origin":3944,"position":5},"title":"NEKA SE DRES BRDA NOSI \u0160IROM SVIJETA","author":"admin","date":"25. July 2022","format":false,"excerpt":"\u010cesto smo bili u prilici da na\u0161im navija\u010dima i simpatizerima obja\u0161njavamo kako klub nema fan shop. Naravno, bilo nam je i neprijatno jer znamo koliko je va\u017eno za promociju kluba koji \u017eivot zna\u010di i klupsku kasu da imamo svoje dresove, dukserice, majice,\u0161alove, ka\u010dkete,\u2026 Zato koristimo priliku da vas obradujemo i\u2026","rel":"","context":"In &quot;BRDO FAN SHOP&quot;","block_context":{"text":"BRDO FAN SHOP","link":"https:\/\/www.ofkbrdo.com\/Wordpress\/brdo-fan-shop\/"},"img":{"alt_text":"","src":"https:\/\/i0.wp.com\/www.ofkbrdo.com\/Wordpress\/wp-content\/uploads\/2022\/07\/8F9B6A6A-342C-4DE7-817B-102573E9CBA0.jpeg?fit=1200%2C819&ssl=1&resize=350%2C200","width":350,"height":200,"srcset":"https:\/\/i0.wp.com\/www.ofkbrdo.com\/Wordpress\/wp-content\/uploads\/2022\/07\/8F9B6A6A-342C-4DE7-817B-102573E9CBA0.jpeg?fit=1200%2C819&ssl=1&resize=350%2C200 1x, https:\/\/i0.wp.com\/www.ofkbrdo.com\/Wordpress\/wp-content\/uploads\/2022\/07\/8F9B6A6A-342C-4DE7-817B-102573E9CBA0.jpeg?fit=1200%2C819&ssl=1&resize=525%2C300 1.5x, https:\/\/i0.wp.com\/www.ofkbrdo.com\/Wordpress\/wp-content\/uploads\/2022\/07\/8F9B6A6A-342C-4DE7-817B-102573E9CBA0.jpeg?fit=1200%2C819&ssl=1&resize=700%2C400 2x, https:\/\/i0.wp.com\/www.ofkbrdo.com\/Wordpress\/wp-content\/uploads\/2022\/07\/8F9B6A6A-342C-4DE7-817B-102573E9CBA0.jpeg?fit=1200%2C819&ssl=1&resize=1050%2C600 3x"},"classes":[]}],"_links":{"self":[{"href":"https:\/\/www.ofkbrdo.com\/Wordpress\/wp-json\/wp\/v2\/posts\/3944","targetHints":{"allow":["GET"]}}],"collection":[{"href":"https:\/\/www.ofkbrdo.com\/Wordpress\/wp-json\/wp\/v2\/posts"}],"about":[{"href":"https:\/\/www.ofkbrdo.com\/Wordpress\/wp-json\/wp\/v2\/types\/post"}],"author":[{"embeddable":true,"href":"https:\/\/www.ofkbrdo.com\/Wordpress\/wp-json\/wp\/v2\/users\/1"}],"replies":[{"embeddable":true,"href":"https:\/\/www.ofkbrdo.com\/Wordpress\/wp-json\/wp\/v2\/comments?post=3944"}],"version-history":[{"count":0,"href":"https:\/\/www.ofkbrdo.com\/Wordpress\/wp-json\/wp\/v2\/posts\/3944\/revisions"}],"wp:featuredmedia":[{"embeddable":true,"href":"https:\/\/www.ofkbrdo.com\/Wordpress\/wp-json\/wp\/v2\/media\/3945"}],"wp:attachment":[{"href":"https:\/\/www.ofkbrdo.com\/Wordpress\/wp-json\/wp\/v2\/media?parent=3944"}],"wp:term":[{"taxonomy":"category","embeddable":true,"href":"https:\/\/www.ofkbrdo.com\/Wordpress\/wp-json\/wp\/v2\/categories?post=3944"},{"taxonomy":"post_tag","embeddable":true,"href":"https:\/\/www.ofkbrdo.com\/Wordpress\/wp-json\/wp\/v2\/tags?post=3944"}],"curies":[{"name":"wp","href":"https:\/\/api.w.org\/{rel}","templated":true}]}}