{"id":4779,"date":"2022-01-23T13:13:10","date_gmt":"2022-01-23T12:13:10","guid":{"rendered":"https:\/\/www.ofkbrdo.com\/Wordpress\/?p=4779"},"modified":"2022-01-23T13:13:10","modified_gmt":"2022-01-23T12:13:10","slug":"pocetak-priprema","status":"publish","type":"post","link":"https:\/\/www.ofkbrdo.com\/Wordpress\/pocetak-priprema\/","title":{"rendered":"PO\u010cETAK PRIPREMA"},"content":{"rendered":"<p>Prema informacijama koje nam je potvrdio \u0160ef stru\u010dnog \u0161taba Omladinskog fudbalskog kluba Brdo, Mirza Alki\u0107, naredne subote po\u010dinju pripreme drugoliga\u0161a s Vedrog polja.<br \/>\n<img data-recalc-dims=\"1\" fetchpriority=\"high\" decoding=\"async\" data-attachment-id=\"4495\" data-permalink=\"https:\/\/www.ofkbrdo.com\/Wordpress\/ofk-brdo-fk-laktasi-0-1\/983e35a1-5f86-476f-94af-f4c39a4f613d\/\" data-orig-file=\"https:\/\/i0.wp.com\/www.ofkbrdo.com\/Wordpress\/wp-content\/uploads\/2021\/10\/983E35A1-5F86-476F-94AF-F4C39A4F613D.jpeg?fit=959%2C610&amp;ssl=1\" data-orig-size=\"959,610\" data-comments-opened=\"0\" data-image-meta=\"{&quot;aperture&quot;:&quot;0&quot;,&quot;credit&quot;:&quot;&quot;,&quot;camera&quot;:&quot;&quot;,&quot;caption&quot;:&quot;&quot;,&quot;created_timestamp&quot;:&quot;0&quot;,&quot;copyright&quot;:&quot;&quot;,&quot;focal_length&quot;:&quot;0&quot;,&quot;iso&quot;:&quot;0&quot;,&quot;shutter_speed&quot;:&quot;0&quot;,&quot;title&quot;:&quot;&quot;,&quot;orientation&quot;:&quot;1&quot;}\" data-image-title=\"983E35A1-5F86-476F-94AF-F4C39A4F613D\" data-image-description=\"\" data-image-caption=\"\" data-large-file=\"https:\/\/i0.wp.com\/www.ofkbrdo.com\/Wordpress\/wp-content\/uploads\/2021\/10\/983E35A1-5F86-476F-94AF-F4C39A4F613D.jpeg?fit=640%2C407&amp;ssl=1\" class=\"aligncenter size-full wp-image-4495\" src=\"https:\/\/i0.wp.com\/www.ofkbrdo.com\/Wordpress\/wp-content\/uploads\/2021\/10\/983E35A1-5F86-476F-94AF-F4C39A4F613D.jpeg?resize=640%2C407&#038;ssl=1\" alt=\"\" width=\"640\" height=\"407\" srcset=\"https:\/\/i0.wp.com\/www.ofkbrdo.com\/Wordpress\/wp-content\/uploads\/2021\/10\/983E35A1-5F86-476F-94AF-F4C39A4F613D.jpeg?w=959&amp;ssl=1 959w, https:\/\/i0.wp.com\/www.ofkbrdo.com\/Wordpress\/wp-content\/uploads\/2021\/10\/983E35A1-5F86-476F-94AF-F4C39A4F613D.jpeg?resize=300%2C191&amp;ssl=1 300w, https:\/\/i0.wp.com\/www.ofkbrdo.com\/Wordpress\/wp-content\/uploads\/2021\/10\/983E35A1-5F86-476F-94AF-F4C39A4F613D.jpeg?resize=768%2C489&amp;ssl=1 768w, https:\/\/i0.wp.com\/www.ofkbrdo.com\/Wordpress\/wp-content\/uploads\/2021\/10\/983E35A1-5F86-476F-94AF-F4C39A4F613D.jpeg?resize=128%2C81&amp;ssl=1 128w, https:\/\/i0.wp.com\/www.ofkbrdo.com\/Wordpress\/wp-content\/uploads\/2021\/10\/983E35A1-5F86-476F-94AF-F4C39A4F613D.jpeg?resize=32%2C20&amp;ssl=1 32w\" sizes=\"(max-width: 640px) 100vw, 640px\" \/><\/p>\n<p>Alki\u0107 nagla\u0161ava da \u0107emo u subotu imati i vi\u0161e informacija oko eventualnih poja\u010danja, te da \u0107e klub nastaviti s praksom pru\u017eanja zna\u010dajnije minuta\u017ee mladim fudbalerima.<\/p>\n<p>Iza Brda je dobra polusezona tako da ekipa nema veliki pritisak pred nastavak sezone. Kada je rije\u010d o pripremama, vrijeme \u0107e diktirati situaciju i realizaciju plana. Iskreno se nadamo da ve\u0107e probleme ne\u0107e predstavljati ni pandemija.<br \/>\n<img data-recalc-dims=\"1\" decoding=\"async\" data-attachment-id=\"4536\" data-permalink=\"https:\/\/www.ofkbrdo.com\/Wordpress\/cestitam-ovim-ljudima-i-puno-uspjeha\/b9b3d76c-b9b0-451b-b360-abe039669d68\/\" data-orig-file=\"https:\/\/i0.wp.com\/www.ofkbrdo.com\/Wordpress\/wp-content\/uploads\/2021\/10\/B9B3D76C-B9B0-451B-B360-ABE039669D68.jpeg?fit=1170%2C554&amp;ssl=1\" data-orig-size=\"1170,554\" data-comments-opened=\"0\" data-image-meta=\"{&quot;aperture&quot;:&quot;0&quot;,&quot;credit&quot;:&quot;&quot;,&quot;camera&quot;:&quot;&quot;,&quot;caption&quot;:&quot;&quot;,&quot;created_timestamp&quot;:&quot;0&quot;,&quot;copyright&quot;:&quot;&quot;,&quot;focal_length&quot;:&quot;0&quot;,&quot;iso&quot;:&quot;0&quot;,&quot;shutter_speed&quot;:&quot;0&quot;,&quot;title&quot;:&quot;&quot;,&quot;orientation&quot;:&quot;1&quot;}\" data-image-title=\"B9B3D76C-B9B0-451B-B360-ABE039669D68\" data-image-description=\"\" data-image-caption=\"\" data-large-file=\"https:\/\/i0.wp.com\/www.ofkbrdo.com\/Wordpress\/wp-content\/uploads\/2021\/10\/B9B3D76C-B9B0-451B-B360-ABE039669D68.jpeg?fit=640%2C303&amp;ssl=1\" class=\"aligncenter size-large wp-image-4536\" src=\"https:\/\/i0.wp.com\/www.ofkbrdo.com\/Wordpress\/wp-content\/uploads\/2021\/10\/B9B3D76C-B9B0-451B-B360-ABE039669D68.jpeg?resize=640%2C303&#038;ssl=1\" alt=\"\" width=\"640\" height=\"303\" srcset=\"https:\/\/i0.wp.com\/www.ofkbrdo.com\/Wordpress\/wp-content\/uploads\/2021\/10\/B9B3D76C-B9B0-451B-B360-ABE039669D68.jpeg?resize=1024%2C485&amp;ssl=1 1024w, https:\/\/i0.wp.com\/www.ofkbrdo.com\/Wordpress\/wp-content\/uploads\/2021\/10\/B9B3D76C-B9B0-451B-B360-ABE039669D68.jpeg?resize=300%2C142&amp;ssl=1 300w, https:\/\/i0.wp.com\/www.ofkbrdo.com\/Wordpress\/wp-content\/uploads\/2021\/10\/B9B3D76C-B9B0-451B-B360-ABE039669D68.jpeg?resize=768%2C364&amp;ssl=1 768w, https:\/\/i0.wp.com\/www.ofkbrdo.com\/Wordpress\/wp-content\/uploads\/2021\/10\/B9B3D76C-B9B0-451B-B360-ABE039669D68.jpeg?resize=128%2C61&amp;ssl=1 128w, https:\/\/i0.wp.com\/www.ofkbrdo.com\/Wordpress\/wp-content\/uploads\/2021\/10\/B9B3D76C-B9B0-451B-B360-ABE039669D68.jpeg?resize=32%2C15&amp;ssl=1 32w, https:\/\/i0.wp.com\/www.ofkbrdo.com\/Wordpress\/wp-content\/uploads\/2021\/10\/B9B3D76C-B9B0-451B-B360-ABE039669D68.jpeg?w=1170&amp;ssl=1 1170w\" sizes=\"(max-width: 640px) 100vw, 640px\" \/><\/p>\n<p>Predvi\u0111eno je odigravanje nekoliko prijateljskih susreti. Ukoliko sve bude kako je planirano proljetni dio prvenstva druge fudbalske lige bi trebao uslijediti drugog martovskog vikenda. Dakle, dovoljno vremena za kvalitetne pripreme ali i sponzore, donatore i \u010dlanove da pru\u017ee podr\u0161ku klubu koji \u017eivot zna\u010di.<\/p>\n","protected":false},"excerpt":{"rendered":"<p>Prema informacijama koje nam je potvrdio \u0160ef stru\u010dnog \u0161taba Omladinskog fudbalskog kluba Brdo, Mirza Alki\u0107, naredne subote po\u010dinju pripreme drugoliga\u0161a s Vedrog polja. Alki\u0107 nagla\u0161ava da \u0107emo u subotu imati i vi\u0161e informacija oko eventualnih poja\u010danja, te da \u0107e klub nastaviti s praksom pru\u017eanja zna\u010dajnije minuta\u017ee mladim fudbalerima. Iza Brda je dobra polusezona tako da [&hellip;]<\/p>\n","protected":false},"author":1,"featured_media":3018,"comment_status":"closed","ping_status":"closed","sticky":false,"template":"","format":"standard","meta":{"ngg_post_thumbnail":0,"_jetpack_memberships_contains_paid_content":false,"footnotes":"","jetpack_publicize_message":"","jetpack_publicize_feature_enabled":true,"jetpack_social_post_already_shared":false,"jetpack_social_options":{"image_generator_settings":{"template":"highway","default_image_id":0,"font":"","enabled":false},"version":2}},"categories":[210],"tags":[],"class_list":["post-4779","post","type-post","status-publish","format-standard","has-post-thumbnail","hentry","category-druga-liga-rs"],"jetpack_publicize_connections":[],"jetpack_featured_media_url":"https:\/\/i0.wp.com\/www.ofkbrdo.com\/Wordpress\/wp-content\/uploads\/2021\/02\/k16-2.jpg?fit=1864%2C2376&ssl=1","jetpack_sharing_enabled":true,"jetpack_likes_enabled":true,"jetpack_shortlink":"https:\/\/wp.me\/pevKtx-1f5","jetpack-related-posts":[{"id":2891,"url":"https:\/\/www.ofkbrdo.com\/Wordpress\/pocele-pripreme-fudbalera-ofk-brda\/","url_meta":{"origin":4779,"position":0},"title":"PO\u010cELE PRIPREME FUDBALERA OFK BRDA","author":"admin","date":"1. February 2021","format":false,"excerpt":"Trener Omladinskog fudbalskog kluba Brdo, Mirza Alki\u0107 \"prozvao\" je 18 fudbalera, ali jo\u0161 uvijek se ne zna da li \u0107e mo\u0107i na njih i ra\u010dunati. Pojedini igra\u010di \u017eele u novu sredinu tako da ostaje pitanje njihovog nastupa u proljetnom dijelu sezone. Sada je sigurno da za Brdo ne\u0107e nastupati \u0160aki\u0107,\u2026","rel":"","context":"In &quot;Pocetna&quot;","block_context":{"text":"Pocetna","link":"https:\/\/www.ofkbrdo.com\/Wordpress\/vijesti\/"},"img":{"alt_text":"","src":"https:\/\/i0.wp.com\/www.ofkbrdo.com\/Wordpress\/wp-content\/uploads\/2021\/02\/OFKBrdo20210131.png?fit=1080%2C600&ssl=1&resize=350%2C200","width":350,"height":200,"srcset":"https:\/\/i0.wp.com\/www.ofkbrdo.com\/Wordpress\/wp-content\/uploads\/2021\/02\/OFKBrdo20210131.png?fit=1080%2C600&ssl=1&resize=350%2C200 1x, https:\/\/i0.wp.com\/www.ofkbrdo.com\/Wordpress\/wp-content\/uploads\/2021\/02\/OFKBrdo20210131.png?fit=1080%2C600&ssl=1&resize=525%2C300 1.5x, https:\/\/i0.wp.com\/www.ofkbrdo.com\/Wordpress\/wp-content\/uploads\/2021\/02\/OFKBrdo20210131.png?fit=1080%2C600&ssl=1&resize=700%2C400 2x, https:\/\/i0.wp.com\/www.ofkbrdo.com\/Wordpress\/wp-content\/uploads\/2021\/02\/OFKBrdo20210131.png?fit=1080%2C600&ssl=1&resize=1050%2C600 3x"},"classes":[]},{"id":6302,"url":"https:\/\/www.ofkbrdo.com\/Wordpress\/pocele-pripreme-fudbalera-ofk-brda-2\/","url_meta":{"origin":4779,"position":1},"title":"PO\u010cELE PRIPREME FUDBALERA OFK BRDA","author":"admin","date":"29. January 2023","format":false,"excerpt":"Treneri Mirza Alki\u0107, Goran Kecman i Nezir Avdi\u0107 obavili su danas \u201eprozivku\u201c na Vedrom polju. Laganim treningom po\u010dele su pripreme za nastavak prvenstva na drugoliga\u0161kom zapadu. Klub koji \u017eivot zna\u010di ima prili\u010dno lagodnu situaciju jer se nalazi na sredini tabele uz mogu\u0107nost da se ide prema gornjem dijelu tabele. Obra\u0107aju\u0107i\u2026","rel":"","context":"In &quot;Druga liga RS&quot;","block_context":{"text":"Druga liga RS","link":"https:\/\/www.ofkbrdo.com\/Wordpress\/druga-liga-rs\/"},"img":{"alt_text":"","src":"https:\/\/i0.wp.com\/www.ofkbrdo.com\/Wordpress\/wp-content\/uploads\/2023\/01\/B50DC573-4645-46C4-8B97-8B245617B6FD.jpeg?fit=1025%2C566&ssl=1&resize=350%2C200","width":350,"height":200,"srcset":"https:\/\/i0.wp.com\/www.ofkbrdo.com\/Wordpress\/wp-content\/uploads\/2023\/01\/B50DC573-4645-46C4-8B97-8B245617B6FD.jpeg?fit=1025%2C566&ssl=1&resize=350%2C200 1x, https:\/\/i0.wp.com\/www.ofkbrdo.com\/Wordpress\/wp-content\/uploads\/2023\/01\/B50DC573-4645-46C4-8B97-8B245617B6FD.jpeg?fit=1025%2C566&ssl=1&resize=525%2C300 1.5x, https:\/\/i0.wp.com\/www.ofkbrdo.com\/Wordpress\/wp-content\/uploads\/2023\/01\/B50DC573-4645-46C4-8B97-8B245617B6FD.jpeg?fit=1025%2C566&ssl=1&resize=700%2C400 2x"},"classes":[]},{"id":6898,"url":"https:\/\/www.ofkbrdo.com\/Wordpress\/mirza-alkic-ostaje-na-celu-strucnog-staba\/","url_meta":{"origin":4779,"position":2},"title":"MIRZA ALKI\u0106 OSTAJE NA \u010cELU STRU\u010cNOG \u0160TABA","author":"admin","date":"11. August 2023","format":false,"excerpt":"Od zavr\u0161etka sezone u Omladinskom fudbalskom klubu Brdo se radilo na nekoliko frontova. Igra\u010dki kadar, sanacija stadiona, organizacija doga\u0111aja koji bi mogli popraviti bud\u017eet kluba,... https:\/\/youtu.be\/pVttQGe0WJg Me\u0111utim, jedan zadatak je bio od krucijalnog zna\u010daja, ostanak \u0161efa stru\u010dnog \u0161taba Omladinskog fudbalskog kluba Brdo, Mirze Alki\u0107a. Trud se isplatio, tako da \u0107e\u2026","rel":"","context":"In &quot;Druga liga RS&quot;","block_context":{"text":"Druga liga RS","link":"https:\/\/www.ofkbrdo.com\/Wordpress\/druga-liga-rs\/"},"img":{"alt_text":"","src":"https:\/\/i0.wp.com\/www.ofkbrdo.com\/Wordpress\/wp-content\/uploads\/2021\/09\/2023-03-31_22-17-51_741.jpeg?fit=1200%2C950&ssl=1&resize=350%2C200","width":350,"height":200,"srcset":"https:\/\/i0.wp.com\/www.ofkbrdo.com\/Wordpress\/wp-content\/uploads\/2021\/09\/2023-03-31_22-17-51_741.jpeg?fit=1200%2C950&ssl=1&resize=350%2C200 1x, https:\/\/i0.wp.com\/www.ofkbrdo.com\/Wordpress\/wp-content\/uploads\/2021\/09\/2023-03-31_22-17-51_741.jpeg?fit=1200%2C950&ssl=1&resize=525%2C300 1.5x, https:\/\/i0.wp.com\/www.ofkbrdo.com\/Wordpress\/wp-content\/uploads\/2021\/09\/2023-03-31_22-17-51_741.jpeg?fit=1200%2C950&ssl=1&resize=700%2C400 2x, https:\/\/i0.wp.com\/www.ofkbrdo.com\/Wordpress\/wp-content\/uploads\/2021\/09\/2023-03-31_22-17-51_741.jpeg?fit=1200%2C950&ssl=1&resize=1050%2C600 3x"},"classes":[]},{"id":4480,"url":"https:\/\/www.ofkbrdo.com\/Wordpress\/dzeko-sa-vedrog-polja\/","url_meta":{"origin":4779,"position":3},"title":"D\u017dEKO SA VEDROG POLJA","author":"admin","date":"23. October 2021","format":false,"excerpt":"Po\u010deo je fudbalsku karijeru 2012. godine u FK Brastvo Kozarcu. U gradi\u0107u podno Kozara\u010dkog kamena je do septembra 2020. kada dolazi u Omladinski fudbalski klub Brdo. Kroz nastupe u juniorskom timu D\u017eeko, kako ga raja zove, dokazuje da je fudbaler na kojeg se mo\u017ee ozbiljno ra\u010dunati te da ima prostora\u2026","rel":"","context":"In &quot;Prva ekipa&quot;","block_context":{"text":"Prva ekipa","link":"https:\/\/www.ofkbrdo.com\/Wordpress\/prva-ekipa\/"},"img":{"alt_text":"","src":"https:\/\/i0.wp.com\/www.ofkbrdo.com\/Wordpress\/wp-content\/uploads\/2021\/10\/B7A7A728-2187-4A8B-8C47-6C68CAD2186F.jpeg?fit=628%2C888&ssl=1&resize=350%2C200","width":350,"height":200,"srcset":"https:\/\/i0.wp.com\/www.ofkbrdo.com\/Wordpress\/wp-content\/uploads\/2021\/10\/B7A7A728-2187-4A8B-8C47-6C68CAD2186F.jpeg?fit=628%2C888&ssl=1&resize=350%2C200 1x, https:\/\/i0.wp.com\/www.ofkbrdo.com\/Wordpress\/wp-content\/uploads\/2021\/10\/B7A7A728-2187-4A8B-8C47-6C68CAD2186F.jpeg?fit=628%2C888&ssl=1&resize=525%2C300 1.5x"},"classes":[]},{"id":3599,"url":"https:\/\/www.ofkbrdo.com\/Wordpress\/prije-jedanaest-godina-potpisao-sam-dozivotni-ugovor-s-brdom\/","url_meta":{"origin":4779,"position":4},"title":"PRIJE JEDANAEST GODINA POTPISAO SAM DOZ\u030cIVOTNI UGOVOR S BRDOM","author":"admin","date":"24. June 2021","format":false,"excerpt":"Mjenjaju se treneri, uprave, odlaze i dolaze igrac\u030ci, ali jedanaest godina u nas\u030coj porodici je golman Jadranko-Jadro Vidovic\u0301. Da, on je vis\u030ce od c\u030clana ekipe. On je tu zato s\u030cto je kvalitetan golman i s\u030cto voli klub koji z\u030civot znac\u030ci. \" A, s\u030cto se tic\u030ce ugovora, mislim da sam prije\u2026","rel":"","context":"In &quot;Prva ekipa&quot;","block_context":{"text":"Prva ekipa","link":"https:\/\/www.ofkbrdo.com\/Wordpress\/prva-ekipa\/"},"img":{"alt_text":"","src":"https:\/\/i0.wp.com\/www.ofkbrdo.com\/Wordpress\/wp-content\/uploads\/2021\/06\/90E52810-0DCD-4053-8828-B784BFD8C9D2.jpeg?fit=1200%2C1111&ssl=1&resize=350%2C200","width":350,"height":200,"srcset":"https:\/\/i0.wp.com\/www.ofkbrdo.com\/Wordpress\/wp-content\/uploads\/2021\/06\/90E52810-0DCD-4053-8828-B784BFD8C9D2.jpeg?fit=1200%2C1111&ssl=1&resize=350%2C200 1x, https:\/\/i0.wp.com\/www.ofkbrdo.com\/Wordpress\/wp-content\/uploads\/2021\/06\/90E52810-0DCD-4053-8828-B784BFD8C9D2.jpeg?fit=1200%2C1111&ssl=1&resize=525%2C300 1.5x, https:\/\/i0.wp.com\/www.ofkbrdo.com\/Wordpress\/wp-content\/uploads\/2021\/06\/90E52810-0DCD-4053-8828-B784BFD8C9D2.jpeg?fit=1200%2C1111&ssl=1&resize=700%2C400 2x, https:\/\/i0.wp.com\/www.ofkbrdo.com\/Wordpress\/wp-content\/uploads\/2021\/06\/90E52810-0DCD-4053-8828-B784BFD8C9D2.jpeg?fit=1200%2C1111&ssl=1&resize=1050%2C600 3x"},"classes":[]},{"id":6759,"url":"https:\/\/www.ofkbrdo.com\/Wordpress\/ofk-brdo-fk-jedinstvo-zeravica-u-ljubiji\/","url_meta":{"origin":4779,"position":5},"title":"OFK BRDO- FK JEDINSTVO \u017dERAVICA U LJUBIJI","author":"admin","date":"3. June 2023","format":false,"excerpt":"Posljednji ovosezonski susret, fudbaleri Omladinskog fudbalskog kluba Brdo igraju protiv neugodne ekipe Jedinstva iz \u017deravice. Nakon ju\u010dera\u0161njeg poraza ekipe FSA Prijedor i rasporeda u 30. kolu prvenstva, jasno je da Brdo mo\u017ee zavr\u0161iti u gornjem dijelu tabele, ukoliko savlada Jedinstvo. \u0160ef stru\u010dnog \u0161taba Brda, Mirza Alki\u0107 je oprezan, ali vjeruje\u2026","rel":"","context":"In &quot;Druga liga RS&quot;","block_context":{"text":"Druga liga RS","link":"https:\/\/www.ofkbrdo.com\/Wordpress\/druga-liga-rs\/"},"img":{"alt_text":"","src":"https:\/\/i0.wp.com\/www.ofkbrdo.com\/Wordpress\/wp-content\/uploads\/2023\/06\/IMG_8419.jpeg?fit=1197%2C1180&ssl=1&resize=350%2C200","width":350,"height":200,"srcset":"https:\/\/i0.wp.com\/www.ofkbrdo.com\/Wordpress\/wp-content\/uploads\/2023\/06\/IMG_8419.jpeg?fit=1197%2C1180&ssl=1&resize=350%2C200 1x, https:\/\/i0.wp.com\/www.ofkbrdo.com\/Wordpress\/wp-content\/uploads\/2023\/06\/IMG_8419.jpeg?fit=1197%2C1180&ssl=1&resize=525%2C300 1.5x, https:\/\/i0.wp.com\/www.ofkbrdo.com\/Wordpress\/wp-content\/uploads\/2023\/06\/IMG_8419.jpeg?fit=1197%2C1180&ssl=1&resize=700%2C400 2x, https:\/\/i0.wp.com\/www.ofkbrdo.com\/Wordpress\/wp-content\/uploads\/2023\/06\/IMG_8419.jpeg?fit=1197%2C1180&ssl=1&resize=1050%2C600 3x"},"classes":[]}],"_links":{"self":[{"href":"https:\/\/www.ofkbrdo.com\/Wordpress\/wp-json\/wp\/v2\/posts\/4779","targetHints":{"allow":["GET"]}}],"collection":[{"href":"https:\/\/www.ofkbrdo.com\/Wordpress\/wp-json\/wp\/v2\/posts"}],"about":[{"href":"https:\/\/www.ofkbrdo.com\/Wordpress\/wp-json\/wp\/v2\/types\/post"}],"author":[{"embeddable":true,"href":"https:\/\/www.ofkbrdo.com\/Wordpress\/wp-json\/wp\/v2\/users\/1"}],"replies":[{"embeddable":true,"href":"https:\/\/www.ofkbrdo.com\/Wordpress\/wp-json\/wp\/v2\/comments?post=4779"}],"version-history":[{"count":0,"href":"https:\/\/www.ofkbrdo.com\/Wordpress\/wp-json\/wp\/v2\/posts\/4779\/revisions"}],"wp:featuredmedia":[{"embeddable":true,"href":"https:\/\/www.ofkbrdo.com\/Wordpress\/wp-json\/wp\/v2\/media\/3018"}],"wp:attachment":[{"href":"https:\/\/www.ofkbrdo.com\/Wordpress\/wp-json\/wp\/v2\/media?parent=4779"}],"wp:term":[{"taxonomy":"category","embeddable":true,"href":"https:\/\/www.ofkbrdo.com\/Wordpress\/wp-json\/wp\/v2\/categories?post=4779"},{"taxonomy":"post_tag","embeddable":true,"href":"https:\/\/www.ofkbrdo.com\/Wordpress\/wp-json\/wp\/v2\/tags?post=4779"}],"curies":[{"name":"wp","href":"https:\/\/api.w.org\/{rel}","templated":true}]}}