{"id":4914,"date":"2022-02-28T23:08:40","date_gmt":"2022-02-28T22:08:40","guid":{"rendered":"https:\/\/www.ofkbrdo.com\/Wordpress\/?p=4914"},"modified":"2022-02-28T23:08:40","modified_gmt":"2022-02-28T22:08:40","slug":"sastanak-upravnog-odbora-omladinskog-fudbalskog-kluba-brdo","status":"publish","type":"post","link":"https:\/\/www.ofkbrdo.com\/Wordpress\/sastanak-upravnog-odbora-omladinskog-fudbalskog-kluba-brdo\/","title":{"rendered":"SASTANAK UPRAVNOG ODBORA OMLADINSKOG FUDBALSKOG KLUBA BRDO"},"content":{"rendered":"<p>Pred Omladinskim fudbalskim klubom Brdo je nastavak prvenstva. U nedjelju \u0107e ekipa Mirze Alki\u0107a do\u010dekati fudbalere \u010celinca.<\/p>\n<p><img data-recalc-dims=\"1\" fetchpriority=\"high\" decoding=\"async\" data-attachment-id=\"4902\" data-permalink=\"https:\/\/www.ofkbrdo.com\/Wordpress\/spremni-smo-za-nastavak-prvenstva\/brdocelinac\/\" data-orig-file=\"https:\/\/i0.wp.com\/www.ofkbrdo.com\/Wordpress\/wp-content\/uploads\/2022\/02\/BrdoCelinac.jpg?fit=1201%2C1712&amp;ssl=1\" data-orig-size=\"1201,1712\" data-comments-opened=\"0\" data-image-meta=\"{&quot;aperture&quot;:&quot;0&quot;,&quot;credit&quot;:&quot;&quot;,&quot;camera&quot;:&quot;&quot;,&quot;caption&quot;:&quot;&quot;,&quot;created_timestamp&quot;:&quot;0&quot;,&quot;copyright&quot;:&quot;&quot;,&quot;focal_length&quot;:&quot;0&quot;,&quot;iso&quot;:&quot;0&quot;,&quot;shutter_speed&quot;:&quot;0&quot;,&quot;title&quot;:&quot;&quot;,&quot;orientation&quot;:&quot;0&quot;}\" data-image-title=\"BrdoCelinac\" data-image-description=\"\" data-image-caption=\"\" data-large-file=\"https:\/\/i0.wp.com\/www.ofkbrdo.com\/Wordpress\/wp-content\/uploads\/2022\/02\/BrdoCelinac.jpg?fit=640%2C913&amp;ssl=1\" class=\"aligncenter size-large wp-image-4902\" src=\"https:\/\/i0.wp.com\/www.ofkbrdo.com\/Wordpress\/wp-content\/uploads\/2022\/02\/BrdoCelinac.jpg?resize=640%2C913&#038;ssl=1\" alt=\"\" width=\"640\" height=\"913\" srcset=\"https:\/\/i0.wp.com\/www.ofkbrdo.com\/Wordpress\/wp-content\/uploads\/2022\/02\/BrdoCelinac.jpg?resize=718%2C1024&amp;ssl=1 718w, https:\/\/i0.wp.com\/www.ofkbrdo.com\/Wordpress\/wp-content\/uploads\/2022\/02\/BrdoCelinac.jpg?resize=210%2C300&amp;ssl=1 210w, https:\/\/i0.wp.com\/www.ofkbrdo.com\/Wordpress\/wp-content\/uploads\/2022\/02\/BrdoCelinac.jpg?resize=768%2C1095&amp;ssl=1 768w, https:\/\/i0.wp.com\/www.ofkbrdo.com\/Wordpress\/wp-content\/uploads\/2022\/02\/BrdoCelinac.jpg?resize=1078%2C1536&amp;ssl=1 1078w, https:\/\/i0.wp.com\/www.ofkbrdo.com\/Wordpress\/wp-content\/uploads\/2022\/02\/BrdoCelinac.jpg?resize=90%2C128&amp;ssl=1 90w, https:\/\/i0.wp.com\/www.ofkbrdo.com\/Wordpress\/wp-content\/uploads\/2022\/02\/BrdoCelinac.jpg?resize=22%2C32&amp;ssl=1 22w, https:\/\/i0.wp.com\/www.ofkbrdo.com\/Wordpress\/wp-content\/uploads\/2022\/02\/BrdoCelinac.jpg?w=1201&amp;ssl=1 1201w\" sizes=\"(max-width: 640px) 100vw, 640px\" \/><\/p>\n<p>Na ve\u010dera\u0161njem sastanku upravnog odbora kluba s Vedrog polja, Alki\u0107 je rekao da Brdo spremno do\u010dekuje nastavak prvenstva i da mo\u017eemo o\u010dekivati zapa\u017eene nastupe njegovih pulena.<\/p>\n<p>Sastanak upravnog odbora je iskori\u0161ten da se razgovara o narednom periodu jer tokom ljeta treba odr\u017eati skup\u0161tinu kluba i izabrati predsjednika.<\/p>\n<p>Naser Ba\u010di\u0107 \u0107e u tehni\u010dkom mandatu ostati do kraja sezone. Upravni odbor je u vi\u0161e navrata zauzimao stav da Ba\u010di\u0107 treba ostati na \u010delu kluba jer je sa svojim suradnicima dao zna\u010dajan doprinos na afirmaciji Omladinskog fudbalskog kluba Brdo.<\/p>\n<div class=\"jetpack-video-wrapper\"><div class=\"lyte-wrapper fourthree\" title=\"NASER BA\u010cI\u0106 PREDSJEDNIK OFK BRDO DO LJETA OVE GODINE\" style=\"width:420px;max-width:100%;margin:5px;\"><div class=\"lyMe\" id=\"WYL_-dVLy-n9OoU\" itemprop=\"video\" itemscope itemtype=\"https:\/\/schema.org\/VideoObject\"><div><meta itemprop=\"thumbnailUrl\" content=\"https:\/\/i.ytimg.com\/vi\/-dVLy-n9OoU\/hqdefault.jpg\" \/><meta itemprop=\"embedURL\" content=\"https:\/\/www.youtube.com\/embed\/-dVLy-n9OoU\" \/><meta itemprop=\"duration\" content=\"PT2M12S\" \/><meta itemprop=\"uploadDate\" content=\"2022-02-28T21:48:26Z\" \/><\/div><div id=\"lyte_-dVLy-n9OoU\" data-src=\"https:\/\/i.ytimg.com\/vi\/-dVLy-n9OoU\/hqdefault.jpg\" class=\"pL\"><div class=\"tC\"><div class=\"tT\" itemprop=\"name\">NASER BA\u010cI\u0106 PREDSJEDNIK OFK BRDO DO LJETA OVE GODINE<\/div><\/div><div class=\"play\"><\/div><div class=\"ctrl\"><div class=\"Lctrl\"><\/div><div class=\"Rctrl\"><\/div><\/div><\/div><noscript><a href=\"https:\/\/youtu.be\/-dVLy-n9OoU\" rel=\"nofollow noopener\" target=\"_blank\"><img data-recalc-dims=\"1\" decoding=\"async\" src=\"https:\/\/i0.wp.com\/i.ytimg.com\/vi\/-dVLy-n9OoU\/0.jpg?resize=420%2C295&#038;ssl=1\" alt=\"NASER BA\u010cI\u0106 PREDSJEDNIK OFK BRDO DO LJETA OVE GODINE\" width=\"420\" height=\"295\" \/><br \/>Watch this video on YouTube<\/a><\/noscript><meta itemprop=\"description\" content=\"NASER BA\u010cI\u0106 PREDSJEDNIK OFK BRDO DO LJETA OVE GODINE\"><\/div><\/div><div class=\"lL\" style=\"max-width:100%;width:420px;margin:5px;\"><\/div><\/div>\n<p>Ba\u010di\u0107 je ostao uporan da do ljeta ostane u tehni\u010dkom mandatu i da klub bira novog predsjednika. Na ve\u010dera\u0161njem sastanku su precizirani zadaci za nedjeljnu utakmicu koju \u0107ete imati priliku pratiti u livu.<\/p>\n","protected":false},"excerpt":{"rendered":"<p>Pred Omladinskim fudbalskim klubom Brdo je nastavak prvenstva. U nedjelju \u0107e ekipa Mirze Alki\u0107a do\u010dekati fudbalere \u010celinca. Na ve\u010dera\u0161njem sastanku upravnog odbora kluba s Vedrog polja, Alki\u0107 je rekao da Brdo spremno do\u010dekuje nastavak prvenstva i da mo\u017eemo o\u010dekivati zapa\u017eene nastupe njegovih pulena. Sastanak upravnog odbora je iskori\u0161ten da se razgovara o narednom periodu jer [&hellip;]<\/p>\n","protected":false},"author":1,"featured_media":4915,"comment_status":"closed","ping_status":"closed","sticky":false,"template":"","format":"standard","meta":{"ngg_post_thumbnail":0,"_jetpack_memberships_contains_paid_content":false,"footnotes":"","jetpack_publicize_message":"","jetpack_publicize_feature_enabled":true,"jetpack_social_post_already_shared":false,"jetpack_social_options":{"image_generator_settings":{"template":"highway","default_image_id":0,"font":"","enabled":false},"version":2}},"categories":[184],"tags":[],"class_list":["post-4914","post","type-post","status-publish","format-standard","has-post-thumbnail","hentry","category-razno"],"jetpack_publicize_connections":[],"jetpack_featured_media_url":"https:\/\/i0.wp.com\/www.ofkbrdo.com\/Wordpress\/wp-content\/uploads\/2022\/02\/EF3D569F-338F-42ED-BB86-711079E40F76.jpeg?fit=756%2C455&ssl=1","jetpack_sharing_enabled":true,"jetpack_likes_enabled":true,"jetpack_shortlink":"https:\/\/wp.me\/pevKtx-1hg","jetpack-related-posts":[{"id":3711,"url":"https:\/\/www.ofkbrdo.com\/Wordpress\/3711-2\/","url_meta":{"origin":4914,"position":0},"title":"SKUPS\u030cTINA KLUBA","author":"admin","date":"23. July 2021","format":false,"excerpt":"Na sastanku Upravnog odbora Omladinskog fudbalskog kluba Brdo odluc\u030ceno je da se odrz\u030ci Izvjes\u030ctajna skups\u030ctina. Prema rijec\u030cima predsjednika Skups\u030ctine Omladinskog fudbalskog kluba Brdo, Amira C\u030celic\u0301a, skups\u030ctina c\u0301e biti odrz\u030cana 02.augusta 2021.godine u 19.30 u klupskim prostorijama. Bic\u0301e to dobra prilika da se c\u030clanovi kluba, sponzori, donatori, navijac\u030ci i simpatizeri kluba\u2026","rel":"","context":"In &quot;Pocetna&quot;","block_context":{"text":"Pocetna","link":"https:\/\/www.ofkbrdo.com\/Wordpress\/vijesti\/"},"img":{"alt_text":"","src":"https:\/\/i0.wp.com\/www.ofkbrdo.com\/Wordpress\/wp-content\/uploads\/2020\/06\/cropped-cropped-cropped-transparentlogo2-1-3.png?resize=350%2C200&ssl=1","width":350,"height":200},"classes":[]},{"id":5220,"url":"https:\/\/www.ofkbrdo.com\/Wordpress\/dobra-prilika-za-nastavak-odlicne-rezultatske-serije\/","url_meta":{"origin":4914,"position":1},"title":"DOBRA PRILIKA ZA NASTAVAK ODLI\u010cNE REZULTATSKE SERIJE","author":"admin","date":"7. May 2022","format":false,"excerpt":"U redovima Omladinskog fudbalskog kluba Brdo, optimizam pred sutra\u0161nju utakmicu sa ekipom Ukrine iz \u010ce\u010dave. Polo\u017eaj na tabeli i forma ekipe daju za pravo pulenima Mirze Alki\u0107a i Gorana Kecmana da budu optimisti. Na Vedro polje dolazi ekipa koja je u dosada\u0161njem dijelu prvenstva osvojila svega 12 bodova. \u010cinjenica je\u2026","rel":"","context":"In &quot;Druga liga RS&quot;","block_context":{"text":"Druga liga RS","link":"https:\/\/www.ofkbrdo.com\/Wordpress\/druga-liga-rs\/"},"img":{"alt_text":"","src":"https:\/\/i0.wp.com\/www.ofkbrdo.com\/Wordpress\/wp-content\/uploads\/2022\/05\/BA405C70-D104-4CEE-963B-03F59A8702C2.jpeg?fit=1200%2C668&ssl=1&resize=350%2C200","width":350,"height":200,"srcset":"https:\/\/i0.wp.com\/www.ofkbrdo.com\/Wordpress\/wp-content\/uploads\/2022\/05\/BA405C70-D104-4CEE-963B-03F59A8702C2.jpeg?fit=1200%2C668&ssl=1&resize=350%2C200 1x, https:\/\/i0.wp.com\/www.ofkbrdo.com\/Wordpress\/wp-content\/uploads\/2022\/05\/BA405C70-D104-4CEE-963B-03F59A8702C2.jpeg?fit=1200%2C668&ssl=1&resize=525%2C300 1.5x, https:\/\/i0.wp.com\/www.ofkbrdo.com\/Wordpress\/wp-content\/uploads\/2022\/05\/BA405C70-D104-4CEE-963B-03F59A8702C2.jpeg?fit=1200%2C668&ssl=1&resize=700%2C400 2x, https:\/\/i0.wp.com\/www.ofkbrdo.com\/Wordpress\/wp-content\/uploads\/2022\/05\/BA405C70-D104-4CEE-963B-03F59A8702C2.jpeg?fit=1200%2C668&ssl=1&resize=1050%2C600 3x"},"classes":[]},{"id":5587,"url":"https:\/\/www.ofkbrdo.com\/Wordpress\/transparentan-rad-omladinskog-fudbalskog-kluba-brdo\/","url_meta":{"origin":4914,"position":2},"title":"TRANSPARENTAN RAD OMLADINSKOG FUDBALSKOG KLUBA BRDO","author":"admin","date":"3. August 2022","format":false,"excerpt":"Delegati Skup\u0161tine Omladinskog fudbalskog kluba Brdo jednoglasno su konstovali da je u proteklom periodu ostvaren zna\u010dajan napredak na rezultatskom i organizacionom planu. Jednoglasno je nakon razmatranja usvojen finansijski izvje\u0161taj \u0161to potvr\u0111uje da je se u izvje\u0161tajnom periodu doma\u0107inski odnosilo prema raspolo\u017eivim finansijskim sredstvima. U tom pogledu treba pohvaliti rad klupskih\u2026","rel":"","context":"In &quot;Razno&quot;","block_context":{"text":"Razno","link":"https:\/\/www.ofkbrdo.com\/Wordpress\/razno\/"},"img":{"alt_text":"","src":"https:\/\/i0.wp.com\/www.ofkbrdo.com\/Wordpress\/wp-content\/uploads\/2022\/08\/4F700E37-E46F-411A-BAB7-551971DE2A7C-scaled.jpeg?fit=1200%2C854&ssl=1&resize=350%2C200","width":350,"height":200,"srcset":"https:\/\/i0.wp.com\/www.ofkbrdo.com\/Wordpress\/wp-content\/uploads\/2022\/08\/4F700E37-E46F-411A-BAB7-551971DE2A7C-scaled.jpeg?fit=1200%2C854&ssl=1&resize=350%2C200 1x, https:\/\/i0.wp.com\/www.ofkbrdo.com\/Wordpress\/wp-content\/uploads\/2022\/08\/4F700E37-E46F-411A-BAB7-551971DE2A7C-scaled.jpeg?fit=1200%2C854&ssl=1&resize=525%2C300 1.5x, https:\/\/i0.wp.com\/www.ofkbrdo.com\/Wordpress\/wp-content\/uploads\/2022\/08\/4F700E37-E46F-411A-BAB7-551971DE2A7C-scaled.jpeg?fit=1200%2C854&ssl=1&resize=700%2C400 2x, https:\/\/i0.wp.com\/www.ofkbrdo.com\/Wordpress\/wp-content\/uploads\/2022\/08\/4F700E37-E46F-411A-BAB7-551971DE2A7C-scaled.jpeg?fit=1200%2C854&ssl=1&resize=1050%2C600 3x"},"classes":[]},{"id":2891,"url":"https:\/\/www.ofkbrdo.com\/Wordpress\/pocele-pripreme-fudbalera-ofk-brda\/","url_meta":{"origin":4914,"position":3},"title":"PO\u010cELE PRIPREME FUDBALERA OFK BRDA","author":"admin","date":"1. February 2021","format":false,"excerpt":"Trener Omladinskog fudbalskog kluba Brdo, Mirza Alki\u0107 \"prozvao\" je 18 fudbalera, ali jo\u0161 uvijek se ne zna da li \u0107e mo\u0107i na njih i ra\u010dunati. Pojedini igra\u010di \u017eele u novu sredinu tako da ostaje pitanje njihovog nastupa u proljetnom dijelu sezone. Sada je sigurno da za Brdo ne\u0107e nastupati \u0160aki\u0107,\u2026","rel":"","context":"In &quot;Pocetna&quot;","block_context":{"text":"Pocetna","link":"https:\/\/www.ofkbrdo.com\/Wordpress\/vijesti\/"},"img":{"alt_text":"","src":"https:\/\/i0.wp.com\/www.ofkbrdo.com\/Wordpress\/wp-content\/uploads\/2021\/02\/OFKBrdo20210131.png?fit=1080%2C600&ssl=1&resize=350%2C200","width":350,"height":200,"srcset":"https:\/\/i0.wp.com\/www.ofkbrdo.com\/Wordpress\/wp-content\/uploads\/2021\/02\/OFKBrdo20210131.png?fit=1080%2C600&ssl=1&resize=350%2C200 1x, https:\/\/i0.wp.com\/www.ofkbrdo.com\/Wordpress\/wp-content\/uploads\/2021\/02\/OFKBrdo20210131.png?fit=1080%2C600&ssl=1&resize=525%2C300 1.5x, https:\/\/i0.wp.com\/www.ofkbrdo.com\/Wordpress\/wp-content\/uploads\/2021\/02\/OFKBrdo20210131.png?fit=1080%2C600&ssl=1&resize=700%2C400 2x, https:\/\/i0.wp.com\/www.ofkbrdo.com\/Wordpress\/wp-content\/uploads\/2021\/02\/OFKBrdo20210131.png?fit=1080%2C600&ssl=1&resize=1050%2C600 3x"},"classes":[]},{"id":7423,"url":"https:\/\/www.ofkbrdo.com\/Wordpress\/ofk-brdo-ide-dalje\/","url_meta":{"origin":4914,"position":4},"title":"OFK BRDO IDE DALJE","author":"admin","date":"5. January 2024","format":false,"excerpt":"U ozra\u010dju dobro odigrane polusezone na drugoliga\u0161kom zapadu, odli\u010dno odra\u0111enog koncerta i tradicionalne \u017duto plave no\u0107i, sastali smo se kako bi planirali i dogovarali se o novim koracima koji \u0107e unaprijediti rad Omladinskog fudbalskog kluba Brdo. Nema nikakve sumnje da je na\u0161 veliki adut transparentan rad i doma\u0107inski odnos prema\u2026","rel":"","context":"In &quot;Dru\u017eenje&quot;","block_context":{"text":"Dru\u017eenje","link":"https:\/\/www.ofkbrdo.com\/Wordpress\/druzenje\/"},"img":{"alt_text":"","src":"https:\/\/i0.wp.com\/www.ofkbrdo.com\/Wordpress\/wp-content\/uploads\/2024\/01\/IMG_5375.jpeg?fit=1200%2C540&ssl=1&resize=350%2C200","width":350,"height":200,"srcset":"https:\/\/i0.wp.com\/www.ofkbrdo.com\/Wordpress\/wp-content\/uploads\/2024\/01\/IMG_5375.jpeg?fit=1200%2C540&ssl=1&resize=350%2C200 1x, https:\/\/i0.wp.com\/www.ofkbrdo.com\/Wordpress\/wp-content\/uploads\/2024\/01\/IMG_5375.jpeg?fit=1200%2C540&ssl=1&resize=525%2C300 1.5x, https:\/\/i0.wp.com\/www.ofkbrdo.com\/Wordpress\/wp-content\/uploads\/2024\/01\/IMG_5375.jpeg?fit=1200%2C540&ssl=1&resize=700%2C400 2x, https:\/\/i0.wp.com\/www.ofkbrdo.com\/Wordpress\/wp-content\/uploads\/2024\/01\/IMG_5375.jpeg?fit=1200%2C540&ssl=1&resize=1050%2C600 3x"},"classes":[]},{"id":6403,"url":"https:\/\/www.ofkbrdo.com\/Wordpress\/proteklog-vikenda-ostvarili-smo-nekoliko-pobjeda\/","url_meta":{"origin":4914,"position":5},"title":"PROTEKLOG VIKENDA OSTVARILI SMO NEKOLIKO POBJEDA","author":"admin","date":"13. March 2023","format":false,"excerpt":"Nastavak drugoliga\u0161kog prvenstva nam je bio po mjeri. Omladinski fudbalski klub Brdo sa gostovanja vratio ja\u010di za tri boda. Ali, nije to jedini trijumf kluba koji \u017eivot zna\u010di u vikendu kojem smo odbijali dane. I, na Vedrom polju je bilo radno. Koliko su nam bitni bodovi toliko nam je bitno\u2026","rel":"","context":"In &quot;Vedro polje&quot;","block_context":{"text":"Vedro polje","link":"https:\/\/www.ofkbrdo.com\/Wordpress\/vedro-polje\/"},"img":{"alt_text":"","src":"https:\/\/i0.wp.com\/www.ofkbrdo.com\/Wordpress\/wp-content\/uploads\/2023\/03\/74AE93BE-53C7-401E-BBB0-E712479624DF.jpeg?fit=1200%2C1044&ssl=1&resize=350%2C200","width":350,"height":200,"srcset":"https:\/\/i0.wp.com\/www.ofkbrdo.com\/Wordpress\/wp-content\/uploads\/2023\/03\/74AE93BE-53C7-401E-BBB0-E712479624DF.jpeg?fit=1200%2C1044&ssl=1&resize=350%2C200 1x, https:\/\/i0.wp.com\/www.ofkbrdo.com\/Wordpress\/wp-content\/uploads\/2023\/03\/74AE93BE-53C7-401E-BBB0-E712479624DF.jpeg?fit=1200%2C1044&ssl=1&resize=525%2C300 1.5x, https:\/\/i0.wp.com\/www.ofkbrdo.com\/Wordpress\/wp-content\/uploads\/2023\/03\/74AE93BE-53C7-401E-BBB0-E712479624DF.jpeg?fit=1200%2C1044&ssl=1&resize=700%2C400 2x, https:\/\/i0.wp.com\/www.ofkbrdo.com\/Wordpress\/wp-content\/uploads\/2023\/03\/74AE93BE-53C7-401E-BBB0-E712479624DF.jpeg?fit=1200%2C1044&ssl=1&resize=1050%2C600 3x"},"classes":[]}],"_links":{"self":[{"href":"https:\/\/www.ofkbrdo.com\/Wordpress\/wp-json\/wp\/v2\/posts\/4914","targetHints":{"allow":["GET"]}}],"collection":[{"href":"https:\/\/www.ofkbrdo.com\/Wordpress\/wp-json\/wp\/v2\/posts"}],"about":[{"href":"https:\/\/www.ofkbrdo.com\/Wordpress\/wp-json\/wp\/v2\/types\/post"}],"author":[{"embeddable":true,"href":"https:\/\/www.ofkbrdo.com\/Wordpress\/wp-json\/wp\/v2\/users\/1"}],"replies":[{"embeddable":true,"href":"https:\/\/www.ofkbrdo.com\/Wordpress\/wp-json\/wp\/v2\/comments?post=4914"}],"version-history":[{"count":0,"href":"https:\/\/www.ofkbrdo.com\/Wordpress\/wp-json\/wp\/v2\/posts\/4914\/revisions"}],"wp:featuredmedia":[{"embeddable":true,"href":"https:\/\/www.ofkbrdo.com\/Wordpress\/wp-json\/wp\/v2\/media\/4915"}],"wp:attachment":[{"href":"https:\/\/www.ofkbrdo.com\/Wordpress\/wp-json\/wp\/v2\/media?parent=4914"}],"wp:term":[{"taxonomy":"category","embeddable":true,"href":"https:\/\/www.ofkbrdo.com\/Wordpress\/wp-json\/wp\/v2\/categories?post=4914"},{"taxonomy":"post_tag","embeddable":true,"href":"https:\/\/www.ofkbrdo.com\/Wordpress\/wp-json\/wp\/v2\/tags?post=4914"}],"curies":[{"name":"wp","href":"https:\/\/api.w.org\/{rel}","templated":true}]}}