{"id":4951,"date":"2022-03-13T22:57:15","date_gmt":"2022-03-13T21:57:15","guid":{"rendered":"https:\/\/www.ofkbrdo.com\/Wordpress\/?p=4951"},"modified":"2022-03-13T22:57:15","modified_gmt":"2022-03-13T21:57:15","slug":"vazna-pobjeda-ofk-brda-u-krupoj-na-vrbasu","status":"publish","type":"post","link":"https:\/\/www.ofkbrdo.com\/Wordpress\/vazna-pobjeda-ofk-brda-u-krupoj-na-vrbasu\/","title":{"rendered":"Va\u017ena pobjeda OFK Brda u Krupoj na Vrbasu"},"content":{"rendered":"<p>Fudbaleri OFK Brda savladali su u 17. kolu druge lige zapad u gostima ekipu FK BSK-a rezultatom 3-2 i tako dospjeli na sedmu poziciju na tabeli.<\/p>\n<p><img data-recalc-dims=\"1\" fetchpriority=\"high\" decoding=\"async\" data-attachment-id=\"4954\" data-permalink=\"https:\/\/www.ofkbrdo.com\/Wordpress\/vazna-pobjeda-ofk-brda-u-krupoj-na-vrbasu\/e416ede2-7fcc-4192-bf68-bad124fe170e\/\" data-orig-file=\"https:\/\/i0.wp.com\/www.ofkbrdo.com\/Wordpress\/wp-content\/uploads\/2022\/03\/E416EDE2-7FCC-4192-BF68-BAD124FE170E.jpeg?fit=2047%2C1336&amp;ssl=1\" data-orig-size=\"2047,1336\" data-comments-opened=\"0\" data-image-meta=\"{&quot;aperture&quot;:&quot;0&quot;,&quot;credit&quot;:&quot;&quot;,&quot;camera&quot;:&quot;&quot;,&quot;caption&quot;:&quot;&quot;,&quot;created_timestamp&quot;:&quot;0&quot;,&quot;copyright&quot;:&quot;&quot;,&quot;focal_length&quot;:&quot;0&quot;,&quot;iso&quot;:&quot;0&quot;,&quot;shutter_speed&quot;:&quot;0&quot;,&quot;title&quot;:&quot;&quot;,&quot;orientation&quot;:&quot;1&quot;}\" data-image-title=\"E416EDE2-7FCC-4192-BF68-BAD124FE170E\" data-image-description=\"\" data-image-caption=\"\" data-large-file=\"https:\/\/i0.wp.com\/www.ofkbrdo.com\/Wordpress\/wp-content\/uploads\/2022\/03\/E416EDE2-7FCC-4192-BF68-BAD124FE170E.jpeg?fit=640%2C418&amp;ssl=1\" class=\"aligncenter size-large wp-image-4954\" src=\"https:\/\/i0.wp.com\/www.ofkbrdo.com\/Wordpress\/wp-content\/uploads\/2022\/03\/E416EDE2-7FCC-4192-BF68-BAD124FE170E.jpeg?resize=640%2C418&#038;ssl=1\" alt=\"\" width=\"640\" height=\"418\" srcset=\"https:\/\/i0.wp.com\/www.ofkbrdo.com\/Wordpress\/wp-content\/uploads\/2022\/03\/E416EDE2-7FCC-4192-BF68-BAD124FE170E.jpeg?resize=1024%2C668&amp;ssl=1 1024w, https:\/\/i0.wp.com\/www.ofkbrdo.com\/Wordpress\/wp-content\/uploads\/2022\/03\/E416EDE2-7FCC-4192-BF68-BAD124FE170E.jpeg?resize=300%2C196&amp;ssl=1 300w, https:\/\/i0.wp.com\/www.ofkbrdo.com\/Wordpress\/wp-content\/uploads\/2022\/03\/E416EDE2-7FCC-4192-BF68-BAD124FE170E.jpeg?resize=768%2C501&amp;ssl=1 768w, https:\/\/i0.wp.com\/www.ofkbrdo.com\/Wordpress\/wp-content\/uploads\/2022\/03\/E416EDE2-7FCC-4192-BF68-BAD124FE170E.jpeg?resize=1536%2C1002&amp;ssl=1 1536w, https:\/\/i0.wp.com\/www.ofkbrdo.com\/Wordpress\/wp-content\/uploads\/2022\/03\/E416EDE2-7FCC-4192-BF68-BAD124FE170E.jpeg?resize=128%2C84&amp;ssl=1 128w, https:\/\/i0.wp.com\/www.ofkbrdo.com\/Wordpress\/wp-content\/uploads\/2022\/03\/E416EDE2-7FCC-4192-BF68-BAD124FE170E.jpeg?resize=32%2C21&amp;ssl=1 32w, https:\/\/i0.wp.com\/www.ofkbrdo.com\/Wordpress\/wp-content\/uploads\/2022\/03\/E416EDE2-7FCC-4192-BF68-BAD124FE170E.jpeg?w=2047&amp;ssl=1 2047w, https:\/\/i0.wp.com\/www.ofkbrdo.com\/Wordpress\/wp-content\/uploads\/2022\/03\/E416EDE2-7FCC-4192-BF68-BAD124FE170E.jpeg?w=1280&amp;ssl=1 1280w, https:\/\/i0.wp.com\/www.ofkbrdo.com\/Wordpress\/wp-content\/uploads\/2022\/03\/E416EDE2-7FCC-4192-BF68-BAD124FE170E.jpeg?w=1920&amp;ssl=1 1920w\" sizes=\"(max-width: 640px) 100vw, 640px\" \/><\/p>\n<p>Trener OFK Brda Goran Kecman istakao je da njegova ekipa nisu u\u0161li u utakmicu na na\u010din koji su \u017eeljeli , ali vrlo dobrom igrom u drugom poluvremenu uspijeli su do\u0107i do pobjede.<\/p>\n<p><img data-recalc-dims=\"1\" decoding=\"async\" data-attachment-id=\"4955\" data-permalink=\"https:\/\/www.ofkbrdo.com\/Wordpress\/vazna-pobjeda-ofk-brda-u-krupoj-na-vrbasu\/20b4c1ee-4c8d-4a83-978f-6d6eac52c324\/\" data-orig-file=\"https:\/\/i0.wp.com\/www.ofkbrdo.com\/Wordpress\/wp-content\/uploads\/2022\/03\/20B4C1EE-4C8D-4A83-978F-6D6EAC52C324.jpeg?fit=1739%2C910&amp;ssl=1\" data-orig-size=\"1739,910\" data-comments-opened=\"0\" data-image-meta=\"{&quot;aperture&quot;:&quot;0&quot;,&quot;credit&quot;:&quot;&quot;,&quot;camera&quot;:&quot;&quot;,&quot;caption&quot;:&quot;&quot;,&quot;created_timestamp&quot;:&quot;0&quot;,&quot;copyright&quot;:&quot;&quot;,&quot;focal_length&quot;:&quot;0&quot;,&quot;iso&quot;:&quot;0&quot;,&quot;shutter_speed&quot;:&quot;0&quot;,&quot;title&quot;:&quot;&quot;,&quot;orientation&quot;:&quot;1&quot;}\" data-image-title=\"20B4C1EE-4C8D-4A83-978F-6D6EAC52C324\" data-image-description=\"\" data-image-caption=\"\" data-large-file=\"https:\/\/i0.wp.com\/www.ofkbrdo.com\/Wordpress\/wp-content\/uploads\/2022\/03\/20B4C1EE-4C8D-4A83-978F-6D6EAC52C324.jpeg?fit=640%2C335&amp;ssl=1\" class=\"aligncenter size-large wp-image-4955\" src=\"https:\/\/i0.wp.com\/www.ofkbrdo.com\/Wordpress\/wp-content\/uploads\/2022\/03\/20B4C1EE-4C8D-4A83-978F-6D6EAC52C324.jpeg?resize=640%2C335&#038;ssl=1\" alt=\"\" width=\"640\" height=\"335\" srcset=\"https:\/\/i0.wp.com\/www.ofkbrdo.com\/Wordpress\/wp-content\/uploads\/2022\/03\/20B4C1EE-4C8D-4A83-978F-6D6EAC52C324.jpeg?resize=1024%2C536&amp;ssl=1 1024w, https:\/\/i0.wp.com\/www.ofkbrdo.com\/Wordpress\/wp-content\/uploads\/2022\/03\/20B4C1EE-4C8D-4A83-978F-6D6EAC52C324.jpeg?resize=300%2C157&amp;ssl=1 300w, https:\/\/i0.wp.com\/www.ofkbrdo.com\/Wordpress\/wp-content\/uploads\/2022\/03\/20B4C1EE-4C8D-4A83-978F-6D6EAC52C324.jpeg?resize=768%2C402&amp;ssl=1 768w, https:\/\/i0.wp.com\/www.ofkbrdo.com\/Wordpress\/wp-content\/uploads\/2022\/03\/20B4C1EE-4C8D-4A83-978F-6D6EAC52C324.jpeg?resize=1536%2C804&amp;ssl=1 1536w, https:\/\/i0.wp.com\/www.ofkbrdo.com\/Wordpress\/wp-content\/uploads\/2022\/03\/20B4C1EE-4C8D-4A83-978F-6D6EAC52C324.jpeg?resize=128%2C67&amp;ssl=1 128w, https:\/\/i0.wp.com\/www.ofkbrdo.com\/Wordpress\/wp-content\/uploads\/2022\/03\/20B4C1EE-4C8D-4A83-978F-6D6EAC52C324.jpeg?resize=32%2C17&amp;ssl=1 32w, https:\/\/i0.wp.com\/www.ofkbrdo.com\/Wordpress\/wp-content\/uploads\/2022\/03\/20B4C1EE-4C8D-4A83-978F-6D6EAC52C324.jpeg?w=1739&amp;ssl=1 1739w, https:\/\/i0.wp.com\/www.ofkbrdo.com\/Wordpress\/wp-content\/uploads\/2022\/03\/20B4C1EE-4C8D-4A83-978F-6D6EAC52C324.jpeg?w=1280&amp;ssl=1 1280w\" sizes=\"(max-width: 640px) 100vw, 640px\" \/><\/p>\n<p>&#8220;Prije svega \u010destitam doma\u0107inu na fer i korektom do\u010deku.<br \/>\nPa otvorili smo slabo utakmicu sa puno tehni\u010dki gre\u0161aka ,gdje je doma\u0107in uspio da nas dosta dobro pritisne i pravi opasnost po gol. Slabo smo branili prekide ,\u0161to je doma\u0107i i iskoristio i postigao pogodke. Od 35 minute smo se uspjeli malo poslo\u017eiti i po\u010deli smo konstanto igrati na njihovoj polovini i stvarati \u0161ansu za \u0161ansom. Pred kraj smo iz prekida uspjeli smanjiti rezultat i vratiti se u utakmicu.<br \/>\nDrugo poluvrijeme smo se mi sve pitali i diktirali tempo utakmice ,u svim segmentima smo bili bolji od doma\u0107ina, i na kraju zaslu\u017eeno pobjedili.-rekao je Kecman i dodao<\/p>\n<p><img data-recalc-dims=\"1\" decoding=\"async\" data-attachment-id=\"4956\" data-permalink=\"https:\/\/www.ofkbrdo.com\/Wordpress\/vazna-pobjeda-ofk-brda-u-krupoj-na-vrbasu\/b2ab1c2e-ac67-4163-a2f1-274c07bd35fb\/\" data-orig-file=\"https:\/\/i0.wp.com\/www.ofkbrdo.com\/Wordpress\/wp-content\/uploads\/2022\/03\/B2AB1C2E-AC67-4163-A2F1-274C07BD35FB.jpeg?fit=1380%2C1035&amp;ssl=1\" data-orig-size=\"1380,1035\" data-comments-opened=\"0\" data-image-meta=\"{&quot;aperture&quot;:&quot;0&quot;,&quot;credit&quot;:&quot;&quot;,&quot;camera&quot;:&quot;&quot;,&quot;caption&quot;:&quot;&quot;,&quot;created_timestamp&quot;:&quot;0&quot;,&quot;copyright&quot;:&quot;&quot;,&quot;focal_length&quot;:&quot;0&quot;,&quot;iso&quot;:&quot;0&quot;,&quot;shutter_speed&quot;:&quot;0&quot;,&quot;title&quot;:&quot;&quot;,&quot;orientation&quot;:&quot;1&quot;}\" data-image-title=\"B2AB1C2E-AC67-4163-A2F1-274C07BD35FB\" data-image-description=\"\" data-image-caption=\"\" data-large-file=\"https:\/\/i0.wp.com\/www.ofkbrdo.com\/Wordpress\/wp-content\/uploads\/2022\/03\/B2AB1C2E-AC67-4163-A2F1-274C07BD35FB.jpeg?fit=640%2C480&amp;ssl=1\" class=\"aligncenter size-large wp-image-4956\" src=\"https:\/\/i0.wp.com\/www.ofkbrdo.com\/Wordpress\/wp-content\/uploads\/2022\/03\/B2AB1C2E-AC67-4163-A2F1-274C07BD35FB.jpeg?resize=640%2C480&#038;ssl=1\" alt=\"\" width=\"640\" height=\"480\" srcset=\"https:\/\/i0.wp.com\/www.ofkbrdo.com\/Wordpress\/wp-content\/uploads\/2022\/03\/B2AB1C2E-AC67-4163-A2F1-274C07BD35FB.jpeg?resize=1024%2C768&amp;ssl=1 1024w, https:\/\/i0.wp.com\/www.ofkbrdo.com\/Wordpress\/wp-content\/uploads\/2022\/03\/B2AB1C2E-AC67-4163-A2F1-274C07BD35FB.jpeg?resize=300%2C225&amp;ssl=1 300w, https:\/\/i0.wp.com\/www.ofkbrdo.com\/Wordpress\/wp-content\/uploads\/2022\/03\/B2AB1C2E-AC67-4163-A2F1-274C07BD35FB.jpeg?resize=768%2C576&amp;ssl=1 768w, https:\/\/i0.wp.com\/www.ofkbrdo.com\/Wordpress\/wp-content\/uploads\/2022\/03\/B2AB1C2E-AC67-4163-A2F1-274C07BD35FB.jpeg?resize=128%2C96&amp;ssl=1 128w, https:\/\/i0.wp.com\/www.ofkbrdo.com\/Wordpress\/wp-content\/uploads\/2022\/03\/B2AB1C2E-AC67-4163-A2F1-274C07BD35FB.jpeg?resize=32%2C24&amp;ssl=1 32w, https:\/\/i0.wp.com\/www.ofkbrdo.com\/Wordpress\/wp-content\/uploads\/2022\/03\/B2AB1C2E-AC67-4163-A2F1-274C07BD35FB.jpeg?w=1380&amp;ssl=1 1380w, https:\/\/i0.wp.com\/www.ofkbrdo.com\/Wordpress\/wp-content\/uploads\/2022\/03\/B2AB1C2E-AC67-4163-A2F1-274C07BD35FB.jpeg?w=1280&amp;ssl=1 1280w\" sizes=\"(max-width: 640px) 100vw, 640px\" \/><\/p>\n<p>&#8220;Igramo utakmicu po utakmicu ,nemamo nikakav pritisak rezultata. Stvaramo ekipu na malo du\u017ee staze i idemo svaku utakmicu na pobjedu&#8221; &#8211; istako je trener Brda Goran Kecman.<\/p>\n<p><img data-recalc-dims=\"1\" loading=\"lazy\" decoding=\"async\" data-attachment-id=\"4953\" data-permalink=\"https:\/\/www.ofkbrdo.com\/Wordpress\/vazna-pobjeda-ofk-brda-u-krupoj-na-vrbasu\/b32f7287-0894-479a-9953-8f93e3656ab7\/\" data-orig-file=\"https:\/\/i0.wp.com\/www.ofkbrdo.com\/Wordpress\/wp-content\/uploads\/2022\/03\/B32F7287-0894-479A-9953-8F93E3656AB7.jpeg?fit=971%2C723&amp;ssl=1\" data-orig-size=\"971,723\" data-comments-opened=\"0\" data-image-meta=\"{&quot;aperture&quot;:&quot;0&quot;,&quot;credit&quot;:&quot;&quot;,&quot;camera&quot;:&quot;&quot;,&quot;caption&quot;:&quot;&quot;,&quot;created_timestamp&quot;:&quot;0&quot;,&quot;copyright&quot;:&quot;&quot;,&quot;focal_length&quot;:&quot;0&quot;,&quot;iso&quot;:&quot;0&quot;,&quot;shutter_speed&quot;:&quot;0&quot;,&quot;title&quot;:&quot;&quot;,&quot;orientation&quot;:&quot;1&quot;}\" data-image-title=\"B32F7287-0894-479A-9953-8F93E3656AB7\" data-image-description=\"\" data-image-caption=\"\" data-large-file=\"https:\/\/i0.wp.com\/www.ofkbrdo.com\/Wordpress\/wp-content\/uploads\/2022\/03\/B32F7287-0894-479A-9953-8F93E3656AB7.jpeg?fit=640%2C477&amp;ssl=1\" class=\"aligncenter size-full wp-image-4953\" src=\"https:\/\/i0.wp.com\/www.ofkbrdo.com\/Wordpress\/wp-content\/uploads\/2022\/03\/B32F7287-0894-479A-9953-8F93E3656AB7.jpeg?resize=640%2C477&#038;ssl=1\" alt=\"\" width=\"640\" height=\"477\" srcset=\"https:\/\/i0.wp.com\/www.ofkbrdo.com\/Wordpress\/wp-content\/uploads\/2022\/03\/B32F7287-0894-479A-9953-8F93E3656AB7.jpeg?w=971&amp;ssl=1 971w, https:\/\/i0.wp.com\/www.ofkbrdo.com\/Wordpress\/wp-content\/uploads\/2022\/03\/B32F7287-0894-479A-9953-8F93E3656AB7.jpeg?resize=300%2C223&amp;ssl=1 300w, https:\/\/i0.wp.com\/www.ofkbrdo.com\/Wordpress\/wp-content\/uploads\/2022\/03\/B32F7287-0894-479A-9953-8F93E3656AB7.jpeg?resize=768%2C572&amp;ssl=1 768w, https:\/\/i0.wp.com\/www.ofkbrdo.com\/Wordpress\/wp-content\/uploads\/2022\/03\/B32F7287-0894-479A-9953-8F93E3656AB7.jpeg?resize=128%2C95&amp;ssl=1 128w, https:\/\/i0.wp.com\/www.ofkbrdo.com\/Wordpress\/wp-content\/uploads\/2022\/03\/B32F7287-0894-479A-9953-8F93E3656AB7.jpeg?resize=32%2C24&amp;ssl=1 32w\" sizes=\"(max-width: 640px) 100vw, 640px\" \/><\/p>\n<p><strong>Druga liga RS, zapad 17.kolo<\/strong><br \/>\n13-03-2022, 14:30<br \/>\nStadion: Krupa na Vrbasu<br \/>\nGledaoca : 70<\/p>\n<h3><strong>FK BSK &#8211; OFK Brdo 2-3 (2-1)<\/strong><\/h3>\n<p><em>1-0 Trnini\u0107 24&#8242;<\/em><br \/>\n<em>2-0 Jani\u010di\u0107 28&#8242;<\/em><br \/>\n<em>2-1 Vujatovi\u0107 38&#8242;<\/em><br \/>\n<em>2-2 Sarhatli\u0107 81&#8242; penal<\/em><br \/>\n<em>3-2 Isakovi\u0107 90&#8242;<\/em><\/p>\n<p><em>\u017duti kartoni: <\/em>Mr\u0161i\u0107, Karupovi\u0107, Miji\u0107, Savi\u0107<\/p>\n<p><em>Sastav:<\/em><br \/>\n1. Vidovi\u0107<br \/>\n2. Mr\u0161i\u0107<br \/>\n4. Karupovi\u0107 (k)<br \/>\n5. Vujatovi\u0107<br \/>\n7. Isakovi\u0107<br \/>\n8. Miodragovi\u0107<br \/>\n9. Pekija<br \/>\n10. Sarhatli\u0107<br \/>\n11. Miji\u0107<br \/>\n14. Krneta<br \/>\n19. Sad\u017eak<\/p>\n<p><em>Klupa:<\/em><br \/>\n25. Babi\u0107<br \/>\n6. Miljevi\u0107<br \/>\n13. Savi\u0107<br \/>\n15. Vojnikovi\u0107<br \/>\n16. Behli\u0107<br \/>\n17. Kadiri\u0107<br \/>\n18. D.Dedi\u0107<\/p>\n<p>U sljedecem kolu na Vedro polje dolazi FK Sloga iz Trna.<\/p>\n","protected":false},"excerpt":{"rendered":"<p>Fudbaleri OFK Brda savladali su u 17. kolu druge lige zapad u gostima ekipu FK BSK-a rezultatom 3-2 i tako dospjeli na sedmu poziciju na tabeli. Trener OFK Brda Goran Kecman istakao je da njegova ekipa nisu u\u0161li u utakmicu na na\u010din koji su \u017eeljeli , ali vrlo dobrom igrom u drugom poluvremenu uspijeli su [&hellip;]<\/p>\n","protected":false},"author":1,"featured_media":4952,"comment_status":"closed","ping_status":"closed","sticky":false,"template":"","format":"standard","meta":{"ngg_post_thumbnail":0,"_jetpack_memberships_contains_paid_content":false,"footnotes":"","jetpack_publicize_message":"","jetpack_publicize_feature_enabled":true,"jetpack_social_post_already_shared":false,"jetpack_social_options":{"image_generator_settings":{"template":"highway","default_image_id":0,"font":"","enabled":false},"version":2}},"categories":[210],"tags":[],"class_list":["post-4951","post","type-post","status-publish","format-standard","has-post-thumbnail","hentry","category-druga-liga-rs"],"jetpack_publicize_connections":[],"jetpack_featured_media_url":"https:\/\/i0.wp.com\/www.ofkbrdo.com\/Wordpress\/wp-content\/uploads\/2022\/03\/73C62C2F-C15C-4502-B365-85AEED6AE5ED.jpeg?fit=1799%2C1244&ssl=1","jetpack_sharing_enabled":true,"jetpack_likes_enabled":true,"jetpack_shortlink":"https:\/\/wp.me\/pevKtx-1hR","jetpack-related-posts":[{"id":6835,"url":"https:\/\/www.ofkbrdo.com\/Wordpress\/pobjeda-ofk-brda-u-kamengradu\/","url_meta":{"origin":4951,"position":0},"title":"Pobjeda OFK Brda u Kamengradu","author":"admin","date":"22. July 2023","format":false,"excerpt":"Kvalitetna fudbalska predstava u Kamengradu. Doma\u0107in je bolje otvorio utakmicu i u par navrata opasno zaprijetio. Me\u0111utim, Vidovi\u0107 je bio na visini zadatka. Nakon gre\u0161ke odbrambenih fudbalera Rudara, Kurid\u017ea se odli\u010dno snalazi, krade loptu i asistira Karajici za vodstvo Brda. Marmat je imao priliku da postigne gol, ali morat \u0107emo\u2026","rel":"","context":"In &quot;Prva ekipa&quot;","block_context":{"text":"Prva ekipa","link":"https:\/\/www.ofkbrdo.com\/Wordpress\/prva-ekipa\/"},"img":{"alt_text":"","src":"https:\/\/i0.wp.com\/www.ofkbrdo.com\/Wordpress\/wp-content\/uploads\/2023\/07\/IMG_9889.jpeg?fit=1200%2C573&ssl=1&resize=350%2C200","width":350,"height":200,"srcset":"https:\/\/i0.wp.com\/www.ofkbrdo.com\/Wordpress\/wp-content\/uploads\/2023\/07\/IMG_9889.jpeg?fit=1200%2C573&ssl=1&resize=350%2C200 1x, https:\/\/i0.wp.com\/www.ofkbrdo.com\/Wordpress\/wp-content\/uploads\/2023\/07\/IMG_9889.jpeg?fit=1200%2C573&ssl=1&resize=525%2C300 1.5x, https:\/\/i0.wp.com\/www.ofkbrdo.com\/Wordpress\/wp-content\/uploads\/2023\/07\/IMG_9889.jpeg?fit=1200%2C573&ssl=1&resize=700%2C400 2x, https:\/\/i0.wp.com\/www.ofkbrdo.com\/Wordpress\/wp-content\/uploads\/2023\/07\/IMG_9889.jpeg?fit=1200%2C573&ssl=1&resize=1050%2C600 3x"},"classes":[]},{"id":2891,"url":"https:\/\/www.ofkbrdo.com\/Wordpress\/pocele-pripreme-fudbalera-ofk-brda\/","url_meta":{"origin":4951,"position":1},"title":"PO\u010cELE PRIPREME FUDBALERA OFK BRDA","author":"admin","date":"1. February 2021","format":false,"excerpt":"Trener Omladinskog fudbalskog kluba Brdo, Mirza Alki\u0107 \"prozvao\" je 18 fudbalera, ali jo\u0161 uvijek se ne zna da li \u0107e mo\u0107i na njih i ra\u010dunati. Pojedini igra\u010di \u017eele u novu sredinu tako da ostaje pitanje njihovog nastupa u proljetnom dijelu sezone. Sada je sigurno da za Brdo ne\u0107e nastupati \u0160aki\u0107,\u2026","rel":"","context":"In &quot;Pocetna&quot;","block_context":{"text":"Pocetna","link":"https:\/\/www.ofkbrdo.com\/Wordpress\/vijesti\/"},"img":{"alt_text":"","src":"https:\/\/i0.wp.com\/www.ofkbrdo.com\/Wordpress\/wp-content\/uploads\/2021\/02\/OFKBrdo20210131.png?fit=1080%2C600&ssl=1&resize=350%2C200","width":350,"height":200,"srcset":"https:\/\/i0.wp.com\/www.ofkbrdo.com\/Wordpress\/wp-content\/uploads\/2021\/02\/OFKBrdo20210131.png?fit=1080%2C600&ssl=1&resize=350%2C200 1x, https:\/\/i0.wp.com\/www.ofkbrdo.com\/Wordpress\/wp-content\/uploads\/2021\/02\/OFKBrdo20210131.png?fit=1080%2C600&ssl=1&resize=525%2C300 1.5x, https:\/\/i0.wp.com\/www.ofkbrdo.com\/Wordpress\/wp-content\/uploads\/2021\/02\/OFKBrdo20210131.png?fit=1080%2C600&ssl=1&resize=700%2C400 2x, https:\/\/i0.wp.com\/www.ofkbrdo.com\/Wordpress\/wp-content\/uploads\/2021\/02\/OFKBrdo20210131.png?fit=1080%2C600&ssl=1&resize=1050%2C600 3x"},"classes":[]},{"id":2483,"url":"https:\/\/www.ofkbrdo.com\/Wordpress\/prvi-poraz-na-domacem-terenu\/","url_meta":{"origin":4951,"position":2},"title":"PRVI PORAZ NA DOMA\u0106EM TERENU!","author":"admin","date":"20. October 2020","format":false,"excerpt":"Navija\u010di Brda brzo \u0107e zaboraviti utakmicu 11. kola Druge fudbalske lige, grupa zapad. Pored toga \u0161to je upisan prvi poraz na doma\u0107em terenu, na ovoj utakmici je zabilje\u017een najbr\u017ei gol u dosada\u0161njem toku prvenstva, na\u017ealost u mre\u017ei doma\u0107eg golmana. Samo \u0161to se krenulo s centra, fudbaleri \u010celinca do\u0161li su u\u2026","rel":"","context":"In &quot;Pocetna&quot;","block_context":{"text":"Pocetna","link":"https:\/\/www.ofkbrdo.com\/Wordpress\/vijesti\/"},"img":{"alt_text":"bRDO_cELINAC","src":"https:\/\/i0.wp.com\/www.ofkbrdo.com\/Wordpress\/wp-content\/uploads\/2020\/10\/Brdo_Celinac2020.jpg?fit=953%2C589&ssl=1&resize=350%2C200","width":350,"height":200,"srcset":"https:\/\/i0.wp.com\/www.ofkbrdo.com\/Wordpress\/wp-content\/uploads\/2020\/10\/Brdo_Celinac2020.jpg?fit=953%2C589&ssl=1&resize=350%2C200 1x, https:\/\/i0.wp.com\/www.ofkbrdo.com\/Wordpress\/wp-content\/uploads\/2020\/10\/Brdo_Celinac2020.jpg?fit=953%2C589&ssl=1&resize=525%2C300 1.5x, https:\/\/i0.wp.com\/www.ofkbrdo.com\/Wordpress\/wp-content\/uploads\/2020\/10\/Brdo_Celinac2020.jpg?fit=953%2C589&ssl=1&resize=700%2C400 2x"},"classes":[]},{"id":6822,"url":"https:\/\/www.ofkbrdo.com\/Wordpress\/sloboda-mrkonjic-grad-ofk-brdo-0-0\/","url_meta":{"origin":4951,"position":3},"title":"SLOBODA MRKONJI\u0106 GRAD \u2013 OFK BRDO 0-0","author":"admin","date":"16. July 2023","format":false,"excerpt":"Prvu prijateljsku utakmicu u okviru priprema za predstoje\u0107u drugoliga\u0161ku sezonu, ekipa Omladinbskog fudbalskog kluba Brdo, odigrala je u Mrkonji\u0107 Gradu. Podsje\u0107amo da je ekipa Slobode igra u prvoliga\u0161koj konkurenciji. Ekipa Brda je bila zna\u010dajno oslabljena jer nekoliko fudbalera zbog obaveza na poslu nije bilo u mogu\u0107nosti da nastupi. Me\u0111utim, veliko\u2026","rel":"","context":"In &quot;Prva ekipa&quot;","block_context":{"text":"Prva ekipa","link":"https:\/\/www.ofkbrdo.com\/Wordpress\/prva-ekipa\/"},"img":{"alt_text":"","src":"https:\/\/i0.wp.com\/www.ofkbrdo.com\/Wordpress\/wp-content\/uploads\/2023\/07\/IMG_9502.jpeg?fit=1200%2C900&ssl=1&resize=350%2C200","width":350,"height":200,"srcset":"https:\/\/i0.wp.com\/www.ofkbrdo.com\/Wordpress\/wp-content\/uploads\/2023\/07\/IMG_9502.jpeg?fit=1200%2C900&ssl=1&resize=350%2C200 1x, https:\/\/i0.wp.com\/www.ofkbrdo.com\/Wordpress\/wp-content\/uploads\/2023\/07\/IMG_9502.jpeg?fit=1200%2C900&ssl=1&resize=525%2C300 1.5x, https:\/\/i0.wp.com\/www.ofkbrdo.com\/Wordpress\/wp-content\/uploads\/2023\/07\/IMG_9502.jpeg?fit=1200%2C900&ssl=1&resize=700%2C400 2x, https:\/\/i0.wp.com\/www.ofkbrdo.com\/Wordpress\/wp-content\/uploads\/2023\/07\/IMG_9502.jpeg?fit=1200%2C900&ssl=1&resize=1050%2C600 3x"},"classes":[]},{"id":2375,"url":"https:\/\/www.ofkbrdo.com\/Wordpress\/juniori-brda-upisali-histroijsku-pobjedu\/","url_meta":{"origin":4951,"position":4},"title":"JUNIORI BRDA UPISALI HISTORIJSKU POBJEDU (VIDEO)","author":"admin","date":"4. October 2020","format":false,"excerpt":"Susret Omladinske lige BiH, odigran na stadionu u Ljubiji,izme\u0111u Omarske i Brda okon\u010dan je rezultatom 1-3. Izabranici Amira Duratovi\u0107a o\u010ditali su fudbalski lekciju odgovaraju\u0107em sastavu iz Omarske. Bila je to utakmica u kojoj smo mogli u\u017eivati jer je prikazan kvalitetan fudbal. Ako nas redovno pratite, mogli ste pro\u010ditati kako juniori,\u2026","rel":"","context":"In &quot;Pocetna&quot;","block_context":{"text":"Pocetna","link":"https:\/\/www.ofkbrdo.com\/Wordpress\/vijesti\/"},"img":{"alt_text":"","src":"https:\/\/i0.wp.com\/www.ofkbrdo.com\/Wordpress\/wp-content\/uploads\/2020\/10\/FB_IMG_1601815394477.jpg?fit=960%2C720&ssl=1&resize=350%2C200","width":350,"height":200,"srcset":"https:\/\/i0.wp.com\/www.ofkbrdo.com\/Wordpress\/wp-content\/uploads\/2020\/10\/FB_IMG_1601815394477.jpg?fit=960%2C720&ssl=1&resize=350%2C200 1x, https:\/\/i0.wp.com\/www.ofkbrdo.com\/Wordpress\/wp-content\/uploads\/2020\/10\/FB_IMG_1601815394477.jpg?fit=960%2C720&ssl=1&resize=525%2C300 1.5x, https:\/\/i0.wp.com\/www.ofkbrdo.com\/Wordpress\/wp-content\/uploads\/2020\/10\/FB_IMG_1601815394477.jpg?fit=960%2C720&ssl=1&resize=700%2C400 2x"},"classes":[]},{"id":9026,"url":"https:\/\/www.ofkbrdo.com\/Wordpress\/umorni-ali-ponosni-nasi-djecaci-ostavili-sve-na-terenu\/","url_meta":{"origin":4951,"position":5},"title":"Umorni, ali ponosni \u2013 na\u0161i dje\u010daci ostavili sve na terenu","author":"admin","date":"21. April 2025","format":false,"excerpt":"Danas su mladi igra\u010di OFK Brda odigrali zaostalu prvenstvenu utakmicu iz pro\u0161le polusezone protiv ekipe Radnik Urije. Iako smo bili doma\u0107ini, utakmica se igrala na terenu u Gomjenici. Predpioniri \u2013 rezultat 4:4 Ponovo smo, kao i u prethodnoj utakmici, imali prednost od dva gola i nekoliko prilika da rije\u0161imo susret,\u2026","rel":"","context":"In &quot;\u0160kola fudbala OFK Brdo&quot;","block_context":{"text":"\u0160kola fudbala OFK Brdo","link":"https:\/\/www.ofkbrdo.com\/Wordpress\/skola-fudbala-ofk-brdo\/"},"img":{"alt_text":"","src":"https:\/\/i0.wp.com\/www.ofkbrdo.com\/Wordpress\/wp-content\/uploads\/2025\/04\/att.kHYB5AuGKe1VvNCiGoFYUfVUMhhtKl9UcOAzUa_f3tw.jpeg?fit=920%2C693&ssl=1&resize=350%2C200","width":350,"height":200,"srcset":"https:\/\/i0.wp.com\/www.ofkbrdo.com\/Wordpress\/wp-content\/uploads\/2025\/04\/att.kHYB5AuGKe1VvNCiGoFYUfVUMhhtKl9UcOAzUa_f3tw.jpeg?fit=920%2C693&ssl=1&resize=350%2C200 1x, https:\/\/i0.wp.com\/www.ofkbrdo.com\/Wordpress\/wp-content\/uploads\/2025\/04\/att.kHYB5AuGKe1VvNCiGoFYUfVUMhhtKl9UcOAzUa_f3tw.jpeg?fit=920%2C693&ssl=1&resize=525%2C300 1.5x, https:\/\/i0.wp.com\/www.ofkbrdo.com\/Wordpress\/wp-content\/uploads\/2025\/04\/att.kHYB5AuGKe1VvNCiGoFYUfVUMhhtKl9UcOAzUa_f3tw.jpeg?fit=920%2C693&ssl=1&resize=700%2C400 2x"},"classes":[]}],"_links":{"self":[{"href":"https:\/\/www.ofkbrdo.com\/Wordpress\/wp-json\/wp\/v2\/posts\/4951","targetHints":{"allow":["GET"]}}],"collection":[{"href":"https:\/\/www.ofkbrdo.com\/Wordpress\/wp-json\/wp\/v2\/posts"}],"about":[{"href":"https:\/\/www.ofkbrdo.com\/Wordpress\/wp-json\/wp\/v2\/types\/post"}],"author":[{"embeddable":true,"href":"https:\/\/www.ofkbrdo.com\/Wordpress\/wp-json\/wp\/v2\/users\/1"}],"replies":[{"embeddable":true,"href":"https:\/\/www.ofkbrdo.com\/Wordpress\/wp-json\/wp\/v2\/comments?post=4951"}],"version-history":[{"count":0,"href":"https:\/\/www.ofkbrdo.com\/Wordpress\/wp-json\/wp\/v2\/posts\/4951\/revisions"}],"wp:featuredmedia":[{"embeddable":true,"href":"https:\/\/www.ofkbrdo.com\/Wordpress\/wp-json\/wp\/v2\/media\/4952"}],"wp:attachment":[{"href":"https:\/\/www.ofkbrdo.com\/Wordpress\/wp-json\/wp\/v2\/media?parent=4951"}],"wp:term":[{"taxonomy":"category","embeddable":true,"href":"https:\/\/www.ofkbrdo.com\/Wordpress\/wp-json\/wp\/v2\/categories?post=4951"},{"taxonomy":"post_tag","embeddable":true,"href":"https:\/\/www.ofkbrdo.com\/Wordpress\/wp-json\/wp\/v2\/tags?post=4951"}],"curies":[{"name":"wp","href":"https:\/\/api.w.org\/{rel}","templated":true}]}}