{"id":5011,"date":"2022-03-18T12:31:17","date_gmt":"2022-03-18T11:31:17","guid":{"rendered":"https:\/\/www.ofkbrdo.com\/Wordpress\/?p=5011"},"modified":"2022-03-18T12:31:17","modified_gmt":"2022-03-18T11:31:17","slug":"ponosni-smo-i-sretni-sto-u-svojim-redovima-imamo-nezira-avdica","status":"publish","type":"post","link":"https:\/\/www.ofkbrdo.com\/Wordpress\/ponosni-smo-i-sretni-sto-u-svojim-redovima-imamo-nezira-avdica\/","title":{"rendered":"PONOSNI SMO I SRETNI \u0160TO U SVOJIM REDOVIMA IMAMO NEZIRA AVDI\u0106A"},"content":{"rendered":"<p>Veliki broj epiteta ve\u017ee se uz ime NEZIRA AVDI\u0106A. Bez imalo pretjerivanja mo\u017eemo konstatovati da je Avdi\u0107 va\u017ena karika u Omladinskom fudbalskom klubu Brdo. \u010clan je stru\u010dnog \u0161taba gdje veliko znanje prenosi na golmane kluba koji \u017eivot zna\u010di.<\/p>\n<p>Ne samo da ih trenira nego i nagra\u0111uje kada osvajaju bodove. Mislim, da je ovo jedinstven slu\u010daj gdje trener nagra\u0111uje golmane za dobro obavljen posao.<br \/>\n<img data-recalc-dims=\"1\" fetchpriority=\"high\" decoding=\"async\" data-attachment-id=\"5012\" data-permalink=\"https:\/\/www.ofkbrdo.com\/Wordpress\/ponosni-smo-i-sretni-sto-u-svojim-redovima-imamo-nezira-avdica\/cb8616b4-710a-42fd-8b3a-226bb791015e\/\" data-orig-file=\"https:\/\/i0.wp.com\/www.ofkbrdo.com\/Wordpress\/wp-content\/uploads\/2022\/03\/CB8616B4-710A-42FD-8B3A-226BB791015E-scaled.jpeg?fit=2560%2C1281&amp;ssl=1\" data-orig-size=\"2560,1281\" data-comments-opened=\"0\" data-image-meta=\"{&quot;aperture&quot;:&quot;0&quot;,&quot;credit&quot;:&quot;&quot;,&quot;camera&quot;:&quot;&quot;,&quot;caption&quot;:&quot;&quot;,&quot;created_timestamp&quot;:&quot;0&quot;,&quot;copyright&quot;:&quot;&quot;,&quot;focal_length&quot;:&quot;0&quot;,&quot;iso&quot;:&quot;0&quot;,&quot;shutter_speed&quot;:&quot;0&quot;,&quot;title&quot;:&quot;&quot;,&quot;orientation&quot;:&quot;1&quot;}\" data-image-title=\"CB8616B4-710A-42FD-8B3A-226BB791015E\" data-image-description=\"\" data-image-caption=\"\" data-large-file=\"https:\/\/i0.wp.com\/www.ofkbrdo.com\/Wordpress\/wp-content\/uploads\/2022\/03\/CB8616B4-710A-42FD-8B3A-226BB791015E-scaled.jpeg?fit=640%2C320&amp;ssl=1\" class=\"aligncenter size-large wp-image-5012\" src=\"https:\/\/i0.wp.com\/www.ofkbrdo.com\/Wordpress\/wp-content\/uploads\/2022\/03\/CB8616B4-710A-42FD-8B3A-226BB791015E.jpeg?resize=640%2C320&#038;ssl=1\" alt=\"\" width=\"640\" height=\"320\" srcset=\"https:\/\/i0.wp.com\/www.ofkbrdo.com\/Wordpress\/wp-content\/uploads\/2022\/03\/CB8616B4-710A-42FD-8B3A-226BB791015E-scaled.jpeg?resize=1024%2C512&amp;ssl=1 1024w, https:\/\/i0.wp.com\/www.ofkbrdo.com\/Wordpress\/wp-content\/uploads\/2022\/03\/CB8616B4-710A-42FD-8B3A-226BB791015E-scaled.jpeg?resize=300%2C150&amp;ssl=1 300w, https:\/\/i0.wp.com\/www.ofkbrdo.com\/Wordpress\/wp-content\/uploads\/2022\/03\/CB8616B4-710A-42FD-8B3A-226BB791015E-scaled.jpeg?resize=768%2C384&amp;ssl=1 768w, https:\/\/i0.wp.com\/www.ofkbrdo.com\/Wordpress\/wp-content\/uploads\/2022\/03\/CB8616B4-710A-42FD-8B3A-226BB791015E-scaled.jpeg?resize=1536%2C769&amp;ssl=1 1536w, https:\/\/i0.wp.com\/www.ofkbrdo.com\/Wordpress\/wp-content\/uploads\/2022\/03\/CB8616B4-710A-42FD-8B3A-226BB791015E-scaled.jpeg?resize=2048%2C1025&amp;ssl=1 2048w, https:\/\/i0.wp.com\/www.ofkbrdo.com\/Wordpress\/wp-content\/uploads\/2022\/03\/CB8616B4-710A-42FD-8B3A-226BB791015E-scaled.jpeg?resize=128%2C64&amp;ssl=1 128w, https:\/\/i0.wp.com\/www.ofkbrdo.com\/Wordpress\/wp-content\/uploads\/2022\/03\/CB8616B4-710A-42FD-8B3A-226BB791015E-scaled.jpeg?resize=32%2C16&amp;ssl=1 32w, https:\/\/i0.wp.com\/www.ofkbrdo.com\/Wordpress\/wp-content\/uploads\/2022\/03\/CB8616B4-710A-42FD-8B3A-226BB791015E-scaled.jpeg?w=1280&amp;ssl=1 1280w, https:\/\/i0.wp.com\/www.ofkbrdo.com\/Wordpress\/wp-content\/uploads\/2022\/03\/CB8616B4-710A-42FD-8B3A-226BB791015E-scaled.jpeg?w=1920&amp;ssl=1 1920w\" sizes=\"(max-width: 640px) 100vw, 640px\" \/><\/p>\n<p>Znanje tokom golmanskih i trenerskih dana u Holandiji, od neprocjenjivog je zna\u010daja za golmane Brda. Nezir Avdi\u0107 pored svjetski priznate trenerske licence ima i ono \u0161to ga posebno izdvaja od ostalih. Njegove ljudske kvalitete su toliko vidljive da je posebno zadovoljstvo biti u njegovom okru\u017eenju.<\/p>\n<p>Pored toga \u0161to je volonter u klubu, bezbroj puta je bio jako konkretan kada je rije\u010d o podr\u0161ci voljenom klubu. Beskrajno smo zahvalni i sretni \u0161to Omladinski fudbalski klub Brdo ima ljude kao \u0161to je Nezir Avdi\u0107.<\/p>\n<p>Trener i \u010dovjek koji zaslu\u017euje veliko HVALA.<\/p>\n","protected":false},"excerpt":{"rendered":"<p>Veliki broj epiteta ve\u017ee se uz ime NEZIRA AVDI\u0106A. Bez imalo pretjerivanja mo\u017eemo konstatovati da je Avdi\u0107 va\u017ena karika u Omladinskom fudbalskom klubu Brdo. \u010clan je stru\u010dnog \u0161taba gdje veliko znanje prenosi na golmane kluba koji \u017eivot zna\u010di. Ne samo da ih trenira nego i nagra\u0111uje kada osvajaju bodove. Mislim, da je ovo jedinstven slu\u010daj [&hellip;]<\/p>\n","protected":false},"author":1,"featured_media":4990,"comment_status":"closed","ping_status":"closed","sticky":false,"template":"","format":"standard","meta":{"ngg_post_thumbnail":0,"_jetpack_memberships_contains_paid_content":false,"footnotes":"","jetpack_publicize_message":"","jetpack_publicize_feature_enabled":true,"jetpack_social_post_already_shared":false,"jetpack_social_options":{"image_generator_settings":{"template":"highway","default_image_id":0,"font":"","enabled":false},"version":2}},"categories":[1],"tags":[],"class_list":["post-5011","post","type-post","status-publish","format-standard","has-post-thumbnail","hentry","category-vijesti"],"jetpack_publicize_connections":[],"jetpack_featured_media_url":"https:\/\/i0.wp.com\/www.ofkbrdo.com\/Wordpress\/wp-content\/uploads\/2022\/03\/NezirVdic.png?fit=1082%2C1338&ssl=1","jetpack_sharing_enabled":true,"jetpack_likes_enabled":true,"jetpack_shortlink":"https:\/\/wp.me\/pevKtx-1iP","jetpack-related-posts":[{"id":7126,"url":"https:\/\/www.ofkbrdo.com\/Wordpress\/talentovani-golman-iz-sanskog-mosta-dolazi-na-treninge-nezire-avdica\/","url_meta":{"origin":5011,"position":0},"title":"TALENTOVANI GOLMAN IZ SANSKOG MOSTA DOLAZI NA TRENINGE NEZIRA AVDI\u0106A","author":"admin","date":"8. September 2023","format":false,"excerpt":"O Neziru Avdi\u0107u kao \u010dovjeku i majstoru golmanskih treninga, mislim da ne treba tro\u0161iti rije\u010di. Ne\u0107emo nimalo pogrije\u0161iti ako ka\u017eemo da je to gospodin u rukavicama i kopa\u010dkama. Znali su to cijeniti i u Holandiji gdje je Avdi\u0107 prenosio bogato golmansko iskustvo i znanje na golmane u zemlji lala. Golmani\u2026","rel":"","context":"In &quot;Razno&quot;","block_context":{"text":"Razno","link":"https:\/\/www.ofkbrdo.com\/Wordpress\/razno\/"},"img":{"alt_text":"","src":"https:\/\/i0.wp.com\/www.ofkbrdo.com\/Wordpress\/wp-content\/uploads\/2023\/09\/IMG_1856.jpeg?fit=969%2C595&ssl=1&resize=350%2C200","width":350,"height":200,"srcset":"https:\/\/i0.wp.com\/www.ofkbrdo.com\/Wordpress\/wp-content\/uploads\/2023\/09\/IMG_1856.jpeg?fit=969%2C595&ssl=1&resize=350%2C200 1x, https:\/\/i0.wp.com\/www.ofkbrdo.com\/Wordpress\/wp-content\/uploads\/2023\/09\/IMG_1856.jpeg?fit=969%2C595&ssl=1&resize=525%2C300 1.5x, https:\/\/i0.wp.com\/www.ofkbrdo.com\/Wordpress\/wp-content\/uploads\/2023\/09\/IMG_1856.jpeg?fit=969%2C595&ssl=1&resize=700%2C400 2x"},"classes":[]},{"id":6583,"url":"https:\/\/www.ofkbrdo.com\/Wordpress\/odlicna-forma-golmanskog-tandema-brda\/","url_meta":{"origin":5011,"position":1},"title":"ODLI\u010cNA FORMA GOLMANSKOG TANDEMA BRDA","author":"admin","date":"12. April 2023","format":false,"excerpt":"Nezir Avdi\u0107 je sportista od glave do pete. Prije svega, besprijekoran stas iako je davno oka\u010dio rukavice o klin. Njegov mentalitet i \u017eelja da se \u0161to vi\u0161e znanja prenese na golmane s kojima radi govori da smo jako sretni \u0161to u stru\u010dnom \u0161tabu imamo trenera golmana evropskog znanja i mogu\u0107nosti.\u2026","rel":"","context":"In &quot;Pocetna&quot;","block_context":{"text":"Pocetna","link":"https:\/\/www.ofkbrdo.com\/Wordpress\/vijesti\/"},"img":{"alt_text":"","src":"https:\/\/i0.wp.com\/www.ofkbrdo.com\/Wordpress\/wp-content\/uploads\/2023\/04\/IMG_6862.jpeg?fit=1200%2C663&ssl=1&resize=350%2C200","width":350,"height":200,"srcset":"https:\/\/i0.wp.com\/www.ofkbrdo.com\/Wordpress\/wp-content\/uploads\/2023\/04\/IMG_6862.jpeg?fit=1200%2C663&ssl=1&resize=350%2C200 1x, https:\/\/i0.wp.com\/www.ofkbrdo.com\/Wordpress\/wp-content\/uploads\/2023\/04\/IMG_6862.jpeg?fit=1200%2C663&ssl=1&resize=525%2C300 1.5x, https:\/\/i0.wp.com\/www.ofkbrdo.com\/Wordpress\/wp-content\/uploads\/2023\/04\/IMG_6862.jpeg?fit=1200%2C663&ssl=1&resize=700%2C400 2x, https:\/\/i0.wp.com\/www.ofkbrdo.com\/Wordpress\/wp-content\/uploads\/2023\/04\/IMG_6862.jpeg?fit=1200%2C663&ssl=1&resize=1050%2C600 3x"},"classes":[]},{"id":3650,"url":"https:\/\/www.ofkbrdo.com\/Wordpress\/3650-2\/","url_meta":{"origin":5011,"position":2},"title":"POKRETA\u010cKA SNAGA TIMA","author":"admin","date":"14. July 2021","format":false,"excerpt":"Dobro vam je poznato da su igra\u010de sredine terena, \u017eila kucavica u ekipi. Od njihove kreativnosti, \u010distog fudbalskog znanja i razumijevanja igre, dosta toga zavisi. Ukoliko je na sredini terena kvalitetan igra\u010d, treneri su rije\u0161ili veliki problem. U nekoliko utakmica protekle sezone, Dejan Miji\u0107 je pokazao, jednostavno re\u010deno, da zna\u2026","rel":"","context":"In &quot;Prva ekipa&quot;","block_context":{"text":"Prva ekipa","link":"https:\/\/www.ofkbrdo.com\/Wordpress\/prva-ekipa\/"},"img":{"alt_text":"","src":"https:\/\/i0.wp.com\/www.ofkbrdo.com\/Wordpress\/wp-content\/uploads\/2021\/07\/071D7EF7-3132-4F43-B608-CF50C78A6AEB.jpeg?fit=1148%2C1200&ssl=1&resize=350%2C200","width":350,"height":200,"srcset":"https:\/\/i0.wp.com\/www.ofkbrdo.com\/Wordpress\/wp-content\/uploads\/2021\/07\/071D7EF7-3132-4F43-B608-CF50C78A6AEB.jpeg?fit=1148%2C1200&ssl=1&resize=350%2C200 1x, https:\/\/i0.wp.com\/www.ofkbrdo.com\/Wordpress\/wp-content\/uploads\/2021\/07\/071D7EF7-3132-4F43-B608-CF50C78A6AEB.jpeg?fit=1148%2C1200&ssl=1&resize=525%2C300 1.5x, https:\/\/i0.wp.com\/www.ofkbrdo.com\/Wordpress\/wp-content\/uploads\/2021\/07\/071D7EF7-3132-4F43-B608-CF50C78A6AEB.jpeg?fit=1148%2C1200&ssl=1&resize=700%2C400 2x, https:\/\/i0.wp.com\/www.ofkbrdo.com\/Wordpress\/wp-content\/uploads\/2021\/07\/071D7EF7-3132-4F43-B608-CF50C78A6AEB.jpeg?fit=1148%2C1200&ssl=1&resize=1050%2C600 3x"},"classes":[]},{"id":3804,"url":"https:\/\/www.ofkbrdo.com\/Wordpress\/fudbaler-za-primjer\/","url_meta":{"origin":5011,"position":3},"title":"FUDBALER ZA PRIMJER","author":"admin","date":"11. August 2021","format":false,"excerpt":"Benjamin Hod\u017ei\u0107 ve\u0107 godinama brani boje Omladinskog fudbalskog kluba Brdo. Od prvog dana do danas, bio je prije svega veliki \u010dovjek i prijatelj kluba. Fudbaler je to na kojeg se uvijek mo\u017eete osloniti jer koliko god vremena da provede u igri da\u0107e svoj maksimum. Tih, miran, ne nametljiv, spreman da\u2026","rel":"","context":"In &quot;Pocetna&quot;","block_context":{"text":"Pocetna","link":"https:\/\/www.ofkbrdo.com\/Wordpress\/vijesti\/"},"img":{"alt_text":"","src":"https:\/\/i0.wp.com\/www.ofkbrdo.com\/Wordpress\/wp-content\/uploads\/2021\/02\/k13-2.jpg?fit=901%2C1200&ssl=1&resize=350%2C200","width":350,"height":200,"srcset":"https:\/\/i0.wp.com\/www.ofkbrdo.com\/Wordpress\/wp-content\/uploads\/2021\/02\/k13-2.jpg?fit=901%2C1200&ssl=1&resize=350%2C200 1x, https:\/\/i0.wp.com\/www.ofkbrdo.com\/Wordpress\/wp-content\/uploads\/2021\/02\/k13-2.jpg?fit=901%2C1200&ssl=1&resize=525%2C300 1.5x, https:\/\/i0.wp.com\/www.ofkbrdo.com\/Wordpress\/wp-content\/uploads\/2021\/02\/k13-2.jpg?fit=901%2C1200&ssl=1&resize=700%2C400 2x"},"classes":[]},{"id":3641,"url":"https:\/\/www.ofkbrdo.com\/Wordpress\/rastemo-kao-klub-i-ekipa\/","url_meta":{"origin":5011,"position":4},"title":"RASTEMO KAO KLUB I EKIPA","author":"admin","date":"12. July 2021","format":false,"excerpt":"Nemanja Vujatovi\u0107 je dao zna\u010dajan doprinos u prvoj, drugoliga\u0161koj sezoni, Omladinskog fudbalskog kluba Brdo. Iz utakmice u utakmicu je raslo njegovo samopouzdanje i kako je napredovala ekipa tako je i on bio sve bolji. Najkvalitetnije igre su do\u0161le u utakmicama koje su bile od presudnog zna\u010daja za odli\u010dan zavr\u0161etak sezone,\u2026","rel":"","context":"In &quot;Prva ekipa&quot;","block_context":{"text":"Prva ekipa","link":"https:\/\/www.ofkbrdo.com\/Wordpress\/prva-ekipa\/"},"img":{"alt_text":"","src":"https:\/\/i0.wp.com\/www.ofkbrdo.com\/Wordpress\/wp-content\/uploads\/2021\/07\/8BAFA546-A18C-4B7C-91AE-E2F589089664.jpeg?fit=1200%2C1059&ssl=1&resize=350%2C200","width":350,"height":200,"srcset":"https:\/\/i0.wp.com\/www.ofkbrdo.com\/Wordpress\/wp-content\/uploads\/2021\/07\/8BAFA546-A18C-4B7C-91AE-E2F589089664.jpeg?fit=1200%2C1059&ssl=1&resize=350%2C200 1x, https:\/\/i0.wp.com\/www.ofkbrdo.com\/Wordpress\/wp-content\/uploads\/2021\/07\/8BAFA546-A18C-4B7C-91AE-E2F589089664.jpeg?fit=1200%2C1059&ssl=1&resize=525%2C300 1.5x, https:\/\/i0.wp.com\/www.ofkbrdo.com\/Wordpress\/wp-content\/uploads\/2021\/07\/8BAFA546-A18C-4B7C-91AE-E2F589089664.jpeg?fit=1200%2C1059&ssl=1&resize=700%2C400 2x, https:\/\/i0.wp.com\/www.ofkbrdo.com\/Wordpress\/wp-content\/uploads\/2021\/07\/8BAFA546-A18C-4B7C-91AE-E2F589089664.jpeg?fit=1200%2C1059&ssl=1&resize=1050%2C600 3x"},"classes":[]},{"id":5395,"url":"https:\/\/www.ofkbrdo.com\/Wordpress\/i-nakon-aktivne-igracke-karijere-ostaje-u-klubu-koji-zivot-znaci\/","url_meta":{"origin":5011,"position":5},"title":"I NAKON AKTIVNE IGRA\u010cKE KARIJERE OSTAJE U KLUBU KOJI \u017dIVOT ZNA\u010cI","author":"admin","date":"3. June 2022","format":false,"excerpt":"Na\u0161a je \u017eelja da u Omladinskom fudbalskom klubu Brdo i drugim sportskim kolektivima ima \u0161to vi\u0161e sportista kao \u0161to je Benjamin Hod\u017ei\u0107. Pravi sportista od glave do pete. Njegovo fudbalskog znanje i sportski mentalit su nam bili veoma va\u017eno. Benjamin se ove sezone opra\u0161ta od aktivnog igranja fudbala. Ponosno isti\u010de\u2026","rel":"","context":"In &quot;Druga liga RS&quot;","block_context":{"text":"Druga liga RS","link":"https:\/\/www.ofkbrdo.com\/Wordpress\/druga-liga-rs\/"},"img":{"alt_text":"","src":"https:\/\/i0.wp.com\/www.ofkbrdo.com\/Wordpress\/wp-content\/uploads\/2021\/02\/k13-2.jpg?fit=901%2C1200&ssl=1&resize=350%2C200","width":350,"height":200,"srcset":"https:\/\/i0.wp.com\/www.ofkbrdo.com\/Wordpress\/wp-content\/uploads\/2021\/02\/k13-2.jpg?fit=901%2C1200&ssl=1&resize=350%2C200 1x, https:\/\/i0.wp.com\/www.ofkbrdo.com\/Wordpress\/wp-content\/uploads\/2021\/02\/k13-2.jpg?fit=901%2C1200&ssl=1&resize=525%2C300 1.5x, https:\/\/i0.wp.com\/www.ofkbrdo.com\/Wordpress\/wp-content\/uploads\/2021\/02\/k13-2.jpg?fit=901%2C1200&ssl=1&resize=700%2C400 2x"},"classes":[]}],"_links":{"self":[{"href":"https:\/\/www.ofkbrdo.com\/Wordpress\/wp-json\/wp\/v2\/posts\/5011","targetHints":{"allow":["GET"]}}],"collection":[{"href":"https:\/\/www.ofkbrdo.com\/Wordpress\/wp-json\/wp\/v2\/posts"}],"about":[{"href":"https:\/\/www.ofkbrdo.com\/Wordpress\/wp-json\/wp\/v2\/types\/post"}],"author":[{"embeddable":true,"href":"https:\/\/www.ofkbrdo.com\/Wordpress\/wp-json\/wp\/v2\/users\/1"}],"replies":[{"embeddable":true,"href":"https:\/\/www.ofkbrdo.com\/Wordpress\/wp-json\/wp\/v2\/comments?post=5011"}],"version-history":[{"count":0,"href":"https:\/\/www.ofkbrdo.com\/Wordpress\/wp-json\/wp\/v2\/posts\/5011\/revisions"}],"wp:featuredmedia":[{"embeddable":true,"href":"https:\/\/www.ofkbrdo.com\/Wordpress\/wp-json\/wp\/v2\/media\/4990"}],"wp:attachment":[{"href":"https:\/\/www.ofkbrdo.com\/Wordpress\/wp-json\/wp\/v2\/media?parent=5011"}],"wp:term":[{"taxonomy":"category","embeddable":true,"href":"https:\/\/www.ofkbrdo.com\/Wordpress\/wp-json\/wp\/v2\/categories?post=5011"},{"taxonomy":"post_tag","embeddable":true,"href":"https:\/\/www.ofkbrdo.com\/Wordpress\/wp-json\/wp\/v2\/tags?post=5011"}],"curies":[{"name":"wp","href":"https:\/\/api.w.org\/{rel}","templated":true}]}}