{"id":5075,"date":"2022-04-01T22:41:13","date_gmt":"2022-04-01T20:41:13","guid":{"rendered":"https:\/\/www.ofkbrdo.com\/Wordpress\/?p=5075"},"modified":"2022-04-01T22:41:13","modified_gmt":"2022-04-01T20:41:13","slug":"video-trijumf-protiv-proletera-za-uspjesniji-nastavak-prvenstva","status":"publish","type":"post","link":"https:\/\/www.ofkbrdo.com\/Wordpress\/video-trijumf-protiv-proletera-za-uspjesniji-nastavak-prvenstva\/","title":{"rendered":"VIDEO: TRIJUMF PROTIV PROLETERA ZA USPJE\u0160NIJI NASTAVAK PRVENSTVA"},"content":{"rendered":"<p>U nedjelju s po\u010detkom u 15,30 sati, Omladinski fudbalski klub Brdo u 20. kolu drugoliga\u0161kog prvenstva do\u010dekuje Proleter iz Tesli\u0107a.<\/p>\n<div class=\"jetpack-video-wrapper\"><div class=\"lyte-wrapper fourthree\" title=\"OFK BRDO- PROLETER TESLI\u0106\" style=\"width:420px;max-width:100%;margin:5px;\"><div class=\"lyMe\" id=\"WYL_x_H2SA60PzQ\" itemprop=\"video\" itemscope itemtype=\"https:\/\/schema.org\/VideoObject\"><div><meta itemprop=\"thumbnailUrl\" content=\"https:\/\/i.ytimg.com\/vi\/x_H2SA60PzQ\/hqdefault.jpg\" \/><meta itemprop=\"embedURL\" content=\"https:\/\/www.youtube.com\/embed\/x_H2SA60PzQ\" \/><meta itemprop=\"duration\" content=\"PT4M49S\" \/><meta itemprop=\"uploadDate\" content=\"2022-04-01T19:21:43Z\" \/><\/div><div id=\"lyte_x_H2SA60PzQ\" data-src=\"https:\/\/i.ytimg.com\/vi\/x_H2SA60PzQ\/hqdefault.jpg\" class=\"pL\"><div class=\"tC\"><div class=\"tT\" itemprop=\"name\">OFK BRDO- PROLETER TESLI\u0106<\/div><\/div><div class=\"play\"><\/div><div class=\"ctrl\"><div class=\"Lctrl\"><\/div><div class=\"Rctrl\"><\/div><\/div><\/div><noscript><a href=\"https:\/\/youtu.be\/x_H2SA60PzQ\" rel=\"nofollow noopener\" target=\"_blank\"><img data-recalc-dims=\"1\" fetchpriority=\"high\" decoding=\"async\" src=\"https:\/\/i0.wp.com\/i.ytimg.com\/vi\/x_H2SA60PzQ\/0.jpg?resize=420%2C295&#038;ssl=1\" alt=\"OFK BRDO- PROLETER TESLI\u0106\" width=\"420\" height=\"295\" \/><br \/>Watch this video on YouTube<\/a><\/noscript><meta itemprop=\"description\" content=\"Pred Omladinskim fudbalskim klubom Brdo je dobra prilika da se nakon dobre igre u \u017deravici, osvoje prvi proljetni bodovi na doma\u0107em terenu.\"><\/div><\/div><div class=\"lL\" style=\"max-width:100%;width:420px;margin:5px;\"><\/div><\/div>\n<p>Bi\u0107e to prilika da \u017euto-plavi zabilje\u017ee prvu proljetnu pobjedu pred svojim gledaocima. Ne\u0107e biti lako, ali, iz stru\u010dnog \u0161taba i ekipe Brda najavljuju osvajanje bodova.<\/p>\n<p>Za na\u0161e navija\u010de \u0161irom svijeta osigurali smo LIVE pra\u0107enje ove utakmice.<br \/>\n<img data-recalc-dims=\"1\" decoding=\"async\" data-attachment-id=\"5076\" data-permalink=\"https:\/\/www.ofkbrdo.com\/Wordpress\/video-trijumf-protiv-proletera-za-uspjesniji-nastavak-prvenstva\/a0f5df60-6eed-4547-aa60-6f2149ed979e\/\" data-orig-file=\"https:\/\/i0.wp.com\/www.ofkbrdo.com\/Wordpress\/wp-content\/uploads\/2022\/04\/A0F5DF60-6EED-4547-AA60-6F2149ED979E.jpeg?fit=1694%2C1171&amp;ssl=1\" data-orig-size=\"1694,1171\" data-comments-opened=\"0\" data-image-meta=\"{&quot;aperture&quot;:&quot;0&quot;,&quot;credit&quot;:&quot;&quot;,&quot;camera&quot;:&quot;&quot;,&quot;caption&quot;:&quot;&quot;,&quot;created_timestamp&quot;:&quot;0&quot;,&quot;copyright&quot;:&quot;&quot;,&quot;focal_length&quot;:&quot;0&quot;,&quot;iso&quot;:&quot;0&quot;,&quot;shutter_speed&quot;:&quot;0&quot;,&quot;title&quot;:&quot;&quot;,&quot;orientation&quot;:&quot;1&quot;}\" data-image-title=\"A0F5DF60-6EED-4547-AA60-6F2149ED979E\" data-image-description=\"\" data-image-caption=\"\" data-large-file=\"https:\/\/i0.wp.com\/www.ofkbrdo.com\/Wordpress\/wp-content\/uploads\/2022\/04\/A0F5DF60-6EED-4547-AA60-6F2149ED979E.jpeg?fit=640%2C443&amp;ssl=1\" class=\"aligncenter size-large wp-image-5076\" src=\"https:\/\/i0.wp.com\/www.ofkbrdo.com\/Wordpress\/wp-content\/uploads\/2022\/04\/A0F5DF60-6EED-4547-AA60-6F2149ED979E.jpeg?resize=640%2C443&#038;ssl=1\" alt=\"\" width=\"640\" height=\"443\" srcset=\"https:\/\/i0.wp.com\/www.ofkbrdo.com\/Wordpress\/wp-content\/uploads\/2022\/04\/A0F5DF60-6EED-4547-AA60-6F2149ED979E.jpeg?resize=1024%2C708&amp;ssl=1 1024w, https:\/\/i0.wp.com\/www.ofkbrdo.com\/Wordpress\/wp-content\/uploads\/2022\/04\/A0F5DF60-6EED-4547-AA60-6F2149ED979E.jpeg?resize=300%2C207&amp;ssl=1 300w, https:\/\/i0.wp.com\/www.ofkbrdo.com\/Wordpress\/wp-content\/uploads\/2022\/04\/A0F5DF60-6EED-4547-AA60-6F2149ED979E.jpeg?resize=768%2C531&amp;ssl=1 768w, https:\/\/i0.wp.com\/www.ofkbrdo.com\/Wordpress\/wp-content\/uploads\/2022\/04\/A0F5DF60-6EED-4547-AA60-6F2149ED979E.jpeg?resize=1536%2C1062&amp;ssl=1 1536w, https:\/\/i0.wp.com\/www.ofkbrdo.com\/Wordpress\/wp-content\/uploads\/2022\/04\/A0F5DF60-6EED-4547-AA60-6F2149ED979E.jpeg?resize=128%2C88&amp;ssl=1 128w, https:\/\/i0.wp.com\/www.ofkbrdo.com\/Wordpress\/wp-content\/uploads\/2022\/04\/A0F5DF60-6EED-4547-AA60-6F2149ED979E.jpeg?resize=32%2C22&amp;ssl=1 32w, https:\/\/i0.wp.com\/www.ofkbrdo.com\/Wordpress\/wp-content\/uploads\/2022\/04\/A0F5DF60-6EED-4547-AA60-6F2149ED979E.jpeg?w=1694&amp;ssl=1 1694w, https:\/\/i0.wp.com\/www.ofkbrdo.com\/Wordpress\/wp-content\/uploads\/2022\/04\/A0F5DF60-6EED-4547-AA60-6F2149ED979E.jpeg?w=1280&amp;ssl=1 1280w\" sizes=\"(max-width: 640px) 100vw, 640px\" \/><\/p>\n","protected":false},"excerpt":{"rendered":"<p>U nedjelju s po\u010detkom u 15,30 sati, Omladinski fudbalski klub Brdo u 20. kolu drugoliga\u0161kog prvenstva do\u010dekuje Proleter iz Tesli\u0107a. OFK BRDO- PROLETER TESLI\u0106Watch this video on YouTube Bi\u0107e to prilika da \u017euto-plavi zabilje\u017ee prvu proljetnu pobjedu pred svojim gledaocima. Ne\u0107e biti lako, ali, iz stru\u010dnog \u0161taba i ekipe Brda najavljuju osvajanje bodova. Za na\u0161e [&hellip;]<\/p>\n","protected":false},"author":1,"featured_media":5077,"comment_status":"closed","ping_status":"closed","sticky":false,"template":"","format":"standard","meta":{"ngg_post_thumbnail":0,"_jetpack_memberships_contains_paid_content":false,"footnotes":"","jetpack_publicize_message":"","jetpack_publicize_feature_enabled":true,"jetpack_social_post_already_shared":false,"jetpack_social_options":{"image_generator_settings":{"template":"highway","default_image_id":0,"font":"","enabled":false},"version":2}},"categories":[210],"tags":[],"class_list":["post-5075","post","type-post","status-publish","format-standard","has-post-thumbnail","hentry","category-druga-liga-rs"],"jetpack_publicize_connections":[],"jetpack_featured_media_url":"https:\/\/i0.wp.com\/www.ofkbrdo.com\/Wordpress\/wp-content\/uploads\/2022\/04\/B916DECB-7536-46A8-BE3E-760AD7D568A3.jpeg?fit=1983%2C1045&ssl=1","jetpack_sharing_enabled":true,"jetpack_likes_enabled":true,"jetpack_shortlink":"https:\/\/wp.me\/pevKtx-1jR","jetpack-related-posts":[{"id":6371,"url":"https:\/\/www.ofkbrdo.com\/Wordpress\/brdo-bolje-od-sloge-iz-bosanske-otoke\/","url_meta":{"origin":5075,"position":0},"title":"BRDO BOLJE OD SLOGE IZ BOSANSKE OTOKE","author":"admin","date":"19. February 2023","format":false,"excerpt":"Dobra fudbalska predstava iako je to bila pripremna utakmica drugoliga\u0161a iz dva entiteta. Ukupno sedam golova i jo\u0161 dosta toga \u0161to treba popraviti do po\u010detka prvenstva. Golove za Omladinski fudbalski klub Brdo su postiglu, Kurid\u017ea, Karajica, Krneta i Hod\u017ei\u0107. Za na\u0161e sportske prijatelje iz Bosanske Otoke golove su postigli Vu\u010den,\u2026","rel":"","context":"In &quot;Prva ekipa&quot;","block_context":{"text":"Prva ekipa","link":"https:\/\/www.ofkbrdo.com\/Wordpress\/prva-ekipa\/"},"img":{"alt_text":"","src":"https:\/\/i0.wp.com\/www.ofkbrdo.com\/Wordpress\/wp-content\/uploads\/2023\/02\/E9E2D519-6A98-4BED-A79E-EBDFC564AD37.jpeg?fit=1200%2C540&ssl=1&resize=350%2C200","width":350,"height":200,"srcset":"https:\/\/i0.wp.com\/www.ofkbrdo.com\/Wordpress\/wp-content\/uploads\/2023\/02\/E9E2D519-6A98-4BED-A79E-EBDFC564AD37.jpeg?fit=1200%2C540&ssl=1&resize=350%2C200 1x, https:\/\/i0.wp.com\/www.ofkbrdo.com\/Wordpress\/wp-content\/uploads\/2023\/02\/E9E2D519-6A98-4BED-A79E-EBDFC564AD37.jpeg?fit=1200%2C540&ssl=1&resize=525%2C300 1.5x, https:\/\/i0.wp.com\/www.ofkbrdo.com\/Wordpress\/wp-content\/uploads\/2023\/02\/E9E2D519-6A98-4BED-A79E-EBDFC564AD37.jpeg?fit=1200%2C540&ssl=1&resize=700%2C400 2x, https:\/\/i0.wp.com\/www.ofkbrdo.com\/Wordpress\/wp-content\/uploads\/2023\/02\/E9E2D519-6A98-4BED-A79E-EBDFC564AD37.jpeg?fit=1200%2C540&ssl=1&resize=1050%2C600 3x"},"classes":[]},{"id":4907,"url":"https:\/\/www.ofkbrdo.com\/Wordpress\/spremni-smo-za-nastavak-prvenstva\/","url_meta":{"origin":5075,"position":1},"title":"SPREMNI SMO ZA NASTAVAK PRVENSTVA","author":"admin","date":"27. February 2022","format":false,"excerpt":"Trener Omladinskog fudbalskog kluba Brdo Goran Kecman je bio prili\u010dno zadovoljan prikazanom igrom u generalnoj probi pred nastavak prvenstva. https:\/\/youtu.be\/WUm3D6M0K0k Dobro je za atmosferu u ekipi da je zabilje\u017eena pobjeda u duelu sa federalnim drugoliga\u0161em iz Kamengrada, ali Kecmana vi\u0161e zanima kako igra\u010di odgovaraju na date upute. To je dobro\u2026","rel":"","context":"In &quot;Prva ekipa&quot;","block_context":{"text":"Prva ekipa","link":"https:\/\/www.ofkbrdo.com\/Wordpress\/prva-ekipa\/"},"img":{"alt_text":"","src":"https:\/\/i0.wp.com\/www.ofkbrdo.com\/Wordpress\/wp-content\/uploads\/2022\/02\/21CCD573-BDBC-4D23-8B19-DD980FDCA6CF.jpeg?fit=1200%2C749&ssl=1&resize=350%2C200","width":350,"height":200,"srcset":"https:\/\/i0.wp.com\/www.ofkbrdo.com\/Wordpress\/wp-content\/uploads\/2022\/02\/21CCD573-BDBC-4D23-8B19-DD980FDCA6CF.jpeg?fit=1200%2C749&ssl=1&resize=350%2C200 1x, https:\/\/i0.wp.com\/www.ofkbrdo.com\/Wordpress\/wp-content\/uploads\/2022\/02\/21CCD573-BDBC-4D23-8B19-DD980FDCA6CF.jpeg?fit=1200%2C749&ssl=1&resize=525%2C300 1.5x, https:\/\/i0.wp.com\/www.ofkbrdo.com\/Wordpress\/wp-content\/uploads\/2022\/02\/21CCD573-BDBC-4D23-8B19-DD980FDCA6CF.jpeg?fit=1200%2C749&ssl=1&resize=700%2C400 2x, https:\/\/i0.wp.com\/www.ofkbrdo.com\/Wordpress\/wp-content\/uploads\/2022\/02\/21CCD573-BDBC-4D23-8B19-DD980FDCA6CF.jpeg?fit=1200%2C749&ssl=1&resize=1050%2C600 3x"},"classes":[]},{"id":2891,"url":"https:\/\/www.ofkbrdo.com\/Wordpress\/pocele-pripreme-fudbalera-ofk-brda\/","url_meta":{"origin":5075,"position":2},"title":"PO\u010cELE PRIPREME FUDBALERA OFK BRDA","author":"admin","date":"1. February 2021","format":false,"excerpt":"Trener Omladinskog fudbalskog kluba Brdo, Mirza Alki\u0107 \"prozvao\" je 18 fudbalera, ali jo\u0161 uvijek se ne zna da li \u0107e mo\u0107i na njih i ra\u010dunati. Pojedini igra\u010di \u017eele u novu sredinu tako da ostaje pitanje njihovog nastupa u proljetnom dijelu sezone. Sada je sigurno da za Brdo ne\u0107e nastupati \u0160aki\u0107,\u2026","rel":"","context":"In &quot;Pocetna&quot;","block_context":{"text":"Pocetna","link":"https:\/\/www.ofkbrdo.com\/Wordpress\/vijesti\/"},"img":{"alt_text":"","src":"https:\/\/i0.wp.com\/www.ofkbrdo.com\/Wordpress\/wp-content\/uploads\/2021\/02\/OFKBrdo20210131.png?fit=1080%2C600&ssl=1&resize=350%2C200","width":350,"height":200,"srcset":"https:\/\/i0.wp.com\/www.ofkbrdo.com\/Wordpress\/wp-content\/uploads\/2021\/02\/OFKBrdo20210131.png?fit=1080%2C600&ssl=1&resize=350%2C200 1x, https:\/\/i0.wp.com\/www.ofkbrdo.com\/Wordpress\/wp-content\/uploads\/2021\/02\/OFKBrdo20210131.png?fit=1080%2C600&ssl=1&resize=525%2C300 1.5x, https:\/\/i0.wp.com\/www.ofkbrdo.com\/Wordpress\/wp-content\/uploads\/2021\/02\/OFKBrdo20210131.png?fit=1080%2C600&ssl=1&resize=700%2C400 2x, https:\/\/i0.wp.com\/www.ofkbrdo.com\/Wordpress\/wp-content\/uploads\/2021\/02\/OFKBrdo20210131.png?fit=1080%2C600&ssl=1&resize=1050%2C600 3x"},"classes":[]},{"id":2591,"url":"https:\/\/www.ofkbrdo.com\/Wordpress\/poraz-brda-na-kraju-prvog-dijela-prvenstva\/","url_meta":{"origin":5075,"position":3},"title":"PORAZ BRDA NA KRAJU PRVOG DIJELA PRVENSTVA","author":"admin","date":"3. November 2020","format":false,"excerpt":"Potajno smo se nadali da \u0107e serija lo\u0161ih rezultata Brda biti prekinuta u Lakta\u0161ima. Me\u0111utim, posljednja utakmica jesenje dijela prvenstva Druge fudbalske lige, grupa zapad, donijela je jo\u0161 jedan poraz izabranicima Mirze Alki\u0107a. U blijedom izdanju Brda, ekipi Lakta\u0161a nije bilo te\u0161ko dati \u010detiri gola. Rije\u010di trenera doma\u0107eg sastava, nekada\u0161njeg\u2026","rel":"","context":"In &quot;Pocetna&quot;","block_context":{"text":"Pocetna","link":"https:\/\/www.ofkbrdo.com\/Wordpress\/vijesti\/"},"img":{"alt_text":"","src":"https:\/\/i0.wp.com\/www.ofkbrdo.com\/Wordpress\/wp-content\/uploads\/2020\/10\/BRdo_omarska.jpg?fit=1200%2C900&ssl=1&resize=350%2C200","width":350,"height":200,"srcset":"https:\/\/i0.wp.com\/www.ofkbrdo.com\/Wordpress\/wp-content\/uploads\/2020\/10\/BRdo_omarska.jpg?fit=1200%2C900&ssl=1&resize=350%2C200 1x, https:\/\/i0.wp.com\/www.ofkbrdo.com\/Wordpress\/wp-content\/uploads\/2020\/10\/BRdo_omarska.jpg?fit=1200%2C900&ssl=1&resize=525%2C300 1.5x, https:\/\/i0.wp.com\/www.ofkbrdo.com\/Wordpress\/wp-content\/uploads\/2020\/10\/BRdo_omarska.jpg?fit=1200%2C900&ssl=1&resize=700%2C400 2x, https:\/\/i0.wp.com\/www.ofkbrdo.com\/Wordpress\/wp-content\/uploads\/2020\/10\/BRdo_omarska.jpg?fit=1200%2C900&ssl=1&resize=1050%2C600 3x"},"classes":[]},{"id":2414,"url":"https:\/\/www.ofkbrdo.com\/Wordpress\/nakon-devetog-kola-ofk-brdo-na-sredini-tabele\/","url_meta":{"origin":5075,"position":4},"title":"NAKON DEVETOG KOLA OFK BRDO NA SREDINI TABELE","author":"admin","date":"6. October 2020","format":false,"excerpt":"Ve\u0107 smo konstatirali da je bod u nedjeljnom susretu s ekipom Jedinstva iz \u017deravice, rezultatski uspjeh za izabranike Mirze Alki\u0107a. Podatak da su gosti u dosada\u0161njem toku prvenstva samo jednom bili pora\u017eeni govori da je veoma va\u017eno \u0161to je nakon devetog kola, Brdo pobolj\u0161alo bodovni saldo. Jedinstvo je sada na\u2026","rel":"","context":"In &quot;Pocetna&quot;","block_context":{"text":"Pocetna","link":"https:\/\/www.ofkbrdo.com\/Wordpress\/vijesti\/"},"img":{"alt_text":"","src":"https:\/\/i0.wp.com\/www.ofkbrdo.com\/Wordpress\/wp-content\/uploads\/2020\/10\/received_271987307252213.jpeg?fit=720%2C960&ssl=1&resize=350%2C200","width":350,"height":200,"srcset":"https:\/\/i0.wp.com\/www.ofkbrdo.com\/Wordpress\/wp-content\/uploads\/2020\/10\/received_271987307252213.jpeg?fit=720%2C960&ssl=1&resize=350%2C200 1x, https:\/\/i0.wp.com\/www.ofkbrdo.com\/Wordpress\/wp-content\/uploads\/2020\/10\/received_271987307252213.jpeg?fit=720%2C960&ssl=1&resize=525%2C300 1.5x, https:\/\/i0.wp.com\/www.ofkbrdo.com\/Wordpress\/wp-content\/uploads\/2020\/10\/received_271987307252213.jpeg?fit=720%2C960&ssl=1&resize=700%2C400 2x"},"classes":[]},{"id":6410,"url":"https:\/\/www.ofkbrdo.com\/Wordpress\/press-dolazi-nam-lider-prvenstva\/","url_meta":{"origin":5075,"position":5},"title":"PRESS: DOLAZI NAM LIDER PRVENSTVA","author":"admin","date":"18. March 2023","format":false,"excerpt":"Nedjelja donosi veliko isku\u0161enje za fudbalere Omladinskog fudbalskog kluba Brdo. Na Vedro polje dolazi lider prvenstva, ekipa koju ve\u0107 vide u prvoliga\u0161kim dru\u0161tvu. Da je rije\u010d o veoma kvalitetnom timu govori podatak da je dubi\u010dki Borac posljednji prvenstveni poraz zabilje\u017eio 22.10. pro\u0161le godine. U dosada\u0161njem toku sezone, Borac je primio\u2026","rel":"","context":"In &quot;Druga liga RS&quot;","block_context":{"text":"Druga liga RS","link":"https:\/\/www.ofkbrdo.com\/Wordpress\/druga-liga-rs\/"},"img":{"alt_text":"","src":"https:\/\/i0.wp.com\/www.ofkbrdo.com\/Wordpress\/wp-content\/uploads\/2023\/03\/3EB1927F-9BFA-466F-B969-D4ACFE095C13.jpeg?fit=1200%2C599&ssl=1&resize=350%2C200","width":350,"height":200,"srcset":"https:\/\/i0.wp.com\/www.ofkbrdo.com\/Wordpress\/wp-content\/uploads\/2023\/03\/3EB1927F-9BFA-466F-B969-D4ACFE095C13.jpeg?fit=1200%2C599&ssl=1&resize=350%2C200 1x, https:\/\/i0.wp.com\/www.ofkbrdo.com\/Wordpress\/wp-content\/uploads\/2023\/03\/3EB1927F-9BFA-466F-B969-D4ACFE095C13.jpeg?fit=1200%2C599&ssl=1&resize=525%2C300 1.5x, https:\/\/i0.wp.com\/www.ofkbrdo.com\/Wordpress\/wp-content\/uploads\/2023\/03\/3EB1927F-9BFA-466F-B969-D4ACFE095C13.jpeg?fit=1200%2C599&ssl=1&resize=700%2C400 2x, https:\/\/i0.wp.com\/www.ofkbrdo.com\/Wordpress\/wp-content\/uploads\/2023\/03\/3EB1927F-9BFA-466F-B969-D4ACFE095C13.jpeg?fit=1200%2C599&ssl=1&resize=1050%2C600 3x"},"classes":[]}],"_links":{"self":[{"href":"https:\/\/www.ofkbrdo.com\/Wordpress\/wp-json\/wp\/v2\/posts\/5075","targetHints":{"allow":["GET"]}}],"collection":[{"href":"https:\/\/www.ofkbrdo.com\/Wordpress\/wp-json\/wp\/v2\/posts"}],"about":[{"href":"https:\/\/www.ofkbrdo.com\/Wordpress\/wp-json\/wp\/v2\/types\/post"}],"author":[{"embeddable":true,"href":"https:\/\/www.ofkbrdo.com\/Wordpress\/wp-json\/wp\/v2\/users\/1"}],"replies":[{"embeddable":true,"href":"https:\/\/www.ofkbrdo.com\/Wordpress\/wp-json\/wp\/v2\/comments?post=5075"}],"version-history":[{"count":0,"href":"https:\/\/www.ofkbrdo.com\/Wordpress\/wp-json\/wp\/v2\/posts\/5075\/revisions"}],"wp:featuredmedia":[{"embeddable":true,"href":"https:\/\/www.ofkbrdo.com\/Wordpress\/wp-json\/wp\/v2\/media\/5077"}],"wp:attachment":[{"href":"https:\/\/www.ofkbrdo.com\/Wordpress\/wp-json\/wp\/v2\/media?parent=5075"}],"wp:term":[{"taxonomy":"category","embeddable":true,"href":"https:\/\/www.ofkbrdo.com\/Wordpress\/wp-json\/wp\/v2\/categories?post=5075"},{"taxonomy":"post_tag","embeddable":true,"href":"https:\/\/www.ofkbrdo.com\/Wordpress\/wp-json\/wp\/v2\/tags?post=5075"}],"curies":[{"name":"wp","href":"https:\/\/api.w.org\/{rel}","templated":true}]}}