{"id":5211,"date":"2022-05-01T14:54:06","date_gmt":"2022-05-01T12:54:06","guid":{"rendered":"https:\/\/www.ofkbrdo.com\/Wordpress\/?p=5211"},"modified":"2022-05-01T14:54:06","modified_gmt":"2022-05-01T12:54:06","slug":"5211-2","status":"publish","type":"post","link":"https:\/\/www.ofkbrdo.com\/Wordpress\/5211-2\/","title":{"rendered":"Izjava giganta na\u0161e odbrane"},"content":{"rendered":"<p>Jedan od najboljih \u0161topera na drugoliga\u0161kom Zapadu,Nemanja Vujatovi\u0107 zadovoljan nakon pobjede Brda protiv srba\u010dke Sloge:<\/p>\n<p>&#8220;Mi smo od prvog minuta imali jedan cilj, a to je da se pitamo za sve na ovoj utakmici i upi\u0161emo nova tri boda i samim tim poka\u017eemo da nismo slu\u010dajno u vrhu tabele. Dobrim dijelom utakmice smo to i uspjeli, uz veliku \u017eelju i maksimalno zalaganje svih igra\u010da upisali smo nova 3 boda. Rezultat je realno mogao biti i ve\u0107i, da smo bili malo vi\u0161e skoncetrisani u zavr\u0161ici, ali najbitnije da smo pokazali da igramo dobar fudbal i da donosimo bodove, da na\u0161a publika mo\u017ee da u\u017eiva u dobrom fudbalu. Okre\u0107emo se narednoj utakmici, gdje smo doma\u0107ini ekipi Ukrine, a cilj je naravno novi bodovi na doma\u0107em terenu&#8221;, rekao je Vujatovi\u0107 za Facebook portal Druga liga RS Zapad.<\/p>\n<p><img data-recalc-dims=\"1\" fetchpriority=\"high\" decoding=\"async\" data-attachment-id=\"5213\" data-permalink=\"https:\/\/www.ofkbrdo.com\/Wordpress\/5211-2\/a909e5ff-d2e6-4e54-a0d1-1f8838700044\/\" data-orig-file=\"https:\/\/i0.wp.com\/www.ofkbrdo.com\/Wordpress\/wp-content\/uploads\/2022\/05\/A909E5FF-D2E6-4E54-A0D1-1F8838700044.jpeg?fit=2048%2C1367&amp;ssl=1\" data-orig-size=\"2048,1367\" data-comments-opened=\"0\" data-image-meta=\"{&quot;aperture&quot;:&quot;0&quot;,&quot;credit&quot;:&quot;&quot;,&quot;camera&quot;:&quot;&quot;,&quot;caption&quot;:&quot;&quot;,&quot;created_timestamp&quot;:&quot;0&quot;,&quot;copyright&quot;:&quot;&quot;,&quot;focal_length&quot;:&quot;0&quot;,&quot;iso&quot;:&quot;0&quot;,&quot;shutter_speed&quot;:&quot;0&quot;,&quot;title&quot;:&quot;&quot;,&quot;orientation&quot;:&quot;1&quot;}\" data-image-title=\"A909E5FF-D2E6-4E54-A0D1-1F8838700044\" data-image-description=\"\" data-image-caption=\"\" data-large-file=\"https:\/\/i0.wp.com\/www.ofkbrdo.com\/Wordpress\/wp-content\/uploads\/2022\/05\/A909E5FF-D2E6-4E54-A0D1-1F8838700044.jpeg?fit=640%2C428&amp;ssl=1\" class=\"aligncenter size-large wp-image-5213\" src=\"https:\/\/i0.wp.com\/www.ofkbrdo.com\/Wordpress\/wp-content\/uploads\/2022\/05\/A909E5FF-D2E6-4E54-A0D1-1F8838700044.jpeg?resize=640%2C428&#038;ssl=1\" alt=\"\" width=\"640\" height=\"428\" srcset=\"https:\/\/i0.wp.com\/www.ofkbrdo.com\/Wordpress\/wp-content\/uploads\/2022\/05\/A909E5FF-D2E6-4E54-A0D1-1F8838700044.jpeg?resize=1024%2C684&amp;ssl=1 1024w, https:\/\/i0.wp.com\/www.ofkbrdo.com\/Wordpress\/wp-content\/uploads\/2022\/05\/A909E5FF-D2E6-4E54-A0D1-1F8838700044.jpeg?resize=300%2C200&amp;ssl=1 300w, https:\/\/i0.wp.com\/www.ofkbrdo.com\/Wordpress\/wp-content\/uploads\/2022\/05\/A909E5FF-D2E6-4E54-A0D1-1F8838700044.jpeg?resize=768%2C513&amp;ssl=1 768w, https:\/\/i0.wp.com\/www.ofkbrdo.com\/Wordpress\/wp-content\/uploads\/2022\/05\/A909E5FF-D2E6-4E54-A0D1-1F8838700044.jpeg?resize=1536%2C1025&amp;ssl=1 1536w, https:\/\/i0.wp.com\/www.ofkbrdo.com\/Wordpress\/wp-content\/uploads\/2022\/05\/A909E5FF-D2E6-4E54-A0D1-1F8838700044.jpeg?resize=128%2C85&amp;ssl=1 128w, https:\/\/i0.wp.com\/www.ofkbrdo.com\/Wordpress\/wp-content\/uploads\/2022\/05\/A909E5FF-D2E6-4E54-A0D1-1F8838700044.jpeg?resize=32%2C21&amp;ssl=1 32w, https:\/\/i0.wp.com\/www.ofkbrdo.com\/Wordpress\/wp-content\/uploads\/2022\/05\/A909E5FF-D2E6-4E54-A0D1-1F8838700044.jpeg?w=2048&amp;ssl=1 2048w, https:\/\/i0.wp.com\/www.ofkbrdo.com\/Wordpress\/wp-content\/uploads\/2022\/05\/A909E5FF-D2E6-4E54-A0D1-1F8838700044.jpeg?w=1280&amp;ssl=1 1280w, https:\/\/i0.wp.com\/www.ofkbrdo.com\/Wordpress\/wp-content\/uploads\/2022\/05\/A909E5FF-D2E6-4E54-A0D1-1F8838700044.jpeg?w=1920&amp;ssl=1 1920w\" sizes=\"(max-width: 640px) 100vw, 640px\" \/><\/p>\n<p><b>Foto Memi\u0107&nbsp;<\/b><\/p>\n","protected":false},"excerpt":{"rendered":"<p>Jedan od najboljih \u0161topera na drugoliga\u0161kom Zapadu,Nemanja Vujatovi\u0107 zadovoljan nakon pobjede Brda protiv srba\u010dke Sloge: &#8220;Mi smo od prvog minuta imali jedan cilj, a to je da se pitamo za sve na ovoj utakmici i upi\u0161emo nova tri boda i samim tim poka\u017eemo da nismo slu\u010dajno u vrhu tabele. Dobrim dijelom utakmice smo to i [&hellip;]<\/p>\n","protected":false},"author":1,"featured_media":5212,"comment_status":"closed","ping_status":"closed","sticky":false,"template":"","format":"standard","meta":{"ngg_post_thumbnail":0,"_jetpack_memberships_contains_paid_content":false,"footnotes":"","jetpack_publicize_message":"","jetpack_publicize_feature_enabled":true,"jetpack_social_post_already_shared":false,"jetpack_social_options":{"image_generator_settings":{"template":"highway","default_image_id":0,"font":"","enabled":false},"version":2}},"categories":[210],"tags":[],"class_list":["post-5211","post","type-post","status-publish","format-standard","has-post-thumbnail","hentry","category-druga-liga-rs"],"jetpack_publicize_connections":[],"jetpack_featured_media_url":"https:\/\/i0.wp.com\/www.ofkbrdo.com\/Wordpress\/wp-content\/uploads\/2022\/05\/92C77EF2-86FD-40A8-88E7-A16F2BE26EF4.jpeg?fit=2048%2C1367&ssl=1","jetpack_sharing_enabled":true,"jetpack_likes_enabled":true,"jetpack_shortlink":"https:\/\/wp.me\/pevKtx-1m3","jetpack-related-posts":[{"id":5984,"url":"https:\/\/www.ofkbrdo.com\/Wordpress\/ostali-smo-bez-planiranih-bodova\/","url_meta":{"origin":5211,"position":0},"title":"Ostali smo bez planiranih bodova","author":"admin","date":"1. October 2022","format":false,"excerpt":"Ostali smo bez planiranih bodova. To je najkra\u0107i zaklju\u010dak, nakon dana\u0161njeg susreta odigranog protiv Proletera iz Tesli\u0107a. Izabranici Mirze Alki\u0107e i Gorana Kecmana nisu na\u0161li na\u010dina kako savladati sastav koji je u osam prvenstvenih me\u010deva osvojio svega \u0161est bodova i postigao \u010detiri gola. Ekipa Brda u nekoliko utakmica pokazuje da\u2026","rel":"","context":"In &quot;Druga liga RS&quot;","block_context":{"text":"Druga liga RS","link":"https:\/\/www.ofkbrdo.com\/Wordpress\/druga-liga-rs\/"},"img":{"alt_text":"","src":"https:\/\/i0.wp.com\/www.ofkbrdo.com\/Wordpress\/wp-content\/uploads\/2022\/10\/5DCEEF18-6087-4A14-81EE-50DFE9362A8F-scaled.jpeg?fit=1200%2C900&ssl=1&resize=350%2C200","width":350,"height":200,"srcset":"https:\/\/i0.wp.com\/www.ofkbrdo.com\/Wordpress\/wp-content\/uploads\/2022\/10\/5DCEEF18-6087-4A14-81EE-50DFE9362A8F-scaled.jpeg?fit=1200%2C900&ssl=1&resize=350%2C200 1x, https:\/\/i0.wp.com\/www.ofkbrdo.com\/Wordpress\/wp-content\/uploads\/2022\/10\/5DCEEF18-6087-4A14-81EE-50DFE9362A8F-scaled.jpeg?fit=1200%2C900&ssl=1&resize=525%2C300 1.5x, https:\/\/i0.wp.com\/www.ofkbrdo.com\/Wordpress\/wp-content\/uploads\/2022\/10\/5DCEEF18-6087-4A14-81EE-50DFE9362A8F-scaled.jpeg?fit=1200%2C900&ssl=1&resize=700%2C400 2x, https:\/\/i0.wp.com\/www.ofkbrdo.com\/Wordpress\/wp-content\/uploads\/2022\/10\/5DCEEF18-6087-4A14-81EE-50DFE9362A8F-scaled.jpeg?fit=1200%2C900&ssl=1&resize=1050%2C600 3x"},"classes":[]},{"id":4600,"url":"https:\/\/www.ofkbrdo.com\/Wordpress\/ofk-brdo-sloboda-mrkonjic-grad-1-2\/","url_meta":{"origin":5211,"position":1},"title":"OFK BRDO &#8211;  FK SLOBODA, MRKONJI\u0106 GRAD 1-2","author":"admin","date":"7. November 2021","format":false,"excerpt":"A, moglo je biti i druga\u010dije. Vjerujemo da se sla\u017eete s na\u0161im mi\u0161ljenjem kada je rije\u010d o ishodu dana\u0161njeg susreta izme\u0111u Brda i Slobode iz Mrkonji\u0107 Grada. Zavr\u0161ilo je 1-2. Jo\u0161 jednom, tako blizu, a tako daleko. Me\u0111utim, raduje \u0161to se ekipa \u017euto-plavih borila i \"ginula\" do posljednjeg sudijskog zvi\u017eduka.\u2026","rel":"","context":"In &quot;Druga liga RS&quot;","block_context":{"text":"Druga liga RS","link":"https:\/\/www.ofkbrdo.com\/Wordpress\/druga-liga-rs\/"},"img":{"alt_text":"","src":"https:\/\/i0.wp.com\/www.ofkbrdo.com\/Wordpress\/wp-content\/uploads\/2021\/11\/CDCB9D6E-E147-4332-95ED-FA48D38735E8.jpeg?fit=1200%2C580&ssl=1&resize=350%2C200","width":350,"height":200,"srcset":"https:\/\/i0.wp.com\/www.ofkbrdo.com\/Wordpress\/wp-content\/uploads\/2021\/11\/CDCB9D6E-E147-4332-95ED-FA48D38735E8.jpeg?fit=1200%2C580&ssl=1&resize=350%2C200 1x, https:\/\/i0.wp.com\/www.ofkbrdo.com\/Wordpress\/wp-content\/uploads\/2021\/11\/CDCB9D6E-E147-4332-95ED-FA48D38735E8.jpeg?fit=1200%2C580&ssl=1&resize=525%2C300 1.5x, https:\/\/i0.wp.com\/www.ofkbrdo.com\/Wordpress\/wp-content\/uploads\/2021\/11\/CDCB9D6E-E147-4332-95ED-FA48D38735E8.jpeg?fit=1200%2C580&ssl=1&resize=700%2C400 2x, https:\/\/i0.wp.com\/www.ofkbrdo.com\/Wordpress\/wp-content\/uploads\/2021\/11\/CDCB9D6E-E147-4332-95ED-FA48D38735E8.jpeg?fit=1200%2C580&ssl=1&resize=1050%2C600 3x"},"classes":[]},{"id":4951,"url":"https:\/\/www.ofkbrdo.com\/Wordpress\/vazna-pobjeda-ofk-brda-u-krupoj-na-vrbasu\/","url_meta":{"origin":5211,"position":2},"title":"Va\u017ena pobjeda OFK Brda u Krupoj na Vrbasu","author":"admin","date":"13. March 2022","format":false,"excerpt":"Fudbaleri OFK Brda savladali su u 17. kolu druge lige zapad u gostima ekipu FK BSK-a rezultatom 3-2 i tako dospjeli na sedmu poziciju na tabeli. Trener OFK Brda Goran Kecman istakao je da njegova ekipa nisu u\u0161li u utakmicu na na\u010din koji su \u017eeljeli , ali vrlo dobrom igrom\u2026","rel":"","context":"In &quot;Druga liga RS&quot;","block_context":{"text":"Druga liga RS","link":"https:\/\/www.ofkbrdo.com\/Wordpress\/druga-liga-rs\/"},"img":{"alt_text":"","src":"https:\/\/i0.wp.com\/www.ofkbrdo.com\/Wordpress\/wp-content\/uploads\/2022\/03\/73C62C2F-C15C-4502-B365-85AEED6AE5ED.jpeg?fit=1200%2C830&ssl=1&resize=350%2C200","width":350,"height":200,"srcset":"https:\/\/i0.wp.com\/www.ofkbrdo.com\/Wordpress\/wp-content\/uploads\/2022\/03\/73C62C2F-C15C-4502-B365-85AEED6AE5ED.jpeg?fit=1200%2C830&ssl=1&resize=350%2C200 1x, https:\/\/i0.wp.com\/www.ofkbrdo.com\/Wordpress\/wp-content\/uploads\/2022\/03\/73C62C2F-C15C-4502-B365-85AEED6AE5ED.jpeg?fit=1200%2C830&ssl=1&resize=525%2C300 1.5x, https:\/\/i0.wp.com\/www.ofkbrdo.com\/Wordpress\/wp-content\/uploads\/2022\/03\/73C62C2F-C15C-4502-B365-85AEED6AE5ED.jpeg?fit=1200%2C830&ssl=1&resize=700%2C400 2x, https:\/\/i0.wp.com\/www.ofkbrdo.com\/Wordpress\/wp-content\/uploads\/2022\/03\/73C62C2F-C15C-4502-B365-85AEED6AE5ED.jpeg?fit=1200%2C830&ssl=1&resize=1050%2C600 3x"},"classes":[]},{"id":4922,"url":"https:\/\/www.ofkbrdo.com\/Wordpress\/fudbaleri-brda-olaksali-posao-celincu\/","url_meta":{"origin":5211,"position":3},"title":"FUDBALERI BRDA OLAK\u0160ALI POSAO \u010cELINCU","author":"admin","date":"6. March 2022","format":false,"excerpt":"Bili smo veliki optimisti pred dana\u0161nji susret na Vedrom polju. Me\u0111utim, optimizam i favoriti,\u00a0 to ni\u0161ta ne zna\u010di ako se 90 minuta ne ulo\u017ee maksimalni napori. Fudbaleri Omladinskog fudbalskog kluba Brdo danas nisu bili na nivou. Potpuno su razo\u010darali i ako postoji poraz koji mo\u017ee biti u pravo vrijeme, onda\u2026","rel":"","context":"In &quot;Druga liga RS&quot;","block_context":{"text":"Druga liga RS","link":"https:\/\/www.ofkbrdo.com\/Wordpress\/druga-liga-rs\/"},"img":{"alt_text":"","src":"https:\/\/i0.wp.com\/www.ofkbrdo.com\/Wordpress\/wp-content\/uploads\/2022\/03\/E24918D4-7DAE-4B1B-A929-FF06D637F288.jpeg?fit=1200%2C707&ssl=1&resize=350%2C200","width":350,"height":200,"srcset":"https:\/\/i0.wp.com\/www.ofkbrdo.com\/Wordpress\/wp-content\/uploads\/2022\/03\/E24918D4-7DAE-4B1B-A929-FF06D637F288.jpeg?fit=1200%2C707&ssl=1&resize=350%2C200 1x, https:\/\/i0.wp.com\/www.ofkbrdo.com\/Wordpress\/wp-content\/uploads\/2022\/03\/E24918D4-7DAE-4B1B-A929-FF06D637F288.jpeg?fit=1200%2C707&ssl=1&resize=525%2C300 1.5x, https:\/\/i0.wp.com\/www.ofkbrdo.com\/Wordpress\/wp-content\/uploads\/2022\/03\/E24918D4-7DAE-4B1B-A929-FF06D637F288.jpeg?fit=1200%2C707&ssl=1&resize=700%2C400 2x, https:\/\/i0.wp.com\/www.ofkbrdo.com\/Wordpress\/wp-content\/uploads\/2022\/03\/E24918D4-7DAE-4B1B-A929-FF06D637F288.jpeg?fit=1200%2C707&ssl=1&resize=1050%2C600 3x"},"classes":[]},{"id":6378,"url":"https:\/\/www.ofkbrdo.com\/Wordpress\/bicemo-spremni-i-jaci-u-nastavku-prvenstva\/","url_meta":{"origin":5211,"position":4},"title":"\u201cBI\u0106EMO SPREMNI I JA\u010cI U NASTAVKU PRVENSTVA\u201d","author":"admin","date":"3. March 2023","format":false,"excerpt":"Ovog vikenda smo trebali gledati nastavak prvenstva u drugoliga\u0161koj konkurenciji, ali vremenske prilike nisu bile saveznik klubova i ljubitelja fudbala. Naoru\u017eajte se strpljenjem do naredne subote kada Omladinski fudbalski klub Brdo igra prvu utakmicu ovog prolje\u0107a. Tokom priprema bilo je neplaniranih problema jer je vrijeme odgodilo i \u201cgeneralku\u201d, kuburilo se\u2026","rel":"","context":"In &quot;Druga liga RS&quot;","block_context":{"text":"Druga liga RS","link":"https:\/\/www.ofkbrdo.com\/Wordpress\/druga-liga-rs\/"},"img":{"alt_text":"","src":"https:\/\/i0.wp.com\/www.ofkbrdo.com\/Wordpress\/wp-content\/uploads\/2022\/10\/466C11F2-BC13-4F29-96C6-3E58866AA343.jpeg?fit=1200%2C801&ssl=1&resize=350%2C200","width":350,"height":200,"srcset":"https:\/\/i0.wp.com\/www.ofkbrdo.com\/Wordpress\/wp-content\/uploads\/2022\/10\/466C11F2-BC13-4F29-96C6-3E58866AA343.jpeg?fit=1200%2C801&ssl=1&resize=350%2C200 1x, https:\/\/i0.wp.com\/www.ofkbrdo.com\/Wordpress\/wp-content\/uploads\/2022\/10\/466C11F2-BC13-4F29-96C6-3E58866AA343.jpeg?fit=1200%2C801&ssl=1&resize=525%2C300 1.5x, https:\/\/i0.wp.com\/www.ofkbrdo.com\/Wordpress\/wp-content\/uploads\/2022\/10\/466C11F2-BC13-4F29-96C6-3E58866AA343.jpeg?fit=1200%2C801&ssl=1&resize=700%2C400 2x, https:\/\/i0.wp.com\/www.ofkbrdo.com\/Wordpress\/wp-content\/uploads\/2022\/10\/466C11F2-BC13-4F29-96C6-3E58866AA343.jpeg?fit=1200%2C801&ssl=1&resize=1050%2C600 3x"},"classes":[]},{"id":8199,"url":"https:\/\/www.ofkbrdo.com\/Wordpress\/bod-u-sipovu-za-zuto-plave\/","url_meta":{"origin":5211,"position":5},"title":"BOD U \u0160IPOVU ZA \u017dUTO PLAVE","author":"admin","date":"22. September 2024","format":false,"excerpt":"Nemanja Miljevi\u0107 je dobro i nije mu bila potrebna dodatna ljekarska pomo\u0107, nakon dana\u0161njeg susreta u \u0160ipovu. Za nas u Omladinskom fudbalskom klubu Brdo, to je mnogo va\u017enije od osvojenog boda i druge pozicije na tabeli. U posljednjim trenucim utakmice protiv Gorice, Miljevi\u0107 je u kaznenom prostoru Gorice dobio udarac\u2026","rel":"","context":"In &quot;Druga liga RS&quot;","block_context":{"text":"Druga liga RS","link":"https:\/\/www.ofkbrdo.com\/Wordpress\/druga-liga-rs\/"},"img":{"alt_text":"","src":"https:\/\/i0.wp.com\/www.ofkbrdo.com\/Wordpress\/wp-content\/uploads\/2024\/09\/IMG_0382.jpeg?fit=1032%2C570&ssl=1&resize=350%2C200","width":350,"height":200,"srcset":"https:\/\/i0.wp.com\/www.ofkbrdo.com\/Wordpress\/wp-content\/uploads\/2024\/09\/IMG_0382.jpeg?fit=1032%2C570&ssl=1&resize=350%2C200 1x, https:\/\/i0.wp.com\/www.ofkbrdo.com\/Wordpress\/wp-content\/uploads\/2024\/09\/IMG_0382.jpeg?fit=1032%2C570&ssl=1&resize=525%2C300 1.5x, https:\/\/i0.wp.com\/www.ofkbrdo.com\/Wordpress\/wp-content\/uploads\/2024\/09\/IMG_0382.jpeg?fit=1032%2C570&ssl=1&resize=700%2C400 2x"},"classes":[]}],"_links":{"self":[{"href":"https:\/\/www.ofkbrdo.com\/Wordpress\/wp-json\/wp\/v2\/posts\/5211","targetHints":{"allow":["GET"]}}],"collection":[{"href":"https:\/\/www.ofkbrdo.com\/Wordpress\/wp-json\/wp\/v2\/posts"}],"about":[{"href":"https:\/\/www.ofkbrdo.com\/Wordpress\/wp-json\/wp\/v2\/types\/post"}],"author":[{"embeddable":true,"href":"https:\/\/www.ofkbrdo.com\/Wordpress\/wp-json\/wp\/v2\/users\/1"}],"replies":[{"embeddable":true,"href":"https:\/\/www.ofkbrdo.com\/Wordpress\/wp-json\/wp\/v2\/comments?post=5211"}],"version-history":[{"count":0,"href":"https:\/\/www.ofkbrdo.com\/Wordpress\/wp-json\/wp\/v2\/posts\/5211\/revisions"}],"wp:featuredmedia":[{"embeddable":true,"href":"https:\/\/www.ofkbrdo.com\/Wordpress\/wp-json\/wp\/v2\/media\/5212"}],"wp:attachment":[{"href":"https:\/\/www.ofkbrdo.com\/Wordpress\/wp-json\/wp\/v2\/media?parent=5211"}],"wp:term":[{"taxonomy":"category","embeddable":true,"href":"https:\/\/www.ofkbrdo.com\/Wordpress\/wp-json\/wp\/v2\/categories?post=5211"},{"taxonomy":"post_tag","embeddable":true,"href":"https:\/\/www.ofkbrdo.com\/Wordpress\/wp-json\/wp\/v2\/tags?post=5211"}],"curies":[{"name":"wp","href":"https:\/\/api.w.org\/{rel}","templated":true}]}}