{"id":5325,"date":"2022-05-15T22:21:02","date_gmt":"2022-05-15T20:21:02","guid":{"rendered":"https:\/\/www.ofkbrdo.com\/Wordpress\/?p=5325"},"modified":"2022-05-15T22:22:48","modified_gmt":"2022-05-15T20:22:48","slug":"najubjedljivija-pobjeda-brda-u-drugoligaskom-drustvu","status":"publish","type":"post","link":"https:\/\/www.ofkbrdo.com\/Wordpress\/najubjedljivija-pobjeda-brda-u-drugoligaskom-drustvu\/","title":{"rendered":"NAJUBJEDLJIVIJA POBJEDA BRDA U DRUGOLIGA\u0160KOM DRU\u0160TVU"},"content":{"rendered":"<p>Proteklih nekoliko utakmica, fudbaleri Omladinskog fudbalskog kluba Brdo imali su dosta problema sa realizacijom. Igrali su lepr\u0161avo, stvarali mnogo prilika ali i ma\u0161ili. Danas ista situacija, ali i veoma dobre realizatorske sposobnosti \u017euto-plavih. To govori trijumf u duelu sa ekipom \u017deljezni\u010dara iz Doboja, rezultatom 6-1.<\/p>\n<p><img data-recalc-dims=\"1\" fetchpriority=\"high\" decoding=\"async\" data-attachment-id=\"5326\" data-permalink=\"https:\/\/www.ofkbrdo.com\/Wordpress\/najubjedljivija-pobjeda-brda-u-drugoligaskom-drustvu\/2bb6a498-a938-4b85-bac2-74680b5697e4\/\" data-orig-file=\"https:\/\/i0.wp.com\/www.ofkbrdo.com\/Wordpress\/wp-content\/uploads\/2022\/05\/2BB6A498-A938-4B85-BAC2-74680B5697E4-scaled.jpeg?fit=2560%2C1902&amp;ssl=1\" data-orig-size=\"2560,1902\" data-comments-opened=\"0\" data-image-meta=\"{&quot;aperture&quot;:&quot;0&quot;,&quot;credit&quot;:&quot;&quot;,&quot;camera&quot;:&quot;&quot;,&quot;caption&quot;:&quot;&quot;,&quot;created_timestamp&quot;:&quot;0&quot;,&quot;copyright&quot;:&quot;&quot;,&quot;focal_length&quot;:&quot;0&quot;,&quot;iso&quot;:&quot;0&quot;,&quot;shutter_speed&quot;:&quot;0&quot;,&quot;title&quot;:&quot;&quot;,&quot;orientation&quot;:&quot;1&quot;}\" data-image-title=\"2BB6A498-A938-4B85-BAC2-74680B5697E4\" data-image-description=\"\" data-image-caption=\"\" data-large-file=\"https:\/\/i0.wp.com\/www.ofkbrdo.com\/Wordpress\/wp-content\/uploads\/2022\/05\/2BB6A498-A938-4B85-BAC2-74680B5697E4-scaled.jpeg?fit=640%2C476&amp;ssl=1\" class=\"aligncenter size-large wp-image-5326\" src=\"https:\/\/i0.wp.com\/www.ofkbrdo.com\/Wordpress\/wp-content\/uploads\/2022\/05\/2BB6A498-A938-4B85-BAC2-74680B5697E4.jpeg?resize=640%2C476&#038;ssl=1\" alt=\"\" width=\"640\" height=\"476\" srcset=\"https:\/\/i0.wp.com\/www.ofkbrdo.com\/Wordpress\/wp-content\/uploads\/2022\/05\/2BB6A498-A938-4B85-BAC2-74680B5697E4-scaled.jpeg?resize=1024%2C761&amp;ssl=1 1024w, https:\/\/i0.wp.com\/www.ofkbrdo.com\/Wordpress\/wp-content\/uploads\/2022\/05\/2BB6A498-A938-4B85-BAC2-74680B5697E4-scaled.jpeg?resize=300%2C223&amp;ssl=1 300w, https:\/\/i0.wp.com\/www.ofkbrdo.com\/Wordpress\/wp-content\/uploads\/2022\/05\/2BB6A498-A938-4B85-BAC2-74680B5697E4-scaled.jpeg?resize=768%2C571&amp;ssl=1 768w, https:\/\/i0.wp.com\/www.ofkbrdo.com\/Wordpress\/wp-content\/uploads\/2022\/05\/2BB6A498-A938-4B85-BAC2-74680B5697E4-scaled.jpeg?resize=1536%2C1141&amp;ssl=1 1536w, https:\/\/i0.wp.com\/www.ofkbrdo.com\/Wordpress\/wp-content\/uploads\/2022\/05\/2BB6A498-A938-4B85-BAC2-74680B5697E4-scaled.jpeg?resize=2048%2C1522&amp;ssl=1 2048w, https:\/\/i0.wp.com\/www.ofkbrdo.com\/Wordpress\/wp-content\/uploads\/2022\/05\/2BB6A498-A938-4B85-BAC2-74680B5697E4-scaled.jpeg?resize=128%2C95&amp;ssl=1 128w, https:\/\/i0.wp.com\/www.ofkbrdo.com\/Wordpress\/wp-content\/uploads\/2022\/05\/2BB6A498-A938-4B85-BAC2-74680B5697E4-scaled.jpeg?resize=32%2C24&amp;ssl=1 32w, https:\/\/i0.wp.com\/www.ofkbrdo.com\/Wordpress\/wp-content\/uploads\/2022\/05\/2BB6A498-A938-4B85-BAC2-74680B5697E4-scaled.jpeg?w=1280&amp;ssl=1 1280w, https:\/\/i0.wp.com\/www.ofkbrdo.com\/Wordpress\/wp-content\/uploads\/2022\/05\/2BB6A498-A938-4B85-BAC2-74680B5697E4-scaled.jpeg?w=1920&amp;ssl=1 1920w\" sizes=\"(max-width: 640px) 100vw, 640px\" \/><\/p>\n<p>Serija golova otvorena je u 29. minuti, kada Sad\u017eak posti\u017ee gol nakon odli\u010dne asistencije Sarhatli\u0107a koji se i sam upisao u listu strijelaca u 49. i 79. minuti. Pored ove dvojice fudbalera za Brdo su jo\u0161 poga\u0111ali Krneta, Pekija i Haramba\u0161i\u0107. Po\u010dasni gol gosti su postigli sa bijele ta\u010dke.<\/p>\n<div class=\"jetpack-video-wrapper\"><div class=\"lyte-wrapper fourthree\" title=\"OFK BRDO-\u017dELJEZNI\u010cAR DOBOJ 6-1\" style=\"width:420px;max-width:100%;margin:5px;\"><div class=\"lyMe\" id=\"WYL_RYH9ivLTUBM\" itemprop=\"video\" itemscope itemtype=\"https:\/\/schema.org\/VideoObject\"><div><meta itemprop=\"thumbnailUrl\" content=\"https:\/\/i.ytimg.com\/vi\/RYH9ivLTUBM\/hqdefault.jpg\" \/><meta itemprop=\"embedURL\" content=\"https:\/\/www.youtube.com\/embed\/RYH9ivLTUBM\" \/><meta itemprop=\"duration\" content=\"PT2M32S\" \/><meta itemprop=\"uploadDate\" content=\"2022-05-15T19:57:52Z\" \/><\/div><div id=\"lyte_RYH9ivLTUBM\" data-src=\"https:\/\/i.ytimg.com\/vi\/RYH9ivLTUBM\/hqdefault.jpg\" class=\"pL\"><div class=\"tC\"><div class=\"tT\" itemprop=\"name\">OFK BRDO-\u017dELJEZNI\u010cAR DOBOJ 6-1<\/div><\/div><div class=\"play\"><\/div><div class=\"ctrl\"><div class=\"Lctrl\"><\/div><div class=\"Rctrl\"><\/div><\/div><\/div><noscript><a href=\"https:\/\/youtu.be\/RYH9ivLTUBM\" rel=\"nofollow noopener\" target=\"_blank\"><img data-recalc-dims=\"1\" decoding=\"async\" src=\"https:\/\/i0.wp.com\/i.ytimg.com\/vi\/RYH9ivLTUBM\/0.jpg?resize=420%2C295&#038;ssl=1\" alt=\"OFK BRDO-\u017dELJEZNI\u010cAR DOBOJ 6-1\" width=\"420\" height=\"295\" \/><br \/>Watch this video on YouTube<\/a><\/noscript><meta itemprop=\"description\" content=\"OFK BRDO-\u017dELJEZNI\u010cAR DOBOJ 6-1\"><\/div><\/div><div class=\"lL\" style=\"max-width:100%;width:420px;margin:5px;\"><\/div><\/div>\n<p>Ekipa Brda nema mnogo vremena za slavlje jer u srijedu je susret u \u0160ipovo, a narednog vikenda u Mrkonji\u0107 Gradu.<\/p>\n<p><img data-recalc-dims=\"1\" decoding=\"async\" data-attachment-id=\"5327\" data-permalink=\"https:\/\/www.ofkbrdo.com\/Wordpress\/najubjedljivija-pobjeda-brda-u-drugoligaskom-drustvu\/060a5331-4f96-4eb8-9ab1-f2db5752d32f\/\" data-orig-file=\"https:\/\/i0.wp.com\/www.ofkbrdo.com\/Wordpress\/wp-content\/uploads\/2022\/05\/060A5331-4F96-4EB8-9AB1-F2DB5752D32F.jpeg?fit=1201%2C1340&amp;ssl=1\" data-orig-size=\"1201,1340\" data-comments-opened=\"0\" data-image-meta=\"{&quot;aperture&quot;:&quot;0&quot;,&quot;credit&quot;:&quot;&quot;,&quot;camera&quot;:&quot;&quot;,&quot;caption&quot;:&quot;&quot;,&quot;created_timestamp&quot;:&quot;0&quot;,&quot;copyright&quot;:&quot;&quot;,&quot;focal_length&quot;:&quot;0&quot;,&quot;iso&quot;:&quot;0&quot;,&quot;shutter_speed&quot;:&quot;0&quot;,&quot;title&quot;:&quot;&quot;,&quot;orientation&quot;:&quot;1&quot;}\" data-image-title=\"060A5331-4F96-4EB8-9AB1-F2DB5752D32F\" data-image-description=\"\" data-image-caption=\"\" data-large-file=\"https:\/\/i0.wp.com\/www.ofkbrdo.com\/Wordpress\/wp-content\/uploads\/2022\/05\/060A5331-4F96-4EB8-9AB1-F2DB5752D32F.jpeg?fit=640%2C714&amp;ssl=1\" class=\"aligncenter size-large wp-image-5327\" src=\"https:\/\/i0.wp.com\/www.ofkbrdo.com\/Wordpress\/wp-content\/uploads\/2022\/05\/060A5331-4F96-4EB8-9AB1-F2DB5752D32F.jpeg?resize=640%2C714&#038;ssl=1\" alt=\"\" width=\"640\" height=\"714\" srcset=\"https:\/\/i0.wp.com\/www.ofkbrdo.com\/Wordpress\/wp-content\/uploads\/2022\/05\/060A5331-4F96-4EB8-9AB1-F2DB5752D32F.jpeg?resize=918%2C1024&amp;ssl=1 918w, https:\/\/i0.wp.com\/www.ofkbrdo.com\/Wordpress\/wp-content\/uploads\/2022\/05\/060A5331-4F96-4EB8-9AB1-F2DB5752D32F.jpeg?resize=269%2C300&amp;ssl=1 269w, https:\/\/i0.wp.com\/www.ofkbrdo.com\/Wordpress\/wp-content\/uploads\/2022\/05\/060A5331-4F96-4EB8-9AB1-F2DB5752D32F.jpeg?resize=768%2C857&amp;ssl=1 768w, https:\/\/i0.wp.com\/www.ofkbrdo.com\/Wordpress\/wp-content\/uploads\/2022\/05\/060A5331-4F96-4EB8-9AB1-F2DB5752D32F.jpeg?resize=115%2C128&amp;ssl=1 115w, https:\/\/i0.wp.com\/www.ofkbrdo.com\/Wordpress\/wp-content\/uploads\/2022\/05\/060A5331-4F96-4EB8-9AB1-F2DB5752D32F.jpeg?resize=29%2C32&amp;ssl=1 29w, https:\/\/i0.wp.com\/www.ofkbrdo.com\/Wordpress\/wp-content\/uploads\/2022\/05\/060A5331-4F96-4EB8-9AB1-F2DB5752D32F.jpeg?w=1201&amp;ssl=1 1201w\" sizes=\"(max-width: 640px) 100vw, 640px\" \/><\/p>\n<div class=\"jetpack-video-wrapper\"><div class=\"lyte-wrapper fourthree\" title=\"Milo&scaron; Sad\u017eak zadovoljan nakon postignutog gola i visoke pobjede Brda\" style=\"width:420px;max-width:100%;margin:5px;\"><div class=\"lyMe\" id=\"WYL_gZ0f6c851o0\" itemprop=\"video\" itemscope itemtype=\"https:\/\/schema.org\/VideoObject\"><div><meta itemprop=\"thumbnailUrl\" content=\"https:\/\/i.ytimg.com\/vi\/gZ0f6c851o0\/hqdefault.jpg\" \/><meta itemprop=\"embedURL\" content=\"https:\/\/www.youtube.com\/embed\/gZ0f6c851o0\" \/><meta itemprop=\"duration\" content=\"PT1M37S\" \/><meta itemprop=\"uploadDate\" content=\"2022-05-15T20:02:45Z\" \/><\/div><div id=\"lyte_gZ0f6c851o0\" data-src=\"https:\/\/i.ytimg.com\/vi\/gZ0f6c851o0\/hqdefault.jpg\" class=\"pL\"><div class=\"tC\"><div class=\"tT\" itemprop=\"name\">Milo\u0161 Sad\u017eak zadovoljan nakon postignutog gola i visoke pobjede Brda<\/div><\/div><div class=\"play\"><\/div><div class=\"ctrl\"><div class=\"Lctrl\"><\/div><div class=\"Rctrl\"><\/div><\/div><\/div><noscript><a href=\"https:\/\/youtu.be\/gZ0f6c851o0\" rel=\"nofollow noopener\" target=\"_blank\"><img data-recalc-dims=\"1\" loading=\"lazy\" decoding=\"async\" src=\"https:\/\/i0.wp.com\/i.ytimg.com\/vi\/gZ0f6c851o0\/0.jpg?resize=420%2C295&#038;ssl=1\" alt=\"Milo&scaron; Sad\u017eak zadovoljan nakon postignutog gola i visoke pobjede Brda\" width=\"420\" height=\"295\" \/><br \/>Watch this video on YouTube<\/a><\/noscript><meta itemprop=\"description\" content=\"Milo\u0161 Sad\u017eak zadovoljan nakon postignutog gola i visoke pobjede Brda\"><\/div><\/div><div class=\"lL\" style=\"max-width:100%;width:420px;margin:5px;\"><\/div><\/div>\n","protected":false},"excerpt":{"rendered":"<p>Proteklih nekoliko utakmica, fudbaleri Omladinskog fudbalskog kluba Brdo imali su dosta problema sa realizacijom. Igrali su lepr\u0161avo, stvarali mnogo prilika ali i ma\u0161ili. Danas ista situacija, ali i veoma dobre realizatorske sposobnosti \u017euto-plavih. To govori trijumf u duelu sa ekipom \u017deljezni\u010dara iz Doboja, rezultatom 6-1. Serija golova otvorena je u 29. minuti, kada Sad\u017eak posti\u017ee [&hellip;]<\/p>\n","protected":false},"author":1,"featured_media":5326,"comment_status":"closed","ping_status":"closed","sticky":false,"template":"","format":"standard","meta":{"ngg_post_thumbnail":0,"_jetpack_memberships_contains_paid_content":false,"footnotes":"","jetpack_publicize_message":"","jetpack_publicize_feature_enabled":true,"jetpack_social_post_already_shared":false,"jetpack_social_options":{"image_generator_settings":{"template":"highway","default_image_id":0,"font":"","enabled":false},"version":2}},"categories":[210],"tags":[],"class_list":["post-5325","post","type-post","status-publish","format-standard","has-post-thumbnail","hentry","category-druga-liga-rs"],"jetpack_publicize_connections":[],"jetpack_featured_media_url":"https:\/\/i0.wp.com\/www.ofkbrdo.com\/Wordpress\/wp-content\/uploads\/2022\/05\/2BB6A498-A938-4B85-BAC2-74680B5697E4-scaled.jpeg?fit=2560%2C1902&ssl=1","jetpack_sharing_enabled":true,"jetpack_likes_enabled":true,"jetpack_shortlink":"https:\/\/wp.me\/pevKtx-1nT","jetpack-related-posts":[{"id":7200,"url":"https:\/\/www.ofkbrdo.com\/Wordpress\/blijedo-izdanje-fudbalera-brda-3\/","url_meta":{"origin":5325,"position":0},"title":"BLIJEDO IZDANJE FUDBALERA BRDA","author":"admin","date":"30. September 2023","format":false,"excerpt":"Petu prvenstvenu pobjedu ekipa Crnog vrha je ostvarila na Vedrom polju. Gosti su slavili zaslu\u017eenu i visoku pobjedu \u0161to govori i rezultat 1-4. Ova fer i korektna utakmica nam je pored realizatorskih nesposobnosti izabranika Mirze Alki\u0107a pokazala i kondiciono probleme \u017euto plavih. Gosti su od samog po\u010detka bili pred golom\u2026","rel":"","context":"In &quot;Druga liga RS&quot;","block_context":{"text":"Druga liga RS","link":"https:\/\/www.ofkbrdo.com\/Wordpress\/druga-liga-rs\/"},"img":{"alt_text":"","src":"https:\/\/i0.wp.com\/www.ofkbrdo.com\/Wordpress\/wp-content\/uploads\/2023\/09\/IMG_2502.jpeg?fit=1199%2C809&ssl=1&resize=350%2C200","width":350,"height":200,"srcset":"https:\/\/i0.wp.com\/www.ofkbrdo.com\/Wordpress\/wp-content\/uploads\/2023\/09\/IMG_2502.jpeg?fit=1199%2C809&ssl=1&resize=350%2C200 1x, https:\/\/i0.wp.com\/www.ofkbrdo.com\/Wordpress\/wp-content\/uploads\/2023\/09\/IMG_2502.jpeg?fit=1199%2C809&ssl=1&resize=525%2C300 1.5x, https:\/\/i0.wp.com\/www.ofkbrdo.com\/Wordpress\/wp-content\/uploads\/2023\/09\/IMG_2502.jpeg?fit=1199%2C809&ssl=1&resize=700%2C400 2x, https:\/\/i0.wp.com\/www.ofkbrdo.com\/Wordpress\/wp-content\/uploads\/2023\/09\/IMG_2502.jpeg?fit=1199%2C809&ssl=1&resize=1050%2C600 3x"},"classes":[]},{"id":7289,"url":"https:\/\/www.ofkbrdo.com\/Wordpress\/poraz-oslabljenog-brda-u-sipovu\/","url_meta":{"origin":5325,"position":1},"title":"PORAZ OSLABLJENOG BRDA U \u0160IPOVU","author":"admin","date":"29. October 2023","format":false,"excerpt":"Omladinski fudbalski klub Brdo je do\u0161ao bez trojice standardnih igra\u010da u \u0160ipovo, na susret 11. kola drugoliga\u0161kog zapada. Oslabljeno i boja\u017eljivo Brdo lo\u0161e otvara utakmicu, \u0161to u 13. minuti koristi Malinovi\u0107 i dovodi doma\u0107e u vodstvo. Povreda Vujatovi\u0107a minutu kasnije dodatno je pokolobala izabranike Mirze Alki\u0107a. Gorica je poduplala vodstvo\u2026","rel":"","context":"In &quot;Druga liga RS&quot;","block_context":{"text":"Druga liga RS","link":"https:\/\/www.ofkbrdo.com\/Wordpress\/druga-liga-rs\/"},"img":{"alt_text":"","src":"https:\/\/i0.wp.com\/www.ofkbrdo.com\/Wordpress\/wp-content\/uploads\/2023\/10\/IMG_3340.jpeg?fit=1200%2C540&ssl=1&resize=350%2C200","width":350,"height":200,"srcset":"https:\/\/i0.wp.com\/www.ofkbrdo.com\/Wordpress\/wp-content\/uploads\/2023\/10\/IMG_3340.jpeg?fit=1200%2C540&ssl=1&resize=350%2C200 1x, https:\/\/i0.wp.com\/www.ofkbrdo.com\/Wordpress\/wp-content\/uploads\/2023\/10\/IMG_3340.jpeg?fit=1200%2C540&ssl=1&resize=525%2C300 1.5x, https:\/\/i0.wp.com\/www.ofkbrdo.com\/Wordpress\/wp-content\/uploads\/2023\/10\/IMG_3340.jpeg?fit=1200%2C540&ssl=1&resize=700%2C400 2x, https:\/\/i0.wp.com\/www.ofkbrdo.com\/Wordpress\/wp-content\/uploads\/2023\/10\/IMG_3340.jpeg?fit=1200%2C540&ssl=1&resize=1050%2C600 3x"},"classes":[]},{"id":8951,"url":"https:\/\/www.ofkbrdo.com\/Wordpress\/nova-radost-za-navijece-ofk-brda\/","url_meta":{"origin":5325,"position":2},"title":"NOVA RADOST ZA NAVIJE\u010cE OFK BRDA","author":"admin","date":"9. April 2025","format":false,"excerpt":"Omladinski fudbalski klub Brdo je nakon 24. kola, drugoliga\u0161kog zapada, drugi na tabeli. To je rezultat vrijedan pa\u017enje, tako da Mirza Alki\u0107, njegovi saradnici i kompletna ekipa predvo\u0111ena kapitenom Vahidom Karupovi\u0107em, zaslu\u017euje \u010destitke. Pred dana\u0161nji susret protiv banjalu\u010dkog Naprijeda, Alki\u0107 je ima mnogo problema. Nedostajali su Babi\u0107, Marmat, Stevi\u0107 i\u2026","rel":"","context":"In &quot;Druga liga RS&quot;","block_context":{"text":"Druga liga RS","link":"https:\/\/www.ofkbrdo.com\/Wordpress\/druga-liga-rs\/"},"img":{"alt_text":"","src":"https:\/\/i0.wp.com\/www.ofkbrdo.com\/Wordpress\/wp-content\/uploads\/2025\/04\/IMG_7865.jpeg?fit=1200%2C901&ssl=1&resize=350%2C200","width":350,"height":200,"srcset":"https:\/\/i0.wp.com\/www.ofkbrdo.com\/Wordpress\/wp-content\/uploads\/2025\/04\/IMG_7865.jpeg?fit=1200%2C901&ssl=1&resize=350%2C200 1x, https:\/\/i0.wp.com\/www.ofkbrdo.com\/Wordpress\/wp-content\/uploads\/2025\/04\/IMG_7865.jpeg?fit=1200%2C901&ssl=1&resize=525%2C300 1.5x, https:\/\/i0.wp.com\/www.ofkbrdo.com\/Wordpress\/wp-content\/uploads\/2025\/04\/IMG_7865.jpeg?fit=1200%2C901&ssl=1&resize=700%2C400 2x, https:\/\/i0.wp.com\/www.ofkbrdo.com\/Wordpress\/wp-content\/uploads\/2025\/04\/IMG_7865.jpeg?fit=1200%2C901&ssl=1&resize=1050%2C600 3x"},"classes":[]},{"id":9786,"url":"https:\/\/www.ofkbrdo.com\/Wordpress\/pobjeda-za-samopouzdanje-ofkbrda\/","url_meta":{"origin":5325,"position":3},"title":"POBJEDA ZA SAMOPOUZDANJE OFK BRDA","author":"admin","date":"14. March 2026","format":false,"excerpt":"Persen tablete za miran dan i bolji san. Topla preporuka za sve na\u0161e navija\u010de u BiH i \u0161irom svijeta da uz ovaj tradicionalni biljni lijek ubla\u017ee stres i napetost. Ako ste gledali dana\u0161nju utakmicu, a drage su vam \u017euto plave boje, potpuno smo uvjereni da \u0107ete podr\u017eati ovaj prijedlog. Te\u0161ka,\u2026","rel":"","context":"In &quot;Druga liga RS&quot;","block_context":{"text":"Druga liga RS","link":"https:\/\/www.ofkbrdo.com\/Wordpress\/druga-liga-rs\/"},"img":{"alt_text":"","src":"https:\/\/i0.wp.com\/www.ofkbrdo.com\/Wordpress\/wp-content\/uploads\/2026\/03\/IMG_9200.jpeg?fit=1118%2C838&ssl=1&resize=350%2C200","width":350,"height":200,"srcset":"https:\/\/i0.wp.com\/www.ofkbrdo.com\/Wordpress\/wp-content\/uploads\/2026\/03\/IMG_9200.jpeg?fit=1118%2C838&ssl=1&resize=350%2C200 1x, https:\/\/i0.wp.com\/www.ofkbrdo.com\/Wordpress\/wp-content\/uploads\/2026\/03\/IMG_9200.jpeg?fit=1118%2C838&ssl=1&resize=525%2C300 1.5x, https:\/\/i0.wp.com\/www.ofkbrdo.com\/Wordpress\/wp-content\/uploads\/2026\/03\/IMG_9200.jpeg?fit=1118%2C838&ssl=1&resize=700%2C400 2x, https:\/\/i0.wp.com\/www.ofkbrdo.com\/Wordpress\/wp-content\/uploads\/2026\/03\/IMG_9200.jpeg?fit=1118%2C838&ssl=1&resize=1050%2C600 3x"},"classes":[]},{"id":4509,"url":"https:\/\/www.ofkbrdo.com\/Wordpress\/nepobjedivi-kadeti-brda\/","url_meta":{"origin":5325,"position":4},"title":"NEPOBJEDIVI KADETI BRDA","author":"admin","date":"25. October 2021","format":false,"excerpt":"\u010cestitamo kadetima Omladinskog fudbalskog kluba Brdo na tituli jesenjeg prvaka. Posljednji me\u010d jeseni odigran je u Kozaru\u0161i sa kadetima Bratstva \u00a0iz Kozarcu. U utakmici bez pobjednika golove za Brdo postigli su Karupovi\u0107, Miljatovi\u0107, a jedan \u00a0gol u svoju mre\u017eu postigli su doma\u0107i fudbaleri. Dakle, u Podru\u010dnom fudbalskom savezu Prijedor nema\u2026","rel":"","context":"In &quot;Kadeti U16&quot;","block_context":{"text":"Kadeti U16","link":"https:\/\/www.ofkbrdo.com\/Wordpress\/kadeti-u16\/"},"img":{"alt_text":"","src":"https:\/\/i0.wp.com\/www.ofkbrdo.com\/Wordpress\/wp-content\/uploads\/2021\/10\/E0CD2EFD-6A59-47B3-AFDD-BE5CD80A7FB1.jpeg?fit=723%2C542&ssl=1&resize=350%2C200","width":350,"height":200,"srcset":"https:\/\/i0.wp.com\/www.ofkbrdo.com\/Wordpress\/wp-content\/uploads\/2021\/10\/E0CD2EFD-6A59-47B3-AFDD-BE5CD80A7FB1.jpeg?fit=723%2C542&ssl=1&resize=350%2C200 1x, https:\/\/i0.wp.com\/www.ofkbrdo.com\/Wordpress\/wp-content\/uploads\/2021\/10\/E0CD2EFD-6A59-47B3-AFDD-BE5CD80A7FB1.jpeg?fit=723%2C542&ssl=1&resize=525%2C300 1.5x, https:\/\/i0.wp.com\/www.ofkbrdo.com\/Wordpress\/wp-content\/uploads\/2021\/10\/E0CD2EFD-6A59-47B3-AFDD-BE5CD80A7FB1.jpeg?fit=723%2C542&ssl=1&resize=700%2C400 2x"},"classes":[]},{"id":9651,"url":"https:\/\/www.ofkbrdo.com\/Wordpress\/vazna-pobjeda-za-miranije-proljece\/","url_meta":{"origin":5325,"position":5},"title":"VA\u017dNA POBJEDA ZA MIRNIJE PROLJE\u0106E","author":"admin","date":"16. November 2025","format":false,"excerpt":"Nakon 411 minuta bez postignutog gola i \u010detiri vezana poraza, \u017euto plavi su stigli na megdan \u0161ama\u010dkom Borcu. Bila je to utakmica za mirniji zimski san ili prolje\u0107e prepuno briga. Po starom, rekli bismo pravilu, napada\u010di Brda su po\u010deli sa proma\u0161ajima. Kao da su hipnotisani izabranici Mirze Alki\u0107a. Ali, u\u2026","rel":"","context":"In &quot;Druga liga RS&quot;","block_context":{"text":"Druga liga RS","link":"https:\/\/www.ofkbrdo.com\/Wordpress\/druga-liga-rs\/"},"img":{"alt_text":"","src":"https:\/\/i0.wp.com\/www.ofkbrdo.com\/Wordpress\/wp-content\/uploads\/2025\/11\/IMG_5625.jpeg?fit=1200%2C581&ssl=1&resize=350%2C200","width":350,"height":200,"srcset":"https:\/\/i0.wp.com\/www.ofkbrdo.com\/Wordpress\/wp-content\/uploads\/2025\/11\/IMG_5625.jpeg?fit=1200%2C581&ssl=1&resize=350%2C200 1x, https:\/\/i0.wp.com\/www.ofkbrdo.com\/Wordpress\/wp-content\/uploads\/2025\/11\/IMG_5625.jpeg?fit=1200%2C581&ssl=1&resize=525%2C300 1.5x, https:\/\/i0.wp.com\/www.ofkbrdo.com\/Wordpress\/wp-content\/uploads\/2025\/11\/IMG_5625.jpeg?fit=1200%2C581&ssl=1&resize=700%2C400 2x, https:\/\/i0.wp.com\/www.ofkbrdo.com\/Wordpress\/wp-content\/uploads\/2025\/11\/IMG_5625.jpeg?fit=1200%2C581&ssl=1&resize=1050%2C600 3x"},"classes":[]}],"_links":{"self":[{"href":"https:\/\/www.ofkbrdo.com\/Wordpress\/wp-json\/wp\/v2\/posts\/5325","targetHints":{"allow":["GET"]}}],"collection":[{"href":"https:\/\/www.ofkbrdo.com\/Wordpress\/wp-json\/wp\/v2\/posts"}],"about":[{"href":"https:\/\/www.ofkbrdo.com\/Wordpress\/wp-json\/wp\/v2\/types\/post"}],"author":[{"embeddable":true,"href":"https:\/\/www.ofkbrdo.com\/Wordpress\/wp-json\/wp\/v2\/users\/1"}],"replies":[{"embeddable":true,"href":"https:\/\/www.ofkbrdo.com\/Wordpress\/wp-json\/wp\/v2\/comments?post=5325"}],"version-history":[{"count":0,"href":"https:\/\/www.ofkbrdo.com\/Wordpress\/wp-json\/wp\/v2\/posts\/5325\/revisions"}],"wp:featuredmedia":[{"embeddable":true,"href":"https:\/\/www.ofkbrdo.com\/Wordpress\/wp-json\/wp\/v2\/media\/5326"}],"wp:attachment":[{"href":"https:\/\/www.ofkbrdo.com\/Wordpress\/wp-json\/wp\/v2\/media?parent=5325"}],"wp:term":[{"taxonomy":"category","embeddable":true,"href":"https:\/\/www.ofkbrdo.com\/Wordpress\/wp-json\/wp\/v2\/categories?post=5325"},{"taxonomy":"post_tag","embeddable":true,"href":"https:\/\/www.ofkbrdo.com\/Wordpress\/wp-json\/wp\/v2\/tags?post=5325"}],"curies":[{"name":"wp","href":"https:\/\/api.w.org\/{rel}","templated":true}]}}