{"id":5402,"date":"2022-06-03T21:41:09","date_gmt":"2022-06-03T19:41:09","guid":{"rendered":"https:\/\/www.ofkbrdo.com\/Wordpress\/?p=5402"},"modified":"2022-06-03T21:41:09","modified_gmt":"2022-06-03T19:41:09","slug":"u-nedjelju-ofk-polet-ofk-brdo","status":"publish","type":"post","link":"https:\/\/www.ofkbrdo.com\/Wordpress\/u-nedjelju-ofk-polet-ofk-brdo\/","title":{"rendered":"U NEDJELJU OFK POLET &#8211; OFK BRDO"},"content":{"rendered":"<p>Pred drugoliga\u0161ima je posljednje prvenstveno kolo. Brodski Polet je zadnja stanica u najboljoj sezoni u historiji Omladinskog fudbalskog kluba Brdo.<\/p>\n<p><img data-recalc-dims=\"1\" fetchpriority=\"high\" decoding=\"async\" data-attachment-id=\"5386\" data-permalink=\"https:\/\/www.ofkbrdo.com\/Wordpress\/ofk-brdo-fk-dubrave-5-1\/5a0b1b03-8f72-48d6-8368-93c0b590065d\/\" data-orig-file=\"https:\/\/i0.wp.com\/www.ofkbrdo.com\/Wordpress\/wp-content\/uploads\/2022\/05\/5A0B1B03-8F72-48D6-8368-93C0B590065D.jpeg?fit=1800%2C1202&amp;ssl=1\" data-orig-size=\"1800,1202\" data-comments-opened=\"0\" data-image-meta=\"{&quot;aperture&quot;:&quot;0&quot;,&quot;credit&quot;:&quot;&quot;,&quot;camera&quot;:&quot;&quot;,&quot;caption&quot;:&quot;&quot;,&quot;created_timestamp&quot;:&quot;0&quot;,&quot;copyright&quot;:&quot;&quot;,&quot;focal_length&quot;:&quot;0&quot;,&quot;iso&quot;:&quot;0&quot;,&quot;shutter_speed&quot;:&quot;0&quot;,&quot;title&quot;:&quot;&quot;,&quot;orientation&quot;:&quot;1&quot;}\" data-image-title=\"5A0B1B03-8F72-48D6-8368-93C0B590065D\" data-image-description=\"\" data-image-caption=\"\" data-large-file=\"https:\/\/i0.wp.com\/www.ofkbrdo.com\/Wordpress\/wp-content\/uploads\/2022\/05\/5A0B1B03-8F72-48D6-8368-93C0B590065D.jpeg?fit=640%2C428&amp;ssl=1\" class=\"aligncenter size-large wp-image-5386\" src=\"https:\/\/i0.wp.com\/www.ofkbrdo.com\/Wordpress\/wp-content\/uploads\/2022\/05\/5A0B1B03-8F72-48D6-8368-93C0B590065D.jpeg?resize=640%2C428&#038;ssl=1\" alt=\"\" width=\"640\" height=\"428\" srcset=\"https:\/\/i0.wp.com\/www.ofkbrdo.com\/Wordpress\/wp-content\/uploads\/2022\/05\/5A0B1B03-8F72-48D6-8368-93C0B590065D.jpeg?resize=1024%2C684&amp;ssl=1 1024w, https:\/\/i0.wp.com\/www.ofkbrdo.com\/Wordpress\/wp-content\/uploads\/2022\/05\/5A0B1B03-8F72-48D6-8368-93C0B590065D.jpeg?resize=300%2C200&amp;ssl=1 300w, https:\/\/i0.wp.com\/www.ofkbrdo.com\/Wordpress\/wp-content\/uploads\/2022\/05\/5A0B1B03-8F72-48D6-8368-93C0B590065D.jpeg?resize=768%2C513&amp;ssl=1 768w, https:\/\/i0.wp.com\/www.ofkbrdo.com\/Wordpress\/wp-content\/uploads\/2022\/05\/5A0B1B03-8F72-48D6-8368-93C0B590065D.jpeg?resize=1536%2C1026&amp;ssl=1 1536w, https:\/\/i0.wp.com\/www.ofkbrdo.com\/Wordpress\/wp-content\/uploads\/2022\/05\/5A0B1B03-8F72-48D6-8368-93C0B590065D.jpeg?resize=128%2C85&amp;ssl=1 128w, https:\/\/i0.wp.com\/www.ofkbrdo.com\/Wordpress\/wp-content\/uploads\/2022\/05\/5A0B1B03-8F72-48D6-8368-93C0B590065D.jpeg?resize=32%2C21&amp;ssl=1 32w, https:\/\/i0.wp.com\/www.ofkbrdo.com\/Wordpress\/wp-content\/uploads\/2022\/05\/5A0B1B03-8F72-48D6-8368-93C0B590065D.jpeg?w=1800&amp;ssl=1 1800w, https:\/\/i0.wp.com\/www.ofkbrdo.com\/Wordpress\/wp-content\/uploads\/2022\/05\/5A0B1B03-8F72-48D6-8368-93C0B590065D.jpeg?w=1280&amp;ssl=1 1280w\" sizes=\"(max-width: 640px) 100vw, 640px\" \/><\/p>\n<p style=\"text-align: left;\">Va\u017ena utakmica? Da, veoma va\u017ena jer nam pobjeda garantuje podjelu ili samostalno tre\u0107e mjesto tako da ima dovoljno motiva da se ostavi srce na terenu. Alki\u0107 i Kecman su dobro odmorili ekipu nakon brojnih obaveza i ritma srijeda-nedjelja.<br \/>\n<img data-recalc-dims=\"1\" decoding=\"async\" data-attachment-id=\"5405\" data-permalink=\"https:\/\/www.ofkbrdo.com\/Wordpress\/u-nedjelju-ofk-polet-ofk-brdo\/3f4f2f77-d181-4f98-96e5-4339873fad55\/\" data-orig-file=\"https:\/\/i0.wp.com\/www.ofkbrdo.com\/Wordpress\/wp-content\/uploads\/2022\/06\/3F4F2F77-D181-4F98-96E5-4339873FAD55.jpeg?fit=1800%2C1202&amp;ssl=1\" data-orig-size=\"1800,1202\" data-comments-opened=\"0\" data-image-meta=\"{&quot;aperture&quot;:&quot;0&quot;,&quot;credit&quot;:&quot;&quot;,&quot;camera&quot;:&quot;&quot;,&quot;caption&quot;:&quot;&quot;,&quot;created_timestamp&quot;:&quot;0&quot;,&quot;copyright&quot;:&quot;&quot;,&quot;focal_length&quot;:&quot;0&quot;,&quot;iso&quot;:&quot;0&quot;,&quot;shutter_speed&quot;:&quot;0&quot;,&quot;title&quot;:&quot;&quot;,&quot;orientation&quot;:&quot;1&quot;}\" data-image-title=\"3F4F2F77-D181-4F98-96E5-4339873FAD55\" data-image-description=\"\" data-image-caption=\"\" data-large-file=\"https:\/\/i0.wp.com\/www.ofkbrdo.com\/Wordpress\/wp-content\/uploads\/2022\/06\/3F4F2F77-D181-4F98-96E5-4339873FAD55.jpeg?fit=640%2C428&amp;ssl=1\" class=\"aligncenter size-large wp-image-5405\" src=\"https:\/\/i0.wp.com\/www.ofkbrdo.com\/Wordpress\/wp-content\/uploads\/2022\/06\/3F4F2F77-D181-4F98-96E5-4339873FAD55.jpeg?resize=640%2C428&#038;ssl=1\" alt=\"\" width=\"640\" height=\"428\" srcset=\"https:\/\/i0.wp.com\/www.ofkbrdo.com\/Wordpress\/wp-content\/uploads\/2022\/06\/3F4F2F77-D181-4F98-96E5-4339873FAD55.jpeg?resize=1024%2C684&amp;ssl=1 1024w, https:\/\/i0.wp.com\/www.ofkbrdo.com\/Wordpress\/wp-content\/uploads\/2022\/06\/3F4F2F77-D181-4F98-96E5-4339873FAD55.jpeg?resize=300%2C200&amp;ssl=1 300w, https:\/\/i0.wp.com\/www.ofkbrdo.com\/Wordpress\/wp-content\/uploads\/2022\/06\/3F4F2F77-D181-4F98-96E5-4339873FAD55.jpeg?resize=768%2C513&amp;ssl=1 768w, https:\/\/i0.wp.com\/www.ofkbrdo.com\/Wordpress\/wp-content\/uploads\/2022\/06\/3F4F2F77-D181-4F98-96E5-4339873FAD55.jpeg?resize=1536%2C1026&amp;ssl=1 1536w, https:\/\/i0.wp.com\/www.ofkbrdo.com\/Wordpress\/wp-content\/uploads\/2022\/06\/3F4F2F77-D181-4F98-96E5-4339873FAD55.jpeg?resize=128%2C85&amp;ssl=1 128w, https:\/\/i0.wp.com\/www.ofkbrdo.com\/Wordpress\/wp-content\/uploads\/2022\/06\/3F4F2F77-D181-4F98-96E5-4339873FAD55.jpeg?resize=32%2C21&amp;ssl=1 32w, https:\/\/i0.wp.com\/www.ofkbrdo.com\/Wordpress\/wp-content\/uploads\/2022\/06\/3F4F2F77-D181-4F98-96E5-4339873FAD55.jpeg?w=1800&amp;ssl=1 1800w, https:\/\/i0.wp.com\/www.ofkbrdo.com\/Wordpress\/wp-content\/uploads\/2022\/06\/3F4F2F77-D181-4F98-96E5-4339873FAD55.jpeg?w=1280&amp;ssl=1 1280w\" sizes=\"(max-width: 640px) 100vw, 640px\" \/><\/p>\n<p>U sastavu ne\u0107e biti Sarhatli\u0107a i Pekije koji naredne sezone ne\u0107e nositi dres kluba koji \u017eivot zna\u010di. Momci koji istr\u010de na teren u duelu sa ekipom Poleta obe\u0107avaju maksimum i novu pobjedu.<\/p>\n<p><img data-recalc-dims=\"1\" decoding=\"async\" data-attachment-id=\"5406\" data-permalink=\"https:\/\/www.ofkbrdo.com\/Wordpress\/u-nedjelju-ofk-polet-ofk-brdo\/a43d1151-b6cf-4118-987e-8e1c4a4f8e14\/\" data-orig-file=\"https:\/\/i0.wp.com\/www.ofkbrdo.com\/Wordpress\/wp-content\/uploads\/2022\/06\/A43D1151-B6CF-4118-987E-8E1C4A4F8E14.jpeg?fit=1800%2C1202&amp;ssl=1\" data-orig-size=\"1800,1202\" data-comments-opened=\"0\" data-image-meta=\"{&quot;aperture&quot;:&quot;0&quot;,&quot;credit&quot;:&quot;&quot;,&quot;camera&quot;:&quot;&quot;,&quot;caption&quot;:&quot;&quot;,&quot;created_timestamp&quot;:&quot;0&quot;,&quot;copyright&quot;:&quot;&quot;,&quot;focal_length&quot;:&quot;0&quot;,&quot;iso&quot;:&quot;0&quot;,&quot;shutter_speed&quot;:&quot;0&quot;,&quot;title&quot;:&quot;&quot;,&quot;orientation&quot;:&quot;1&quot;}\" data-image-title=\"A43D1151-B6CF-4118-987E-8E1C4A4F8E14\" data-image-description=\"\" data-image-caption=\"\" data-large-file=\"https:\/\/i0.wp.com\/www.ofkbrdo.com\/Wordpress\/wp-content\/uploads\/2022\/06\/A43D1151-B6CF-4118-987E-8E1C4A4F8E14.jpeg?fit=640%2C428&amp;ssl=1\" class=\"aligncenter size-large wp-image-5406\" src=\"https:\/\/i0.wp.com\/www.ofkbrdo.com\/Wordpress\/wp-content\/uploads\/2022\/06\/A43D1151-B6CF-4118-987E-8E1C4A4F8E14.jpeg?resize=640%2C428&#038;ssl=1\" alt=\"\" width=\"640\" height=\"428\" srcset=\"https:\/\/i0.wp.com\/www.ofkbrdo.com\/Wordpress\/wp-content\/uploads\/2022\/06\/A43D1151-B6CF-4118-987E-8E1C4A4F8E14.jpeg?resize=1024%2C684&amp;ssl=1 1024w, https:\/\/i0.wp.com\/www.ofkbrdo.com\/Wordpress\/wp-content\/uploads\/2022\/06\/A43D1151-B6CF-4118-987E-8E1C4A4F8E14.jpeg?resize=300%2C200&amp;ssl=1 300w, https:\/\/i0.wp.com\/www.ofkbrdo.com\/Wordpress\/wp-content\/uploads\/2022\/06\/A43D1151-B6CF-4118-987E-8E1C4A4F8E14.jpeg?resize=768%2C513&amp;ssl=1 768w, https:\/\/i0.wp.com\/www.ofkbrdo.com\/Wordpress\/wp-content\/uploads\/2022\/06\/A43D1151-B6CF-4118-987E-8E1C4A4F8E14.jpeg?resize=1536%2C1026&amp;ssl=1 1536w, https:\/\/i0.wp.com\/www.ofkbrdo.com\/Wordpress\/wp-content\/uploads\/2022\/06\/A43D1151-B6CF-4118-987E-8E1C4A4F8E14.jpeg?resize=128%2C85&amp;ssl=1 128w, https:\/\/i0.wp.com\/www.ofkbrdo.com\/Wordpress\/wp-content\/uploads\/2022\/06\/A43D1151-B6CF-4118-987E-8E1C4A4F8E14.jpeg?resize=32%2C21&amp;ssl=1 32w, https:\/\/i0.wp.com\/www.ofkbrdo.com\/Wordpress\/wp-content\/uploads\/2022\/06\/A43D1151-B6CF-4118-987E-8E1C4A4F8E14.jpeg?w=1800&amp;ssl=1 1800w, https:\/\/i0.wp.com\/www.ofkbrdo.com\/Wordpress\/wp-content\/uploads\/2022\/06\/A43D1151-B6CF-4118-987E-8E1C4A4F8E14.jpeg?w=1280&amp;ssl=1 1280w\" sizes=\"(max-width: 640px) 100vw, 640px\" \/><\/p>\n<p>Doma\u0107in nije u formi o \u010demu govore postignuti rezultati. U posljednjih deset kola Polet je osvojio 3 boda. S druge strane Karupovi\u0107, Miji\u0107, Mr\u0161i\u0107, Isakovi\u0107 i ekipa su u istom periodu upisali 25 bodova. Polet je na 14. mjestu, Brdo dijeli 3.mjesto. Dosta razloga da budemo optimisti i o\u010dekujemo 16 prvenstvenu pobjedu. Za historiju, ponos, sre\u0107u i ogromno zadovoljstvo.<\/p>\n<div class=\"jetpack-video-wrapper\"><div class=\"lyte-wrapper fourthree\" title=\"\u017dELIMO POBJEDOM OKON\u010cATI NAJBOLJU SEZONU U HISTORIJI KLUBA\" style=\"width:420px;max-width:100%;margin:5px;\"><div class=\"lyMe\" id=\"WYL_nGHMXvGiBnE\" itemprop=\"video\" itemscope itemtype=\"https:\/\/schema.org\/VideoObject\"><div><meta itemprop=\"thumbnailUrl\" content=\"https:\/\/i.ytimg.com\/vi\/nGHMXvGiBnE\/hqdefault.jpg\" \/><meta itemprop=\"embedURL\" content=\"https:\/\/www.youtube.com\/embed\/nGHMXvGiBnE\" \/><meta itemprop=\"duration\" content=\"PT2M35S\" \/><meta itemprop=\"uploadDate\" content=\"2022-06-03T16:40:04Z\" \/><\/div><div id=\"lyte_nGHMXvGiBnE\" data-src=\"https:\/\/i.ytimg.com\/vi\/nGHMXvGiBnE\/hqdefault.jpg\" class=\"pL\"><div class=\"tC\"><div class=\"tT\" itemprop=\"name\">\u017dELIMO POBJEDOM OKON\u010cATI NAJBOLJU SEZONU U HISTORIJI KLUBA<\/div><\/div><div class=\"play\"><\/div><div class=\"ctrl\"><div class=\"Lctrl\"><\/div><div class=\"Rctrl\"><\/div><\/div><\/div><noscript><a href=\"https:\/\/youtu.be\/nGHMXvGiBnE\" rel=\"nofollow noopener\" target=\"_blank\"><img data-recalc-dims=\"1\" loading=\"lazy\" decoding=\"async\" src=\"https:\/\/i0.wp.com\/i.ytimg.com\/vi\/nGHMXvGiBnE\/0.jpg?resize=420%2C295&#038;ssl=1\" alt=\"\u017dELIMO POBJEDOM OKON\u010cATI NAJBOLJU SEZONU U HISTORIJI KLUBA\" width=\"420\" height=\"295\" \/><br \/>Watch this video on YouTube<\/a><\/noscript><meta itemprop=\"description\" content=\"Nemanja Vujatovi\u0107 je ove sezone bio bedem ispred gola Omladinskog fudbalskog kluba Brdo. Prvenstvo \u017eeli okon\u010dati pobjedom i obe\u0107ava maksimalan anga\u017eman fudbalera kluba koji \u017eivot zna\u010di.\"><\/div><\/div><div class=\"lL\" style=\"max-width:100%;width:420px;margin:5px;\"><\/div><\/div>\n<p>Utakmica se igra u nedjelju u 17, 30 sati i mo\u017eete je pratiti \u0161irom svijeta jer smo vam osigurali LIVE prenos.<\/p>\n<p><img data-recalc-dims=\"1\" loading=\"lazy\" decoding=\"async\" data-attachment-id=\"5407\" data-permalink=\"https:\/\/www.ofkbrdo.com\/Wordpress\/u-nedjelju-ofk-polet-ofk-brdo\/af977b19-6491-41f8-aa1d-926ef8af2b7e\/\" data-orig-file=\"https:\/\/i0.wp.com\/www.ofkbrdo.com\/Wordpress\/wp-content\/uploads\/2022\/06\/AF977B19-6491-41F8-AA1D-926EF8AF2B7E.jpeg?fit=1799%2C1250&amp;ssl=1\" data-orig-size=\"1799,1250\" data-comments-opened=\"0\" data-image-meta=\"{&quot;aperture&quot;:&quot;0&quot;,&quot;credit&quot;:&quot;&quot;,&quot;camera&quot;:&quot;&quot;,&quot;caption&quot;:&quot;&quot;,&quot;created_timestamp&quot;:&quot;0&quot;,&quot;copyright&quot;:&quot;&quot;,&quot;focal_length&quot;:&quot;0&quot;,&quot;iso&quot;:&quot;0&quot;,&quot;shutter_speed&quot;:&quot;0&quot;,&quot;title&quot;:&quot;&quot;,&quot;orientation&quot;:&quot;1&quot;}\" data-image-title=\"AF977B19-6491-41F8-AA1D-926EF8AF2B7E\" data-image-description=\"\" data-image-caption=\"\" data-large-file=\"https:\/\/i0.wp.com\/www.ofkbrdo.com\/Wordpress\/wp-content\/uploads\/2022\/06\/AF977B19-6491-41F8-AA1D-926EF8AF2B7E.jpeg?fit=640%2C445&amp;ssl=1\" class=\"aligncenter size-large wp-image-5407\" src=\"https:\/\/i0.wp.com\/www.ofkbrdo.com\/Wordpress\/wp-content\/uploads\/2022\/06\/AF977B19-6491-41F8-AA1D-926EF8AF2B7E.jpeg?resize=640%2C445&#038;ssl=1\" alt=\"\" width=\"640\" height=\"445\" srcset=\"https:\/\/i0.wp.com\/www.ofkbrdo.com\/Wordpress\/wp-content\/uploads\/2022\/06\/AF977B19-6491-41F8-AA1D-926EF8AF2B7E.jpeg?resize=1024%2C712&amp;ssl=1 1024w, https:\/\/i0.wp.com\/www.ofkbrdo.com\/Wordpress\/wp-content\/uploads\/2022\/06\/AF977B19-6491-41F8-AA1D-926EF8AF2B7E.jpeg?resize=300%2C208&amp;ssl=1 300w, https:\/\/i0.wp.com\/www.ofkbrdo.com\/Wordpress\/wp-content\/uploads\/2022\/06\/AF977B19-6491-41F8-AA1D-926EF8AF2B7E.jpeg?resize=768%2C534&amp;ssl=1 768w, https:\/\/i0.wp.com\/www.ofkbrdo.com\/Wordpress\/wp-content\/uploads\/2022\/06\/AF977B19-6491-41F8-AA1D-926EF8AF2B7E.jpeg?resize=1536%2C1067&amp;ssl=1 1536w, https:\/\/i0.wp.com\/www.ofkbrdo.com\/Wordpress\/wp-content\/uploads\/2022\/06\/AF977B19-6491-41F8-AA1D-926EF8AF2B7E.jpeg?resize=128%2C89&amp;ssl=1 128w, https:\/\/i0.wp.com\/www.ofkbrdo.com\/Wordpress\/wp-content\/uploads\/2022\/06\/AF977B19-6491-41F8-AA1D-926EF8AF2B7E.jpeg?resize=32%2C22&amp;ssl=1 32w, https:\/\/i0.wp.com\/www.ofkbrdo.com\/Wordpress\/wp-content\/uploads\/2022\/06\/AF977B19-6491-41F8-AA1D-926EF8AF2B7E.jpeg?w=1799&amp;ssl=1 1799w, https:\/\/i0.wp.com\/www.ofkbrdo.com\/Wordpress\/wp-content\/uploads\/2022\/06\/AF977B19-6491-41F8-AA1D-926EF8AF2B7E.jpeg?w=1280&amp;ssl=1 1280w\" sizes=\"(max-width: 640px) 100vw, 640px\" \/><\/p>\n","protected":false},"excerpt":{"rendered":"<p>Pred drugoliga\u0161ima je posljednje prvenstveno kolo. Brodski Polet je zadnja stanica u najboljoj sezoni u historiji Omladinskog fudbalskog kluba Brdo. Va\u017ena utakmica? Da, veoma va\u017ena jer nam pobjeda garantuje podjelu ili samostalno tre\u0107e mjesto tako da ima dovoljno motiva da se ostavi srce na terenu. Alki\u0107 i Kecman su dobro odmorili ekipu nakon brojnih obaveza [&hellip;]<\/p>\n","protected":false},"author":1,"featured_media":5407,"comment_status":"closed","ping_status":"closed","sticky":false,"template":"","format":"standard","meta":{"ngg_post_thumbnail":0,"_jetpack_memberships_contains_paid_content":false,"footnotes":"","jetpack_publicize_message":"","jetpack_publicize_feature_enabled":true,"jetpack_social_post_already_shared":false,"jetpack_social_options":{"image_generator_settings":{"template":"highway","default_image_id":0,"font":"","enabled":false},"version":2}},"categories":[210],"tags":[],"class_list":["post-5402","post","type-post","status-publish","format-standard","has-post-thumbnail","hentry","category-druga-liga-rs"],"jetpack_publicize_connections":[],"jetpack_featured_media_url":"https:\/\/i0.wp.com\/www.ofkbrdo.com\/Wordpress\/wp-content\/uploads\/2022\/06\/AF977B19-6491-41F8-AA1D-926EF8AF2B7E.jpeg?fit=1799%2C1250&ssl=1","jetpack_sharing_enabled":true,"jetpack_likes_enabled":true,"jetpack_shortlink":"https:\/\/wp.me\/pevKtx-1p8","jetpack-related-posts":[{"id":3402,"url":"https:\/\/www.ofkbrdo.com\/Wordpress\/sigurna-pobjeda-ofk-brda\/","url_meta":{"origin":5402,"position":0},"title":"SIGURNA POBJEDA OFK BRDA","author":"admin","date":"9. May 2021","format":false,"excerpt":"Jo\u0161 jedna va\u017ena i sigurna pobjeda Brda u borbi za o\u010duvanje drugoliga\u0161kog statusa. \u0160ef stru\u010dnog \u0161ta Omladinskog fudbalskog kluba Brdo, Mirza Alki\u0107, \"podigao\" je ekipu kada je bilo najpotrebnije. Golovima Haramba\u0161i\u0107a u prvom i Pekije u drugom poluvremenu, Brdo je do\u0161lo do zaslu\u017eene pobjede. U svim elementima fudbalske igre fudbaleri\u2026","rel":"","context":"In &quot;Prva ekipa&quot;","block_context":{"text":"Prva ekipa","link":"https:\/\/www.ofkbrdo.com\/Wordpress\/prva-ekipa\/"},"img":{"alt_text":"","src":"https:\/\/i0.wp.com\/www.ofkbrdo.com\/Wordpress\/wp-content\/uploads\/2021\/05\/C043AF98-9FBA-4294-99C3-06BA104128FD.jpeg?fit=1200%2C682&ssl=1&resize=350%2C200","width":350,"height":200,"srcset":"https:\/\/i0.wp.com\/www.ofkbrdo.com\/Wordpress\/wp-content\/uploads\/2021\/05\/C043AF98-9FBA-4294-99C3-06BA104128FD.jpeg?fit=1200%2C682&ssl=1&resize=350%2C200 1x, https:\/\/i0.wp.com\/www.ofkbrdo.com\/Wordpress\/wp-content\/uploads\/2021\/05\/C043AF98-9FBA-4294-99C3-06BA104128FD.jpeg?fit=1200%2C682&ssl=1&resize=525%2C300 1.5x, https:\/\/i0.wp.com\/www.ofkbrdo.com\/Wordpress\/wp-content\/uploads\/2021\/05\/C043AF98-9FBA-4294-99C3-06BA104128FD.jpeg?fit=1200%2C682&ssl=1&resize=700%2C400 2x, https:\/\/i0.wp.com\/www.ofkbrdo.com\/Wordpress\/wp-content\/uploads\/2021\/05\/C043AF98-9FBA-4294-99C3-06BA104128FD.jpeg?fit=1200%2C682&ssl=1&resize=1050%2C600 3x"},"classes":[]},{"id":7105,"url":"https:\/\/www.ofkbrdo.com\/Wordpress\/ofk-brdo-ofk-polet-u-subotu-u-17-sati-live\/","url_meta":{"origin":5402,"position":1},"title":"OFK BRDO &#8211; OFK POLET U SUBOTU U 17 SATI LIVE","author":"admin","date":"1. September 2023","format":false,"excerpt":"Navija\u010di i simpatizeri Omladinskog fudbalskog kluba Brdo vjeruju da je u tre\u0107em ovosezonskom kolu, do\u0161lo vrijeme za 'prvu prvenstvenu pobjedu. Naravno, ne zbog toga \u0161to ekipa Poleta nema kvalitet nego zbog \u010dinjenice da je vrijeme da prorade i napada\u010di Brda koji u prvenstvu 180 minuta nisu postigli gol. Polet nije\u2026","rel":"","context":"In &quot;Druga liga RS&quot;","block_context":{"text":"Druga liga RS","link":"https:\/\/www.ofkbrdo.com\/Wordpress\/druga-liga-rs\/"},"img":{"alt_text":"","src":"https:\/\/i0.wp.com\/www.ofkbrdo.com\/Wordpress\/wp-content\/uploads\/2023\/09\/IMG_1674.jpeg?fit=1200%2C520&ssl=1&resize=350%2C200","width":350,"height":200,"srcset":"https:\/\/i0.wp.com\/www.ofkbrdo.com\/Wordpress\/wp-content\/uploads\/2023\/09\/IMG_1674.jpeg?fit=1200%2C520&ssl=1&resize=350%2C200 1x, https:\/\/i0.wp.com\/www.ofkbrdo.com\/Wordpress\/wp-content\/uploads\/2023\/09\/IMG_1674.jpeg?fit=1200%2C520&ssl=1&resize=525%2C300 1.5x, https:\/\/i0.wp.com\/www.ofkbrdo.com\/Wordpress\/wp-content\/uploads\/2023\/09\/IMG_1674.jpeg?fit=1200%2C520&ssl=1&resize=700%2C400 2x, https:\/\/i0.wp.com\/www.ofkbrdo.com\/Wordpress\/wp-content\/uploads\/2023\/09\/IMG_1674.jpeg?fit=1200%2C520&ssl=1&resize=1050%2C600 3x"},"classes":[]},{"id":6753,"url":"https:\/\/www.ofkbrdo.com\/Wordpress\/mirsad-causevic-je-vazna-karika-u-lancu-uspjeha-kluba-koji-zivot-znaci\/","url_meta":{"origin":5402,"position":2},"title":"MIRSAD \u010cAU\u0160EVI\u0106 JE VA\u017dNA KARIKA U LANCU USPJEHA KLUBA KOJI \u017dIVOT ZNA\u010cI","author":"admin","date":"2. June 2023","format":false,"excerpt":"Stidljivo, uz jo\u0161 uvijek mnogo vremenskih iznena\u0111enja, dolazi nam ljeto. Nama koji \u017eivimo na Mataru\u0161kom Brdu i prijedorskoj op\u0161tini, to je va\u017eno iz vi\u0161e razloga. Jedan od najva\u017enijih je \u0161to dolazi du\u017ee vrijeme susreta s na\u0161om rodbinom, prijateljima i kom\u0161ijama koji \u017eive i rade \u0161irom svijeta. Brdo nam o\u017eivi i\u2026","rel":"","context":"In &quot;Sponzori&quot;","block_context":{"text":"Sponzori","link":"https:\/\/www.ofkbrdo.com\/Wordpress\/sponzori\/"},"img":{"alt_text":"","src":"https:\/\/i0.wp.com\/www.ofkbrdo.com\/Wordpress\/wp-content\/uploads\/2023\/06\/IMG_8503.jpeg?fit=959%2C842&ssl=1&resize=350%2C200","width":350,"height":200,"srcset":"https:\/\/i0.wp.com\/www.ofkbrdo.com\/Wordpress\/wp-content\/uploads\/2023\/06\/IMG_8503.jpeg?fit=959%2C842&ssl=1&resize=350%2C200 1x, https:\/\/i0.wp.com\/www.ofkbrdo.com\/Wordpress\/wp-content\/uploads\/2023\/06\/IMG_8503.jpeg?fit=959%2C842&ssl=1&resize=525%2C300 1.5x, https:\/\/i0.wp.com\/www.ofkbrdo.com\/Wordpress\/wp-content\/uploads\/2023\/06\/IMG_8503.jpeg?fit=959%2C842&ssl=1&resize=700%2C400 2x"},"classes":[]},{"id":6723,"url":"https:\/\/www.ofkbrdo.com\/Wordpress\/ofk-brdo-fk-ukrina-na-stadionu-u-ljubiji\/","url_meta":{"origin":5402,"position":3},"title":"OFK BRDO &#8211; FK UKRINA NA STADIONU U LJUBIJI","author":"admin","date":"20. May 2023","format":false,"excerpt":"Susret 27 kola Druge fudbalske lige grupa zapad izme\u0111u Omladinskog fudbalskog kluba Brdo i Ukrine iz \u010ce\u010deve ne\u0107e biti odigran na Vedrom polju. Zna\u010dajan dio terena je pod vodom tako da nedjeljni ogled ovih ekipa mo\u017eete pratiti na stadionu u Ljubiji. Gosti su pretposljednji na tabeli i vode gr\u010devitu borbu\u2026","rel":"","context":"In &quot;Druga liga RS&quot;","block_context":{"text":"Druga liga RS","link":"https:\/\/www.ofkbrdo.com\/Wordpress\/druga-liga-rs\/"},"img":{"alt_text":"","src":"https:\/\/i0.wp.com\/www.ofkbrdo.com\/Wordpress\/wp-content\/uploads\/2023\/05\/IMG_7980.jpeg?fit=1198%2C1127&ssl=1&resize=350%2C200","width":350,"height":200,"srcset":"https:\/\/i0.wp.com\/www.ofkbrdo.com\/Wordpress\/wp-content\/uploads\/2023\/05\/IMG_7980.jpeg?fit=1198%2C1127&ssl=1&resize=350%2C200 1x, https:\/\/i0.wp.com\/www.ofkbrdo.com\/Wordpress\/wp-content\/uploads\/2023\/05\/IMG_7980.jpeg?fit=1198%2C1127&ssl=1&resize=525%2C300 1.5x, https:\/\/i0.wp.com\/www.ofkbrdo.com\/Wordpress\/wp-content\/uploads\/2023\/05\/IMG_7980.jpeg?fit=1198%2C1127&ssl=1&resize=700%2C400 2x, https:\/\/i0.wp.com\/www.ofkbrdo.com\/Wordpress\/wp-content\/uploads\/2023\/05\/IMG_7980.jpeg?fit=1198%2C1127&ssl=1&resize=1050%2C600 3x"},"classes":[]},{"id":9424,"url":"https:\/\/www.ofkbrdo.com\/Wordpress\/novi-trofej-u-vitrinama-ofk-brda\/","url_meta":{"origin":5402,"position":4},"title":"NOVI TROFEJ U VITRINAMA OFK BRDA","author":"admin","date":"4. September 2025","format":false,"excerpt":"Omladinski fudbalski klub Brdo ostvario je jo\u0161 jedan rezultat koji \u0107e ostati zlatnim slovima upisan u hostoriji kluba sa Vedrog polja. U konkurenciji klubova iz pet gradova i op\u0161tina osvojen je kup Podru\u010dnog fudbalskog saveza Prijedora. Nedavno je proslavljena titula kupa osvojena na nivou grada Prijedora, a sada i kup\u2026","rel":"","context":"In &quot;Kup&quot;","block_context":{"text":"Kup","link":"https:\/\/www.ofkbrdo.com\/Wordpress\/kup\/"},"img":{"alt_text":"","src":"https:\/\/i0.wp.com\/www.ofkbrdo.com\/Wordpress\/wp-content\/uploads\/2025\/09\/IMG_3294.jpeg?fit=1200%2C827&ssl=1&resize=350%2C200","width":350,"height":200,"srcset":"https:\/\/i0.wp.com\/www.ofkbrdo.com\/Wordpress\/wp-content\/uploads\/2025\/09\/IMG_3294.jpeg?fit=1200%2C827&ssl=1&resize=350%2C200 1x, https:\/\/i0.wp.com\/www.ofkbrdo.com\/Wordpress\/wp-content\/uploads\/2025\/09\/IMG_3294.jpeg?fit=1200%2C827&ssl=1&resize=525%2C300 1.5x, https:\/\/i0.wp.com\/www.ofkbrdo.com\/Wordpress\/wp-content\/uploads\/2025\/09\/IMG_3294.jpeg?fit=1200%2C827&ssl=1&resize=700%2C400 2x, https:\/\/i0.wp.com\/www.ofkbrdo.com\/Wordpress\/wp-content\/uploads\/2025\/09\/IMG_3294.jpeg?fit=1200%2C827&ssl=1&resize=1050%2C600 3x"},"classes":[]},{"id":9333,"url":"https:\/\/www.ofkbrdo.com\/Wordpress\/nastavak-saradnje-sa-manojlom-trkuljom\/","url_meta":{"origin":5402,"position":5},"title":"Nastavak saradnje sa Manojlom Trkuljom","author":"admin","date":"21. August 2025","format":false,"excerpt":"OFK Brdo sa zadovoljstvom objavljuje da je Manojlo Trkulja, dugogodi\u0161nji stub ekipe i prepoznatljivo lice na\u0161eg kluba, produ\u017eio saradnju i ostaje dio na\u0161e porodice i u narednoj sezoni! Trkulja, koji je ve\u0107 nekoliko godina va\u017ena karika u timu, istakao je da se u Brdu osje\u0107a kao kod ku\u0107e \u2013 \u0161to\u2026","rel":"","context":"In &quot;Pocetna&quot;","block_context":{"text":"Pocetna","link":"https:\/\/www.ofkbrdo.com\/Wordpress\/vijesti\/"},"img":{"alt_text":"","src":"https:\/\/i0.wp.com\/www.ofkbrdo.com\/Wordpress\/wp-content\/uploads\/2025\/08\/IMG_2865.jpeg?fit=1200%2C1200&ssl=1&resize=350%2C200","width":350,"height":200,"srcset":"https:\/\/i0.wp.com\/www.ofkbrdo.com\/Wordpress\/wp-content\/uploads\/2025\/08\/IMG_2865.jpeg?fit=1200%2C1200&ssl=1&resize=350%2C200 1x, https:\/\/i0.wp.com\/www.ofkbrdo.com\/Wordpress\/wp-content\/uploads\/2025\/08\/IMG_2865.jpeg?fit=1200%2C1200&ssl=1&resize=525%2C300 1.5x, https:\/\/i0.wp.com\/www.ofkbrdo.com\/Wordpress\/wp-content\/uploads\/2025\/08\/IMG_2865.jpeg?fit=1200%2C1200&ssl=1&resize=700%2C400 2x, https:\/\/i0.wp.com\/www.ofkbrdo.com\/Wordpress\/wp-content\/uploads\/2025\/08\/IMG_2865.jpeg?fit=1200%2C1200&ssl=1&resize=1050%2C600 3x"},"classes":[]}],"_links":{"self":[{"href":"https:\/\/www.ofkbrdo.com\/Wordpress\/wp-json\/wp\/v2\/posts\/5402","targetHints":{"allow":["GET"]}}],"collection":[{"href":"https:\/\/www.ofkbrdo.com\/Wordpress\/wp-json\/wp\/v2\/posts"}],"about":[{"href":"https:\/\/www.ofkbrdo.com\/Wordpress\/wp-json\/wp\/v2\/types\/post"}],"author":[{"embeddable":true,"href":"https:\/\/www.ofkbrdo.com\/Wordpress\/wp-json\/wp\/v2\/users\/1"}],"replies":[{"embeddable":true,"href":"https:\/\/www.ofkbrdo.com\/Wordpress\/wp-json\/wp\/v2\/comments?post=5402"}],"version-history":[{"count":0,"href":"https:\/\/www.ofkbrdo.com\/Wordpress\/wp-json\/wp\/v2\/posts\/5402\/revisions"}],"wp:featuredmedia":[{"embeddable":true,"href":"https:\/\/www.ofkbrdo.com\/Wordpress\/wp-json\/wp\/v2\/media\/5407"}],"wp:attachment":[{"href":"https:\/\/www.ofkbrdo.com\/Wordpress\/wp-json\/wp\/v2\/media?parent=5402"}],"wp:term":[{"taxonomy":"category","embeddable":true,"href":"https:\/\/www.ofkbrdo.com\/Wordpress\/wp-json\/wp\/v2\/categories?post=5402"},{"taxonomy":"post_tag","embeddable":true,"href":"https:\/\/www.ofkbrdo.com\/Wordpress\/wp-json\/wp\/v2\/tags?post=5402"}],"curies":[{"name":"wp","href":"https:\/\/api.w.org\/{rel}","templated":true}]}}