{"id":5413,"date":"2022-06-05T21:10:03","date_gmt":"2022-06-05T19:10:03","guid":{"rendered":"https:\/\/www.ofkbrdo.com\/Wordpress\/?p=5413"},"modified":"2022-06-05T22:14:48","modified_gmt":"2022-06-05T20:14:48","slug":"najbolja-sezona-u-historiji-kluba-okoncana-visokom-pobjedom","status":"publish","type":"post","link":"https:\/\/www.ofkbrdo.com\/Wordpress\/najbolja-sezona-u-historiji-kluba-okoncana-visokom-pobjedom\/","title":{"rendered":"NAJBOLJA SEZONA U HISTORIJI KLUBA OKON\u010cANA VISOKOM POBJEDOM"},"content":{"rendered":"<p>Zavr\u0161ena je sezona koja je na\u0161la mjesto na najsvjetlijoj stranici historije Omladinskog fudbalskog kluba Brdo. Polet- Brdo 0-6. Rezultat dovoljno govori o utakmici i sezoni.<\/p>\n<p><img data-recalc-dims=\"1\" fetchpriority=\"high\" decoding=\"async\" data-attachment-id=\"5417\" data-permalink=\"https:\/\/www.ofkbrdo.com\/Wordpress\/najbolja-sezona-u-historiji-kluba-okoncana-visokom-pobjedom\/3c95bc1d-b8b9-44a7-ad82-1a3aa2766a3c\/\" data-orig-file=\"https:\/\/i0.wp.com\/www.ofkbrdo.com\/Wordpress\/wp-content\/uploads\/2022\/06\/3C95BC1D-B8B9-44A7-AD82-1A3AA2766A3C.jpeg?fit=720%2C738&amp;ssl=1\" data-orig-size=\"720,738\" data-comments-opened=\"0\" data-image-meta=\"{&quot;aperture&quot;:&quot;0&quot;,&quot;credit&quot;:&quot;&quot;,&quot;camera&quot;:&quot;&quot;,&quot;caption&quot;:&quot;&quot;,&quot;created_timestamp&quot;:&quot;0&quot;,&quot;copyright&quot;:&quot;&quot;,&quot;focal_length&quot;:&quot;0&quot;,&quot;iso&quot;:&quot;0&quot;,&quot;shutter_speed&quot;:&quot;0&quot;,&quot;title&quot;:&quot;&quot;,&quot;orientation&quot;:&quot;1&quot;}\" data-image-title=\"3C95BC1D-B8B9-44A7-AD82-1A3AA2766A3C\" data-image-description=\"\" data-image-caption=\"\" data-large-file=\"https:\/\/i0.wp.com\/www.ofkbrdo.com\/Wordpress\/wp-content\/uploads\/2022\/06\/3C95BC1D-B8B9-44A7-AD82-1A3AA2766A3C.jpeg?fit=640%2C656&amp;ssl=1\" class=\"aligncenter size-full wp-image-5417\" src=\"https:\/\/i0.wp.com\/www.ofkbrdo.com\/Wordpress\/wp-content\/uploads\/2022\/06\/3C95BC1D-B8B9-44A7-AD82-1A3AA2766A3C.jpeg?resize=640%2C656&#038;ssl=1\" alt=\"\" width=\"640\" height=\"656\" srcset=\"https:\/\/i0.wp.com\/www.ofkbrdo.com\/Wordpress\/wp-content\/uploads\/2022\/06\/3C95BC1D-B8B9-44A7-AD82-1A3AA2766A3C.jpeg?w=720&amp;ssl=1 720w, https:\/\/i0.wp.com\/www.ofkbrdo.com\/Wordpress\/wp-content\/uploads\/2022\/06\/3C95BC1D-B8B9-44A7-AD82-1A3AA2766A3C.jpeg?resize=293%2C300&amp;ssl=1 293w, https:\/\/i0.wp.com\/www.ofkbrdo.com\/Wordpress\/wp-content\/uploads\/2022\/06\/3C95BC1D-B8B9-44A7-AD82-1A3AA2766A3C.jpeg?resize=125%2C128&amp;ssl=1 125w, https:\/\/i0.wp.com\/www.ofkbrdo.com\/Wordpress\/wp-content\/uploads\/2022\/06\/3C95BC1D-B8B9-44A7-AD82-1A3AA2766A3C.jpeg?resize=32%2C32&amp;ssl=1 32w, https:\/\/i0.wp.com\/www.ofkbrdo.com\/Wordpress\/wp-content\/uploads\/2022\/06\/3C95BC1D-B8B9-44A7-AD82-1A3AA2766A3C.jpeg?resize=50%2C50&amp;ssl=1 50w\" sizes=\"(max-width: 640px) 100vw, 640px\" \/><\/p>\n<p>Sad\u017eak je upisao prvi het- trik za \u017euto plave. Poga\u0111ali su jo\u0161 Karupovi\u0107, Miodragovi\u0107 i Isakovi\u0107. Sezona okon\u010dana na diobi tre\u0107eg mjesta.<\/p>\n<div class=\"jetpack-video-wrapper\"><div class=\"lyte-wrapper fourthree\" title=\"MIRZA ALKI\u0106 I GORAN KECMAN NAKON POBJEDE O-6 PROTIV POLETA I NAJBOLJE SEZONE U HISTORIJI KLUBA\" style=\"width:420px;max-width:100%;margin:5px;\"><div class=\"lyMe\" id=\"WYL_IIuyvDXSXP8\" itemprop=\"video\" itemscope itemtype=\"https:\/\/schema.org\/VideoObject\"><div><meta itemprop=\"thumbnailUrl\" content=\"https:\/\/i.ytimg.com\/vi\/IIuyvDXSXP8\/hqdefault.jpg\" \/><meta itemprop=\"embedURL\" content=\"https:\/\/www.youtube.com\/embed\/IIuyvDXSXP8\" \/><meta itemprop=\"duration\" content=\"PT6M31S\" \/><meta itemprop=\"uploadDate\" content=\"2022-06-05T19:32:23Z\" \/><\/div><div id=\"lyte_IIuyvDXSXP8\" data-src=\"https:\/\/i.ytimg.com\/vi\/IIuyvDXSXP8\/hqdefault.jpg\" class=\"pL\"><div class=\"tC\"><div class=\"tT\" itemprop=\"name\">MIRZA ALKI\u0106 I GORAN KECMAN NAKON POBJEDE O-6 PROTIV POLETA I NAJBOLJE SEZONE U HISTORIJI KLUBA<\/div><\/div><div class=\"play\"><\/div><div class=\"ctrl\"><div class=\"Lctrl\"><\/div><div class=\"Rctrl\"><\/div><\/div><\/div><noscript><a href=\"https:\/\/youtu.be\/IIuyvDXSXP8\" rel=\"nofollow noopener\" target=\"_blank\"><img data-recalc-dims=\"1\" decoding=\"async\" src=\"https:\/\/i0.wp.com\/i.ytimg.com\/vi\/IIuyvDXSXP8\/0.jpg?resize=420%2C295&#038;ssl=1\" alt=\"MIRZA ALKI\u0106 I GORAN KECMAN NAKON POBJEDE O-6 PROTIV POLETA I NAJBOLJE SEZONE U HISTORIJI KLUBA\" width=\"420\" height=\"295\" \/><br \/>Watch this video on YouTube<\/a><\/noscript><meta itemprop=\"description\" content=\"MIRZA ALKI\u0106 I GORAN KECMAN NAKON POBJEDE O-6 PROTIV POLETA I NAJBOLJE SEZONE U HISTORIJI KLUBA\"><\/div><\/div><div class=\"lL\" style=\"max-width:100%;width:420px;margin:5px;\"><\/div><\/div>\n<p>Sezona za na\u0161 ponos,sre\u0107u i ogromnu radost. Bolji smo nego ikad. Puno srce i obaveza da budemo jo\u0161 bolji. Podr\u0161ka ne smije izostati.<\/p>\n<p><img data-recalc-dims=\"1\" decoding=\"async\" data-attachment-id=\"5414\" data-permalink=\"https:\/\/www.ofkbrdo.com\/Wordpress\/najbolja-sezona-u-historiji-kluba-okoncana-visokom-pobjedom\/7a1a6d75-7555-460e-ba51-3234dca6f0d4\/\" data-orig-file=\"https:\/\/i0.wp.com\/www.ofkbrdo.com\/Wordpress\/wp-content\/uploads\/2022\/06\/7A1A6D75-7555-460E-BA51-3234DCA6F0D4.jpeg?fit=1387%2C862&amp;ssl=1\" data-orig-size=\"1387,862\" data-comments-opened=\"0\" data-image-meta=\"{&quot;aperture&quot;:&quot;0&quot;,&quot;credit&quot;:&quot;&quot;,&quot;camera&quot;:&quot;&quot;,&quot;caption&quot;:&quot;&quot;,&quot;created_timestamp&quot;:&quot;0&quot;,&quot;copyright&quot;:&quot;&quot;,&quot;focal_length&quot;:&quot;0&quot;,&quot;iso&quot;:&quot;0&quot;,&quot;shutter_speed&quot;:&quot;0&quot;,&quot;title&quot;:&quot;&quot;,&quot;orientation&quot;:&quot;1&quot;}\" data-image-title=\"7A1A6D75-7555-460E-BA51-3234DCA6F0D4\" data-image-description=\"\" data-image-caption=\"\" data-large-file=\"https:\/\/i0.wp.com\/www.ofkbrdo.com\/Wordpress\/wp-content\/uploads\/2022\/06\/7A1A6D75-7555-460E-BA51-3234DCA6F0D4.jpeg?fit=640%2C398&amp;ssl=1\" class=\"aligncenter size-large wp-image-5414\" src=\"https:\/\/i0.wp.com\/www.ofkbrdo.com\/Wordpress\/wp-content\/uploads\/2022\/06\/7A1A6D75-7555-460E-BA51-3234DCA6F0D4.jpeg?resize=640%2C398&#038;ssl=1\" alt=\"\" width=\"640\" height=\"398\" srcset=\"https:\/\/i0.wp.com\/www.ofkbrdo.com\/Wordpress\/wp-content\/uploads\/2022\/06\/7A1A6D75-7555-460E-BA51-3234DCA6F0D4.jpeg?resize=1024%2C636&amp;ssl=1 1024w, https:\/\/i0.wp.com\/www.ofkbrdo.com\/Wordpress\/wp-content\/uploads\/2022\/06\/7A1A6D75-7555-460E-BA51-3234DCA6F0D4.jpeg?resize=300%2C186&amp;ssl=1 300w, https:\/\/i0.wp.com\/www.ofkbrdo.com\/Wordpress\/wp-content\/uploads\/2022\/06\/7A1A6D75-7555-460E-BA51-3234DCA6F0D4.jpeg?resize=768%2C477&amp;ssl=1 768w, https:\/\/i0.wp.com\/www.ofkbrdo.com\/Wordpress\/wp-content\/uploads\/2022\/06\/7A1A6D75-7555-460E-BA51-3234DCA6F0D4.jpeg?resize=128%2C80&amp;ssl=1 128w, https:\/\/i0.wp.com\/www.ofkbrdo.com\/Wordpress\/wp-content\/uploads\/2022\/06\/7A1A6D75-7555-460E-BA51-3234DCA6F0D4.jpeg?resize=32%2C20&amp;ssl=1 32w, https:\/\/i0.wp.com\/www.ofkbrdo.com\/Wordpress\/wp-content\/uploads\/2022\/06\/7A1A6D75-7555-460E-BA51-3234DCA6F0D4.jpeg?w=1387&amp;ssl=1 1387w, https:\/\/i0.wp.com\/www.ofkbrdo.com\/Wordpress\/wp-content\/uploads\/2022\/06\/7A1A6D75-7555-460E-BA51-3234DCA6F0D4.jpeg?w=1280&amp;ssl=1 1280w\" sizes=\"(max-width: 640px) 100vw, 640px\" \/><\/p>\n<p>Hvala igra\u010dima, trenerima, sponzorima, donatorima i \u010dlanovima kluba.<\/p>\n","protected":false},"excerpt":{"rendered":"<p>Zavr\u0161ena je sezona koja je na\u0161la mjesto na najsvjetlijoj stranici historije Omladinskog fudbalskog kluba Brdo. Polet- Brdo 0-6. Rezultat dovoljno govori o utakmici i sezoni. Sad\u017eak je upisao prvi het- trik za \u017euto plave. Poga\u0111ali su jo\u0161 Karupovi\u0107, Miodragovi\u0107 i Isakovi\u0107. Sezona okon\u010dana na diobi tre\u0107eg mjesta. MIRZA ALKI\u0106 I GORAN KECMAN NAKON POBJEDE O-6 [&hellip;]<\/p>\n","protected":false},"author":1,"featured_media":5414,"comment_status":"closed","ping_status":"closed","sticky":false,"template":"","format":"standard","meta":{"ngg_post_thumbnail":0,"_jetpack_memberships_contains_paid_content":false,"footnotes":"","jetpack_publicize_message":"","jetpack_publicize_feature_enabled":true,"jetpack_social_post_already_shared":false,"jetpack_social_options":{"image_generator_settings":{"template":"highway","default_image_id":0,"font":"","enabled":false},"version":2}},"categories":[210],"tags":[],"class_list":["post-5413","post","type-post","status-publish","format-standard","has-post-thumbnail","hentry","category-druga-liga-rs"],"jetpack_publicize_connections":[],"jetpack_featured_media_url":"https:\/\/i0.wp.com\/www.ofkbrdo.com\/Wordpress\/wp-content\/uploads\/2022\/06\/7A1A6D75-7555-460E-BA51-3234DCA6F0D4.jpeg?fit=1387%2C862&ssl=1","jetpack_sharing_enabled":true,"jetpack_likes_enabled":true,"jetpack_shortlink":"https:\/\/wp.me\/pevKtx-1pj","jetpack-related-posts":[{"id":6772,"url":"https:\/\/www.ofkbrdo.com\/Wordpress\/prilika-da-se-sjajna-sezona-okonca-osvajanjem-trofeja\/","url_meta":{"origin":5413,"position":0},"title":"PRILIKA DA SE SJAJNA SEZONA OKON\u010cA OSVAJANJEM TROFEJA","author":"admin","date":"6. June 2023","format":false,"excerpt":"Fudbaleri Omladinskog fudbalskog kluba Brdo stigli su do zavr\u0161nice gradskog kupa. U srijedu ih na Gradskom stadionu u Prijedoru o\u010dekuje finalni me\u010d i mogu\u0107nost da se sezona okon\u010da osvajanjem trofeja. FSA je protivnik u odlu\u010duju\u0107oj utakmici. Dakle, u duelu drugoliga\u0161a dobit \u0107emo osvaja\u010da kupa. https:\/\/youtu.be\/-C2EG2lVMXI U polufinalnoj utakmici FSA je\u2026","rel":"","context":"In &quot;Kup&quot;","block_context":{"text":"Kup","link":"https:\/\/www.ofkbrdo.com\/Wordpress\/kup\/"},"img":{"alt_text":"","src":"https:\/\/i0.wp.com\/www.ofkbrdo.com\/Wordpress\/wp-content\/uploads\/2023\/06\/IMG_8626-1.jpeg?fit=1079%2C618&ssl=1&resize=350%2C200","width":350,"height":200,"srcset":"https:\/\/i0.wp.com\/www.ofkbrdo.com\/Wordpress\/wp-content\/uploads\/2023\/06\/IMG_8626-1.jpeg?fit=1079%2C618&ssl=1&resize=350%2C200 1x, https:\/\/i0.wp.com\/www.ofkbrdo.com\/Wordpress\/wp-content\/uploads\/2023\/06\/IMG_8626-1.jpeg?fit=1079%2C618&ssl=1&resize=525%2C300 1.5x, https:\/\/i0.wp.com\/www.ofkbrdo.com\/Wordpress\/wp-content\/uploads\/2023\/06\/IMG_8626-1.jpeg?fit=1079%2C618&ssl=1&resize=700%2C400 2x, https:\/\/i0.wp.com\/www.ofkbrdo.com\/Wordpress\/wp-content\/uploads\/2023\/06\/IMG_8626-1.jpeg?fit=1079%2C618&ssl=1&resize=1050%2C600 3x"},"classes":[]},{"id":9133,"url":"https:\/\/www.ofkbrdo.com\/Wordpress\/ofk-brdo-zavrsena-sezona-za-predpionire-i-pjetlice\/","url_meta":{"origin":5413,"position":1},"title":"OFK Brdo \u2013 Zavr\u0161ena sezona za predpionire i pjetli\u0107e","author":"admin","date":"20. June 2025","format":false,"excerpt":"Prije nekoliko sedmica zavr\u0161ena je Podru\u010dna liga za predpionire i pjetli\u0107e u sezoni 2024\/25, a sada su stigle i kona\u010dne tabele. Na\u0161 cilj na po\u010detku bio je plasman u sredinu tabele u obje kategorije \u2013 i s ponosom mo\u017eemo re\u0107i da smo u tome uspjeli! \ud83d\udd35 Predpioniri su sezonu zavr\u0161ili\u2026","rel":"","context":"In &quot;\u0160kola fudbala OFK Brdo&quot;","block_context":{"text":"\u0160kola fudbala OFK Brdo","link":"https:\/\/www.ofkbrdo.com\/Wordpress\/skola-fudbala-ofk-brdo\/"},"img":{"alt_text":"","src":"https:\/\/i0.wp.com\/www.ofkbrdo.com\/Wordpress\/wp-content\/uploads\/2025\/05\/att.5KZr4IYi4J8FfRSkGPZ_Jhtq6KYITiizFXBKbnsehmM.jpeg?fit=975%2C721&ssl=1&resize=350%2C200","width":350,"height":200,"srcset":"https:\/\/i0.wp.com\/www.ofkbrdo.com\/Wordpress\/wp-content\/uploads\/2025\/05\/att.5KZr4IYi4J8FfRSkGPZ_Jhtq6KYITiizFXBKbnsehmM.jpeg?fit=975%2C721&ssl=1&resize=350%2C200 1x, https:\/\/i0.wp.com\/www.ofkbrdo.com\/Wordpress\/wp-content\/uploads\/2025\/05\/att.5KZr4IYi4J8FfRSkGPZ_Jhtq6KYITiizFXBKbnsehmM.jpeg?fit=975%2C721&ssl=1&resize=525%2C300 1.5x, https:\/\/i0.wp.com\/www.ofkbrdo.com\/Wordpress\/wp-content\/uploads\/2025\/05\/att.5KZr4IYi4J8FfRSkGPZ_Jhtq6KYITiizFXBKbnsehmM.jpeg?fit=975%2C721&ssl=1&resize=700%2C400 2x"},"classes":[]},{"id":3624,"url":"https:\/\/www.ofkbrdo.com\/Wordpress\/mnogima-cemo-pomrsiti-racune\/","url_meta":{"origin":5413,"position":2},"title":"MNOGIMA \u0106EMO POMRSITI RA\u010cUNE","author":"admin","date":"6. July 2021","format":false,"excerpt":"U samoj zavr\u0161nici protekle sezone mogli smo se uvjeriti u fudbalske kvalitete Rajka Pekije. U utakmicama koje su bile od ogromnog zna\u010daja bio je na visini zadatka i pokazao koliko je opasan po protivni\u010dke golmane. Kod gra\u0111enja i duela kada je lopta u njegovom posjedu , odbrambeni igra\u010di imaju silne\u2026","rel":"","context":"In &quot;Prva ekipa&quot;","block_context":{"text":"Prva ekipa","link":"https:\/\/www.ofkbrdo.com\/Wordpress\/prva-ekipa\/"},"img":{"alt_text":"","src":"https:\/\/i0.wp.com\/www.ofkbrdo.com\/Wordpress\/wp-content\/uploads\/2021\/07\/B77D7537-C435-4F5C-BB58-0BA46F459A4E.jpeg?fit=1200%2C888&ssl=1&resize=350%2C200","width":350,"height":200,"srcset":"https:\/\/i0.wp.com\/www.ofkbrdo.com\/Wordpress\/wp-content\/uploads\/2021\/07\/B77D7537-C435-4F5C-BB58-0BA46F459A4E.jpeg?fit=1200%2C888&ssl=1&resize=350%2C200 1x, https:\/\/i0.wp.com\/www.ofkbrdo.com\/Wordpress\/wp-content\/uploads\/2021\/07\/B77D7537-C435-4F5C-BB58-0BA46F459A4E.jpeg?fit=1200%2C888&ssl=1&resize=525%2C300 1.5x, https:\/\/i0.wp.com\/www.ofkbrdo.com\/Wordpress\/wp-content\/uploads\/2021\/07\/B77D7537-C435-4F5C-BB58-0BA46F459A4E.jpeg?fit=1200%2C888&ssl=1&resize=700%2C400 2x, https:\/\/i0.wp.com\/www.ofkbrdo.com\/Wordpress\/wp-content\/uploads\/2021\/07\/B77D7537-C435-4F5C-BB58-0BA46F459A4E.jpeg?fit=1200%2C888&ssl=1&resize=1050%2C600 3x"},"classes":[]},{"id":9371,"url":"https:\/\/www.ofkbrdo.com\/Wordpress\/mirza-alkic-osma-sezona-na-klupi-ofk-brdo-i-nikad-jaca-liga-pred-nama\/","url_meta":{"origin":5413,"position":3},"title":"Mirza Alki\u0107: Osma sezona na klupi OFK Brdo i nikad ja\u010da liga pred nama","author":"admin","date":"23. August 2025","format":false,"excerpt":"Ve\u0107 osmu godinu zaredom Mirza Alki\u0107 uspje\u0161no predvodi OFK Brdo, klub koji je iz temelja gradio svoj put od regionalnih takmi\u010denja do stabilnog \u010dlana Druge lige FSRS. Od preuzimanja trenerske pozicije 2017. godine, Alki\u0107 je svojim radom i posve\u0107eno\u0161\u0107u postao simbol kluba s Mataru\u0161kog Brda \u2013 ne samo kao strateg,\u2026","rel":"","context":"In &quot;Prva ekipa&quot;","block_context":{"text":"Prva ekipa","link":"https:\/\/www.ofkbrdo.com\/Wordpress\/prva-ekipa\/"},"img":{"alt_text":"","src":"https:\/\/i0.wp.com\/www.ofkbrdo.com\/Wordpress\/wp-content\/uploads\/2025\/08\/IMG_2892.jpeg?fit=1200%2C1133&ssl=1&resize=350%2C200","width":350,"height":200,"srcset":"https:\/\/i0.wp.com\/www.ofkbrdo.com\/Wordpress\/wp-content\/uploads\/2025\/08\/IMG_2892.jpeg?fit=1200%2C1133&ssl=1&resize=350%2C200 1x, https:\/\/i0.wp.com\/www.ofkbrdo.com\/Wordpress\/wp-content\/uploads\/2025\/08\/IMG_2892.jpeg?fit=1200%2C1133&ssl=1&resize=525%2C300 1.5x, https:\/\/i0.wp.com\/www.ofkbrdo.com\/Wordpress\/wp-content\/uploads\/2025\/08\/IMG_2892.jpeg?fit=1200%2C1133&ssl=1&resize=700%2C400 2x, https:\/\/i0.wp.com\/www.ofkbrdo.com\/Wordpress\/wp-content\/uploads\/2025\/08\/IMG_2892.jpeg?fit=1200%2C1133&ssl=1&resize=1050%2C600 3x"},"classes":[]},{"id":3815,"url":"https:\/\/www.ofkbrdo.com\/Wordpress\/do-zadnjeg-atoma-snage\/","url_meta":{"origin":5413,"position":4},"title":"DO ZADNJEG ATOMA SNAGE","author":"admin","date":"12. August 2021","format":false,"excerpt":"Protekle zime pridru\u017eio se Omladinskom fudbalskom klubu Brdo. Iza njega su bile odli\u010dne utakmice u redovima Fudbalskog kluba Berek. Naporno je radio na pripremama i ubrzo pokazao da \u0107e biti poja\u010danje. Kako je prvenstveno odmicalo bio je sve bolji. Brzina i ogromna borbenost su do\u0161li do izra\u017eaja tako da je\u2026","rel":"","context":"In &quot;Pocetna&quot;","block_context":{"text":"Pocetna","link":"https:\/\/www.ofkbrdo.com\/Wordpress\/vijesti\/"},"img":{"alt_text":"","src":"https:\/\/i0.wp.com\/www.ofkbrdo.com\/Wordpress\/wp-content\/uploads\/2021\/08\/Isakovic.jpg?fit=960%2C704&ssl=1&resize=350%2C200","width":350,"height":200,"srcset":"https:\/\/i0.wp.com\/www.ofkbrdo.com\/Wordpress\/wp-content\/uploads\/2021\/08\/Isakovic.jpg?fit=960%2C704&ssl=1&resize=350%2C200 1x, https:\/\/i0.wp.com\/www.ofkbrdo.com\/Wordpress\/wp-content\/uploads\/2021\/08\/Isakovic.jpg?fit=960%2C704&ssl=1&resize=525%2C300 1.5x, https:\/\/i0.wp.com\/www.ofkbrdo.com\/Wordpress\/wp-content\/uploads\/2021\/08\/Isakovic.jpg?fit=960%2C704&ssl=1&resize=700%2C400 2x"},"classes":[]},{"id":9271,"url":"https:\/\/www.ofkbrdo.com\/Wordpress\/zoran-miodragovic-ostaje-vjeran-ofk-brdu-cast-mi-je-nositi-ovaj-dres\/","url_meta":{"origin":5413,"position":5},"title":"Zoran Miodragovi\u0107 ostaje vjeran OFK Brdu: \u201c\u010cast mi je nositi ovaj dres\u201d","author":"admin","date":"15. August 2025","format":false,"excerpt":"Jedan od klju\u010dnih igra\u010da OFK Brda, Zoran Miodragovi\u0107, odlu\u010dio je da i u narednoj sezoni ostane u redovima kluba, i pored velikog interesovanja iz drugih sredina. Igra\u010d koji ve\u0107 godinama nosi dres Brda, bio je jedan od najzapa\u017eenijih u Drugoj ligi FSRS prethodne sezone, a njegov doprinos timu i stabilnost\u2026","rel":"","context":"In &quot;Prva ekipa&quot;","block_context":{"text":"Prva ekipa","link":"https:\/\/www.ofkbrdo.com\/Wordpress\/prva-ekipa\/"},"img":{"alt_text":"","src":"https:\/\/i0.wp.com\/www.ofkbrdo.com\/Wordpress\/wp-content\/uploads\/2025\/08\/IMG_2658.jpeg?fit=1200%2C1200&ssl=1&resize=350%2C200","width":350,"height":200,"srcset":"https:\/\/i0.wp.com\/www.ofkbrdo.com\/Wordpress\/wp-content\/uploads\/2025\/08\/IMG_2658.jpeg?fit=1200%2C1200&ssl=1&resize=350%2C200 1x, https:\/\/i0.wp.com\/www.ofkbrdo.com\/Wordpress\/wp-content\/uploads\/2025\/08\/IMG_2658.jpeg?fit=1200%2C1200&ssl=1&resize=525%2C300 1.5x, https:\/\/i0.wp.com\/www.ofkbrdo.com\/Wordpress\/wp-content\/uploads\/2025\/08\/IMG_2658.jpeg?fit=1200%2C1200&ssl=1&resize=700%2C400 2x, https:\/\/i0.wp.com\/www.ofkbrdo.com\/Wordpress\/wp-content\/uploads\/2025\/08\/IMG_2658.jpeg?fit=1200%2C1200&ssl=1&resize=1050%2C600 3x"},"classes":[]}],"_links":{"self":[{"href":"https:\/\/www.ofkbrdo.com\/Wordpress\/wp-json\/wp\/v2\/posts\/5413","targetHints":{"allow":["GET"]}}],"collection":[{"href":"https:\/\/www.ofkbrdo.com\/Wordpress\/wp-json\/wp\/v2\/posts"}],"about":[{"href":"https:\/\/www.ofkbrdo.com\/Wordpress\/wp-json\/wp\/v2\/types\/post"}],"author":[{"embeddable":true,"href":"https:\/\/www.ofkbrdo.com\/Wordpress\/wp-json\/wp\/v2\/users\/1"}],"replies":[{"embeddable":true,"href":"https:\/\/www.ofkbrdo.com\/Wordpress\/wp-json\/wp\/v2\/comments?post=5413"}],"version-history":[{"count":0,"href":"https:\/\/www.ofkbrdo.com\/Wordpress\/wp-json\/wp\/v2\/posts\/5413\/revisions"}],"wp:featuredmedia":[{"embeddable":true,"href":"https:\/\/www.ofkbrdo.com\/Wordpress\/wp-json\/wp\/v2\/media\/5414"}],"wp:attachment":[{"href":"https:\/\/www.ofkbrdo.com\/Wordpress\/wp-json\/wp\/v2\/media?parent=5413"}],"wp:term":[{"taxonomy":"category","embeddable":true,"href":"https:\/\/www.ofkbrdo.com\/Wordpress\/wp-json\/wp\/v2\/categories?post=5413"},{"taxonomy":"post_tag","embeddable":true,"href":"https:\/\/www.ofkbrdo.com\/Wordpress\/wp-json\/wp\/v2\/tags?post=5413"}],"curies":[{"name":"wp","href":"https:\/\/api.w.org\/{rel}","templated":true}]}}