{"id":5527,"date":"2022-07-21T10:13:30","date_gmt":"2022-07-21T08:13:30","guid":{"rendered":"https:\/\/www.ofkbrdo.com\/Wordpress\/?p=5527"},"modified":"2022-07-21T10:15:19","modified_gmt":"2022-07-21T08:15:19","slug":"lagano-raste-broj-clanova-ofk-brdo","status":"publish","type":"post","link":"https:\/\/www.ofkbrdo.com\/Wordpress\/lagano-raste-broj-clanova-ofk-brdo\/","title":{"rendered":"LAGANO RASTE BROJ \u010cLANOVA OFK BRDO"},"content":{"rendered":"<p>Do\u0161lo je dugo o\u010dekivano ljeto i intenzivniji dolazak na\u0161e raje iz prekookeanskih i evropskih zemalja. Iskreno se nadamo da je do\u0161lo vrijeme da u zna\u010dajnijoj mjeri pro\u0161irimo spisak na\u0161ih \u010dlanova za ovu godinu. Jako je bitno da budete \u010dlan kluba koji \u017eivot zna\u010di.<\/p>\n<p>Ovog puta se \u017eelimo zahvaliti na\u0161im \u010dlanovima &nbsp;koji su prepoznali zna\u010daj podr\u0161kr Brdu i na ovaj na\u010din.<\/p>\n<p><img data-recalc-dims=\"1\" fetchpriority=\"high\" decoding=\"async\" data-attachment-id=\"5529\" data-permalink=\"https:\/\/www.ofkbrdo.com\/Wordpress\/lagano-raste-broj-clanova-ofk-brdo\/0f3c9bc2-6ee1-46d6-bb7a-d7cfc61088ec\/\" data-orig-file=\"https:\/\/i0.wp.com\/www.ofkbrdo.com\/Wordpress\/wp-content\/uploads\/2022\/07\/0F3C9BC2-6EE1-46D6-BB7A-D7CFC61088EC.jpeg?fit=982%2C1020&amp;ssl=1\" data-orig-size=\"982,1020\" data-comments-opened=\"0\" data-image-meta=\"{&quot;aperture&quot;:&quot;0&quot;,&quot;credit&quot;:&quot;&quot;,&quot;camera&quot;:&quot;&quot;,&quot;caption&quot;:&quot;&quot;,&quot;created_timestamp&quot;:&quot;0&quot;,&quot;copyright&quot;:&quot;&quot;,&quot;focal_length&quot;:&quot;0&quot;,&quot;iso&quot;:&quot;0&quot;,&quot;shutter_speed&quot;:&quot;0&quot;,&quot;title&quot;:&quot;&quot;,&quot;orientation&quot;:&quot;1&quot;}\" data-image-title=\"0F3C9BC2-6EE1-46D6-BB7A-D7CFC61088EC\" data-image-description=\"\" data-image-caption=\"\" data-large-file=\"https:\/\/i0.wp.com\/www.ofkbrdo.com\/Wordpress\/wp-content\/uploads\/2022\/07\/0F3C9BC2-6EE1-46D6-BB7A-D7CFC61088EC.jpeg?fit=640%2C665&amp;ssl=1\" class=\"aligncenter size-full wp-image-5529\" src=\"https:\/\/i0.wp.com\/www.ofkbrdo.com\/Wordpress\/wp-content\/uploads\/2022\/07\/0F3C9BC2-6EE1-46D6-BB7A-D7CFC61088EC.jpeg?resize=640%2C665&#038;ssl=1\" alt=\"\" width=\"640\" height=\"665\" srcset=\"https:\/\/i0.wp.com\/www.ofkbrdo.com\/Wordpress\/wp-content\/uploads\/2022\/07\/0F3C9BC2-6EE1-46D6-BB7A-D7CFC61088EC.jpeg?w=982&amp;ssl=1 982w, https:\/\/i0.wp.com\/www.ofkbrdo.com\/Wordpress\/wp-content\/uploads\/2022\/07\/0F3C9BC2-6EE1-46D6-BB7A-D7CFC61088EC.jpeg?resize=289%2C300&amp;ssl=1 289w, https:\/\/i0.wp.com\/www.ofkbrdo.com\/Wordpress\/wp-content\/uploads\/2022\/07\/0F3C9BC2-6EE1-46D6-BB7A-D7CFC61088EC.jpeg?resize=768%2C798&amp;ssl=1 768w, https:\/\/i0.wp.com\/www.ofkbrdo.com\/Wordpress\/wp-content\/uploads\/2022\/07\/0F3C9BC2-6EE1-46D6-BB7A-D7CFC61088EC.jpeg?resize=123%2C128&amp;ssl=1 123w, https:\/\/i0.wp.com\/www.ofkbrdo.com\/Wordpress\/wp-content\/uploads\/2022\/07\/0F3C9BC2-6EE1-46D6-BB7A-D7CFC61088EC.jpeg?resize=32%2C32&amp;ssl=1 32w\" sizes=\"(max-width: 640px) 100vw, 640px\" \/><\/p>\n<p>Zikrija \u010cau\u0161evi\u0107 je za voljeni klub izdvojio 100 eura i \u017eelimo naglasiti da mu nije prvi put da stane uz Omladinski fudbalski klub Brdo i pru\u017ei podr\u0161ku.<\/p>\n<p><img data-recalc-dims=\"1\" decoding=\"async\" data-attachment-id=\"5531\" data-permalink=\"https:\/\/www.ofkbrdo.com\/Wordpress\/lagano-raste-broj-clanova-ofk-brdo\/1ea1a862-4834-4f07-887a-18e7090b0cc7\/\" data-orig-file=\"https:\/\/i0.wp.com\/www.ofkbrdo.com\/Wordpress\/wp-content\/uploads\/2022\/07\/1EA1A862-4834-4F07-887A-18E7090B0CC7.jpeg?fit=1168%2C1403&amp;ssl=1\" data-orig-size=\"1168,1403\" data-comments-opened=\"0\" data-image-meta=\"{&quot;aperture&quot;:&quot;0&quot;,&quot;credit&quot;:&quot;&quot;,&quot;camera&quot;:&quot;&quot;,&quot;caption&quot;:&quot;&quot;,&quot;created_timestamp&quot;:&quot;1658398037&quot;,&quot;copyright&quot;:&quot;&quot;,&quot;focal_length&quot;:&quot;0&quot;,&quot;iso&quot;:&quot;0&quot;,&quot;shutter_speed&quot;:&quot;0&quot;,&quot;title&quot;:&quot;&quot;,&quot;orientation&quot;:&quot;1&quot;}\" data-image-title=\"1EA1A862-4834-4F07-887A-18E7090B0CC7\" data-image-description=\"\" data-image-caption=\"\" data-large-file=\"https:\/\/i0.wp.com\/www.ofkbrdo.com\/Wordpress\/wp-content\/uploads\/2022\/07\/1EA1A862-4834-4F07-887A-18E7090B0CC7.jpeg?fit=640%2C769&amp;ssl=1\" class=\"aligncenter size-large wp-image-5531\" src=\"https:\/\/i0.wp.com\/www.ofkbrdo.com\/Wordpress\/wp-content\/uploads\/2022\/07\/1EA1A862-4834-4F07-887A-18E7090B0CC7.jpeg?resize=640%2C769&#038;ssl=1\" alt=\"\" width=\"640\" height=\"769\" srcset=\"https:\/\/i0.wp.com\/www.ofkbrdo.com\/Wordpress\/wp-content\/uploads\/2022\/07\/1EA1A862-4834-4F07-887A-18E7090B0CC7.jpeg?resize=852%2C1024&amp;ssl=1 852w, https:\/\/i0.wp.com\/www.ofkbrdo.com\/Wordpress\/wp-content\/uploads\/2022\/07\/1EA1A862-4834-4F07-887A-18E7090B0CC7.jpeg?resize=250%2C300&amp;ssl=1 250w, https:\/\/i0.wp.com\/www.ofkbrdo.com\/Wordpress\/wp-content\/uploads\/2022\/07\/1EA1A862-4834-4F07-887A-18E7090B0CC7.jpeg?resize=768%2C923&amp;ssl=1 768w, https:\/\/i0.wp.com\/www.ofkbrdo.com\/Wordpress\/wp-content\/uploads\/2022\/07\/1EA1A862-4834-4F07-887A-18E7090B0CC7.jpeg?resize=107%2C128&amp;ssl=1 107w, https:\/\/i0.wp.com\/www.ofkbrdo.com\/Wordpress\/wp-content\/uploads\/2022\/07\/1EA1A862-4834-4F07-887A-18E7090B0CC7.jpeg?resize=27%2C32&amp;ssl=1 27w, https:\/\/i0.wp.com\/www.ofkbrdo.com\/Wordpress\/wp-content\/uploads\/2022\/07\/1EA1A862-4834-4F07-887A-18E7090B0CC7.jpeg?w=1168&amp;ssl=1 1168w\" sizes=\"(max-width: 640px) 100vw, 640px\" \/><\/p>\n<p>Adnan Ceri\u0107 nam je iz daleke Amerike poslao 100 $ i \u017eelimo mu se najsrda\u010dnije zahvaliti u nadi da nastavljamo na\u0161u saradnju i narednih godina.<\/p>\n<p><img data-recalc-dims=\"1\" decoding=\"async\" data-attachment-id=\"5530\" data-permalink=\"https:\/\/www.ofkbrdo.com\/Wordpress\/lagano-raste-broj-clanova-ofk-brdo\/90c2a312-adfd-4ba2-b1a1-7f55bad070ad\/\" data-orig-file=\"https:\/\/i0.wp.com\/www.ofkbrdo.com\/Wordpress\/wp-content\/uploads\/2022\/07\/90C2A312-ADFD-4BA2-B1A1-7F55BAD070AD.jpeg?fit=1600%2C720&amp;ssl=1\" data-orig-size=\"1600,720\" data-comments-opened=\"0\" data-image-meta=\"{&quot;aperture&quot;:&quot;0&quot;,&quot;credit&quot;:&quot;&quot;,&quot;camera&quot;:&quot;&quot;,&quot;caption&quot;:&quot;&quot;,&quot;created_timestamp&quot;:&quot;0&quot;,&quot;copyright&quot;:&quot;&quot;,&quot;focal_length&quot;:&quot;0&quot;,&quot;iso&quot;:&quot;0&quot;,&quot;shutter_speed&quot;:&quot;0&quot;,&quot;title&quot;:&quot;&quot;,&quot;orientation&quot;:&quot;1&quot;}\" data-image-title=\"90C2A312-ADFD-4BA2-B1A1-7F55BAD070AD\" data-image-description=\"\" data-image-caption=\"\" data-large-file=\"https:\/\/i0.wp.com\/www.ofkbrdo.com\/Wordpress\/wp-content\/uploads\/2022\/07\/90C2A312-ADFD-4BA2-B1A1-7F55BAD070AD.jpeg?fit=640%2C288&amp;ssl=1\" class=\"aligncenter size-large wp-image-5530\" src=\"https:\/\/i0.wp.com\/www.ofkbrdo.com\/Wordpress\/wp-content\/uploads\/2022\/07\/90C2A312-ADFD-4BA2-B1A1-7F55BAD070AD.jpeg?resize=640%2C288&#038;ssl=1\" alt=\"\" width=\"640\" height=\"288\" srcset=\"https:\/\/i0.wp.com\/www.ofkbrdo.com\/Wordpress\/wp-content\/uploads\/2022\/07\/90C2A312-ADFD-4BA2-B1A1-7F55BAD070AD.jpeg?resize=1024%2C461&amp;ssl=1 1024w, https:\/\/i0.wp.com\/www.ofkbrdo.com\/Wordpress\/wp-content\/uploads\/2022\/07\/90C2A312-ADFD-4BA2-B1A1-7F55BAD070AD.jpeg?resize=300%2C135&amp;ssl=1 300w, https:\/\/i0.wp.com\/www.ofkbrdo.com\/Wordpress\/wp-content\/uploads\/2022\/07\/90C2A312-ADFD-4BA2-B1A1-7F55BAD070AD.jpeg?resize=768%2C346&amp;ssl=1 768w, https:\/\/i0.wp.com\/www.ofkbrdo.com\/Wordpress\/wp-content\/uploads\/2022\/07\/90C2A312-ADFD-4BA2-B1A1-7F55BAD070AD.jpeg?resize=1536%2C691&amp;ssl=1 1536w, https:\/\/i0.wp.com\/www.ofkbrdo.com\/Wordpress\/wp-content\/uploads\/2022\/07\/90C2A312-ADFD-4BA2-B1A1-7F55BAD070AD.jpeg?resize=128%2C58&amp;ssl=1 128w, https:\/\/i0.wp.com\/www.ofkbrdo.com\/Wordpress\/wp-content\/uploads\/2022\/07\/90C2A312-ADFD-4BA2-B1A1-7F55BAD070AD.jpeg?resize=32%2C14&amp;ssl=1 32w, https:\/\/i0.wp.com\/www.ofkbrdo.com\/Wordpress\/wp-content\/uploads\/2022\/07\/90C2A312-ADFD-4BA2-B1A1-7F55BAD070AD.jpeg?w=1600&amp;ssl=1 1600w, https:\/\/i0.wp.com\/www.ofkbrdo.com\/Wordpress\/wp-content\/uploads\/2022\/07\/90C2A312-ADFD-4BA2-B1A1-7F55BAD070AD.jpeg?w=1280&amp;ssl=1 1280w\" sizes=\"(max-width: 640px) 100vw, 640px\" \/><\/p>\n<p>\u010clan Brda postao je i Majkl Brdar rodom iz \u010carakova koji \u017eivi i radi u Njema\u010dkoj. Za \u010dlanarinu je izdvojio 100 eura.<\/p>\n<p>Hvala vam po\u0161tovani prijatelji u nadi da \u0107e nam se uskoro javiti i stari-novi \u010dlanovi jer prvenstvo je na preagu uz obaveze prema savezu, ve\u0107e nego ikad.<\/p>\n","protected":false},"excerpt":{"rendered":"<p>Do\u0161lo je dugo o\u010dekivano ljeto i intenzivniji dolazak na\u0161e raje iz prekookeanskih i evropskih zemalja. Iskreno se nadamo da je do\u0161lo vrijeme da u zna\u010dajnijoj mjeri pro\u0161irimo spisak na\u0161ih \u010dlanova za ovu godinu. Jako je bitno da budete \u010dlan kluba koji \u017eivot zna\u010di. Ovog puta se \u017eelimo zahvaliti na\u0161im \u010dlanovima &nbsp;koji su prepoznali zna\u010daj podr\u0161kr [&hellip;]<\/p>\n","protected":false},"author":1,"featured_media":5534,"comment_status":"closed","ping_status":"closed","sticky":false,"template":"","format":"standard","meta":{"ngg_post_thumbnail":0,"_jetpack_memberships_contains_paid_content":false,"footnotes":"","jetpack_publicize_message":"","jetpack_publicize_feature_enabled":true,"jetpack_social_post_already_shared":false,"jetpack_social_options":{"image_generator_settings":{"template":"highway","default_image_id":0,"font":"","enabled":false},"version":2}},"categories":[157],"tags":[],"class_list":["post-5527","post","type-post","status-publish","format-standard","has-post-thumbnail","hentry","category-clanska"],"jetpack_publicize_connections":[],"jetpack_featured_media_url":"https:\/\/i0.wp.com\/www.ofkbrdo.com\/Wordpress\/wp-content\/uploads\/2022\/07\/BBF61637-1942-4E69-91C1-70C48AB0C223.jpeg?fit=1201%2C926&ssl=1","jetpack_sharing_enabled":true,"jetpack_likes_enabled":true,"jetpack_shortlink":"https:\/\/wp.me\/pevKtx-1r9","jetpack-related-posts":[{"id":5775,"url":"https:\/\/www.ofkbrdo.com\/Wordpress\/taim-dizdarevic-donirao-200-km\/","url_meta":{"origin":5527,"position":0},"title":"TAIM ZENKOVI\u0106 DONIRAO 200 KM","author":"admin","date":"26. August 2022","format":false,"excerpt":"Jako nam je bitno da nastavimo saradnju sa na\u0161im \u010dlanovima, sponzorima i donatiroma u interesu Omladinskog fudbalskog kluba Brdo. Svaki novi \u010dlan, sponzor ili donator su korak bli\u017ee stabilnijem klubu. Zato se \u017eelimo zahvaliti Taimu Zenkovi\u0107u koji je za klub koji \u017eivot zna\u010di donirao 200 KM. Pozivamo i ostale koji\u2026","rel":"","context":"In &quot;Sponzori&quot;","block_context":{"text":"Sponzori","link":"https:\/\/www.ofkbrdo.com\/Wordpress\/sponzori\/"},"img":{"alt_text":"","src":"https:\/\/i0.wp.com\/www.ofkbrdo.com\/Wordpress\/wp-content\/uploads\/2022\/08\/CB1E41EE-E2BB-49C9-858D-6D4F9D6082EF.jpeg?fit=449%2C694&ssl=1&resize=350%2C200","width":350,"height":200},"classes":[]},{"id":6000,"url":"https:\/\/www.ofkbrdo.com\/Wordpress\/lopte-za-brdo\/","url_meta":{"origin":5527,"position":1},"title":"LOPTE ZA BRDO","author":"admin","date":"4. October 2022","format":false,"excerpt":"Svaka podr\u0161ka nam je dobro do\u0161la. Zato je jako bitno da ostanemo u dobroj konekciji s na\u0161om rajom koja se nalazi \u0161irom svijeta. Na\u0161 veliki prijatelj Omladinskog fudbalskog kluba Brdo, Elvedin Pa\u0111an, pored brojnih zadataka koje realizuje na dobrobit voljenog kluba, poklonio nam je 13 lopti. Ovog puta se \u017eelimo\u2026","rel":"","context":"In &quot;Sponzori&quot;","block_context":{"text":"Sponzori","link":"https:\/\/www.ofkbrdo.com\/Wordpress\/sponzori\/"},"img":{"alt_text":"","src":"https:\/\/i0.wp.com\/www.ofkbrdo.com\/Wordpress\/wp-content\/uploads\/2022\/08\/3CECAC8A-28CD-41F9-8417-24B7741DFEF0.jpeg?fit=1200%2C801&ssl=1&resize=350%2C200","width":350,"height":200,"srcset":"https:\/\/i0.wp.com\/www.ofkbrdo.com\/Wordpress\/wp-content\/uploads\/2022\/08\/3CECAC8A-28CD-41F9-8417-24B7741DFEF0.jpeg?fit=1200%2C801&ssl=1&resize=350%2C200 1x, https:\/\/i0.wp.com\/www.ofkbrdo.com\/Wordpress\/wp-content\/uploads\/2022\/08\/3CECAC8A-28CD-41F9-8417-24B7741DFEF0.jpeg?fit=1200%2C801&ssl=1&resize=525%2C300 1.5x, https:\/\/i0.wp.com\/www.ofkbrdo.com\/Wordpress\/wp-content\/uploads\/2022\/08\/3CECAC8A-28CD-41F9-8417-24B7741DFEF0.jpeg?fit=1200%2C801&ssl=1&resize=700%2C400 2x, https:\/\/i0.wp.com\/www.ofkbrdo.com\/Wordpress\/wp-content\/uploads\/2022\/08\/3CECAC8A-28CD-41F9-8417-24B7741DFEF0.jpeg?fit=1200%2C801&ssl=1&resize=1050%2C600 3x"},"classes":[]},{"id":6112,"url":"https:\/\/www.ofkbrdo.com\/Wordpress\/amir-tajic-je-srcem-i-dusom-uz-klub-koji-zivot-znaci\/","url_meta":{"origin":5527,"position":2},"title":"AMIR TAJI\u0106 JE SRCEM I DU\u0160OM UZ KLUB KOJI \u017dIVOT ZNA\u010cI","author":"admin","date":"3. December 2022","format":false,"excerpt":"Sponzorske obaveze prema voljenom klubu za ovu godinu izmirio je i Amir Taji\u0107. Ponosni smo \u0161to njegova reklama krasi Vedro polje jer saradnja s ovim \u010dovjekom zna\u010di da je klub na pravom putu. Iskreno se nadamo da je zadovoljan i Taji\u0107 koji u Austriji ima privatni biznis. To nam je\u2026","rel":"","context":"In &quot;Sponzori&quot;","block_context":{"text":"Sponzori","link":"https:\/\/www.ofkbrdo.com\/Wordpress\/sponzori\/"},"img":{"alt_text":"","src":"https:\/\/i0.wp.com\/www.ofkbrdo.com\/Wordpress\/wp-content\/uploads\/2022\/12\/B5F2190D-721F-477C-B19D-BF9583A08FA9.jpeg?fit=1200%2C830&ssl=1&resize=350%2C200","width":350,"height":200,"srcset":"https:\/\/i0.wp.com\/www.ofkbrdo.com\/Wordpress\/wp-content\/uploads\/2022\/12\/B5F2190D-721F-477C-B19D-BF9583A08FA9.jpeg?fit=1200%2C830&ssl=1&resize=350%2C200 1x, https:\/\/i0.wp.com\/www.ofkbrdo.com\/Wordpress\/wp-content\/uploads\/2022\/12\/B5F2190D-721F-477C-B19D-BF9583A08FA9.jpeg?fit=1200%2C830&ssl=1&resize=525%2C300 1.5x, https:\/\/i0.wp.com\/www.ofkbrdo.com\/Wordpress\/wp-content\/uploads\/2022\/12\/B5F2190D-721F-477C-B19D-BF9583A08FA9.jpeg?fit=1200%2C830&ssl=1&resize=700%2C400 2x, https:\/\/i0.wp.com\/www.ofkbrdo.com\/Wordpress\/wp-content\/uploads\/2022\/12\/B5F2190D-721F-477C-B19D-BF9583A08FA9.jpeg?fit=1200%2C830&ssl=1&resize=1050%2C600 3x"},"classes":[]},{"id":6423,"url":"https:\/\/www.ofkbrdo.com\/Wordpress\/vedin-krivdic-vjeruje-u-svoje-mogucnosti\/","url_meta":{"origin":5527,"position":3},"title":"VEDIN KRIVDI\u0106 VJERUJE U SVOJE MOGU\u0106NOSTI","author":"admin","date":"22. March 2023","format":false,"excerpt":"Od ovog prolje\u0107a Omladinski fudbalski klub Brdo je bogatiji za jednog mladog fudbalera. Drago nam je \u0161to je za svoj fudbalski razvoj izabrao klub koji \u017eivot zna\u010di. Dolazi nam iz Bosanske Dubice i nagla\u0161ava da je nekoliko razloga zbog kojih je izabrao Brdo. Mlad je, talentovan, vrijedan i brzo se\u2026","rel":"","context":"In &quot;Druga liga RS&quot;","block_context":{"text":"Druga liga RS","link":"https:\/\/www.ofkbrdo.com\/Wordpress\/druga-liga-rs\/"},"img":{"alt_text":"","src":"https:\/\/i0.wp.com\/www.ofkbrdo.com\/Wordpress\/wp-content\/uploads\/2023\/03\/67A48D04-034B-4D57-B40E-1B82449F8AA4.jpeg?fit=1200%2C687&ssl=1&resize=350%2C200","width":350,"height":200,"srcset":"https:\/\/i0.wp.com\/www.ofkbrdo.com\/Wordpress\/wp-content\/uploads\/2023\/03\/67A48D04-034B-4D57-B40E-1B82449F8AA4.jpeg?fit=1200%2C687&ssl=1&resize=350%2C200 1x, https:\/\/i0.wp.com\/www.ofkbrdo.com\/Wordpress\/wp-content\/uploads\/2023\/03\/67A48D04-034B-4D57-B40E-1B82449F8AA4.jpeg?fit=1200%2C687&ssl=1&resize=525%2C300 1.5x, https:\/\/i0.wp.com\/www.ofkbrdo.com\/Wordpress\/wp-content\/uploads\/2023\/03\/67A48D04-034B-4D57-B40E-1B82449F8AA4.jpeg?fit=1200%2C687&ssl=1&resize=700%2C400 2x, https:\/\/i0.wp.com\/www.ofkbrdo.com\/Wordpress\/wp-content\/uploads\/2023\/03\/67A48D04-034B-4D57-B40E-1B82449F8AA4.jpeg?fit=1200%2C687&ssl=1&resize=1050%2C600 3x"},"classes":[]},{"id":2471,"url":"https:\/\/www.ofkbrdo.com\/Wordpress\/podrska-emira-duratovica-vrijedna-700-km\/","url_meta":{"origin":5527,"position":4},"title":"PODR\u0160KA EMIRA DURATOVI\u0106A VRIJEDNA 700 KM","author":"admin","date":"12. October 2020","format":false,"excerpt":"Po\u0161tovani sponzori i donatori \u017eelimo vam se zahvaliti \u0161to ste prepoznali napore uprave kluba i ostalih \u010dlanova na\u0161eg sportskog kolektiva na stvaranju boljih uslova za funkicionisanje i razvoj Brda. Prate\u0107i va\u0161e reakcije primje\u0107ujemo signale koje nam \u0161aljete. Imamo se \u010dime pohvaliti jer smo bili u prilici da obradujemo na\u0161e juniore\u2026","rel":"","context":"In &quot;Pocetna&quot;","block_context":{"text":"Pocetna","link":"https:\/\/www.ofkbrdo.com\/Wordpress\/vijesti\/"},"img":{"alt_text":"","src":"https:\/\/i0.wp.com\/www.ofkbrdo.com\/Wordpress\/wp-content\/uploads\/2020\/10\/received_351695059585629.jpeg?fit=1200%2C753&ssl=1&resize=350%2C200","width":350,"height":200,"srcset":"https:\/\/i0.wp.com\/www.ofkbrdo.com\/Wordpress\/wp-content\/uploads\/2020\/10\/received_351695059585629.jpeg?fit=1200%2C753&ssl=1&resize=350%2C200 1x, https:\/\/i0.wp.com\/www.ofkbrdo.com\/Wordpress\/wp-content\/uploads\/2020\/10\/received_351695059585629.jpeg?fit=1200%2C753&ssl=1&resize=525%2C300 1.5x, https:\/\/i0.wp.com\/www.ofkbrdo.com\/Wordpress\/wp-content\/uploads\/2020\/10\/received_351695059585629.jpeg?fit=1200%2C753&ssl=1&resize=700%2C400 2x, https:\/\/i0.wp.com\/www.ofkbrdo.com\/Wordpress\/wp-content\/uploads\/2020\/10\/received_351695059585629.jpeg?fit=1200%2C753&ssl=1&resize=1050%2C600 3x"},"classes":[]},{"id":7835,"url":"https:\/\/www.ofkbrdo.com\/Wordpress\/azmir-causevic-koncert-za-ofk-brdo\/","url_meta":{"origin":5527,"position":5},"title":"AZMIR \u010cAU\u0160EVI\u0106 \u2013 KONCERT ZA OFK BRDO","author":"admin","date":"14. May 2024","format":false,"excerpt":"Nemogu\u0107e je o ovom \u010dovjeku napisati i jednu rije\u010d a ne prisjeiti se kakav je to bio fudbalski umjetnik. Fudbalskim znanjem se smjestio u plejadu sjajnih fudbalera Mataru\u0161kog Brda. Radomir Zubanovi\u0107, priznati i poznati prijedorski stru\u010dnjak, biranim rije\u010dima je govorio o Azmiru \u010cau\u0161evi\u0107u. Danas je \u0110okin, kako ga raja iz\u2026","rel":"","context":"In &quot;Dru\u017eenje&quot;","block_context":{"text":"Dru\u017eenje","link":"https:\/\/www.ofkbrdo.com\/Wordpress\/druzenje\/"},"img":{"alt_text":"","src":"https:\/\/i0.wp.com\/www.ofkbrdo.com\/Wordpress\/wp-content\/uploads\/2024\/05\/IMG_8177.jpeg?fit=1200%2C1200&ssl=1&resize=350%2C200","width":350,"height":200,"srcset":"https:\/\/i0.wp.com\/www.ofkbrdo.com\/Wordpress\/wp-content\/uploads\/2024\/05\/IMG_8177.jpeg?fit=1200%2C1200&ssl=1&resize=350%2C200 1x, https:\/\/i0.wp.com\/www.ofkbrdo.com\/Wordpress\/wp-content\/uploads\/2024\/05\/IMG_8177.jpeg?fit=1200%2C1200&ssl=1&resize=525%2C300 1.5x, https:\/\/i0.wp.com\/www.ofkbrdo.com\/Wordpress\/wp-content\/uploads\/2024\/05\/IMG_8177.jpeg?fit=1200%2C1200&ssl=1&resize=700%2C400 2x, https:\/\/i0.wp.com\/www.ofkbrdo.com\/Wordpress\/wp-content\/uploads\/2024\/05\/IMG_8177.jpeg?fit=1200%2C1200&ssl=1&resize=1050%2C600 3x"},"classes":[]}],"_links":{"self":[{"href":"https:\/\/www.ofkbrdo.com\/Wordpress\/wp-json\/wp\/v2\/posts\/5527","targetHints":{"allow":["GET"]}}],"collection":[{"href":"https:\/\/www.ofkbrdo.com\/Wordpress\/wp-json\/wp\/v2\/posts"}],"about":[{"href":"https:\/\/www.ofkbrdo.com\/Wordpress\/wp-json\/wp\/v2\/types\/post"}],"author":[{"embeddable":true,"href":"https:\/\/www.ofkbrdo.com\/Wordpress\/wp-json\/wp\/v2\/users\/1"}],"replies":[{"embeddable":true,"href":"https:\/\/www.ofkbrdo.com\/Wordpress\/wp-json\/wp\/v2\/comments?post=5527"}],"version-history":[{"count":0,"href":"https:\/\/www.ofkbrdo.com\/Wordpress\/wp-json\/wp\/v2\/posts\/5527\/revisions"}],"wp:featuredmedia":[{"embeddable":true,"href":"https:\/\/www.ofkbrdo.com\/Wordpress\/wp-json\/wp\/v2\/media\/5534"}],"wp:attachment":[{"href":"https:\/\/www.ofkbrdo.com\/Wordpress\/wp-json\/wp\/v2\/media?parent=5527"}],"wp:term":[{"taxonomy":"category","embeddable":true,"href":"https:\/\/www.ofkbrdo.com\/Wordpress\/wp-json\/wp\/v2\/categories?post=5527"},{"taxonomy":"post_tag","embeddable":true,"href":"https:\/\/www.ofkbrdo.com\/Wordpress\/wp-json\/wp\/v2\/tags?post=5527"}],"curies":[{"name":"wp","href":"https:\/\/api.w.org\/{rel}","templated":true}]}}