{"id":5602,"date":"2022-08-05T15:38:26","date_gmt":"2022-08-05T13:38:26","guid":{"rendered":"https:\/\/www.ofkbrdo.com\/Wordpress\/?p=5602"},"modified":"2022-08-05T15:38:26","modified_gmt":"2022-08-05T13:38:26","slug":"pred-nama-je-izazovna-sezona","status":"publish","type":"post","link":"https:\/\/www.ofkbrdo.com\/Wordpress\/pred-nama-je-izazovna-sezona\/","title":{"rendered":"PRED NAMA JE IZAZOVNA SEZONA"},"content":{"rendered":"<p class=\"p1\"><span class=\"s1\">Ovog vikenda po\u010dinje drugoliga\u0161ki prvenstvo. Klub koji \u017eivot zna\u010di, tako se nadamo, trebao bi biti stabilan \u010dlan drugoliga\u0161ke konkurencije. Bi\u0107e to izazovna sezona jer pored rezultatskog moramo voditi ra\u010duna o financijskim obavezama Brda. U odnosu na proteklu, ove sezone je sve mnogo skuplje. <\/span><\/p>\n<p class=\"p1\"><span class=\"s1\">Zato vas molimo da pru\u017eite va\u0161u podr\u0161ku i zahvaljujemo se svima vama koji to redovno radite. <\/span><\/p>\n<p class=\"p1\"><span class=\"s1\">Jasmir Kadi\u0107 je donirao 50 KM i N. N. 10 KM. \u010clansku kartu od 100 eura kupio je NN iz Rizvanovi\u0107-Njemacka. <\/span><\/p>\n<p class=\"p1\"><span class=\"s1\"><img data-recalc-dims=\"1\" fetchpriority=\"high\" decoding=\"async\" data-attachment-id=\"5603\" data-permalink=\"https:\/\/www.ofkbrdo.com\/Wordpress\/pred-nama-je-izazovna-sezona\/15872802-ecc7-4729-98fc-68933b6700ee\/\" data-orig-file=\"https:\/\/i0.wp.com\/www.ofkbrdo.com\/Wordpress\/wp-content\/uploads\/2022\/08\/15872802-ECC7-4729-98FC-68933B6700EE.jpeg?fit=1600%2C720&amp;ssl=1\" data-orig-size=\"1600,720\" data-comments-opened=\"0\" data-image-meta=\"{&quot;aperture&quot;:&quot;0&quot;,&quot;credit&quot;:&quot;&quot;,&quot;camera&quot;:&quot;&quot;,&quot;caption&quot;:&quot;&quot;,&quot;created_timestamp&quot;:&quot;0&quot;,&quot;copyright&quot;:&quot;&quot;,&quot;focal_length&quot;:&quot;0&quot;,&quot;iso&quot;:&quot;0&quot;,&quot;shutter_speed&quot;:&quot;0&quot;,&quot;title&quot;:&quot;&quot;,&quot;orientation&quot;:&quot;0&quot;}\" data-image-title=\"15872802-ECC7-4729-98FC-68933B6700EE\" data-image-description=\"\" data-image-caption=\"\" data-large-file=\"https:\/\/i0.wp.com\/www.ofkbrdo.com\/Wordpress\/wp-content\/uploads\/2022\/08\/15872802-ECC7-4729-98FC-68933B6700EE.jpeg?fit=640%2C288&amp;ssl=1\" class=\"aligncenter size-large wp-image-5603\" src=\"https:\/\/i0.wp.com\/www.ofkbrdo.com\/Wordpress\/wp-content\/uploads\/2022\/08\/15872802-ECC7-4729-98FC-68933B6700EE.jpeg?resize=640%2C288&#038;ssl=1\" alt=\"\" width=\"640\" height=\"288\" srcset=\"https:\/\/i0.wp.com\/www.ofkbrdo.com\/Wordpress\/wp-content\/uploads\/2022\/08\/15872802-ECC7-4729-98FC-68933B6700EE.jpeg?resize=1024%2C461&amp;ssl=1 1024w, https:\/\/i0.wp.com\/www.ofkbrdo.com\/Wordpress\/wp-content\/uploads\/2022\/08\/15872802-ECC7-4729-98FC-68933B6700EE.jpeg?resize=300%2C135&amp;ssl=1 300w, https:\/\/i0.wp.com\/www.ofkbrdo.com\/Wordpress\/wp-content\/uploads\/2022\/08\/15872802-ECC7-4729-98FC-68933B6700EE.jpeg?resize=768%2C346&amp;ssl=1 768w, https:\/\/i0.wp.com\/www.ofkbrdo.com\/Wordpress\/wp-content\/uploads\/2022\/08\/15872802-ECC7-4729-98FC-68933B6700EE.jpeg?resize=1536%2C691&amp;ssl=1 1536w, https:\/\/i0.wp.com\/www.ofkbrdo.com\/Wordpress\/wp-content\/uploads\/2022\/08\/15872802-ECC7-4729-98FC-68933B6700EE.jpeg?resize=128%2C58&amp;ssl=1 128w, https:\/\/i0.wp.com\/www.ofkbrdo.com\/Wordpress\/wp-content\/uploads\/2022\/08\/15872802-ECC7-4729-98FC-68933B6700EE.jpeg?resize=32%2C14&amp;ssl=1 32w, https:\/\/i0.wp.com\/www.ofkbrdo.com\/Wordpress\/wp-content\/uploads\/2022\/08\/15872802-ECC7-4729-98FC-68933B6700EE.jpeg?w=1600&amp;ssl=1 1600w, https:\/\/i0.wp.com\/www.ofkbrdo.com\/Wordpress\/wp-content\/uploads\/2022\/08\/15872802-ECC7-4729-98FC-68933B6700EE.jpeg?w=1280&amp;ssl=1 1280w\" sizes=\"(max-width: 640px) 100vw, 640px\" \/>Alen Muhi\u0107 je izdvojio 50 KM i Ali\u0161i\u0107a Refik 100 KM. Obadvojica su sebi kupili dres kluba i na taj na\u010din podr\u017eali rad Fan Shop.<\/span><\/p>\n<figure id=\"attachment_5604\" aria-describedby=\"caption-attachment-5604\" style=\"width: 640px\" class=\"wp-caption aligncenter\"><img data-recalc-dims=\"1\" decoding=\"async\" data-attachment-id=\"5604\" data-permalink=\"https:\/\/www.ofkbrdo.com\/Wordpress\/pred-nama-je-izazovna-sezona\/1e5e23bf-3ec6-44d7-a765-2154d859bfdf\/\" data-orig-file=\"https:\/\/i0.wp.com\/www.ofkbrdo.com\/Wordpress\/wp-content\/uploads\/2022\/08\/1E5E23BF-3EC6-44D7-A765-2154D859BFDF-scaled.jpeg?fit=2560%2C1920&amp;ssl=1\" data-orig-size=\"2560,1920\" data-comments-opened=\"0\" data-image-meta=\"{&quot;aperture&quot;:&quot;0&quot;,&quot;credit&quot;:&quot;&quot;,&quot;camera&quot;:&quot;&quot;,&quot;caption&quot;:&quot;&quot;,&quot;created_timestamp&quot;:&quot;0&quot;,&quot;copyright&quot;:&quot;&quot;,&quot;focal_length&quot;:&quot;0&quot;,&quot;iso&quot;:&quot;0&quot;,&quot;shutter_speed&quot;:&quot;0&quot;,&quot;title&quot;:&quot;&quot;,&quot;orientation&quot;:&quot;1&quot;}\" data-image-title=\"Refik Ali\u0161i\u0107\" data-image-description=\"\" data-image-caption=\"&lt;p&gt;Refik Ali\u0161i\u0107 &lt;\/p&gt;\n\" data-large-file=\"https:\/\/i0.wp.com\/www.ofkbrdo.com\/Wordpress\/wp-content\/uploads\/2022\/08\/1E5E23BF-3EC6-44D7-A765-2154D859BFDF-scaled.jpeg?fit=640%2C480&amp;ssl=1\" class=\"size-large wp-image-5604\" src=\"https:\/\/i0.wp.com\/www.ofkbrdo.com\/Wordpress\/wp-content\/uploads\/2022\/08\/1E5E23BF-3EC6-44D7-A765-2154D859BFDF.jpeg?resize=640%2C480&#038;ssl=1\" alt=\"\" width=\"640\" height=\"480\" srcset=\"https:\/\/i0.wp.com\/www.ofkbrdo.com\/Wordpress\/wp-content\/uploads\/2022\/08\/1E5E23BF-3EC6-44D7-A765-2154D859BFDF-scaled.jpeg?resize=1024%2C768&amp;ssl=1 1024w, https:\/\/i0.wp.com\/www.ofkbrdo.com\/Wordpress\/wp-content\/uploads\/2022\/08\/1E5E23BF-3EC6-44D7-A765-2154D859BFDF-scaled.jpeg?resize=300%2C225&amp;ssl=1 300w, https:\/\/i0.wp.com\/www.ofkbrdo.com\/Wordpress\/wp-content\/uploads\/2022\/08\/1E5E23BF-3EC6-44D7-A765-2154D859BFDF-scaled.jpeg?resize=768%2C576&amp;ssl=1 768w, https:\/\/i0.wp.com\/www.ofkbrdo.com\/Wordpress\/wp-content\/uploads\/2022\/08\/1E5E23BF-3EC6-44D7-A765-2154D859BFDF-scaled.jpeg?resize=1536%2C1152&amp;ssl=1 1536w, https:\/\/i0.wp.com\/www.ofkbrdo.com\/Wordpress\/wp-content\/uploads\/2022\/08\/1E5E23BF-3EC6-44D7-A765-2154D859BFDF-scaled.jpeg?resize=2048%2C1536&amp;ssl=1 2048w, https:\/\/i0.wp.com\/www.ofkbrdo.com\/Wordpress\/wp-content\/uploads\/2022\/08\/1E5E23BF-3EC6-44D7-A765-2154D859BFDF-scaled.jpeg?resize=128%2C96&amp;ssl=1 128w, https:\/\/i0.wp.com\/www.ofkbrdo.com\/Wordpress\/wp-content\/uploads\/2022\/08\/1E5E23BF-3EC6-44D7-A765-2154D859BFDF-scaled.jpeg?resize=32%2C24&amp;ssl=1 32w, https:\/\/i0.wp.com\/www.ofkbrdo.com\/Wordpress\/wp-content\/uploads\/2022\/08\/1E5E23BF-3EC6-44D7-A765-2154D859BFDF-scaled.jpeg?w=1280&amp;ssl=1 1280w, https:\/\/i0.wp.com\/www.ofkbrdo.com\/Wordpress\/wp-content\/uploads\/2022\/08\/1E5E23BF-3EC6-44D7-A765-2154D859BFDF-scaled.jpeg?w=1920&amp;ssl=1 1920w\" sizes=\"(max-width: 640px) 100vw, 640px\" \/><figcaption id=\"caption-attachment-5604\" class=\"wp-caption-text\">Refik Ali\u0161i\u0107<\/figcaption><\/figure>\n<p class=\"p1\"><span class=\"s1\">Fadil \u0160abi\u0107 i supruga su nam donirali tri profi lopte, Amir Nasi\u0107 3 te Elvedin Pa\u0111an 13 lopti. Iskreno se nadamo da \u0107e brojni i\u0107i stopama pomenutih i tako pomo\u0107i klub iz rodnog kraja.<\/span><\/p>\n","protected":false},"excerpt":{"rendered":"<p>Ovog vikenda po\u010dinje drugoliga\u0161ki prvenstvo. Klub koji \u017eivot zna\u010di, tako se nadamo, trebao bi biti stabilan \u010dlan drugoliga\u0161ke konkurencije. Bi\u0107e to izazovna sezona jer pored rezultatskog moramo voditi ra\u010duna o financijskim obavezama Brda. U odnosu na proteklu, ove sezone je sve mnogo skuplje. Zato vas molimo da pru\u017eite va\u0161u podr\u0161ku i zahvaljujemo se svima vama [&hellip;]<\/p>\n","protected":false},"author":1,"featured_media":5605,"comment_status":"closed","ping_status":"closed","sticky":false,"template":"","format":"standard","meta":{"ngg_post_thumbnail":0,"_jetpack_memberships_contains_paid_content":false,"footnotes":"","jetpack_publicize_message":"","jetpack_publicize_feature_enabled":true,"jetpack_social_post_already_shared":false,"jetpack_social_options":{"image_generator_settings":{"template":"highway","default_image_id":0,"font":"","enabled":false},"version":2}},"categories":[157],"tags":[],"class_list":["post-5602","post","type-post","status-publish","format-standard","has-post-thumbnail","hentry","category-clanska"],"jetpack_publicize_connections":[],"jetpack_featured_media_url":"https:\/\/i0.wp.com\/www.ofkbrdo.com\/Wordpress\/wp-content\/uploads\/2022\/08\/F3012CE9-B664-401B-AE1C-0707D37C885D-scaled.jpeg?fit=2560%2C1920&ssl=1","jetpack_sharing_enabled":true,"jetpack_likes_enabled":true,"jetpack_shortlink":"https:\/\/wp.me\/pevKtx-1sm","jetpack-related-posts":[{"id":7982,"url":"https:\/\/www.ofkbrdo.com\/Wordpress\/u-nedjelju-vas-cekamo-na-vedrom-polju\/","url_meta":{"origin":5602,"position":0},"title":"U NEDJELJU VAS \u010cEKAMO NA VEDROM POLJU","author":"admin","date":"21. July 2024","format":false,"excerpt":"Pred nama je druga prijateljska utakmica Omladinskog fudbalskog kluba Brdo. Prilika je to da danas do\u0111ete na Vedro polju u 18:30 sati. Naravno da pogledate prijateljsku utakmicu protiv juniora Rudara i mo\u017eda vidite kako podr\u017eati klub koji vam pru\u017ea mnogo razloga za zadovoljstvo. Dobro nam do\u0161li, po\u0161tovani prijatelji. Pred nama\u2026","rel":"","context":"In &quot;Prva ekipa&quot;","block_context":{"text":"Prva ekipa","link":"https:\/\/www.ofkbrdo.com\/Wordpress\/prva-ekipa\/"},"img":{"alt_text":"","src":"https:\/\/i0.wp.com\/www.ofkbrdo.com\/Wordpress\/wp-content\/uploads\/2024\/07\/IMG_9767.jpeg?fit=973%2C494&ssl=1&resize=350%2C200","width":350,"height":200,"srcset":"https:\/\/i0.wp.com\/www.ofkbrdo.com\/Wordpress\/wp-content\/uploads\/2024\/07\/IMG_9767.jpeg?fit=973%2C494&ssl=1&resize=350%2C200 1x, https:\/\/i0.wp.com\/www.ofkbrdo.com\/Wordpress\/wp-content\/uploads\/2024\/07\/IMG_9767.jpeg?fit=973%2C494&ssl=1&resize=525%2C300 1.5x, https:\/\/i0.wp.com\/www.ofkbrdo.com\/Wordpress\/wp-content\/uploads\/2024\/07\/IMG_9767.jpeg?fit=973%2C494&ssl=1&resize=700%2C400 2x"},"classes":[]},{"id":5587,"url":"https:\/\/www.ofkbrdo.com\/Wordpress\/transparentan-rad-omladinskog-fudbalskog-kluba-brdo\/","url_meta":{"origin":5602,"position":1},"title":"TRANSPARENTAN RAD OMLADINSKOG FUDBALSKOG KLUBA BRDO","author":"admin","date":"3. August 2022","format":false,"excerpt":"Delegati Skup\u0161tine Omladinskog fudbalskog kluba Brdo jednoglasno su konstovali da je u proteklom periodu ostvaren zna\u010dajan napredak na rezultatskom i organizacionom planu. Jednoglasno je nakon razmatranja usvojen finansijski izvje\u0161taj \u0161to potvr\u0111uje da je se u izvje\u0161tajnom periodu doma\u0107inski odnosilo prema raspolo\u017eivim finansijskim sredstvima. U tom pogledu treba pohvaliti rad klupskih\u2026","rel":"","context":"In &quot;Razno&quot;","block_context":{"text":"Razno","link":"https:\/\/www.ofkbrdo.com\/Wordpress\/razno\/"},"img":{"alt_text":"","src":"https:\/\/i0.wp.com\/www.ofkbrdo.com\/Wordpress\/wp-content\/uploads\/2022\/08\/4F700E37-E46F-411A-BAB7-551971DE2A7C-scaled.jpeg?fit=1200%2C854&ssl=1&resize=350%2C200","width":350,"height":200,"srcset":"https:\/\/i0.wp.com\/www.ofkbrdo.com\/Wordpress\/wp-content\/uploads\/2022\/08\/4F700E37-E46F-411A-BAB7-551971DE2A7C-scaled.jpeg?fit=1200%2C854&ssl=1&resize=350%2C200 1x, https:\/\/i0.wp.com\/www.ofkbrdo.com\/Wordpress\/wp-content\/uploads\/2022\/08\/4F700E37-E46F-411A-BAB7-551971DE2A7C-scaled.jpeg?fit=1200%2C854&ssl=1&resize=525%2C300 1.5x, https:\/\/i0.wp.com\/www.ofkbrdo.com\/Wordpress\/wp-content\/uploads\/2022\/08\/4F700E37-E46F-411A-BAB7-551971DE2A7C-scaled.jpeg?fit=1200%2C854&ssl=1&resize=700%2C400 2x, https:\/\/i0.wp.com\/www.ofkbrdo.com\/Wordpress\/wp-content\/uploads\/2022\/08\/4F700E37-E46F-411A-BAB7-551971DE2A7C-scaled.jpeg?fit=1200%2C854&ssl=1&resize=1050%2C600 3x"},"classes":[]},{"id":5703,"url":"https:\/\/www.ofkbrdo.com\/Wordpress\/hvala-vam-postovani-donatori-i-clanovi-brda\/","url_meta":{"origin":5602,"position":2},"title":"HVALA VAM PO\u0160TOVANI DONATORI I \u010cLANOVI BRDA","author":"admin","date":"14. August 2022","format":false,"excerpt":"Da bi klub koji \u017eivot zna\u010di napredovao i bilje\u017eio nove pobjede neophodno je da nas ima \u0161to vi\u0161e spremnih pru\u017eiti podr\u0161ku. Zato je veoma va\u017eno da \u0161irimo krug ljudi koji su na\u0161i \u010dlanovi, sponzori ili donatori. Zato se najsrda\u010dnije zahvaljujemo na ovim donacijama i \u010dlanarinama za 2022.godinu. Zahvaljujemo se Isaku\u2026","rel":"","context":"In &quot;\u010clanska&quot;","block_context":{"text":"\u010clanska","link":"https:\/\/www.ofkbrdo.com\/Wordpress\/clanska\/"},"img":{"alt_text":"","src":"https:\/\/i0.wp.com\/www.ofkbrdo.com\/Wordpress\/wp-content\/uploads\/2022\/08\/C5E04463-EC77-4593-82E3-2B1D46282017.jpeg?fit=836%2C627&ssl=1&resize=350%2C200","width":350,"height":200,"srcset":"https:\/\/i0.wp.com\/www.ofkbrdo.com\/Wordpress\/wp-content\/uploads\/2022\/08\/C5E04463-EC77-4593-82E3-2B1D46282017.jpeg?fit=836%2C627&ssl=1&resize=350%2C200 1x, https:\/\/i0.wp.com\/www.ofkbrdo.com\/Wordpress\/wp-content\/uploads\/2022\/08\/C5E04463-EC77-4593-82E3-2B1D46282017.jpeg?fit=836%2C627&ssl=1&resize=525%2C300 1.5x, https:\/\/i0.wp.com\/www.ofkbrdo.com\/Wordpress\/wp-content\/uploads\/2022\/08\/C5E04463-EC77-4593-82E3-2B1D46282017.jpeg?fit=836%2C627&ssl=1&resize=700%2C400 2x"},"classes":[]},{"id":2471,"url":"https:\/\/www.ofkbrdo.com\/Wordpress\/podrska-emira-duratovica-vrijedna-700-km\/","url_meta":{"origin":5602,"position":3},"title":"PODR\u0160KA EMIRA DURATOVI\u0106A VRIJEDNA 700 KM","author":"admin","date":"12. October 2020","format":false,"excerpt":"Po\u0161tovani sponzori i donatori \u017eelimo vam se zahvaliti \u0161to ste prepoznali napore uprave kluba i ostalih \u010dlanova na\u0161eg sportskog kolektiva na stvaranju boljih uslova za funkicionisanje i razvoj Brda. Prate\u0107i va\u0161e reakcije primje\u0107ujemo signale koje nam \u0161aljete. Imamo se \u010dime pohvaliti jer smo bili u prilici da obradujemo na\u0161e juniore\u2026","rel":"","context":"In &quot;Pocetna&quot;","block_context":{"text":"Pocetna","link":"https:\/\/www.ofkbrdo.com\/Wordpress\/vijesti\/"},"img":{"alt_text":"","src":"https:\/\/i0.wp.com\/www.ofkbrdo.com\/Wordpress\/wp-content\/uploads\/2020\/10\/received_351695059585629.jpeg?fit=1200%2C753&ssl=1&resize=350%2C200","width":350,"height":200,"srcset":"https:\/\/i0.wp.com\/www.ofkbrdo.com\/Wordpress\/wp-content\/uploads\/2020\/10\/received_351695059585629.jpeg?fit=1200%2C753&ssl=1&resize=350%2C200 1x, https:\/\/i0.wp.com\/www.ofkbrdo.com\/Wordpress\/wp-content\/uploads\/2020\/10\/received_351695059585629.jpeg?fit=1200%2C753&ssl=1&resize=525%2C300 1.5x, https:\/\/i0.wp.com\/www.ofkbrdo.com\/Wordpress\/wp-content\/uploads\/2020\/10\/received_351695059585629.jpeg?fit=1200%2C753&ssl=1&resize=700%2C400 2x, https:\/\/i0.wp.com\/www.ofkbrdo.com\/Wordpress\/wp-content\/uploads\/2020\/10\/received_351695059585629.jpeg?fit=1200%2C753&ssl=1&resize=1050%2C600 3x"},"classes":[]},{"id":5649,"url":"https:\/\/www.ofkbrdo.com\/Wordpress\/hvala-vam-na-podrsci\/","url_meta":{"origin":5602,"position":4},"title":"HVALA VAM NA PODR\u0160CI","author":"admin","date":"9. August 2022","format":false,"excerpt":"Veoma je va\u017eno da nam se pridru\u017eite i podr\u017eite rad Omladinskog fudbalskog kluba Brdo. Vama koji ste obnovili \u010dlanstvo u voljenom klubu ili postajete \u010dlanovi kluba koji \u017eivot zna\u010di, beskrajno smo zahvalni jer je to bitna stavka u finansiranju kluba.\u00a0 Abid Hori\u0107 100 EURA Dule \u0160vraka 100 EURA Aldin Musi\u0107\u2026","rel":"","context":"In &quot;\u010clanska&quot;","block_context":{"text":"\u010clanska","link":"https:\/\/www.ofkbrdo.com\/Wordpress\/clanska\/"},"img":{"alt_text":"","src":"https:\/\/i0.wp.com\/www.ofkbrdo.com\/Wordpress\/wp-content\/uploads\/2022\/08\/6E29D61A-68DB-4C6D-86D9-418C3DAA694E.jpeg?fit=1200%2C540&ssl=1&resize=350%2C200","width":350,"height":200,"srcset":"https:\/\/i0.wp.com\/www.ofkbrdo.com\/Wordpress\/wp-content\/uploads\/2022\/08\/6E29D61A-68DB-4C6D-86D9-418C3DAA694E.jpeg?fit=1200%2C540&ssl=1&resize=350%2C200 1x, https:\/\/i0.wp.com\/www.ofkbrdo.com\/Wordpress\/wp-content\/uploads\/2022\/08\/6E29D61A-68DB-4C6D-86D9-418C3DAA694E.jpeg?fit=1200%2C540&ssl=1&resize=525%2C300 1.5x, https:\/\/i0.wp.com\/www.ofkbrdo.com\/Wordpress\/wp-content\/uploads\/2022\/08\/6E29D61A-68DB-4C6D-86D9-418C3DAA694E.jpeg?fit=1200%2C540&ssl=1&resize=700%2C400 2x, https:\/\/i0.wp.com\/www.ofkbrdo.com\/Wordpress\/wp-content\/uploads\/2022\/08\/6E29D61A-68DB-4C6D-86D9-418C3DAA694E.jpeg?fit=1200%2C540&ssl=1&resize=1050%2C600 3x"},"classes":[]},{"id":9371,"url":"https:\/\/www.ofkbrdo.com\/Wordpress\/mirza-alkic-osma-sezona-na-klupi-ofk-brdo-i-nikad-jaca-liga-pred-nama\/","url_meta":{"origin":5602,"position":5},"title":"Mirza Alki\u0107: Osma sezona na klupi OFK Brdo i nikad ja\u010da liga pred nama","author":"admin","date":"23. August 2025","format":false,"excerpt":"Ve\u0107 osmu godinu zaredom Mirza Alki\u0107 uspje\u0161no predvodi OFK Brdo, klub koji je iz temelja gradio svoj put od regionalnih takmi\u010denja do stabilnog \u010dlana Druge lige FSRS. Od preuzimanja trenerske pozicije 2017. godine, Alki\u0107 je svojim radom i posve\u0107eno\u0161\u0107u postao simbol kluba s Mataru\u0161kog Brda \u2013 ne samo kao strateg,\u2026","rel":"","context":"In &quot;Prva ekipa&quot;","block_context":{"text":"Prva ekipa","link":"https:\/\/www.ofkbrdo.com\/Wordpress\/prva-ekipa\/"},"img":{"alt_text":"","src":"https:\/\/i0.wp.com\/www.ofkbrdo.com\/Wordpress\/wp-content\/uploads\/2025\/08\/IMG_2892.jpeg?fit=1200%2C1133&ssl=1&resize=350%2C200","width":350,"height":200,"srcset":"https:\/\/i0.wp.com\/www.ofkbrdo.com\/Wordpress\/wp-content\/uploads\/2025\/08\/IMG_2892.jpeg?fit=1200%2C1133&ssl=1&resize=350%2C200 1x, https:\/\/i0.wp.com\/www.ofkbrdo.com\/Wordpress\/wp-content\/uploads\/2025\/08\/IMG_2892.jpeg?fit=1200%2C1133&ssl=1&resize=525%2C300 1.5x, https:\/\/i0.wp.com\/www.ofkbrdo.com\/Wordpress\/wp-content\/uploads\/2025\/08\/IMG_2892.jpeg?fit=1200%2C1133&ssl=1&resize=700%2C400 2x, https:\/\/i0.wp.com\/www.ofkbrdo.com\/Wordpress\/wp-content\/uploads\/2025\/08\/IMG_2892.jpeg?fit=1200%2C1133&ssl=1&resize=1050%2C600 3x"},"classes":[]}],"_links":{"self":[{"href":"https:\/\/www.ofkbrdo.com\/Wordpress\/wp-json\/wp\/v2\/posts\/5602","targetHints":{"allow":["GET"]}}],"collection":[{"href":"https:\/\/www.ofkbrdo.com\/Wordpress\/wp-json\/wp\/v2\/posts"}],"about":[{"href":"https:\/\/www.ofkbrdo.com\/Wordpress\/wp-json\/wp\/v2\/types\/post"}],"author":[{"embeddable":true,"href":"https:\/\/www.ofkbrdo.com\/Wordpress\/wp-json\/wp\/v2\/users\/1"}],"replies":[{"embeddable":true,"href":"https:\/\/www.ofkbrdo.com\/Wordpress\/wp-json\/wp\/v2\/comments?post=5602"}],"version-history":[{"count":0,"href":"https:\/\/www.ofkbrdo.com\/Wordpress\/wp-json\/wp\/v2\/posts\/5602\/revisions"}],"wp:featuredmedia":[{"embeddable":true,"href":"https:\/\/www.ofkbrdo.com\/Wordpress\/wp-json\/wp\/v2\/media\/5605"}],"wp:attachment":[{"href":"https:\/\/www.ofkbrdo.com\/Wordpress\/wp-json\/wp\/v2\/media?parent=5602"}],"wp:term":[{"taxonomy":"category","embeddable":true,"href":"https:\/\/www.ofkbrdo.com\/Wordpress\/wp-json\/wp\/v2\/categories?post=5602"},{"taxonomy":"post_tag","embeddable":true,"href":"https:\/\/www.ofkbrdo.com\/Wordpress\/wp-json\/wp\/v2\/tags?post=5602"}],"curies":[{"name":"wp","href":"https:\/\/api.w.org\/{rel}","templated":true}]}}