{"id":5619,"date":"2022-08-07T21:13:55","date_gmt":"2022-08-07T19:13:55","guid":{"rendered":"https:\/\/www.ofkbrdo.com\/Wordpress\/?p=5619"},"modified":"2022-08-07T22:16:56","modified_gmt":"2022-08-07T20:16:56","slug":"pukla-petarda-na-vedrom-polju","status":"publish","type":"post","link":"https:\/\/www.ofkbrdo.com\/Wordpress\/pukla-petarda-na-vedrom-polju\/","title":{"rendered":"\u201cPUKLA\u201d PETARDA NA VEDROM POLJU"},"content":{"rendered":"<p>Po\u010detak sezone kao iz snova. Odli\u010dna igra, pet golova u mre\u017ei protivnika i ispunjenje tribine stadiona Vedro polje. Raduje \u0161to je Brdo bilo ekipa u kojoj su svi fudbaleri pru\u017eili maksimum.<\/p>\n<p><img data-recalc-dims=\"1\" fetchpriority=\"high\" decoding=\"async\" data-attachment-id=\"5626\" data-permalink=\"https:\/\/www.ofkbrdo.com\/Wordpress\/pukla-petarda-na-vedrom-polju\/7045eadb-9a6a-42a3-9419-9ead0730453d\/\" data-orig-file=\"https:\/\/i0.wp.com\/www.ofkbrdo.com\/Wordpress\/wp-content\/uploads\/2022\/08\/7045EADB-9A6A-42A3-9419-9EAD0730453D.jpeg?fit=1600%2C720&amp;ssl=1\" data-orig-size=\"1600,720\" data-comments-opened=\"0\" data-image-meta=\"{&quot;aperture&quot;:&quot;0&quot;,&quot;credit&quot;:&quot;&quot;,&quot;camera&quot;:&quot;&quot;,&quot;caption&quot;:&quot;&quot;,&quot;created_timestamp&quot;:&quot;0&quot;,&quot;copyright&quot;:&quot;&quot;,&quot;focal_length&quot;:&quot;0&quot;,&quot;iso&quot;:&quot;0&quot;,&quot;shutter_speed&quot;:&quot;0&quot;,&quot;title&quot;:&quot;&quot;,&quot;orientation&quot;:&quot;0&quot;}\" data-image-title=\"7045EADB-9A6A-42A3-9419-9EAD0730453D\" data-image-description=\"\" data-image-caption=\"\" data-large-file=\"https:\/\/i0.wp.com\/www.ofkbrdo.com\/Wordpress\/wp-content\/uploads\/2022\/08\/7045EADB-9A6A-42A3-9419-9EAD0730453D.jpeg?fit=640%2C288&amp;ssl=1\" class=\"aligncenter size-large wp-image-5626\" src=\"https:\/\/i0.wp.com\/www.ofkbrdo.com\/Wordpress\/wp-content\/uploads\/2022\/08\/7045EADB-9A6A-42A3-9419-9EAD0730453D.jpeg?resize=640%2C288&#038;ssl=1\" alt=\"\" width=\"640\" height=\"288\" srcset=\"https:\/\/i0.wp.com\/www.ofkbrdo.com\/Wordpress\/wp-content\/uploads\/2022\/08\/7045EADB-9A6A-42A3-9419-9EAD0730453D.jpeg?resize=1024%2C461&amp;ssl=1 1024w, https:\/\/i0.wp.com\/www.ofkbrdo.com\/Wordpress\/wp-content\/uploads\/2022\/08\/7045EADB-9A6A-42A3-9419-9EAD0730453D.jpeg?resize=300%2C135&amp;ssl=1 300w, https:\/\/i0.wp.com\/www.ofkbrdo.com\/Wordpress\/wp-content\/uploads\/2022\/08\/7045EADB-9A6A-42A3-9419-9EAD0730453D.jpeg?resize=768%2C346&amp;ssl=1 768w, https:\/\/i0.wp.com\/www.ofkbrdo.com\/Wordpress\/wp-content\/uploads\/2022\/08\/7045EADB-9A6A-42A3-9419-9EAD0730453D.jpeg?resize=1536%2C691&amp;ssl=1 1536w, https:\/\/i0.wp.com\/www.ofkbrdo.com\/Wordpress\/wp-content\/uploads\/2022\/08\/7045EADB-9A6A-42A3-9419-9EAD0730453D.jpeg?resize=128%2C58&amp;ssl=1 128w, https:\/\/i0.wp.com\/www.ofkbrdo.com\/Wordpress\/wp-content\/uploads\/2022\/08\/7045EADB-9A6A-42A3-9419-9EAD0730453D.jpeg?resize=32%2C14&amp;ssl=1 32w, https:\/\/i0.wp.com\/www.ofkbrdo.com\/Wordpress\/wp-content\/uploads\/2022\/08\/7045EADB-9A6A-42A3-9419-9EAD0730453D.jpeg?w=1600&amp;ssl=1 1600w, https:\/\/i0.wp.com\/www.ofkbrdo.com\/Wordpress\/wp-content\/uploads\/2022\/08\/7045EADB-9A6A-42A3-9419-9EAD0730453D.jpeg?w=1280&amp;ssl=1 1280w\" sizes=\"(max-width: 640px) 100vw, 640px\" \/><\/p>\n<p>Krenulo je golom Miji\u0107a na asistenciju veoma zapa\u017eenog Kurid\u017ee koji je asistirao i kod gola Isakovi\u0107a za 2-0. U drugom poluvremenu je nastavljena dominacija Omladinskog fudbalskog kluba Brdo.<\/p>\n<figure id=\"attachment_5627\" aria-describedby=\"caption-attachment-5627\" style=\"width: 640px\" class=\"wp-caption aligncenter\"><img data-recalc-dims=\"1\" decoding=\"async\" data-attachment-id=\"5627\" data-permalink=\"https:\/\/www.ofkbrdo.com\/Wordpress\/pukla-petarda-na-vedrom-polju\/145d3093-bbec-4a76-836b-adc6509eaf11\/\" data-orig-file=\"https:\/\/i0.wp.com\/www.ofkbrdo.com\/Wordpress\/wp-content\/uploads\/2022\/08\/145D3093-BBEC-4A76-836B-ADC6509EAF11-scaled.jpeg?fit=1920%2C2560&amp;ssl=1\" data-orig-size=\"1920,2560\" data-comments-opened=\"0\" data-image-meta=\"{&quot;aperture&quot;:&quot;0&quot;,&quot;credit&quot;:&quot;&quot;,&quot;camera&quot;:&quot;&quot;,&quot;caption&quot;:&quot;&quot;,&quot;created_timestamp&quot;:&quot;0&quot;,&quot;copyright&quot;:&quot;&quot;,&quot;focal_length&quot;:&quot;0&quot;,&quot;iso&quot;:&quot;0&quot;,&quot;shutter_speed&quot;:&quot;0&quot;,&quot;title&quot;:&quot;&quot;,&quot;orientation&quot;:&quot;1&quot;}\" data-image-title=\"Danilo Kurid\u017ea\" data-image-description=\"\" data-image-caption=\"&lt;p&gt;Danilo Kurid\u017ea&lt;\/p&gt;\n\" data-large-file=\"https:\/\/i0.wp.com\/www.ofkbrdo.com\/Wordpress\/wp-content\/uploads\/2022\/08\/145D3093-BBEC-4A76-836B-ADC6509EAF11-scaled.jpeg?fit=640%2C853&amp;ssl=1\" class=\"size-large wp-image-5627\" src=\"https:\/\/i0.wp.com\/www.ofkbrdo.com\/Wordpress\/wp-content\/uploads\/2022\/08\/145D3093-BBEC-4A76-836B-ADC6509EAF11.jpeg?resize=640%2C853&#038;ssl=1\" alt=\"\" width=\"640\" height=\"853\" srcset=\"https:\/\/i0.wp.com\/www.ofkbrdo.com\/Wordpress\/wp-content\/uploads\/2022\/08\/145D3093-BBEC-4A76-836B-ADC6509EAF11-scaled.jpeg?resize=768%2C1024&amp;ssl=1 768w, https:\/\/i0.wp.com\/www.ofkbrdo.com\/Wordpress\/wp-content\/uploads\/2022\/08\/145D3093-BBEC-4A76-836B-ADC6509EAF11-scaled.jpeg?resize=225%2C300&amp;ssl=1 225w, https:\/\/i0.wp.com\/www.ofkbrdo.com\/Wordpress\/wp-content\/uploads\/2022\/08\/145D3093-BBEC-4A76-836B-ADC6509EAF11-scaled.jpeg?resize=1152%2C1536&amp;ssl=1 1152w, https:\/\/i0.wp.com\/www.ofkbrdo.com\/Wordpress\/wp-content\/uploads\/2022\/08\/145D3093-BBEC-4A76-836B-ADC6509EAF11-scaled.jpeg?resize=1536%2C2048&amp;ssl=1 1536w, https:\/\/i0.wp.com\/www.ofkbrdo.com\/Wordpress\/wp-content\/uploads\/2022\/08\/145D3093-BBEC-4A76-836B-ADC6509EAF11-scaled.jpeg?resize=96%2C128&amp;ssl=1 96w, https:\/\/i0.wp.com\/www.ofkbrdo.com\/Wordpress\/wp-content\/uploads\/2022\/08\/145D3093-BBEC-4A76-836B-ADC6509EAF11-scaled.jpeg?resize=24%2C32&amp;ssl=1 24w, https:\/\/i0.wp.com\/www.ofkbrdo.com\/Wordpress\/wp-content\/uploads\/2022\/08\/145D3093-BBEC-4A76-836B-ADC6509EAF11-scaled.jpeg?w=1920&amp;ssl=1 1920w, https:\/\/i0.wp.com\/www.ofkbrdo.com\/Wordpress\/wp-content\/uploads\/2022\/08\/145D3093-BBEC-4A76-836B-ADC6509EAF11-scaled.jpeg?w=1280&amp;ssl=1 1280w\" sizes=\"(max-width: 640px) 100vw, 640px\" \/><figcaption id=\"caption-attachment-5627\" class=\"wp-caption-text\">Danilo Kurid\u017ea<\/figcaption><\/figure>\n<p>Za 3-0 poga\u0111a Kurid\u017ea, a Karajica za visokih 4-0. Najbolji pojedinac susreta Brdo-Polet, mladi Kurid\u017ea u 82. minuti stavlja ta\u010dku na i.<\/p>\n<p><img data-recalc-dims=\"1\" decoding=\"async\" data-attachment-id=\"5628\" data-permalink=\"https:\/\/www.ofkbrdo.com\/Wordpress\/pukla-petarda-na-vedrom-polju\/d689dc2f-f2b9-4c61-b3d6-0a059467c0cc\/\" data-orig-file=\"https:\/\/i0.wp.com\/www.ofkbrdo.com\/Wordpress\/wp-content\/uploads\/2022\/08\/D689DC2F-F2B9-4C61-B3D6-0A059467C0CC.jpeg?fit=1600%2C720&amp;ssl=1\" data-orig-size=\"1600,720\" data-comments-opened=\"0\" data-image-meta=\"{&quot;aperture&quot;:&quot;0&quot;,&quot;credit&quot;:&quot;&quot;,&quot;camera&quot;:&quot;&quot;,&quot;caption&quot;:&quot;&quot;,&quot;created_timestamp&quot;:&quot;0&quot;,&quot;copyright&quot;:&quot;&quot;,&quot;focal_length&quot;:&quot;0&quot;,&quot;iso&quot;:&quot;0&quot;,&quot;shutter_speed&quot;:&quot;0&quot;,&quot;title&quot;:&quot;&quot;,&quot;orientation&quot;:&quot;0&quot;}\" data-image-title=\"D689DC2F-F2B9-4C61-B3D6-0A059467C0CC\" data-image-description=\"\" data-image-caption=\"\" data-large-file=\"https:\/\/i0.wp.com\/www.ofkbrdo.com\/Wordpress\/wp-content\/uploads\/2022\/08\/D689DC2F-F2B9-4C61-B3D6-0A059467C0CC.jpeg?fit=640%2C288&amp;ssl=1\" class=\"aligncenter size-large wp-image-5628\" src=\"https:\/\/i0.wp.com\/www.ofkbrdo.com\/Wordpress\/wp-content\/uploads\/2022\/08\/D689DC2F-F2B9-4C61-B3D6-0A059467C0CC.jpeg?resize=640%2C288&#038;ssl=1\" alt=\"\" width=\"640\" height=\"288\" srcset=\"https:\/\/i0.wp.com\/www.ofkbrdo.com\/Wordpress\/wp-content\/uploads\/2022\/08\/D689DC2F-F2B9-4C61-B3D6-0A059467C0CC.jpeg?resize=1024%2C461&amp;ssl=1 1024w, https:\/\/i0.wp.com\/www.ofkbrdo.com\/Wordpress\/wp-content\/uploads\/2022\/08\/D689DC2F-F2B9-4C61-B3D6-0A059467C0CC.jpeg?resize=300%2C135&amp;ssl=1 300w, https:\/\/i0.wp.com\/www.ofkbrdo.com\/Wordpress\/wp-content\/uploads\/2022\/08\/D689DC2F-F2B9-4C61-B3D6-0A059467C0CC.jpeg?resize=768%2C346&amp;ssl=1 768w, https:\/\/i0.wp.com\/www.ofkbrdo.com\/Wordpress\/wp-content\/uploads\/2022\/08\/D689DC2F-F2B9-4C61-B3D6-0A059467C0CC.jpeg?resize=1536%2C691&amp;ssl=1 1536w, https:\/\/i0.wp.com\/www.ofkbrdo.com\/Wordpress\/wp-content\/uploads\/2022\/08\/D689DC2F-F2B9-4C61-B3D6-0A059467C0CC.jpeg?resize=128%2C58&amp;ssl=1 128w, https:\/\/i0.wp.com\/www.ofkbrdo.com\/Wordpress\/wp-content\/uploads\/2022\/08\/D689DC2F-F2B9-4C61-B3D6-0A059467C0CC.jpeg?resize=32%2C14&amp;ssl=1 32w, https:\/\/i0.wp.com\/www.ofkbrdo.com\/Wordpress\/wp-content\/uploads\/2022\/08\/D689DC2F-F2B9-4C61-B3D6-0A059467C0CC.jpeg?w=1600&amp;ssl=1 1600w, https:\/\/i0.wp.com\/www.ofkbrdo.com\/Wordpress\/wp-content\/uploads\/2022\/08\/D689DC2F-F2B9-4C61-B3D6-0A059467C0CC.jpeg?w=1280&amp;ssl=1 1280w\" sizes=\"(max-width: 640px) 100vw, 640px\" \/>Trijumfom 5-0, fudbaleri Brda su dali jasno do znanja da bi i ova sezona mogla biti obilje\u017eena njihovim odli\u010dnim rezultatima. Naravno, nema euforije jer narednog vikenda slijedi gostovanje u Bosanskoj Dubici. Odli\u010dna prilika da vidimo da li su izabranici Mirze Alki\u0107e i Gorana Kecmana spremni na novi iskorak.<\/p>\n<p><img data-recalc-dims=\"1\" loading=\"lazy\" decoding=\"async\" data-attachment-id=\"5629\" data-permalink=\"https:\/\/www.ofkbrdo.com\/Wordpress\/pukla-petarda-na-vedrom-polju\/79f3dea9-4c5c-4aeb-abdc-792b7458df1f\/\" data-orig-file=\"https:\/\/i0.wp.com\/www.ofkbrdo.com\/Wordpress\/wp-content\/uploads\/2022\/08\/79F3DEA9-4C5C-4AEB-ABDC-792B7458DF1F.jpeg?fit=1200%2C1600&amp;ssl=1\" data-orig-size=\"1200,1600\" data-comments-opened=\"0\" data-image-meta=\"{&quot;aperture&quot;:&quot;0&quot;,&quot;credit&quot;:&quot;&quot;,&quot;camera&quot;:&quot;&quot;,&quot;caption&quot;:&quot;&quot;,&quot;created_timestamp&quot;:&quot;0&quot;,&quot;copyright&quot;:&quot;&quot;,&quot;focal_length&quot;:&quot;0&quot;,&quot;iso&quot;:&quot;0&quot;,&quot;shutter_speed&quot;:&quot;0&quot;,&quot;title&quot;:&quot;&quot;,&quot;orientation&quot;:&quot;1&quot;}\" data-image-title=\"79F3DEA9-4C5C-4AEB-ABDC-792B7458DF1F\" data-image-description=\"\" data-image-caption=\"\" data-large-file=\"https:\/\/i0.wp.com\/www.ofkbrdo.com\/Wordpress\/wp-content\/uploads\/2022\/08\/79F3DEA9-4C5C-4AEB-ABDC-792B7458DF1F.jpeg?fit=640%2C853&amp;ssl=1\" class=\"aligncenter size-large wp-image-5629\" src=\"https:\/\/i0.wp.com\/www.ofkbrdo.com\/Wordpress\/wp-content\/uploads\/2022\/08\/79F3DEA9-4C5C-4AEB-ABDC-792B7458DF1F.jpeg?resize=640%2C853&#038;ssl=1\" alt=\"\" width=\"640\" height=\"853\" srcset=\"https:\/\/i0.wp.com\/www.ofkbrdo.com\/Wordpress\/wp-content\/uploads\/2022\/08\/79F3DEA9-4C5C-4AEB-ABDC-792B7458DF1F.jpeg?resize=768%2C1024&amp;ssl=1 768w, https:\/\/i0.wp.com\/www.ofkbrdo.com\/Wordpress\/wp-content\/uploads\/2022\/08\/79F3DEA9-4C5C-4AEB-ABDC-792B7458DF1F.jpeg?resize=225%2C300&amp;ssl=1 225w, https:\/\/i0.wp.com\/www.ofkbrdo.com\/Wordpress\/wp-content\/uploads\/2022\/08\/79F3DEA9-4C5C-4AEB-ABDC-792B7458DF1F.jpeg?resize=1152%2C1536&amp;ssl=1 1152w, https:\/\/i0.wp.com\/www.ofkbrdo.com\/Wordpress\/wp-content\/uploads\/2022\/08\/79F3DEA9-4C5C-4AEB-ABDC-792B7458DF1F.jpeg?resize=96%2C128&amp;ssl=1 96w, https:\/\/i0.wp.com\/www.ofkbrdo.com\/Wordpress\/wp-content\/uploads\/2022\/08\/79F3DEA9-4C5C-4AEB-ABDC-792B7458DF1F.jpeg?resize=24%2C32&amp;ssl=1 24w, https:\/\/i0.wp.com\/www.ofkbrdo.com\/Wordpress\/wp-content\/uploads\/2022\/08\/79F3DEA9-4C5C-4AEB-ABDC-792B7458DF1F.jpeg?w=1200&amp;ssl=1 1200w\" sizes=\"(max-width: 640px) 100vw, 640px\" \/><\/p>\n<p><b>Druga liga RS zapad, 2022\/23<\/b><br \/>\n1. Kolo | 7 August 2022 | 17:30<br \/>\nStadion: Vedro polje, Hambarine<br \/>\nPublika: 200<\/p>\n<h2>OFK BRDO &nbsp;&#8211; OFK Polet 1926 5-0<\/h2>\n<p>Strijelci: Miji\u0107 (Kurid\u017ea), Isakovi\u0107 (Kurid\u017ea), Kurid\u017ea (Vujatovi\u0107), Karajica (Kurid\u017ea), Kurid\u017ea (Trkulja)<br \/>\n\u017duti kartoni: Haramba\u0161i\u0107, Kurid\u017ea&nbsp;<br \/>\n<img data-recalc-dims=\"1\" loading=\"lazy\" decoding=\"async\" data-attachment-id=\"5622\" data-permalink=\"https:\/\/www.ofkbrdo.com\/Wordpress\/pukla-petarda-na-vedrom-polju\/c03a0439-518c-48a0-89fd-e6c0ed9c00a8\/\" data-orig-file=\"https:\/\/i0.wp.com\/www.ofkbrdo.com\/Wordpress\/wp-content\/uploads\/2022\/08\/C03A0439-518C-48A0-89FD-E6C0ED9C00A8.jpeg?fit=1123%2C1698&amp;ssl=1\" data-orig-size=\"1123,1698\" data-comments-opened=\"0\" data-image-meta=\"{&quot;aperture&quot;:&quot;0&quot;,&quot;credit&quot;:&quot;&quot;,&quot;camera&quot;:&quot;&quot;,&quot;caption&quot;:&quot;&quot;,&quot;created_timestamp&quot;:&quot;0&quot;,&quot;copyright&quot;:&quot;&quot;,&quot;focal_length&quot;:&quot;0&quot;,&quot;iso&quot;:&quot;0&quot;,&quot;shutter_speed&quot;:&quot;0&quot;,&quot;title&quot;:&quot;&quot;,&quot;orientation&quot;:&quot;1&quot;}\" data-image-title=\"C03A0439-518C-48A0-89FD-E6C0ED9C00A8\" data-image-description=\"\" data-image-caption=\"\" data-large-file=\"https:\/\/i0.wp.com\/www.ofkbrdo.com\/Wordpress\/wp-content\/uploads\/2022\/08\/C03A0439-518C-48A0-89FD-E6C0ED9C00A8.jpeg?fit=640%2C968&amp;ssl=1\" class=\"aligncenter size-large wp-image-5622\" src=\"https:\/\/i0.wp.com\/www.ofkbrdo.com\/Wordpress\/wp-content\/uploads\/2022\/08\/C03A0439-518C-48A0-89FD-E6C0ED9C00A8-677x1024.jpeg?resize=640%2C968&#038;ssl=1\" alt=\"\" width=\"640\" height=\"968\" srcset=\"https:\/\/i0.wp.com\/www.ofkbrdo.com\/Wordpress\/wp-content\/uploads\/2022\/08\/C03A0439-518C-48A0-89FD-E6C0ED9C00A8.jpeg?resize=677%2C1024&amp;ssl=1 677w, https:\/\/i0.wp.com\/www.ofkbrdo.com\/Wordpress\/wp-content\/uploads\/2022\/08\/C03A0439-518C-48A0-89FD-E6C0ED9C00A8.jpeg?resize=198%2C300&amp;ssl=1 198w, https:\/\/i0.wp.com\/www.ofkbrdo.com\/Wordpress\/wp-content\/uploads\/2022\/08\/C03A0439-518C-48A0-89FD-E6C0ED9C00A8.jpeg?resize=768%2C1161&amp;ssl=1 768w, https:\/\/i0.wp.com\/www.ofkbrdo.com\/Wordpress\/wp-content\/uploads\/2022\/08\/C03A0439-518C-48A0-89FD-E6C0ED9C00A8.jpeg?resize=1016%2C1536&amp;ssl=1 1016w, https:\/\/i0.wp.com\/www.ofkbrdo.com\/Wordpress\/wp-content\/uploads\/2022\/08\/C03A0439-518C-48A0-89FD-E6C0ED9C00A8.jpeg?resize=85%2C128&amp;ssl=1 85w, https:\/\/i0.wp.com\/www.ofkbrdo.com\/Wordpress\/wp-content\/uploads\/2022\/08\/C03A0439-518C-48A0-89FD-E6C0ED9C00A8.jpeg?resize=21%2C32&amp;ssl=1 21w, https:\/\/i0.wp.com\/www.ofkbrdo.com\/Wordpress\/wp-content\/uploads\/2022\/08\/C03A0439-518C-48A0-89FD-E6C0ED9C00A8.jpeg?w=1123&amp;ssl=1 1123w\" sizes=\"(max-width: 640px) 100vw, 640px\" \/><\/p>\n<div class=\"jetpack-video-wrapper\"><div class=\"lyte-wrapper fourthree\" title=\"OFK BRDO-FK POLET 5-0. ODLI\u010cAN PRVENSTVENI START KLUBA KOJI \u017dIVOT ZNA\u010cI.\" style=\"width:420px;max-width:100%;margin:5px;\"><div class=\"lyMe\" id=\"WYL_TAXyFqprg8o\" itemprop=\"video\" itemscope itemtype=\"https:\/\/schema.org\/VideoObject\"><div><meta itemprop=\"thumbnailUrl\" content=\"https:\/\/i.ytimg.com\/vi\/TAXyFqprg8o\/hqdefault.jpg\" \/><meta itemprop=\"embedURL\" content=\"https:\/\/www.youtube.com\/embed\/TAXyFqprg8o\" \/><meta itemprop=\"duration\" content=\"PT3M10S\" \/><meta itemprop=\"uploadDate\" content=\"2022-08-07T20:01:55Z\" \/><\/div><div id=\"lyte_TAXyFqprg8o\" data-src=\"https:\/\/i.ytimg.com\/vi\/TAXyFqprg8o\/hqdefault.jpg\" class=\"pL\"><div class=\"tC\"><div class=\"tT\" itemprop=\"name\">OFK BRDO-FK POLET 5-0. ODLI\u010cAN PRVENSTVENI START KLUBA KOJI \u017dIVOT ZNA\u010cI.<\/div><\/div><div class=\"play\"><\/div><div class=\"ctrl\"><div class=\"Lctrl\"><\/div><div class=\"Rctrl\"><\/div><\/div><\/div><noscript><a href=\"https:\/\/youtu.be\/TAXyFqprg8o\" rel=\"nofollow noopener\" target=\"_blank\"><img data-recalc-dims=\"1\" loading=\"lazy\" decoding=\"async\" src=\"https:\/\/i0.wp.com\/i.ytimg.com\/vi\/TAXyFqprg8o\/0.jpg?resize=420%2C295&#038;ssl=1\" alt=\"OFK BRDO-FK POLET 5-0. ODLI\u010cAN PRVENSTVENI START KLUBA KOJI \u017dIVOT ZNA\u010cI.\" width=\"420\" height=\"295\" \/><br \/>Watch this video on YouTube<\/a><\/noscript><meta itemprop=\"description\" content=\"OFK BRDO-FK POLET 5-0. ODLI\u010cAN PRVENSTVENI START KLUBA KOJI \u017dIVOT ZNA\u010cI.\"><\/div><\/div><div class=\"lL\" style=\"max-width:100%;width:420px;margin:5px;\"><\/div><\/div>\n","protected":false},"excerpt":{"rendered":"<p>Po\u010detak sezone kao iz snova. Odli\u010dna igra, pet golova u mre\u017ei protivnika i ispunjenje tribine stadiona Vedro polje. Raduje \u0161to je Brdo bilo ekipa u kojoj su svi fudbaleri pru\u017eili maksimum. Krenulo je golom Miji\u0107a na asistenciju veoma zapa\u017eenog Kurid\u017ee koji je asistirao i kod gola Isakovi\u0107a za 2-0. U drugom poluvremenu je nastavljena dominacija [&hellip;]<\/p>\n","protected":false},"author":1,"featured_media":5620,"comment_status":"closed","ping_status":"closed","sticky":false,"template":"","format":"standard","meta":{"ngg_post_thumbnail":0,"_jetpack_memberships_contains_paid_content":false,"footnotes":"","jetpack_publicize_message":"","jetpack_publicize_feature_enabled":true,"jetpack_social_post_already_shared":false,"jetpack_social_options":{"image_generator_settings":{"template":"highway","default_image_id":0,"font":"","enabled":false},"version":2}},"categories":[210],"tags":[],"class_list":["post-5619","post","type-post","status-publish","format-standard","has-post-thumbnail","hentry","category-druga-liga-rs"],"jetpack_publicize_connections":[],"jetpack_featured_media_url":"https:\/\/i0.wp.com\/www.ofkbrdo.com\/Wordpress\/wp-content\/uploads\/2022\/08\/B5A0F31D-2302-42D2-978D-5C9C37691410.jpeg?fit=2153%2C1615&ssl=1","jetpack_sharing_enabled":true,"jetpack_likes_enabled":true,"jetpack_shortlink":"https:\/\/wp.me\/pevKtx-1sD","jetpack-related-posts":[{"id":6902,"url":"https:\/\/www.ofkbrdo.com\/Wordpress\/nerijeseno-u-bosanskoj-otoci\/","url_meta":{"origin":5619,"position":0},"title":"NERIJE\u0160ENO U BOSANSKOJ OTOCI","author":"admin","date":"13. August 2023","format":false,"excerpt":"Dobra fudbalska predsta u Bosanskoj Otoci i \u010detiri gola. Po dva puta zatresla se mre\u017ea jedne i druge ekipe. U generalnoj probi pred po\u010detak prvenstva u drugoliga\u0161koj konkurenciji, stru\u010dni \u0161tab Brda mo\u017ee biti zadovoljan prikazanom igrom. Na\u017ealost, poslovne obaveze nisu dozvolile da \u017euto-plavi budu kompletni. Karupovi\u0107, Balaban i Miodragovi\u0107 nisu\u2026","rel":"","context":"In &quot;Prva ekipa&quot;","block_context":{"text":"Prva ekipa","link":"https:\/\/www.ofkbrdo.com\/Wordpress\/prva-ekipa\/"},"img":{"alt_text":"","src":"https:\/\/i0.wp.com\/www.ofkbrdo.com\/Wordpress\/wp-content\/uploads\/2023\/08\/IMG_0827.jpeg?fit=1200%2C540&ssl=1&resize=350%2C200","width":350,"height":200,"srcset":"https:\/\/i0.wp.com\/www.ofkbrdo.com\/Wordpress\/wp-content\/uploads\/2023\/08\/IMG_0827.jpeg?fit=1200%2C540&ssl=1&resize=350%2C200 1x, https:\/\/i0.wp.com\/www.ofkbrdo.com\/Wordpress\/wp-content\/uploads\/2023\/08\/IMG_0827.jpeg?fit=1200%2C540&ssl=1&resize=525%2C300 1.5x, https:\/\/i0.wp.com\/www.ofkbrdo.com\/Wordpress\/wp-content\/uploads\/2023\/08\/IMG_0827.jpeg?fit=1200%2C540&ssl=1&resize=700%2C400 2x, https:\/\/i0.wp.com\/www.ofkbrdo.com\/Wordpress\/wp-content\/uploads\/2023\/08\/IMG_0827.jpeg?fit=1200%2C540&ssl=1&resize=1050%2C600 3x"},"classes":[]},{"id":6835,"url":"https:\/\/www.ofkbrdo.com\/Wordpress\/pobjeda-ofk-brda-u-kamengradu\/","url_meta":{"origin":5619,"position":1},"title":"Pobjeda OFK Brda u Kamengradu","author":"admin","date":"22. July 2023","format":false,"excerpt":"Kvalitetna fudbalska predstava u Kamengradu. Doma\u0107in je bolje otvorio utakmicu i u par navrata opasno zaprijetio. Me\u0111utim, Vidovi\u0107 je bio na visini zadatka. Nakon gre\u0161ke odbrambenih fudbalera Rudara, Kurid\u017ea se odli\u010dno snalazi, krade loptu i asistira Karajici za vodstvo Brda. Marmat je imao priliku da postigne gol, ali morat \u0107emo\u2026","rel":"","context":"In &quot;Prva ekipa&quot;","block_context":{"text":"Prva ekipa","link":"https:\/\/www.ofkbrdo.com\/Wordpress\/prva-ekipa\/"},"img":{"alt_text":"","src":"https:\/\/i0.wp.com\/www.ofkbrdo.com\/Wordpress\/wp-content\/uploads\/2023\/07\/IMG_9889.jpeg?fit=1200%2C573&ssl=1&resize=350%2C200","width":350,"height":200,"srcset":"https:\/\/i0.wp.com\/www.ofkbrdo.com\/Wordpress\/wp-content\/uploads\/2023\/07\/IMG_9889.jpeg?fit=1200%2C573&ssl=1&resize=350%2C200 1x, https:\/\/i0.wp.com\/www.ofkbrdo.com\/Wordpress\/wp-content\/uploads\/2023\/07\/IMG_9889.jpeg?fit=1200%2C573&ssl=1&resize=525%2C300 1.5x, https:\/\/i0.wp.com\/www.ofkbrdo.com\/Wordpress\/wp-content\/uploads\/2023\/07\/IMG_9889.jpeg?fit=1200%2C573&ssl=1&resize=700%2C400 2x, https:\/\/i0.wp.com\/www.ofkbrdo.com\/Wordpress\/wp-content\/uploads\/2023\/07\/IMG_9889.jpeg?fit=1200%2C573&ssl=1&resize=1050%2C600 3x"},"classes":[]},{"id":5920,"url":"https:\/\/www.ofkbrdo.com\/Wordpress\/prijedorski-derbi-pripao-ofk-brdu\/","url_meta":{"origin":5619,"position":2},"title":"Prijedorski derbi pripao OFK Brdu","author":"admin","date":"18. September 2022","format":false,"excerpt":"Gradski derbi na drugoliga\u0161kom zapadu\u00a0 izme\u0111u OFK Brda i FSA zavr\u0161io je pobjedom doma\u0107ina 3-0. Strijelci : Danilo Kurid\u017ea 2 i Vahid Karupovi\u0107!! Nakon sedam odigranih kola na drugoliga\u0161kom zapadu, Omladinski fudbalski klub Brdo zaostaje svega tri boda za vode\u0107im Borcem i nalazi se na petom mjestu. Ruku na srce,\u2026","rel":"","context":"In &quot;Druga liga RS&quot;","block_context":{"text":"Druga liga RS","link":"https:\/\/www.ofkbrdo.com\/Wordpress\/druga-liga-rs\/"},"img":{"alt_text":"","src":"https:\/\/i0.wp.com\/www.ofkbrdo.com\/Wordpress\/wp-content\/uploads\/2022\/09\/E19935EB-6A89-4D29-8FDF-6D4C404D8256.jpeg?fit=1111%2C1200&ssl=1&resize=350%2C200","width":350,"height":200,"srcset":"https:\/\/i0.wp.com\/www.ofkbrdo.com\/Wordpress\/wp-content\/uploads\/2022\/09\/E19935EB-6A89-4D29-8FDF-6D4C404D8256.jpeg?fit=1111%2C1200&ssl=1&resize=350%2C200 1x, https:\/\/i0.wp.com\/www.ofkbrdo.com\/Wordpress\/wp-content\/uploads\/2022\/09\/E19935EB-6A89-4D29-8FDF-6D4C404D8256.jpeg?fit=1111%2C1200&ssl=1&resize=525%2C300 1.5x, https:\/\/i0.wp.com\/www.ofkbrdo.com\/Wordpress\/wp-content\/uploads\/2022\/09\/E19935EB-6A89-4D29-8FDF-6D4C404D8256.jpeg?fit=1111%2C1200&ssl=1&resize=700%2C400 2x, https:\/\/i0.wp.com\/www.ofkbrdo.com\/Wordpress\/wp-content\/uploads\/2022\/09\/E19935EB-6A89-4D29-8FDF-6D4C404D8256.jpeg?fit=1111%2C1200&ssl=1&resize=1050%2C600 3x"},"classes":[]},{"id":6074,"url":"https:\/\/www.ofkbrdo.com\/Wordpress\/bodovi-idu-na-vedro-polje\/","url_meta":{"origin":5619,"position":3},"title":"BODOVI IDU NA VEDRO POLJE","author":"admin","date":"30. October 2022","format":false,"excerpt":"Nova pobjeda Omladinskog fudbalskog kluba Brdo je plod po\u017ertvovane i dobro organizovane igre. Od prvog mminuta se po\u0161tovao dogovor iz svla\u010dionice tako da uspjeh nije izostao. Mre\u017eu doma\u0107ina na\u010deo je Kadiri\u0107 u 10. minuti. Dva minuta kasnije novo slavlje kluba koji \u017eivot zna\u010di. Strijelac za 2-0 bio je Kurid\u017ea. Po\u017ertvovanjem\u2026","rel":"","context":"In &quot;Druga liga RS&quot;","block_context":{"text":"Druga liga RS","link":"https:\/\/www.ofkbrdo.com\/Wordpress\/druga-liga-rs\/"},"img":{"alt_text":"","src":"https:\/\/i0.wp.com\/www.ofkbrdo.com\/Wordpress\/wp-content\/uploads\/2022\/10\/2CFFB33E-3C47-4498-97C2-ABC69EEE143F.jpeg?fit=1103%2C720&ssl=1&resize=350%2C200","width":350,"height":200,"srcset":"https:\/\/i0.wp.com\/www.ofkbrdo.com\/Wordpress\/wp-content\/uploads\/2022\/10\/2CFFB33E-3C47-4498-97C2-ABC69EEE143F.jpeg?fit=1103%2C720&ssl=1&resize=350%2C200 1x, https:\/\/i0.wp.com\/www.ofkbrdo.com\/Wordpress\/wp-content\/uploads\/2022\/10\/2CFFB33E-3C47-4498-97C2-ABC69EEE143F.jpeg?fit=1103%2C720&ssl=1&resize=525%2C300 1.5x, https:\/\/i0.wp.com\/www.ofkbrdo.com\/Wordpress\/wp-content\/uploads\/2022\/10\/2CFFB33E-3C47-4498-97C2-ABC69EEE143F.jpeg?fit=1103%2C720&ssl=1&resize=700%2C400 2x, https:\/\/i0.wp.com\/www.ofkbrdo.com\/Wordpress\/wp-content\/uploads\/2022\/10\/2CFFB33E-3C47-4498-97C2-ABC69EEE143F.jpeg?fit=1103%2C720&ssl=1&resize=1050%2C600 3x"},"classes":[]},{"id":5780,"url":"https:\/\/www.ofkbrdo.com\/Wordpress\/fk-sloga-srbac-ofk-brdo-2-3\/","url_meta":{"origin":5619,"position":4},"title":"FK SLOGA SRBAC \u2013 OFK BRDO 2-3","author":"admin","date":"27. August 2022","format":false,"excerpt":"Sa veoma neugodnog gostovanje fudbaleri Omladinskog fudbalskog kluba Brdo vra\u0107aju se uzdignute glave u fer i korektnom susretu. Podatak da je prvi prekr\u0161aj zabilje\u017een sredinom prvog poluvremena govori tome u prilog. Ekipa Brda je bila bolja i zaslu\u017eeno slavila pobjedu. Od prvog minuta su igrali \"svoju\" igru i jasno dali\u2026","rel":"","context":"In &quot;Druga liga RS&quot;","block_context":{"text":"Druga liga RS","link":"https:\/\/www.ofkbrdo.com\/Wordpress\/druga-liga-rs\/"},"img":{"alt_text":"","src":"https:\/\/i0.wp.com\/www.ofkbrdo.com\/Wordpress\/wp-content\/uploads\/2022\/08\/0EE209BD-E0A4-4B14-9AB4-CBEFB7C81688.jpeg?fit=1198%2C1187&ssl=1&resize=350%2C200","width":350,"height":200,"srcset":"https:\/\/i0.wp.com\/www.ofkbrdo.com\/Wordpress\/wp-content\/uploads\/2022\/08\/0EE209BD-E0A4-4B14-9AB4-CBEFB7C81688.jpeg?fit=1198%2C1187&ssl=1&resize=350%2C200 1x, https:\/\/i0.wp.com\/www.ofkbrdo.com\/Wordpress\/wp-content\/uploads\/2022\/08\/0EE209BD-E0A4-4B14-9AB4-CBEFB7C81688.jpeg?fit=1198%2C1187&ssl=1&resize=525%2C300 1.5x, https:\/\/i0.wp.com\/www.ofkbrdo.com\/Wordpress\/wp-content\/uploads\/2022\/08\/0EE209BD-E0A4-4B14-9AB4-CBEFB7C81688.jpeg?fit=1198%2C1187&ssl=1&resize=700%2C400 2x, https:\/\/i0.wp.com\/www.ofkbrdo.com\/Wordpress\/wp-content\/uploads\/2022\/08\/0EE209BD-E0A4-4B14-9AB4-CBEFB7C81688.jpeg?fit=1198%2C1187&ssl=1&resize=1050%2C600 3x"},"classes":[]},{"id":5803,"url":"https:\/\/www.ofkbrdo.com\/Wordpress\/pobjeda-za-vrh-drugoligaskog-drustva\/","url_meta":{"origin":5619,"position":5},"title":"POBJEDA ZA VRH DRUGOLIGA\u0160KOG DRU\u0160TVA","author":"admin","date":"4. September 2022","format":false,"excerpt":"Do tre\u0107e prvenstvene pobjede ekipa Omladinskog fudbalskog kluba Brdo je do\u0161la u duelu sa Progresom. Na Vedrom polju su \u017euto-plavi slavili pobjedu 3-1. Od po\u010detka susreta Brdo je bilo dominantnije i ostvarilo zaslu\u017eeno trijumfovalo. U punoj terenskoj inicijitivi, nakon asistencije Vujatovi\u0107a za vodstvo Brda u 14.minuti poga\u0111a Sad\u017eak. Brdo napada\u2026","rel":"","context":"In &quot;Druga liga RS&quot;","block_context":{"text":"Druga liga RS","link":"https:\/\/www.ofkbrdo.com\/Wordpress\/druga-liga-rs\/"},"img":{"alt_text":"","src":"https:\/\/i0.wp.com\/www.ofkbrdo.com\/Wordpress\/wp-content\/uploads\/2022\/09\/8B2815C4-ADFD-4519-BEEF-6839DFF671CB.jpeg?fit=1198%2C1152&ssl=1&resize=350%2C200","width":350,"height":200,"srcset":"https:\/\/i0.wp.com\/www.ofkbrdo.com\/Wordpress\/wp-content\/uploads\/2022\/09\/8B2815C4-ADFD-4519-BEEF-6839DFF671CB.jpeg?fit=1198%2C1152&ssl=1&resize=350%2C200 1x, https:\/\/i0.wp.com\/www.ofkbrdo.com\/Wordpress\/wp-content\/uploads\/2022\/09\/8B2815C4-ADFD-4519-BEEF-6839DFF671CB.jpeg?fit=1198%2C1152&ssl=1&resize=525%2C300 1.5x, https:\/\/i0.wp.com\/www.ofkbrdo.com\/Wordpress\/wp-content\/uploads\/2022\/09\/8B2815C4-ADFD-4519-BEEF-6839DFF671CB.jpeg?fit=1198%2C1152&ssl=1&resize=700%2C400 2x, https:\/\/i0.wp.com\/www.ofkbrdo.com\/Wordpress\/wp-content\/uploads\/2022\/09\/8B2815C4-ADFD-4519-BEEF-6839DFF671CB.jpeg?fit=1198%2C1152&ssl=1&resize=1050%2C600 3x"},"classes":[]}],"_links":{"self":[{"href":"https:\/\/www.ofkbrdo.com\/Wordpress\/wp-json\/wp\/v2\/posts\/5619","targetHints":{"allow":["GET"]}}],"collection":[{"href":"https:\/\/www.ofkbrdo.com\/Wordpress\/wp-json\/wp\/v2\/posts"}],"about":[{"href":"https:\/\/www.ofkbrdo.com\/Wordpress\/wp-json\/wp\/v2\/types\/post"}],"author":[{"embeddable":true,"href":"https:\/\/www.ofkbrdo.com\/Wordpress\/wp-json\/wp\/v2\/users\/1"}],"replies":[{"embeddable":true,"href":"https:\/\/www.ofkbrdo.com\/Wordpress\/wp-json\/wp\/v2\/comments?post=5619"}],"version-history":[{"count":0,"href":"https:\/\/www.ofkbrdo.com\/Wordpress\/wp-json\/wp\/v2\/posts\/5619\/revisions"}],"wp:featuredmedia":[{"embeddable":true,"href":"https:\/\/www.ofkbrdo.com\/Wordpress\/wp-json\/wp\/v2\/media\/5620"}],"wp:attachment":[{"href":"https:\/\/www.ofkbrdo.com\/Wordpress\/wp-json\/wp\/v2\/media?parent=5619"}],"wp:term":[{"taxonomy":"category","embeddable":true,"href":"https:\/\/www.ofkbrdo.com\/Wordpress\/wp-json\/wp\/v2\/categories?post=5619"},{"taxonomy":"post_tag","embeddable":true,"href":"https:\/\/www.ofkbrdo.com\/Wordpress\/wp-json\/wp\/v2\/tags?post=5619"}],"curies":[{"name":"wp","href":"https:\/\/api.w.org\/{rel}","templated":true}]}}