{"id":5632,"date":"2022-08-08T08:42:10","date_gmt":"2022-08-08T06:42:10","guid":{"rendered":"https:\/\/www.ofkbrdo.com\/Wordpress\/?p=5632"},"modified":"2022-08-08T08:43:25","modified_gmt":"2022-08-08T06:43:25","slug":"mladost-i-iskustvo-brda","status":"publish","type":"post","link":"https:\/\/www.ofkbrdo.com\/Wordpress\/mladost-i-iskustvo-brda\/","title":{"rendered":"MLADOST I ISKUSTVO BRDA"},"content":{"rendered":"<p>Du\u0161ko Karijaca se vratio u Omladinski fudbalski klub Brdo nakon nekoliko sezona provedenih u Fudbalsom kluba Bratstvo iz Kozarca.<\/p>\n<p>Na samom po\u010detku drugoliga\u0161ke sezone je pokazao da \u0107e biti igra\u010d koji svojim iskustvom i znanjem mo\u017ee biti od koristi Mirzi Alki\u0107u i Goranu Kecmanu. To je i potvrdio u susretu sa ekipom Poleta u kojoj je bio i strijelac.<\/p>\n<div class=\"jetpack-video-wrapper\"><div class=\"lyte-wrapper fourthree\" title=\"DU&Scaron;KO KARAJICA NAGLA&Scaron;AVA SPOJ MLADOSTI I ISKUSTAVA U OMLADINSKOM FUDBALSKOM KLUBU BRDO\" style=\"width:420px;max-width:100%;margin:5px;\"><div class=\"lyMe\" id=\"WYL_mL92QBa29gk\" itemprop=\"video\" itemscope itemtype=\"https:\/\/schema.org\/VideoObject\"><div><meta itemprop=\"thumbnailUrl\" content=\"https:\/\/i.ytimg.com\/vi\/mL92QBa29gk\/hqdefault.jpg\" \/><meta itemprop=\"embedURL\" content=\"https:\/\/www.youtube.com\/embed\/mL92QBa29gk\" \/><meta itemprop=\"duration\" content=\"PT1M45S\" \/><meta itemprop=\"uploadDate\" content=\"2022-08-08T06:40:41Z\" \/><\/div><div id=\"lyte_mL92QBa29gk\" data-src=\"https:\/\/i.ytimg.com\/vi\/mL92QBa29gk\/hqdefault.jpg\" class=\"pL\"><div class=\"tC\"><div class=\"tT\" itemprop=\"name\">DU\u0160KO KARAJICA NAGLA\u0160AVA SPOJ MLADOSTI I ISKUSTAVA U OMLADINSKOM FUDBALSKOM KLUBU BRDO<\/div><\/div><div class=\"play\"><\/div><div class=\"ctrl\"><div class=\"Lctrl\"><\/div><div class=\"Rctrl\"><\/div><\/div><\/div><noscript><a href=\"https:\/\/youtu.be\/mL92QBa29gk\" rel=\"nofollow noopener\" target=\"_blank\"><img data-recalc-dims=\"1\" fetchpriority=\"high\" decoding=\"async\" src=\"https:\/\/i0.wp.com\/i.ytimg.com\/vi\/mL92QBa29gk\/0.jpg?resize=420%2C295&#038;ssl=1\" alt=\"DU&Scaron;KO KARAJICA NAGLA&Scaron;AVA SPOJ MLADOSTI I ISKUSTAVA U OMLADINSKOM FUDBALSKOM KLUBU BRDO\" width=\"420\" height=\"295\" \/><br \/>Watch this video on YouTube<\/a><\/noscript><meta itemprop=\"description\" content=\"DU\u0160KO KARAJICA NAGLA\u0160AVA SPOJ MLADOSTI I ISKUSTAVA U OMLADINSKOM FUDBALSKOM KLUBU BRDO\"><\/div><\/div><div class=\"lL\" style=\"max-width:100%;width:420px;margin:5px;\"><\/div><\/div>\n<p>Nagla\u0161ava da se vidi napredak Omadinskog fudbalskog kluba Brdo na organizacionom i takmi\u010darskom planu te je uvjeren da je pred klubom koji \u017eivot zna\u010di dobra sezona.<\/p>\n","protected":false},"excerpt":{"rendered":"<p>Du\u0161ko Karijaca se vratio u Omladinski fudbalski klub Brdo nakon nekoliko sezona provedenih u Fudbalsom kluba Bratstvo iz Kozarca. Na samom po\u010detku drugoliga\u0161ke sezone je pokazao da \u0107e biti igra\u010d koji svojim iskustvom i znanjem mo\u017ee biti od koristi Mirzi Alki\u0107u i Goranu Kecmanu. To je i potvrdio u susretu sa ekipom Poleta u kojoj [&hellip;]<\/p>\n","protected":false},"author":1,"featured_media":5633,"comment_status":"closed","ping_status":"closed","sticky":false,"template":"","format":"standard","meta":{"ngg_post_thumbnail":0,"_jetpack_memberships_contains_paid_content":false,"footnotes":"","jetpack_publicize_message":"","jetpack_publicize_feature_enabled":true,"jetpack_social_post_already_shared":false,"jetpack_social_options":{"image_generator_settings":{"template":"highway","default_image_id":0,"font":"","enabled":false},"version":2}},"categories":[12,1],"tags":[],"class_list":["post-5632","post","type-post","status-publish","format-standard","has-post-thumbnail","hentry","category-prva-ekipa","category-vijesti"],"jetpack_publicize_connections":[],"jetpack_featured_media_url":"https:\/\/i0.wp.com\/www.ofkbrdo.com\/Wordpress\/wp-content\/uploads\/2022\/08\/A9D4B5A5-A5FE-42E1-8852-B6BFFF5BA82D.jpeg?fit=1402%2C720&ssl=1","jetpack_sharing_enabled":true,"jetpack_likes_enabled":true,"jetpack_shortlink":"https:\/\/wp.me\/pevKtx-1sQ","jetpack-related-posts":[{"id":3819,"url":"https:\/\/www.ofkbrdo.com\/Wordpress\/ofk-brdo-ide-u-nove-pobjede\/","url_meta":{"origin":5632,"position":0},"title":"POSJEDUJE VELIKI TALENAT I POTENCIJAL","author":"admin","date":"14. August 2021","format":false,"excerpt":"Jako nam je stalo do fudbalske budu\u0107nosti Denisa Trepi\u0107a. Jedinstveni smo u ocjenama da mo\u017ee mnogo, ali i da mora mnogo raditi. Kroz nastupe u juniorima i seniorima Omladinskog fudbalskog kluba Brdo pokazao je da na njega treba najozbiljnije ra\u010dunati. Njegov napredak je o\u010digledan i vjerujemo da ova sezona mo\u017ee\u2026","rel":"","context":"In &quot;Pocetna&quot;","block_context":{"text":"Pocetna","link":"https:\/\/www.ofkbrdo.com\/Wordpress\/vijesti\/"},"img":{"alt_text":"","src":"https:\/\/i0.wp.com\/www.ofkbrdo.com\/Wordpress\/wp-content\/uploads\/2020\/09\/Brdo_Jedinstvo3.jpg?fit=1080%2C720&ssl=1&resize=350%2C200","width":350,"height":200,"srcset":"https:\/\/i0.wp.com\/www.ofkbrdo.com\/Wordpress\/wp-content\/uploads\/2020\/09\/Brdo_Jedinstvo3.jpg?fit=1080%2C720&ssl=1&resize=350%2C200 1x, https:\/\/i0.wp.com\/www.ofkbrdo.com\/Wordpress\/wp-content\/uploads\/2020\/09\/Brdo_Jedinstvo3.jpg?fit=1080%2C720&ssl=1&resize=525%2C300 1.5x, https:\/\/i0.wp.com\/www.ofkbrdo.com\/Wordpress\/wp-content\/uploads\/2020\/09\/Brdo_Jedinstvo3.jpg?fit=1080%2C720&ssl=1&resize=700%2C400 2x, https:\/\/i0.wp.com\/www.ofkbrdo.com\/Wordpress\/wp-content\/uploads\/2020\/09\/Brdo_Jedinstvo3.jpg?fit=1080%2C720&ssl=1&resize=1050%2C600 3x"},"classes":[]},{"id":5587,"url":"https:\/\/www.ofkbrdo.com\/Wordpress\/transparentan-rad-omladinskog-fudbalskog-kluba-brdo\/","url_meta":{"origin":5632,"position":1},"title":"TRANSPARENTAN RAD OMLADINSKOG FUDBALSKOG KLUBA BRDO","author":"admin","date":"3. August 2022","format":false,"excerpt":"Delegati Skup\u0161tine Omladinskog fudbalskog kluba Brdo jednoglasno su konstovali da je u proteklom periodu ostvaren zna\u010dajan napredak na rezultatskom i organizacionom planu. Jednoglasno je nakon razmatranja usvojen finansijski izvje\u0161taj \u0161to potvr\u0111uje da je se u izvje\u0161tajnom periodu doma\u0107inski odnosilo prema raspolo\u017eivim finansijskim sredstvima. U tom pogledu treba pohvaliti rad klupskih\u2026","rel":"","context":"In &quot;Razno&quot;","block_context":{"text":"Razno","link":"https:\/\/www.ofkbrdo.com\/Wordpress\/razno\/"},"img":{"alt_text":"","src":"https:\/\/i0.wp.com\/www.ofkbrdo.com\/Wordpress\/wp-content\/uploads\/2022\/08\/4F700E37-E46F-411A-BAB7-551971DE2A7C-scaled.jpeg?fit=1200%2C854&ssl=1&resize=350%2C200","width":350,"height":200,"srcset":"https:\/\/i0.wp.com\/www.ofkbrdo.com\/Wordpress\/wp-content\/uploads\/2022\/08\/4F700E37-E46F-411A-BAB7-551971DE2A7C-scaled.jpeg?fit=1200%2C854&ssl=1&resize=350%2C200 1x, https:\/\/i0.wp.com\/www.ofkbrdo.com\/Wordpress\/wp-content\/uploads\/2022\/08\/4F700E37-E46F-411A-BAB7-551971DE2A7C-scaled.jpeg?fit=1200%2C854&ssl=1&resize=525%2C300 1.5x, https:\/\/i0.wp.com\/www.ofkbrdo.com\/Wordpress\/wp-content\/uploads\/2022\/08\/4F700E37-E46F-411A-BAB7-551971DE2A7C-scaled.jpeg?fit=1200%2C854&ssl=1&resize=700%2C400 2x, https:\/\/i0.wp.com\/www.ofkbrdo.com\/Wordpress\/wp-content\/uploads\/2022\/08\/4F700E37-E46F-411A-BAB7-551971DE2A7C-scaled.jpeg?fit=1200%2C854&ssl=1&resize=1050%2C600 3x"},"classes":[]},{"id":3534,"url":"https:\/\/www.ofkbrdo.com\/Wordpress\/3534-2\/","url_meta":{"origin":5632,"position":2},"title":"POTPISAN PETOGODIS\u030cNJI SPONZORSKI UGOVOR SA AMIROM NASIC\u0301EM","author":"admin","date":"4. June 2021","format":false,"excerpt":"Sezona je zavrs\u030cena za fudbalski dio Omladinskog fudbalskog kluba Brdo. Me\u0111utim, nas\u030ci napori na stvaranju boljih uslova za funkcioniranje kluba koji z\u030civot znac\u030ci moraju biti u kontinuitetu. Ostvareni rezultati na takmic\u030carskom i organizacionom planu obavezuju na jos\u030c vec\u0301a odricanja. Imamo fenomenalnu raju kojoj je srce kao Brdo i jedino traz\u030ci\u2026","rel":"","context":"In &quot;Sponzori&quot;","block_context":{"text":"Sponzori","link":"https:\/\/www.ofkbrdo.com\/Wordpress\/sponzori\/"},"img":{"alt_text":"","src":"https:\/\/i0.wp.com\/www.ofkbrdo.com\/Wordpress\/wp-content\/uploads\/2021\/06\/FB9C43EA-2AAB-41BA-9BE3-C313D62B2BFF.png?fit=1080%2C599&ssl=1&resize=350%2C200","width":350,"height":200,"srcset":"https:\/\/i0.wp.com\/www.ofkbrdo.com\/Wordpress\/wp-content\/uploads\/2021\/06\/FB9C43EA-2AAB-41BA-9BE3-C313D62B2BFF.png?fit=1080%2C599&ssl=1&resize=350%2C200 1x, https:\/\/i0.wp.com\/www.ofkbrdo.com\/Wordpress\/wp-content\/uploads\/2021\/06\/FB9C43EA-2AAB-41BA-9BE3-C313D62B2BFF.png?fit=1080%2C599&ssl=1&resize=525%2C300 1.5x, https:\/\/i0.wp.com\/www.ofkbrdo.com\/Wordpress\/wp-content\/uploads\/2021\/06\/FB9C43EA-2AAB-41BA-9BE3-C313D62B2BFF.png?fit=1080%2C599&ssl=1&resize=700%2C400 2x, https:\/\/i0.wp.com\/www.ofkbrdo.com\/Wordpress\/wp-content\/uploads\/2021\/06\/FB9C43EA-2AAB-41BA-9BE3-C313D62B2BFF.png?fit=1080%2C599&ssl=1&resize=1050%2C600 3x"},"classes":[]},{"id":9371,"url":"https:\/\/www.ofkbrdo.com\/Wordpress\/mirza-alkic-osma-sezona-na-klupi-ofk-brdo-i-nikad-jaca-liga-pred-nama\/","url_meta":{"origin":5632,"position":3},"title":"Mirza Alki\u0107: Osma sezona na klupi OFK Brdo i nikad ja\u010da liga pred nama","author":"admin","date":"23. August 2025","format":false,"excerpt":"Ve\u0107 osmu godinu zaredom Mirza Alki\u0107 uspje\u0161no predvodi OFK Brdo, klub koji je iz temelja gradio svoj put od regionalnih takmi\u010denja do stabilnog \u010dlana Druge lige FSRS. Od preuzimanja trenerske pozicije 2017. godine, Alki\u0107 je svojim radom i posve\u0107eno\u0161\u0107u postao simbol kluba s Mataru\u0161kog Brda \u2013 ne samo kao strateg,\u2026","rel":"","context":"In &quot;Prva ekipa&quot;","block_context":{"text":"Prva ekipa","link":"https:\/\/www.ofkbrdo.com\/Wordpress\/prva-ekipa\/"},"img":{"alt_text":"","src":"https:\/\/i0.wp.com\/www.ofkbrdo.com\/Wordpress\/wp-content\/uploads\/2025\/08\/IMG_2892.jpeg?fit=1200%2C1133&ssl=1&resize=350%2C200","width":350,"height":200,"srcset":"https:\/\/i0.wp.com\/www.ofkbrdo.com\/Wordpress\/wp-content\/uploads\/2025\/08\/IMG_2892.jpeg?fit=1200%2C1133&ssl=1&resize=350%2C200 1x, https:\/\/i0.wp.com\/www.ofkbrdo.com\/Wordpress\/wp-content\/uploads\/2025\/08\/IMG_2892.jpeg?fit=1200%2C1133&ssl=1&resize=525%2C300 1.5x, https:\/\/i0.wp.com\/www.ofkbrdo.com\/Wordpress\/wp-content\/uploads\/2025\/08\/IMG_2892.jpeg?fit=1200%2C1133&ssl=1&resize=700%2C400 2x, https:\/\/i0.wp.com\/www.ofkbrdo.com\/Wordpress\/wp-content\/uploads\/2025\/08\/IMG_2892.jpeg?fit=1200%2C1133&ssl=1&resize=1050%2C600 3x"},"classes":[]},{"id":3734,"url":"https:\/\/www.ofkbrdo.com\/Wordpress\/igram-tamo-gdje-mi-srce-kaze\/","url_meta":{"origin":5632,"position":4},"title":"IGRAM TAMO GDJE MI SRCE KA\u017dE","author":"admin","date":"27. July 2021","format":false,"excerpt":"Omladinski fudalski klub Brdo je jako ponosan na mlade igrac\u030ce koji su stasali u kadetskoj i juniorskoj selekciji. To jeste i mora biti opredjeljenje kluba koji z\u030civot znac\u030ci. Dakle, nas\u030ca mladost mora biti buduc\u0301nost Brda i zbog toga nas jako raduje kada u seniorskom sastavu imamo igrac\u030ce iz omladinskog pogona.\u2026","rel":"","context":"In &quot;Pocetna&quot;","block_context":{"text":"Pocetna","link":"https:\/\/www.ofkbrdo.com\/Wordpress\/vijesti\/"},"img":{"alt_text":"","src":"https:\/\/i0.wp.com\/www.ofkbrdo.com\/Wordpress\/wp-content\/uploads\/2021\/07\/5A8A258E-4658-421B-AD0F-8480D1324381.jpeg?fit=1200%2C800&ssl=1&resize=350%2C200","width":350,"height":200,"srcset":"https:\/\/i0.wp.com\/www.ofkbrdo.com\/Wordpress\/wp-content\/uploads\/2021\/07\/5A8A258E-4658-421B-AD0F-8480D1324381.jpeg?fit=1200%2C800&ssl=1&resize=350%2C200 1x, https:\/\/i0.wp.com\/www.ofkbrdo.com\/Wordpress\/wp-content\/uploads\/2021\/07\/5A8A258E-4658-421B-AD0F-8480D1324381.jpeg?fit=1200%2C800&ssl=1&resize=525%2C300 1.5x, https:\/\/i0.wp.com\/www.ofkbrdo.com\/Wordpress\/wp-content\/uploads\/2021\/07\/5A8A258E-4658-421B-AD0F-8480D1324381.jpeg?fit=1200%2C800&ssl=1&resize=700%2C400 2x, https:\/\/i0.wp.com\/www.ofkbrdo.com\/Wordpress\/wp-content\/uploads\/2021\/07\/5A8A258E-4658-421B-AD0F-8480D1324381.jpeg?fit=1200%2C800&ssl=1&resize=1050%2C600 3x"},"classes":[]},{"id":4980,"url":"https:\/\/www.ofkbrdo.com\/Wordpress\/omladinski-fudbalski-klub-brdo-je-vise-od-sporta\/","url_meta":{"origin":5632,"position":5},"title":"OMLADINSKI FUDBALSKI KLUB BRDO JE VI\u0160E OD SPORTA","author":"admin","date":"16. March 2022","format":false,"excerpt":"Bodovi, plasman na tabeli, golovi, juniori, kadeti, infrastruktura, sportsko pona\u0161anje,... Gore nabrojano je od izuzetnog zna\u010daja za Omladinski fudbalski klub Brdo. Nadamo se da \u0107e ovo biti najuspje\u0161nija sezona u historiji kluba. Fudbaleri, stru\u010dni \u0161tab, uprava kluba, sponzori, donatori, brojni \u010dlanovi i prijatelji kluba, sve \u0107e u\u010diniti da se radujemo\u2026","rel":"","context":"In &quot;Dru\u017eenje&quot;","block_context":{"text":"Dru\u017eenje","link":"https:\/\/www.ofkbrdo.com\/Wordpress\/druzenje\/"},"img":{"alt_text":"","src":"https:\/\/i0.wp.com\/www.ofkbrdo.com\/Wordpress\/wp-content\/uploads\/2022\/03\/A151510D-F323-450C-BFFB-73C01CB4620F.jpeg?fit=1009%2C596&ssl=1&resize=350%2C200","width":350,"height":200,"srcset":"https:\/\/i0.wp.com\/www.ofkbrdo.com\/Wordpress\/wp-content\/uploads\/2022\/03\/A151510D-F323-450C-BFFB-73C01CB4620F.jpeg?fit=1009%2C596&ssl=1&resize=350%2C200 1x, https:\/\/i0.wp.com\/www.ofkbrdo.com\/Wordpress\/wp-content\/uploads\/2022\/03\/A151510D-F323-450C-BFFB-73C01CB4620F.jpeg?fit=1009%2C596&ssl=1&resize=525%2C300 1.5x, https:\/\/i0.wp.com\/www.ofkbrdo.com\/Wordpress\/wp-content\/uploads\/2022\/03\/A151510D-F323-450C-BFFB-73C01CB4620F.jpeg?fit=1009%2C596&ssl=1&resize=700%2C400 2x"},"classes":[]}],"_links":{"self":[{"href":"https:\/\/www.ofkbrdo.com\/Wordpress\/wp-json\/wp\/v2\/posts\/5632","targetHints":{"allow":["GET"]}}],"collection":[{"href":"https:\/\/www.ofkbrdo.com\/Wordpress\/wp-json\/wp\/v2\/posts"}],"about":[{"href":"https:\/\/www.ofkbrdo.com\/Wordpress\/wp-json\/wp\/v2\/types\/post"}],"author":[{"embeddable":true,"href":"https:\/\/www.ofkbrdo.com\/Wordpress\/wp-json\/wp\/v2\/users\/1"}],"replies":[{"embeddable":true,"href":"https:\/\/www.ofkbrdo.com\/Wordpress\/wp-json\/wp\/v2\/comments?post=5632"}],"version-history":[{"count":0,"href":"https:\/\/www.ofkbrdo.com\/Wordpress\/wp-json\/wp\/v2\/posts\/5632\/revisions"}],"wp:featuredmedia":[{"embeddable":true,"href":"https:\/\/www.ofkbrdo.com\/Wordpress\/wp-json\/wp\/v2\/media\/5633"}],"wp:attachment":[{"href":"https:\/\/www.ofkbrdo.com\/Wordpress\/wp-json\/wp\/v2\/media?parent=5632"}],"wp:term":[{"taxonomy":"category","embeddable":true,"href":"https:\/\/www.ofkbrdo.com\/Wordpress\/wp-json\/wp\/v2\/categories?post=5632"},{"taxonomy":"post_tag","embeddable":true,"href":"https:\/\/www.ofkbrdo.com\/Wordpress\/wp-json\/wp\/v2\/tags?post=5632"}],"curies":[{"name":"wp","href":"https:\/\/api.w.org\/{rel}","templated":true}]}}