{"id":5638,"date":"2022-08-08T22:47:28","date_gmt":"2022-08-08T20:47:28","guid":{"rendered":"https:\/\/www.ofkbrdo.com\/Wordpress\/?p=5638"},"modified":"2022-08-08T22:49:22","modified_gmt":"2022-08-08T20:49:22","slug":"zadovoljstvo-na-pocetku-rada-skole-fudbala-ofk-brdo","status":"publish","type":"post","link":"https:\/\/www.ofkbrdo.com\/Wordpress\/zadovoljstvo-na-pocetku-rada-skole-fudbala-ofk-brdo\/","title":{"rendered":"ZADOVOLJSTVO NA PO\u010cETKU RADA \u0160KOLE FUDBALA OFK BRDO"},"content":{"rendered":"<p>S nestrpljenjem smo o\u010dekivali dana\u0161nji po\u010detak rada, \u0160kole fudbala &#8220;OFK BRDO&#8221;.<\/p>\n<p><img data-recalc-dims=\"1\" fetchpriority=\"high\" decoding=\"async\" data-attachment-id=\"5639\" data-permalink=\"https:\/\/www.ofkbrdo.com\/Wordpress\/zadovoljstvo-na-pocetku-rada-skole-fudbala-ofk-brdo\/8d7f73e7-2bf0-46ba-8cb8-1e12b9316c1d\/\" data-orig-file=\"https:\/\/i0.wp.com\/www.ofkbrdo.com\/Wordpress\/wp-content\/uploads\/2022\/08\/8D7F73E7-2BF0-46BA-8CB8-1E12B9316C1D.jpeg?fit=1600%2C720&amp;ssl=1\" data-orig-size=\"1600,720\" data-comments-opened=\"0\" data-image-meta=\"{&quot;aperture&quot;:&quot;0&quot;,&quot;credit&quot;:&quot;&quot;,&quot;camera&quot;:&quot;&quot;,&quot;caption&quot;:&quot;&quot;,&quot;created_timestamp&quot;:&quot;0&quot;,&quot;copyright&quot;:&quot;&quot;,&quot;focal_length&quot;:&quot;0&quot;,&quot;iso&quot;:&quot;0&quot;,&quot;shutter_speed&quot;:&quot;0&quot;,&quot;title&quot;:&quot;&quot;,&quot;orientation&quot;:&quot;1&quot;}\" data-image-title=\"8D7F73E7-2BF0-46BA-8CB8-1E12B9316C1D\" data-image-description=\"\" data-image-caption=\"\" data-large-file=\"https:\/\/i0.wp.com\/www.ofkbrdo.com\/Wordpress\/wp-content\/uploads\/2022\/08\/8D7F73E7-2BF0-46BA-8CB8-1E12B9316C1D.jpeg?fit=640%2C288&amp;ssl=1\" class=\"aligncenter size-large wp-image-5639\" src=\"https:\/\/i0.wp.com\/www.ofkbrdo.com\/Wordpress\/wp-content\/uploads\/2022\/08\/8D7F73E7-2BF0-46BA-8CB8-1E12B9316C1D.jpeg?resize=640%2C288&#038;ssl=1\" alt=\"\" width=\"640\" height=\"288\" srcset=\"https:\/\/i0.wp.com\/www.ofkbrdo.com\/Wordpress\/wp-content\/uploads\/2022\/08\/8D7F73E7-2BF0-46BA-8CB8-1E12B9316C1D.jpeg?resize=1024%2C461&amp;ssl=1 1024w, https:\/\/i0.wp.com\/www.ofkbrdo.com\/Wordpress\/wp-content\/uploads\/2022\/08\/8D7F73E7-2BF0-46BA-8CB8-1E12B9316C1D.jpeg?resize=300%2C135&amp;ssl=1 300w, https:\/\/i0.wp.com\/www.ofkbrdo.com\/Wordpress\/wp-content\/uploads\/2022\/08\/8D7F73E7-2BF0-46BA-8CB8-1E12B9316C1D.jpeg?resize=768%2C346&amp;ssl=1 768w, https:\/\/i0.wp.com\/www.ofkbrdo.com\/Wordpress\/wp-content\/uploads\/2022\/08\/8D7F73E7-2BF0-46BA-8CB8-1E12B9316C1D.jpeg?resize=1536%2C691&amp;ssl=1 1536w, https:\/\/i0.wp.com\/www.ofkbrdo.com\/Wordpress\/wp-content\/uploads\/2022\/08\/8D7F73E7-2BF0-46BA-8CB8-1E12B9316C1D.jpeg?resize=128%2C58&amp;ssl=1 128w, https:\/\/i0.wp.com\/www.ofkbrdo.com\/Wordpress\/wp-content\/uploads\/2022\/08\/8D7F73E7-2BF0-46BA-8CB8-1E12B9316C1D.jpeg?resize=32%2C14&amp;ssl=1 32w, https:\/\/i0.wp.com\/www.ofkbrdo.com\/Wordpress\/wp-content\/uploads\/2022\/08\/8D7F73E7-2BF0-46BA-8CB8-1E12B9316C1D.jpeg?w=1600&amp;ssl=1 1600w, https:\/\/i0.wp.com\/www.ofkbrdo.com\/Wordpress\/wp-content\/uploads\/2022\/08\/8D7F73E7-2BF0-46BA-8CB8-1E12B9316C1D.jpeg?w=1280&amp;ssl=1 1280w\" sizes=\"(max-width: 640px) 100vw, 640px\" \/>Odmah \u017eelimo naglasiti da je na\u0161 dogovor s mladim fudbalerima i njihovim roditeljima i prvi trening, protekao u najboljem redu. Da, zadovoljni smo jer smo vidjeli na na\u0161em Vedrom polju 18 fudbalskih nada i vi\u0161e je nego jasno da \u0107e taj broj rasti.<\/p>\n<p><img data-recalc-dims=\"1\" decoding=\"async\" data-attachment-id=\"5640\" data-permalink=\"https:\/\/www.ofkbrdo.com\/Wordpress\/zadovoljstvo-na-pocetku-rada-skole-fudbala-ofk-brdo\/e2e824ea-52eb-4d16-b4de-5ea83a2b62d6\/\" data-orig-file=\"https:\/\/i0.wp.com\/www.ofkbrdo.com\/Wordpress\/wp-content\/uploads\/2022\/08\/E2E824EA-52EB-4D16-B4DE-5EA83A2B62D6.jpeg?fit=933%2C650&amp;ssl=1\" data-orig-size=\"933,650\" data-comments-opened=\"0\" data-image-meta=\"{&quot;aperture&quot;:&quot;0&quot;,&quot;credit&quot;:&quot;&quot;,&quot;camera&quot;:&quot;&quot;,&quot;caption&quot;:&quot;&quot;,&quot;created_timestamp&quot;:&quot;0&quot;,&quot;copyright&quot;:&quot;&quot;,&quot;focal_length&quot;:&quot;0&quot;,&quot;iso&quot;:&quot;0&quot;,&quot;shutter_speed&quot;:&quot;0&quot;,&quot;title&quot;:&quot;&quot;,&quot;orientation&quot;:&quot;1&quot;}\" data-image-title=\"E2E824EA-52EB-4D16-B4DE-5EA83A2B62D6\" data-image-description=\"\" data-image-caption=\"\" data-large-file=\"https:\/\/i0.wp.com\/www.ofkbrdo.com\/Wordpress\/wp-content\/uploads\/2022\/08\/E2E824EA-52EB-4D16-B4DE-5EA83A2B62D6.jpeg?fit=640%2C446&amp;ssl=1\" class=\"aligncenter size-full wp-image-5640\" src=\"https:\/\/i0.wp.com\/www.ofkbrdo.com\/Wordpress\/wp-content\/uploads\/2022\/08\/E2E824EA-52EB-4D16-B4DE-5EA83A2B62D6.jpeg?resize=640%2C446&#038;ssl=1\" alt=\"\" width=\"640\" height=\"446\" srcset=\"https:\/\/i0.wp.com\/www.ofkbrdo.com\/Wordpress\/wp-content\/uploads\/2022\/08\/E2E824EA-52EB-4D16-B4DE-5EA83A2B62D6.jpeg?w=933&amp;ssl=1 933w, https:\/\/i0.wp.com\/www.ofkbrdo.com\/Wordpress\/wp-content\/uploads\/2022\/08\/E2E824EA-52EB-4D16-B4DE-5EA83A2B62D6.jpeg?resize=300%2C209&amp;ssl=1 300w, https:\/\/i0.wp.com\/www.ofkbrdo.com\/Wordpress\/wp-content\/uploads\/2022\/08\/E2E824EA-52EB-4D16-B4DE-5EA83A2B62D6.jpeg?resize=768%2C535&amp;ssl=1 768w, https:\/\/i0.wp.com\/www.ofkbrdo.com\/Wordpress\/wp-content\/uploads\/2022\/08\/E2E824EA-52EB-4D16-B4DE-5EA83A2B62D6.jpeg?resize=128%2C89&amp;ssl=1 128w, https:\/\/i0.wp.com\/www.ofkbrdo.com\/Wordpress\/wp-content\/uploads\/2022\/08\/E2E824EA-52EB-4D16-B4DE-5EA83A2B62D6.jpeg?resize=32%2C22&amp;ssl=1 32w\" sizes=\"(max-width: 640px) 100vw, 640px\" \/>Trener prof. Dino Sikiri\u0107 je prije treninga detaljno upoznao fudbalske nade i njihove roditelje \u0161ta ih o\u010dekuje u \u0160koli fudbala &#8220;OFK BRDO&#8221;.<\/p>\n<p><img data-recalc-dims=\"1\" decoding=\"async\" data-attachment-id=\"5641\" data-permalink=\"https:\/\/www.ofkbrdo.com\/Wordpress\/zadovoljstvo-na-pocetku-rada-skole-fudbala-ofk-brdo\/608287e7-6d5a-4111-86d7-48a0003169c5\/\" data-orig-file=\"https:\/\/i0.wp.com\/www.ofkbrdo.com\/Wordpress\/wp-content\/uploads\/2022\/08\/608287E7-6D5A-4111-86D7-48A0003169C5.jpeg?fit=1600%2C720&amp;ssl=1\" data-orig-size=\"1600,720\" data-comments-opened=\"0\" data-image-meta=\"{&quot;aperture&quot;:&quot;0&quot;,&quot;credit&quot;:&quot;&quot;,&quot;camera&quot;:&quot;&quot;,&quot;caption&quot;:&quot;&quot;,&quot;created_timestamp&quot;:&quot;0&quot;,&quot;copyright&quot;:&quot;&quot;,&quot;focal_length&quot;:&quot;0&quot;,&quot;iso&quot;:&quot;0&quot;,&quot;shutter_speed&quot;:&quot;0&quot;,&quot;title&quot;:&quot;&quot;,&quot;orientation&quot;:&quot;1&quot;}\" data-image-title=\"608287E7-6D5A-4111-86D7-48A0003169C5\" data-image-description=\"\" data-image-caption=\"\" data-large-file=\"https:\/\/i0.wp.com\/www.ofkbrdo.com\/Wordpress\/wp-content\/uploads\/2022\/08\/608287E7-6D5A-4111-86D7-48A0003169C5.jpeg?fit=640%2C288&amp;ssl=1\" class=\"aligncenter size-large wp-image-5641\" src=\"https:\/\/i0.wp.com\/www.ofkbrdo.com\/Wordpress\/wp-content\/uploads\/2022\/08\/608287E7-6D5A-4111-86D7-48A0003169C5.jpeg?resize=640%2C288&#038;ssl=1\" alt=\"\" width=\"640\" height=\"288\" srcset=\"https:\/\/i0.wp.com\/www.ofkbrdo.com\/Wordpress\/wp-content\/uploads\/2022\/08\/608287E7-6D5A-4111-86D7-48A0003169C5.jpeg?resize=1024%2C461&amp;ssl=1 1024w, https:\/\/i0.wp.com\/www.ofkbrdo.com\/Wordpress\/wp-content\/uploads\/2022\/08\/608287E7-6D5A-4111-86D7-48A0003169C5.jpeg?resize=300%2C135&amp;ssl=1 300w, https:\/\/i0.wp.com\/www.ofkbrdo.com\/Wordpress\/wp-content\/uploads\/2022\/08\/608287E7-6D5A-4111-86D7-48A0003169C5.jpeg?resize=768%2C346&amp;ssl=1 768w, https:\/\/i0.wp.com\/www.ofkbrdo.com\/Wordpress\/wp-content\/uploads\/2022\/08\/608287E7-6D5A-4111-86D7-48A0003169C5.jpeg?resize=1536%2C691&amp;ssl=1 1536w, https:\/\/i0.wp.com\/www.ofkbrdo.com\/Wordpress\/wp-content\/uploads\/2022\/08\/608287E7-6D5A-4111-86D7-48A0003169C5.jpeg?resize=128%2C58&amp;ssl=1 128w, https:\/\/i0.wp.com\/www.ofkbrdo.com\/Wordpress\/wp-content\/uploads\/2022\/08\/608287E7-6D5A-4111-86D7-48A0003169C5.jpeg?resize=32%2C14&amp;ssl=1 32w, https:\/\/i0.wp.com\/www.ofkbrdo.com\/Wordpress\/wp-content\/uploads\/2022\/08\/608287E7-6D5A-4111-86D7-48A0003169C5.jpeg?w=1600&amp;ssl=1 1600w, https:\/\/i0.wp.com\/www.ofkbrdo.com\/Wordpress\/wp-content\/uploads\/2022\/08\/608287E7-6D5A-4111-86D7-48A0003169C5.jpeg?w=1280&amp;ssl=1 1280w\" sizes=\"(max-width: 640px) 100vw, 640px\" \/>Tom prilikom je naglasio da se \u010dlanovima \u0161kole bude kvalitetni uslovi za fudbalski ali i razvoj li\u010dnosti. Dalo se primjetiti da su i roditelji bili zadovoljni pa\u017enjom koja je do\u010dekala i ispratila njihovu djecu s Vedrog polja.<\/p>\n<p><img data-recalc-dims=\"1\" loading=\"lazy\" decoding=\"async\" data-attachment-id=\"5642\" data-permalink=\"https:\/\/www.ofkbrdo.com\/Wordpress\/zadovoljstvo-na-pocetku-rada-skole-fudbala-ofk-brdo\/4fdf188c-a36d-4ba0-979c-ee0180f940b9\/\" data-orig-file=\"https:\/\/i0.wp.com\/www.ofkbrdo.com\/Wordpress\/wp-content\/uploads\/2022\/08\/4FDF188C-A36D-4BA0-979C-EE0180F940B9.jpeg?fit=1600%2C720&amp;ssl=1\" data-orig-size=\"1600,720\" data-comments-opened=\"0\" data-image-meta=\"{&quot;aperture&quot;:&quot;0&quot;,&quot;credit&quot;:&quot;&quot;,&quot;camera&quot;:&quot;&quot;,&quot;caption&quot;:&quot;&quot;,&quot;created_timestamp&quot;:&quot;0&quot;,&quot;copyright&quot;:&quot;&quot;,&quot;focal_length&quot;:&quot;0&quot;,&quot;iso&quot;:&quot;0&quot;,&quot;shutter_speed&quot;:&quot;0&quot;,&quot;title&quot;:&quot;&quot;,&quot;orientation&quot;:&quot;1&quot;}\" data-image-title=\"4FDF188C-A36D-4BA0-979C-EE0180F940B9\" data-image-description=\"\" data-image-caption=\"\" data-large-file=\"https:\/\/i0.wp.com\/www.ofkbrdo.com\/Wordpress\/wp-content\/uploads\/2022\/08\/4FDF188C-A36D-4BA0-979C-EE0180F940B9.jpeg?fit=640%2C288&amp;ssl=1\" class=\"aligncenter size-large wp-image-5642\" src=\"https:\/\/i0.wp.com\/www.ofkbrdo.com\/Wordpress\/wp-content\/uploads\/2022\/08\/4FDF188C-A36D-4BA0-979C-EE0180F940B9-1024x461.jpeg?resize=640%2C288&#038;ssl=1\" alt=\"\" width=\"640\" height=\"288\" srcset=\"https:\/\/i0.wp.com\/www.ofkbrdo.com\/Wordpress\/wp-content\/uploads\/2022\/08\/4FDF188C-A36D-4BA0-979C-EE0180F940B9.jpeg?resize=1024%2C461&amp;ssl=1 1024w, https:\/\/i0.wp.com\/www.ofkbrdo.com\/Wordpress\/wp-content\/uploads\/2022\/08\/4FDF188C-A36D-4BA0-979C-EE0180F940B9.jpeg?resize=300%2C135&amp;ssl=1 300w, https:\/\/i0.wp.com\/www.ofkbrdo.com\/Wordpress\/wp-content\/uploads\/2022\/08\/4FDF188C-A36D-4BA0-979C-EE0180F940B9.jpeg?resize=768%2C346&amp;ssl=1 768w, https:\/\/i0.wp.com\/www.ofkbrdo.com\/Wordpress\/wp-content\/uploads\/2022\/08\/4FDF188C-A36D-4BA0-979C-EE0180F940B9.jpeg?resize=1536%2C691&amp;ssl=1 1536w, https:\/\/i0.wp.com\/www.ofkbrdo.com\/Wordpress\/wp-content\/uploads\/2022\/08\/4FDF188C-A36D-4BA0-979C-EE0180F940B9.jpeg?resize=128%2C58&amp;ssl=1 128w, https:\/\/i0.wp.com\/www.ofkbrdo.com\/Wordpress\/wp-content\/uploads\/2022\/08\/4FDF188C-A36D-4BA0-979C-EE0180F940B9.jpeg?resize=32%2C14&amp;ssl=1 32w, https:\/\/i0.wp.com\/www.ofkbrdo.com\/Wordpress\/wp-content\/uploads\/2022\/08\/4FDF188C-A36D-4BA0-979C-EE0180F940B9.jpeg?w=1600&amp;ssl=1 1600w, https:\/\/i0.wp.com\/www.ofkbrdo.com\/Wordpress\/wp-content\/uploads\/2022\/08\/4FDF188C-A36D-4BA0-979C-EE0180F940B9.jpeg?w=1280&amp;ssl=1 1280w\" sizes=\"(max-width: 640px) 100vw, 640px\" \/>&#8220;Ta pa\u017enja uz stru\u010dan rad, bi\u0107e okosnica njihovog razvoja, rekao je prof. Sikiri\u0107 naglasiv\u0161i da je Omladinski fudbalski klub Brdo zdrava sredina \u0161to je primjetila i fudbalska javnost u Prijedoru.<\/p>\n<p><img data-recalc-dims=\"1\" loading=\"lazy\" decoding=\"async\" data-attachment-id=\"5643\" data-permalink=\"https:\/\/www.ofkbrdo.com\/Wordpress\/zadovoljstvo-na-pocetku-rada-skole-fudbala-ofk-brdo\/93af0a78-8dab-4721-a1e1-8830929085ef\/\" data-orig-file=\"https:\/\/i0.wp.com\/www.ofkbrdo.com\/Wordpress\/wp-content\/uploads\/2022\/08\/93AF0A78-8DAB-4721-A1E1-8830929085EF.jpeg?fit=1600%2C738&amp;ssl=1\" data-orig-size=\"1600,738\" data-comments-opened=\"0\" data-image-meta=\"{&quot;aperture&quot;:&quot;0&quot;,&quot;credit&quot;:&quot;&quot;,&quot;camera&quot;:&quot;&quot;,&quot;caption&quot;:&quot;&quot;,&quot;created_timestamp&quot;:&quot;0&quot;,&quot;copyright&quot;:&quot;&quot;,&quot;focal_length&quot;:&quot;0&quot;,&quot;iso&quot;:&quot;0&quot;,&quot;shutter_speed&quot;:&quot;0&quot;,&quot;title&quot;:&quot;&quot;,&quot;orientation&quot;:&quot;1&quot;}\" data-image-title=\"93AF0A78-8DAB-4721-A1E1-8830929085EF\" data-image-description=\"\" data-image-caption=\"\" data-large-file=\"https:\/\/i0.wp.com\/www.ofkbrdo.com\/Wordpress\/wp-content\/uploads\/2022\/08\/93AF0A78-8DAB-4721-A1E1-8830929085EF.jpeg?fit=640%2C295&amp;ssl=1\" class=\"aligncenter size-large wp-image-5643\" src=\"https:\/\/i0.wp.com\/www.ofkbrdo.com\/Wordpress\/wp-content\/uploads\/2022\/08\/93AF0A78-8DAB-4721-A1E1-8830929085EF.jpeg?resize=640%2C295&#038;ssl=1\" alt=\"\" width=\"640\" height=\"295\" srcset=\"https:\/\/i0.wp.com\/www.ofkbrdo.com\/Wordpress\/wp-content\/uploads\/2022\/08\/93AF0A78-8DAB-4721-A1E1-8830929085EF.jpeg?resize=1024%2C472&amp;ssl=1 1024w, https:\/\/i0.wp.com\/www.ofkbrdo.com\/Wordpress\/wp-content\/uploads\/2022\/08\/93AF0A78-8DAB-4721-A1E1-8830929085EF.jpeg?resize=300%2C138&amp;ssl=1 300w, https:\/\/i0.wp.com\/www.ofkbrdo.com\/Wordpress\/wp-content\/uploads\/2022\/08\/93AF0A78-8DAB-4721-A1E1-8830929085EF.jpeg?resize=768%2C354&amp;ssl=1 768w, https:\/\/i0.wp.com\/www.ofkbrdo.com\/Wordpress\/wp-content\/uploads\/2022\/08\/93AF0A78-8DAB-4721-A1E1-8830929085EF.jpeg?resize=1536%2C708&amp;ssl=1 1536w, https:\/\/i0.wp.com\/www.ofkbrdo.com\/Wordpress\/wp-content\/uploads\/2022\/08\/93AF0A78-8DAB-4721-A1E1-8830929085EF.jpeg?resize=128%2C59&amp;ssl=1 128w, https:\/\/i0.wp.com\/www.ofkbrdo.com\/Wordpress\/wp-content\/uploads\/2022\/08\/93AF0A78-8DAB-4721-A1E1-8830929085EF.jpeg?resize=32%2C15&amp;ssl=1 32w, https:\/\/i0.wp.com\/www.ofkbrdo.com\/Wordpress\/wp-content\/uploads\/2022\/08\/93AF0A78-8DAB-4721-A1E1-8830929085EF.jpeg?w=1600&amp;ssl=1 1600w, https:\/\/i0.wp.com\/www.ofkbrdo.com\/Wordpress\/wp-content\/uploads\/2022\/08\/93AF0A78-8DAB-4721-A1E1-8830929085EF.jpeg?w=1280&amp;ssl=1 1280w\" sizes=\"(max-width: 640px) 100vw, 640px\" \/>Treninzi su tri puta sedmi\u010dno i prostora ima dovoljno za sve dje\u010dake i djevoj\u010dice koji \u017eele da usvajaju fudbalskog znanje i dru\u017ee se u okru\u017eenju ispunjenom pa\u017enjom i razumijevanjem.<\/p>\n<p><img data-recalc-dims=\"1\" loading=\"lazy\" decoding=\"async\" data-attachment-id=\"5647\" data-permalink=\"https:\/\/www.ofkbrdo.com\/Wordpress\/zadovoljstvo-na-pocetku-rada-skole-fudbala-ofk-brdo\/ae81a187-dd6e-4f02-8168-b034d513f9e3\/\" data-orig-file=\"https:\/\/i0.wp.com\/www.ofkbrdo.com\/Wordpress\/wp-content\/uploads\/2022\/08\/AE81A187-DD6E-4F02-8168-B034D513F9E3.jpeg?fit=1600%2C720&amp;ssl=1\" data-orig-size=\"1600,720\" data-comments-opened=\"0\" data-image-meta=\"{&quot;aperture&quot;:&quot;0&quot;,&quot;credit&quot;:&quot;&quot;,&quot;camera&quot;:&quot;&quot;,&quot;caption&quot;:&quot;&quot;,&quot;created_timestamp&quot;:&quot;0&quot;,&quot;copyright&quot;:&quot;&quot;,&quot;focal_length&quot;:&quot;0&quot;,&quot;iso&quot;:&quot;0&quot;,&quot;shutter_speed&quot;:&quot;0&quot;,&quot;title&quot;:&quot;&quot;,&quot;orientation&quot;:&quot;1&quot;}\" data-image-title=\"AE81A187-DD6E-4F02-8168-B034D513F9E3\" data-image-description=\"\" data-image-caption=\"\" data-large-file=\"https:\/\/i0.wp.com\/www.ofkbrdo.com\/Wordpress\/wp-content\/uploads\/2022\/08\/AE81A187-DD6E-4F02-8168-B034D513F9E3.jpeg?fit=640%2C288&amp;ssl=1\" class=\"aligncenter size-large wp-image-5647\" src=\"https:\/\/i0.wp.com\/www.ofkbrdo.com\/Wordpress\/wp-content\/uploads\/2022\/08\/AE81A187-DD6E-4F02-8168-B034D513F9E3.jpeg?resize=640%2C288&#038;ssl=1\" alt=\"\" width=\"640\" height=\"288\" srcset=\"https:\/\/i0.wp.com\/www.ofkbrdo.com\/Wordpress\/wp-content\/uploads\/2022\/08\/AE81A187-DD6E-4F02-8168-B034D513F9E3.jpeg?resize=1024%2C461&amp;ssl=1 1024w, https:\/\/i0.wp.com\/www.ofkbrdo.com\/Wordpress\/wp-content\/uploads\/2022\/08\/AE81A187-DD6E-4F02-8168-B034D513F9E3.jpeg?resize=300%2C135&amp;ssl=1 300w, https:\/\/i0.wp.com\/www.ofkbrdo.com\/Wordpress\/wp-content\/uploads\/2022\/08\/AE81A187-DD6E-4F02-8168-B034D513F9E3.jpeg?resize=768%2C346&amp;ssl=1 768w, https:\/\/i0.wp.com\/www.ofkbrdo.com\/Wordpress\/wp-content\/uploads\/2022\/08\/AE81A187-DD6E-4F02-8168-B034D513F9E3.jpeg?resize=1536%2C691&amp;ssl=1 1536w, https:\/\/i0.wp.com\/www.ofkbrdo.com\/Wordpress\/wp-content\/uploads\/2022\/08\/AE81A187-DD6E-4F02-8168-B034D513F9E3.jpeg?resize=128%2C58&amp;ssl=1 128w, https:\/\/i0.wp.com\/www.ofkbrdo.com\/Wordpress\/wp-content\/uploads\/2022\/08\/AE81A187-DD6E-4F02-8168-B034D513F9E3.jpeg?resize=32%2C14&amp;ssl=1 32w, https:\/\/i0.wp.com\/www.ofkbrdo.com\/Wordpress\/wp-content\/uploads\/2022\/08\/AE81A187-DD6E-4F02-8168-B034D513F9E3.jpeg?w=1600&amp;ssl=1 1600w, https:\/\/i0.wp.com\/www.ofkbrdo.com\/Wordpress\/wp-content\/uploads\/2022\/08\/AE81A187-DD6E-4F02-8168-B034D513F9E3.jpeg?w=1280&amp;ssl=1 1280w\" sizes=\"(max-width: 640px) 100vw, 640px\" \/><\/p>\n<p>Jo\u0161 slika sa prvog treninga mo\u017eete pogledati u na\u0161em foto albumu na klupskom Facebook profilu.<\/p>\n","protected":false},"excerpt":{"rendered":"<p>S nestrpljenjem smo o\u010dekivali dana\u0161nji po\u010detak rada, \u0160kole fudbala &#8220;OFK BRDO&#8221;. Odmah \u017eelimo naglasiti da je na\u0161 dogovor s mladim fudbalerima i njihovim roditeljima i prvi trening, protekao u najboljem redu. Da, zadovoljni smo jer smo vidjeli na na\u0161em Vedrom polju 18 fudbalskih nada i vi\u0161e je nego jasno da \u0107e taj broj rasti. Trener [&hellip;]<\/p>\n","protected":false},"author":1,"featured_media":5644,"comment_status":"closed","ping_status":"closed","sticky":false,"template":"","format":"standard","meta":{"ngg_post_thumbnail":0,"_jetpack_memberships_contains_paid_content":false,"footnotes":"","jetpack_publicize_message":"","jetpack_publicize_feature_enabled":true,"jetpack_social_post_already_shared":false,"jetpack_social_options":{"image_generator_settings":{"template":"highway","default_image_id":0,"font":"","enabled":false},"version":2}},"categories":[212,1],"tags":[],"class_list":["post-5638","post","type-post","status-publish","format-standard","has-post-thumbnail","hentry","category-skola-fudbala-ofk-brdo","category-vijesti"],"jetpack_publicize_connections":[],"jetpack_featured_media_url":"https:\/\/i0.wp.com\/www.ofkbrdo.com\/Wordpress\/wp-content\/uploads\/2022\/08\/DE6D5D75-7BFA-4B37-851E-5DF86A3EF63C.jpeg?fit=968%2C648&ssl=1","jetpack_sharing_enabled":true,"jetpack_likes_enabled":true,"jetpack_shortlink":"https:\/\/wp.me\/pevKtx-1sW","jetpack-related-posts":[{"id":5582,"url":"https:\/\/www.ofkbrdo.com\/Wordpress\/skola-fudbala-ofk-brdo-2\/","url_meta":{"origin":5638,"position":0},"title":"\u0160KOLA FUDBALA \u201cOFK BRDO\u201d","author":"admin","date":"2. August 2022","format":false,"excerpt":"Sigurni smo da \u0107e vas jako obradovati ova informacija. Nakon \u0161to smo razradili ovaj projekat u prilici smo da vam najavimo po\u010detak rada \u0160kole fudbala \"OFK BRDO\". Kada je rije\u010d o uslovima koje nudimo fudbalskom nadama, razmi\u0161ljali smo da im ponudimo kvalitetne uslove i licenciranog trenera koji u Prijedoru u\u017eiva\u2026","rel":"","context":"In &quot;\u0160kola fudbala OFK Brdo&quot;","block_context":{"text":"\u0160kola fudbala OFK Brdo","link":"https:\/\/www.ofkbrdo.com\/Wordpress\/skola-fudbala-ofk-brdo\/"},"img":{"alt_text":"","src":"https:\/\/i0.wp.com\/www.ofkbrdo.com\/Wordpress\/wp-content\/uploads\/2022\/08\/26FCA484-B6D3-4CF7-8CAD-4B121A1D5090.jpeg?fit=1150%2C1009&ssl=1&resize=350%2C200","width":350,"height":200,"srcset":"https:\/\/i0.wp.com\/www.ofkbrdo.com\/Wordpress\/wp-content\/uploads\/2022\/08\/26FCA484-B6D3-4CF7-8CAD-4B121A1D5090.jpeg?fit=1150%2C1009&ssl=1&resize=350%2C200 1x, https:\/\/i0.wp.com\/www.ofkbrdo.com\/Wordpress\/wp-content\/uploads\/2022\/08\/26FCA484-B6D3-4CF7-8CAD-4B121A1D5090.jpeg?fit=1150%2C1009&ssl=1&resize=525%2C300 1.5x, https:\/\/i0.wp.com\/www.ofkbrdo.com\/Wordpress\/wp-content\/uploads\/2022\/08\/26FCA484-B6D3-4CF7-8CAD-4B121A1D5090.jpeg?fit=1150%2C1009&ssl=1&resize=700%2C400 2x, https:\/\/i0.wp.com\/www.ofkbrdo.com\/Wordpress\/wp-content\/uploads\/2022\/08\/26FCA484-B6D3-4CF7-8CAD-4B121A1D5090.jpeg?fit=1150%2C1009&ssl=1&resize=1050%2C600 3x"},"classes":[]},{"id":5708,"url":"https:\/\/www.ofkbrdo.com\/Wordpress\/porasla-skola-fudbala-ofk-brdo\/","url_meta":{"origin":5638,"position":1},"title":"PORASLA \u0160KOLA FUDBALA \u201cOFK BRDO\u201d","author":"admin","date":"15. August 2022","format":false,"excerpt":"Samo nekoliko treninga je bilo potrebno da nam \"poraste\" \u0160kola fudbala \"OFK Brdo\". Moramo ponosni konstatirati kako nas ova \u010dinjenica jako raduje, ali i da smo to o\u010dekivali. Ulo\u017eili smo maksimalne napore kako bi mladi fudbaleri, uzimaju\u0107i u obzir i one koji su na po\u010detku fudbalske abecede, imali optimalne uslove\u2026","rel":"","context":"In &quot;\u0160kola fudbala OFK Brdo&quot;","block_context":{"text":"\u0160kola fudbala OFK Brdo","link":"https:\/\/www.ofkbrdo.com\/Wordpress\/skola-fudbala-ofk-brdo\/"},"img":{"alt_text":"","src":"https:\/\/i0.wp.com\/www.ofkbrdo.com\/Wordpress\/wp-content\/uploads\/2022\/08\/BF036090-A99B-44C4-A946-CA353003EFF4.jpeg?fit=1200%2C862&ssl=1&resize=350%2C200","width":350,"height":200,"srcset":"https:\/\/i0.wp.com\/www.ofkbrdo.com\/Wordpress\/wp-content\/uploads\/2022\/08\/BF036090-A99B-44C4-A946-CA353003EFF4.jpeg?fit=1200%2C862&ssl=1&resize=350%2C200 1x, https:\/\/i0.wp.com\/www.ofkbrdo.com\/Wordpress\/wp-content\/uploads\/2022\/08\/BF036090-A99B-44C4-A946-CA353003EFF4.jpeg?fit=1200%2C862&ssl=1&resize=525%2C300 1.5x, https:\/\/i0.wp.com\/www.ofkbrdo.com\/Wordpress\/wp-content\/uploads\/2022\/08\/BF036090-A99B-44C4-A946-CA353003EFF4.jpeg?fit=1200%2C862&ssl=1&resize=700%2C400 2x, https:\/\/i0.wp.com\/www.ofkbrdo.com\/Wordpress\/wp-content\/uploads\/2022\/08\/BF036090-A99B-44C4-A946-CA353003EFF4.jpeg?fit=1200%2C862&ssl=1&resize=1050%2C600 3x"},"classes":[]},{"id":5759,"url":"https:\/\/www.ofkbrdo.com\/Wordpress\/gril-za-clanove-skole-fudbala-ofk-brdo\/","url_meta":{"origin":5638,"position":2},"title":"GRIL ZA \u010cLANOVE \u0160KOLE FUDBALA \u201eOFK BRDO\u201c","author":"admin","date":"24. August 2022","format":false,"excerpt":"Fudbal se igra zbog golova, bodova, navija\u010da,klupske historije,... Me\u0111utim, na vrijeme treba nau\u010diti da najva\u017enija sporedna stvar na svijetu pru\u017ea veliku priliku za prijateljstvo i izgradnju kompletne li\u010dnosti. U \u0160koli fudbala \u201eOFK BRDO\u201c sublimirali smo sve ove aspekte i kroz fudbal \u017eelimo pokazati da su nam djevoj\u010dice i dje\u010daci bitni\u2026","rel":"","context":"In &quot;Dru\u017eenje&quot;","block_context":{"text":"Dru\u017eenje","link":"https:\/\/www.ofkbrdo.com\/Wordpress\/druzenje\/"},"img":{"alt_text":"","src":"https:\/\/i0.wp.com\/www.ofkbrdo.com\/Wordpress\/wp-content\/uploads\/2022\/08\/5F418327-F6E3-426B-A535-A333122DD916.jpeg?fit=1200%2C803&ssl=1&resize=350%2C200","width":350,"height":200,"srcset":"https:\/\/i0.wp.com\/www.ofkbrdo.com\/Wordpress\/wp-content\/uploads\/2022\/08\/5F418327-F6E3-426B-A535-A333122DD916.jpeg?fit=1200%2C803&ssl=1&resize=350%2C200 1x, https:\/\/i0.wp.com\/www.ofkbrdo.com\/Wordpress\/wp-content\/uploads\/2022\/08\/5F418327-F6E3-426B-A535-A333122DD916.jpeg?fit=1200%2C803&ssl=1&resize=525%2C300 1.5x, https:\/\/i0.wp.com\/www.ofkbrdo.com\/Wordpress\/wp-content\/uploads\/2022\/08\/5F418327-F6E3-426B-A535-A333122DD916.jpeg?fit=1200%2C803&ssl=1&resize=700%2C400 2x, https:\/\/i0.wp.com\/www.ofkbrdo.com\/Wordpress\/wp-content\/uploads\/2022\/08\/5F418327-F6E3-426B-A535-A333122DD916.jpeg?fit=1200%2C803&ssl=1&resize=1050%2C600 3x"},"classes":[]},{"id":9140,"url":"https:\/\/www.ofkbrdo.com\/Wordpress\/zavrsena-sezona-24-25-u-skoli-fudbala-ofk-brdo-%e2%9a%bd%ef%b8%8f\/","url_meta":{"origin":5638,"position":3},"title":"Zavr\u0161ena sezona 24\/25 u \u0161koli fudbala OFK Brdo! \u26bd\ufe0f","author":"admin","date":"1. July 2025","format":false,"excerpt":"Sa dana\u0161njim treningom i zajedni\u010dkom ve\u010derom za na\u0161u djecu, zvani\u010dno smo zavr\u0161ili sezonu 2024\/2025 u \u0161koli fudbala OFK Brdo. Bila je to sezona puna rada, igre, napretka i osmijeha \u2013 ponosni smo na sve na\u0161e mali\u0161ane i zahvalni roditeljima na podr\u0161ci! Sada slijedi zaslu\u017eena pauza u trajanju od mjesec dana,\u2026","rel":"","context":"In &quot;\u0160kola fudbala OFK Brdo&quot;","block_context":{"text":"\u0160kola fudbala OFK Brdo","link":"https:\/\/www.ofkbrdo.com\/Wordpress\/skola-fudbala-ofk-brdo\/"},"img":{"alt_text":"","src":"https:\/\/i0.wp.com\/www.ofkbrdo.com\/Wordpress\/wp-content\/uploads\/2025\/07\/att._ga4f6LeOz4gF654wWnfqm2TrzjTxs4VEBYc-VsoV0o.jpeg?fit=1200%2C790&ssl=1&resize=350%2C200","width":350,"height":200,"srcset":"https:\/\/i0.wp.com\/www.ofkbrdo.com\/Wordpress\/wp-content\/uploads\/2025\/07\/att._ga4f6LeOz4gF654wWnfqm2TrzjTxs4VEBYc-VsoV0o.jpeg?fit=1200%2C790&ssl=1&resize=350%2C200 1x, https:\/\/i0.wp.com\/www.ofkbrdo.com\/Wordpress\/wp-content\/uploads\/2025\/07\/att._ga4f6LeOz4gF654wWnfqm2TrzjTxs4VEBYc-VsoV0o.jpeg?fit=1200%2C790&ssl=1&resize=525%2C300 1.5x, https:\/\/i0.wp.com\/www.ofkbrdo.com\/Wordpress\/wp-content\/uploads\/2025\/07\/att._ga4f6LeOz4gF654wWnfqm2TrzjTxs4VEBYc-VsoV0o.jpeg?fit=1200%2C790&ssl=1&resize=700%2C400 2x, https:\/\/i0.wp.com\/www.ofkbrdo.com\/Wordpress\/wp-content\/uploads\/2025\/07\/att._ga4f6LeOz4gF654wWnfqm2TrzjTxs4VEBYc-VsoV0o.jpeg?fit=1200%2C790&ssl=1&resize=1050%2C600 3x"},"classes":[]},{"id":5745,"url":"https:\/\/www.ofkbrdo.com\/Wordpress\/skola-fudbala-ofk-brdo-na-pravom-putu\/","url_meta":{"origin":5638,"position":4},"title":"\u0160KOLA FUDBALA \u201cOFK BRDO\u201d NA PRAVOM PUTU","author":"admin","date":"22. August 2022","format":false,"excerpt":"Prva iskustva kada je rije\u010d o \u0160koli fudbala \u201cOFK BRDO\u201d veoma su povoljna i vi\u0161e smo nego sigurni da je ovo projekat koji \u0107e jo\u0161 vi\u0161e poja\u010dati ugled na\u0161eg kluba. Zbog \u010dega smo ovako sigurni da idemo pravim putem kada je rije\u010d o veoma zahtjevnom radu s mladim fudbalerima? Zato\u2026","rel":"","context":"In &quot;\u0160kola fudbala OFK Brdo&quot;","block_context":{"text":"\u0160kola fudbala OFK Brdo","link":"https:\/\/www.ofkbrdo.com\/Wordpress\/skola-fudbala-ofk-brdo\/"},"img":{"alt_text":"","src":"https:\/\/i0.wp.com\/www.ofkbrdo.com\/Wordpress\/wp-content\/uploads\/2022\/08\/CD82DA5E-8F2E-4147-A378-E700381339F3.jpeg?fit=1200%2C900&ssl=1&resize=350%2C200","width":350,"height":200,"srcset":"https:\/\/i0.wp.com\/www.ofkbrdo.com\/Wordpress\/wp-content\/uploads\/2022\/08\/CD82DA5E-8F2E-4147-A378-E700381339F3.jpeg?fit=1200%2C900&ssl=1&resize=350%2C200 1x, https:\/\/i0.wp.com\/www.ofkbrdo.com\/Wordpress\/wp-content\/uploads\/2022\/08\/CD82DA5E-8F2E-4147-A378-E700381339F3.jpeg?fit=1200%2C900&ssl=1&resize=525%2C300 1.5x, https:\/\/i0.wp.com\/www.ofkbrdo.com\/Wordpress\/wp-content\/uploads\/2022\/08\/CD82DA5E-8F2E-4147-A378-E700381339F3.jpeg?fit=1200%2C900&ssl=1&resize=700%2C400 2x, https:\/\/i0.wp.com\/www.ofkbrdo.com\/Wordpress\/wp-content\/uploads\/2022\/08\/CD82DA5E-8F2E-4147-A378-E700381339F3.jpeg?fit=1200%2C900&ssl=1&resize=1050%2C600 3x"},"classes":[]},{"id":9291,"url":"https:\/\/www.ofkbrdo.com\/Wordpress\/ofk-brdo-skola-fudbala-nastavlja-s-radom\/","url_meta":{"origin":5638,"position":5},"title":"OFK BRDO \u2013 \u0160kola fudbala nastavlja s radom","author":"admin","date":"17. August 2025","format":false,"excerpt":"Dragi roditelji i mali\u0161ani, Nakon ljetne pauze, \u0161kola fudbala OFK Brdo danas je ponovo po\u010dela s treninzima! Pauzu smo malo produ\u017eili zbog velikih vru\u0107ina, ali sada smo spremni za nove pobjede i sportske izazove! Na dana\u0161njem treningu prisustvovalo je 18 dje\u010daka iz kategorija:Cicibani, Pjetli\u0107i i Predpioniri. Ve\u0107 od ponedjeljka (u\u2026","rel":"","context":"In &quot;\u0160kola fudbala OFK Brdo&quot;","block_context":{"text":"\u0160kola fudbala OFK Brdo","link":"https:\/\/www.ofkbrdo.com\/Wordpress\/skola-fudbala-ofk-brdo\/"},"img":{"alt_text":"","src":"https:\/\/i0.wp.com\/www.ofkbrdo.com\/Wordpress\/wp-content\/uploads\/2025\/08\/att.yZ0sENHCkM1gdwdHl1bpJGrzvZ0jSKOJlWNs44NqTpI.jpeg?fit=1200%2C822&ssl=1&resize=350%2C200","width":350,"height":200,"srcset":"https:\/\/i0.wp.com\/www.ofkbrdo.com\/Wordpress\/wp-content\/uploads\/2025\/08\/att.yZ0sENHCkM1gdwdHl1bpJGrzvZ0jSKOJlWNs44NqTpI.jpeg?fit=1200%2C822&ssl=1&resize=350%2C200 1x, https:\/\/i0.wp.com\/www.ofkbrdo.com\/Wordpress\/wp-content\/uploads\/2025\/08\/att.yZ0sENHCkM1gdwdHl1bpJGrzvZ0jSKOJlWNs44NqTpI.jpeg?fit=1200%2C822&ssl=1&resize=525%2C300 1.5x, https:\/\/i0.wp.com\/www.ofkbrdo.com\/Wordpress\/wp-content\/uploads\/2025\/08\/att.yZ0sENHCkM1gdwdHl1bpJGrzvZ0jSKOJlWNs44NqTpI.jpeg?fit=1200%2C822&ssl=1&resize=700%2C400 2x, https:\/\/i0.wp.com\/www.ofkbrdo.com\/Wordpress\/wp-content\/uploads\/2025\/08\/att.yZ0sENHCkM1gdwdHl1bpJGrzvZ0jSKOJlWNs44NqTpI.jpeg?fit=1200%2C822&ssl=1&resize=1050%2C600 3x"},"classes":[]}],"_links":{"self":[{"href":"https:\/\/www.ofkbrdo.com\/Wordpress\/wp-json\/wp\/v2\/posts\/5638","targetHints":{"allow":["GET"]}}],"collection":[{"href":"https:\/\/www.ofkbrdo.com\/Wordpress\/wp-json\/wp\/v2\/posts"}],"about":[{"href":"https:\/\/www.ofkbrdo.com\/Wordpress\/wp-json\/wp\/v2\/types\/post"}],"author":[{"embeddable":true,"href":"https:\/\/www.ofkbrdo.com\/Wordpress\/wp-json\/wp\/v2\/users\/1"}],"replies":[{"embeddable":true,"href":"https:\/\/www.ofkbrdo.com\/Wordpress\/wp-json\/wp\/v2\/comments?post=5638"}],"version-history":[{"count":0,"href":"https:\/\/www.ofkbrdo.com\/Wordpress\/wp-json\/wp\/v2\/posts\/5638\/revisions"}],"wp:featuredmedia":[{"embeddable":true,"href":"https:\/\/www.ofkbrdo.com\/Wordpress\/wp-json\/wp\/v2\/media\/5644"}],"wp:attachment":[{"href":"https:\/\/www.ofkbrdo.com\/Wordpress\/wp-json\/wp\/v2\/media?parent=5638"}],"wp:term":[{"taxonomy":"category","embeddable":true,"href":"https:\/\/www.ofkbrdo.com\/Wordpress\/wp-json\/wp\/v2\/categories?post=5638"},{"taxonomy":"post_tag","embeddable":true,"href":"https:\/\/www.ofkbrdo.com\/Wordpress\/wp-json\/wp\/v2\/tags?post=5638"}],"curies":[{"name":"wp","href":"https:\/\/api.w.org\/{rel}","templated":true}]}}