{"id":6003,"date":"2022-10-05T21:33:35","date_gmt":"2022-10-05T19:33:35","guid":{"rendered":"https:\/\/www.ofkbrdo.com\/Wordpress\/?p=6003"},"modified":"2022-10-05T21:33:35","modified_gmt":"2022-10-05T19:33:35","slug":"produzen-spisak-clanova-kluba-koji-zivot-znaci","status":"publish","type":"post","link":"https:\/\/www.ofkbrdo.com\/Wordpress\/produzen-spisak-clanova-kluba-koji-zivot-znaci\/","title":{"rendered":"PRODU\u017dEN SPISAK \u010cLANOVA KLUBA KOJI \u017dIVOT ZNA\u010cI"},"content":{"rendered":"<p>Auto servis Jasmin Pula i ove godine je s nama. Vlasnik ove forme Jasmin Bajri\u0107 izdvojio je 100 KM, te se i ove godine na\u0161ao me\u0111u \u010dlanovima Omladinskog fudbalskog kluba Brdo.<\/p>\n<p><img data-recalc-dims=\"1\" fetchpriority=\"high\" decoding=\"async\" data-attachment-id=\"6005\" data-permalink=\"https:\/\/www.ofkbrdo.com\/Wordpress\/produzen-spisak-clanova-kluba-koji-zivot-znaci\/19c93486-293a-4fb2-bfd4-1f5d807f073b\/\" data-orig-file=\"https:\/\/i0.wp.com\/www.ofkbrdo.com\/Wordpress\/wp-content\/uploads\/2022\/10\/19C93486-293A-4FB2-BFD4-1F5D807F073B.jpeg?fit=1580%2C1198&amp;ssl=1\" data-orig-size=\"1580,1198\" data-comments-opened=\"0\" data-image-meta=\"{&quot;aperture&quot;:&quot;0&quot;,&quot;credit&quot;:&quot;&quot;,&quot;camera&quot;:&quot;&quot;,&quot;caption&quot;:&quot;&quot;,&quot;created_timestamp&quot;:&quot;0&quot;,&quot;copyright&quot;:&quot;&quot;,&quot;focal_length&quot;:&quot;0&quot;,&quot;iso&quot;:&quot;0&quot;,&quot;shutter_speed&quot;:&quot;0&quot;,&quot;title&quot;:&quot;&quot;,&quot;orientation&quot;:&quot;1&quot;}\" data-image-title=\"19C93486-293A-4FB2-BFD4-1F5D807F073B\" data-image-description=\"\" data-image-caption=\"\" data-large-file=\"https:\/\/i0.wp.com\/www.ofkbrdo.com\/Wordpress\/wp-content\/uploads\/2022\/10\/19C93486-293A-4FB2-BFD4-1F5D807F073B.jpeg?fit=640%2C485&amp;ssl=1\" class=\"aligncenter size-full wp-image-6005\" src=\"https:\/\/i0.wp.com\/www.ofkbrdo.com\/Wordpress\/wp-content\/uploads\/2022\/10\/19C93486-293A-4FB2-BFD4-1F5D807F073B.jpeg?resize=640%2C485&#038;ssl=1\" alt=\"\" width=\"640\" height=\"485\" srcset=\"https:\/\/i0.wp.com\/www.ofkbrdo.com\/Wordpress\/wp-content\/uploads\/2022\/10\/19C93486-293A-4FB2-BFD4-1F5D807F073B.jpeg?w=1580&amp;ssl=1 1580w, https:\/\/i0.wp.com\/www.ofkbrdo.com\/Wordpress\/wp-content\/uploads\/2022\/10\/19C93486-293A-4FB2-BFD4-1F5D807F073B.jpeg?resize=300%2C227&amp;ssl=1 300w, https:\/\/i0.wp.com\/www.ofkbrdo.com\/Wordpress\/wp-content\/uploads\/2022\/10\/19C93486-293A-4FB2-BFD4-1F5D807F073B.jpeg?resize=1024%2C776&amp;ssl=1 1024w, https:\/\/i0.wp.com\/www.ofkbrdo.com\/Wordpress\/wp-content\/uploads\/2022\/10\/19C93486-293A-4FB2-BFD4-1F5D807F073B.jpeg?resize=768%2C582&amp;ssl=1 768w, https:\/\/i0.wp.com\/www.ofkbrdo.com\/Wordpress\/wp-content\/uploads\/2022\/10\/19C93486-293A-4FB2-BFD4-1F5D807F073B.jpeg?resize=1536%2C1165&amp;ssl=1 1536w, https:\/\/i0.wp.com\/www.ofkbrdo.com\/Wordpress\/wp-content\/uploads\/2022\/10\/19C93486-293A-4FB2-BFD4-1F5D807F073B.jpeg?resize=128%2C97&amp;ssl=1 128w, https:\/\/i0.wp.com\/www.ofkbrdo.com\/Wordpress\/wp-content\/uploads\/2022\/10\/19C93486-293A-4FB2-BFD4-1F5D807F073B.jpeg?resize=32%2C24&amp;ssl=1 32w, https:\/\/i0.wp.com\/www.ofkbrdo.com\/Wordpress\/wp-content\/uploads\/2022\/10\/19C93486-293A-4FB2-BFD4-1F5D807F073B.jpeg?w=1280&amp;ssl=1 1280w\" sizes=\"(max-width: 640px) 100vw, 640px\" \/><\/p>\n<p>Sigurno ste primijetili da utakmice Brda koje u\u017eivo prenosimo, redovno prati Samir Dedi\u0107 Sam\u010do. Drago nam je \u0161to mo\u017eemo konstatovati da je sada i na\u0161 \u010dlan. Za \u010dlanarinu je izdvojio 100 KM.<\/p>\n<p><img data-recalc-dims=\"1\" decoding=\"async\" data-attachment-id=\"6006\" data-permalink=\"https:\/\/www.ofkbrdo.com\/Wordpress\/produzen-spisak-clanova-kluba-koji-zivot-znaci\/d041224c-da4f-4122-a214-8616e541a0fe\/\" data-orig-file=\"https:\/\/i0.wp.com\/www.ofkbrdo.com\/Wordpress\/wp-content\/uploads\/2022\/10\/D041224C-DA4F-4122-A214-8616E541A0FE.jpeg?fit=1333%2C841&amp;ssl=1\" data-orig-size=\"1333,841\" data-comments-opened=\"0\" data-image-meta=\"{&quot;aperture&quot;:&quot;0&quot;,&quot;credit&quot;:&quot;&quot;,&quot;camera&quot;:&quot;&quot;,&quot;caption&quot;:&quot;&quot;,&quot;created_timestamp&quot;:&quot;0&quot;,&quot;copyright&quot;:&quot;&quot;,&quot;focal_length&quot;:&quot;0&quot;,&quot;iso&quot;:&quot;0&quot;,&quot;shutter_speed&quot;:&quot;0&quot;,&quot;title&quot;:&quot;&quot;,&quot;orientation&quot;:&quot;1&quot;}\" data-image-title=\"D041224C-DA4F-4122-A214-8616E541A0FE\" data-image-description=\"\" data-image-caption=\"\" data-large-file=\"https:\/\/i0.wp.com\/www.ofkbrdo.com\/Wordpress\/wp-content\/uploads\/2022\/10\/D041224C-DA4F-4122-A214-8616E541A0FE.jpeg?fit=640%2C404&amp;ssl=1\" class=\"aligncenter size-full wp-image-6006\" src=\"https:\/\/i0.wp.com\/www.ofkbrdo.com\/Wordpress\/wp-content\/uploads\/2022\/10\/D041224C-DA4F-4122-A214-8616E541A0FE.jpeg?resize=640%2C404&#038;ssl=1\" alt=\"\" width=\"640\" height=\"404\" srcset=\"https:\/\/i0.wp.com\/www.ofkbrdo.com\/Wordpress\/wp-content\/uploads\/2022\/10\/D041224C-DA4F-4122-A214-8616E541A0FE.jpeg?w=1333&amp;ssl=1 1333w, https:\/\/i0.wp.com\/www.ofkbrdo.com\/Wordpress\/wp-content\/uploads\/2022\/10\/D041224C-DA4F-4122-A214-8616E541A0FE.jpeg?resize=300%2C189&amp;ssl=1 300w, https:\/\/i0.wp.com\/www.ofkbrdo.com\/Wordpress\/wp-content\/uploads\/2022\/10\/D041224C-DA4F-4122-A214-8616E541A0FE.jpeg?resize=1024%2C646&amp;ssl=1 1024w, https:\/\/i0.wp.com\/www.ofkbrdo.com\/Wordpress\/wp-content\/uploads\/2022\/10\/D041224C-DA4F-4122-A214-8616E541A0FE.jpeg?resize=768%2C485&amp;ssl=1 768w, https:\/\/i0.wp.com\/www.ofkbrdo.com\/Wordpress\/wp-content\/uploads\/2022\/10\/D041224C-DA4F-4122-A214-8616E541A0FE.jpeg?resize=128%2C81&amp;ssl=1 128w, https:\/\/i0.wp.com\/www.ofkbrdo.com\/Wordpress\/wp-content\/uploads\/2022\/10\/D041224C-DA4F-4122-A214-8616E541A0FE.jpeg?resize=32%2C20&amp;ssl=1 32w, https:\/\/i0.wp.com\/www.ofkbrdo.com\/Wordpress\/wp-content\/uploads\/2022\/10\/D041224C-DA4F-4122-A214-8616E541A0FE.jpeg?w=1280&amp;ssl=1 1280w\" sizes=\"(max-width: 640px) 100vw, 640px\" \/>Me\u0111u \u010dlanovima Omladinskog fudbalskog kluba Brdo je i Ado Nasi\u0107 koji je za voljeni klub osigurao 100 KM.<br \/>\n<img data-recalc-dims=\"1\" decoding=\"async\" data-attachment-id=\"6004\" data-permalink=\"https:\/\/www.ofkbrdo.com\/Wordpress\/produzen-spisak-clanova-kluba-koji-zivot-znaci\/47101be3-01ac-4f15-bd61-7587adbf1ccf\/\" data-orig-file=\"https:\/\/i0.wp.com\/www.ofkbrdo.com\/Wordpress\/wp-content\/uploads\/2022\/10\/47101BE3-01AC-4F15-BD61-7587ADBF1CCF.jpeg?fit=1201%2C824&amp;ssl=1\" data-orig-size=\"1201,824\" data-comments-opened=\"0\" data-image-meta=\"{&quot;aperture&quot;:&quot;0&quot;,&quot;credit&quot;:&quot;&quot;,&quot;camera&quot;:&quot;&quot;,&quot;caption&quot;:&quot;&quot;,&quot;created_timestamp&quot;:&quot;0&quot;,&quot;copyright&quot;:&quot;&quot;,&quot;focal_length&quot;:&quot;0&quot;,&quot;iso&quot;:&quot;0&quot;,&quot;shutter_speed&quot;:&quot;0&quot;,&quot;title&quot;:&quot;&quot;,&quot;orientation&quot;:&quot;1&quot;}\" data-image-title=\"47101BE3-01AC-4F15-BD61-7587ADBF1CCF\" data-image-description=\"\" data-image-caption=\"\" data-large-file=\"https:\/\/i0.wp.com\/www.ofkbrdo.com\/Wordpress\/wp-content\/uploads\/2022\/10\/47101BE3-01AC-4F15-BD61-7587ADBF1CCF.jpeg?fit=640%2C439&amp;ssl=1\" class=\"aligncenter size-full wp-image-6004\" src=\"https:\/\/i0.wp.com\/www.ofkbrdo.com\/Wordpress\/wp-content\/uploads\/2022\/10\/47101BE3-01AC-4F15-BD61-7587ADBF1CCF.jpeg?resize=640%2C439&#038;ssl=1\" alt=\"\" width=\"640\" height=\"439\" srcset=\"https:\/\/i0.wp.com\/www.ofkbrdo.com\/Wordpress\/wp-content\/uploads\/2022\/10\/47101BE3-01AC-4F15-BD61-7587ADBF1CCF.jpeg?w=1201&amp;ssl=1 1201w, https:\/\/i0.wp.com\/www.ofkbrdo.com\/Wordpress\/wp-content\/uploads\/2022\/10\/47101BE3-01AC-4F15-BD61-7587ADBF1CCF.jpeg?resize=300%2C206&amp;ssl=1 300w, https:\/\/i0.wp.com\/www.ofkbrdo.com\/Wordpress\/wp-content\/uploads\/2022\/10\/47101BE3-01AC-4F15-BD61-7587ADBF1CCF.jpeg?resize=1024%2C703&amp;ssl=1 1024w, https:\/\/i0.wp.com\/www.ofkbrdo.com\/Wordpress\/wp-content\/uploads\/2022\/10\/47101BE3-01AC-4F15-BD61-7587ADBF1CCF.jpeg?resize=768%2C527&amp;ssl=1 768w, https:\/\/i0.wp.com\/www.ofkbrdo.com\/Wordpress\/wp-content\/uploads\/2022\/10\/47101BE3-01AC-4F15-BD61-7587ADBF1CCF.jpeg?resize=128%2C88&amp;ssl=1 128w, https:\/\/i0.wp.com\/www.ofkbrdo.com\/Wordpress\/wp-content\/uploads\/2022\/10\/47101BE3-01AC-4F15-BD61-7587ADBF1CCF.jpeg?resize=32%2C22&amp;ssl=1 32w\" sizes=\"(max-width: 640px) 100vw, 640px\" \/>Dedi\u0107u, Bajri\u0107u i Nasi\u0107u se zahvaljujemo \u0161to je spisak na\u0161ih \u010dlanova bogatiji za tri \u010dlana.<\/p>\n","protected":false},"excerpt":{"rendered":"<p>Auto servis Jasmin Pula i ove godine je s nama. Vlasnik ove forme Jasmin Bajri\u0107 izdvojio je 100 KM, te se i ove godine na\u0161ao me\u0111u \u010dlanovima Omladinskog fudbalskog kluba Brdo. Sigurno ste primijetili da utakmice Brda koje u\u017eivo prenosimo, redovno prati Samir Dedi\u0107 Sam\u010do. Drago nam je \u0161to mo\u017eemo konstatovati da je sada i [&hellip;]<\/p>\n","protected":false},"author":1,"featured_media":6004,"comment_status":"closed","ping_status":"closed","sticky":false,"template":"","format":"standard","meta":{"ngg_post_thumbnail":0,"_jetpack_memberships_contains_paid_content":false,"footnotes":"","jetpack_publicize_message":"","jetpack_publicize_feature_enabled":true,"jetpack_social_post_already_shared":false,"jetpack_social_options":{"image_generator_settings":{"template":"highway","default_image_id":0,"font":"","enabled":false},"version":2}},"categories":[157],"tags":[],"class_list":["post-6003","post","type-post","status-publish","format-standard","has-post-thumbnail","hentry","category-clanska"],"jetpack_publicize_connections":[],"jetpack_featured_media_url":"https:\/\/i0.wp.com\/www.ofkbrdo.com\/Wordpress\/wp-content\/uploads\/2022\/10\/47101BE3-01AC-4F15-BD61-7587ADBF1CCF.jpeg?fit=1201%2C824&ssl=1","jetpack_sharing_enabled":true,"jetpack_likes_enabled":true,"jetpack_shortlink":"https:\/\/wp.me\/pevKtx-1yP","jetpack-related-posts":[{"id":4736,"url":"https:\/\/www.ofkbrdo.com\/Wordpress\/postaniclan2025\/","url_meta":{"origin":6003,"position":0},"title":"Postani \u010dlan","author":"admin","date":"13. January 2022","format":false,"excerpt":"Poruke koje nam sti\u017eu iz svih krajeva svijeta su jasne. Veliko je interesovanje me\u0111u na\u0161im navija\u010dima i simpatizerima, tako da smo sigurni da \u0107e ovo biti godina rekorda kada je rije\u010d o \u010dlanovima Omladinskog fudbalskog kluba Brdo. To smo mogli primjetiti i prilikom \u017euto-plave no\u0107i kada su nam mnogi rekli\u2026","rel":"","context":"In &quot;\u010clanska&quot;","block_context":{"text":"\u010clanska","link":"https:\/\/www.ofkbrdo.com\/Wordpress\/clanska\/"},"img":{"alt_text":"Postani \u010dlan","src":"https:\/\/i0.wp.com\/www.ofkbrdo.com\/Wordpress\/wp-content\/uploads\/2024\/12\/IMG_2132.webp?resize=350%2C200&ssl=1","width":350,"height":200,"srcset":"https:\/\/i0.wp.com\/www.ofkbrdo.com\/Wordpress\/wp-content\/uploads\/2024\/12\/IMG_2132.webp?resize=350%2C200&ssl=1 1x, https:\/\/i0.wp.com\/www.ofkbrdo.com\/Wordpress\/wp-content\/uploads\/2024\/12\/IMG_2132.webp?resize=525%2C300&ssl=1 1.5x, https:\/\/i0.wp.com\/www.ofkbrdo.com\/Wordpress\/wp-content\/uploads\/2024\/12\/IMG_2132.webp?resize=700%2C400&ssl=1 2x, https:\/\/i0.wp.com\/www.ofkbrdo.com\/Wordpress\/wp-content\/uploads\/2024\/12\/IMG_2132.webp?resize=1050%2C600&ssl=1 3x, https:\/\/i0.wp.com\/www.ofkbrdo.com\/Wordpress\/wp-content\/uploads\/2024\/12\/IMG_2132.webp?resize=1400%2C800&ssl=1 4x"},"classes":[]},{"id":4662,"url":"https:\/\/www.ofkbrdo.com\/Wordpress\/rezervisite-26-12-za-omladinski-fudbalski-klub-brdo\/","url_meta":{"origin":6003,"position":1},"title":"REZERVI\u0160ITE 26.12. ZA OMLADINSKI FUDBALSKI KLUB BRDO","author":"admin","date":"22. November 2021","format":false,"excerpt":"Jednoglasnom odlukom Upravnog odbora Omladinskog fudbalskog kluba Brdo odlu\u010deno je da tradicionalna, klupska manifestacija, \u017dUTO-PLAVA NO\u0106, bude odr\u017eana 26.12. (nedjelja). Tako\u0111er je odlu\u010deno da ulaznica ko\u0161ta 10 KM. To je odli\u010dna prilika da napunimo klupsku kasu i pru\u017eimo podr\u0161ku voljenom klubu. Uz bogat reportoar jela i pi\u0107a, orkestar i muziku\u2026","rel":"","context":"In &quot;Pocetna&quot;","block_context":{"text":"Pocetna","link":"https:\/\/www.ofkbrdo.com\/Wordpress\/vijesti\/"},"img":{"alt_text":"","src":"https:\/\/i0.wp.com\/www.ofkbrdo.com\/Wordpress\/wp-content\/uploads\/2021\/11\/A840D1DF-3236-43DB-9BE6-05EDAEDE2818.jpeg?fit=1200%2C1200&ssl=1&resize=350%2C200","width":350,"height":200,"srcset":"https:\/\/i0.wp.com\/www.ofkbrdo.com\/Wordpress\/wp-content\/uploads\/2021\/11\/A840D1DF-3236-43DB-9BE6-05EDAEDE2818.jpeg?fit=1200%2C1200&ssl=1&resize=350%2C200 1x, https:\/\/i0.wp.com\/www.ofkbrdo.com\/Wordpress\/wp-content\/uploads\/2021\/11\/A840D1DF-3236-43DB-9BE6-05EDAEDE2818.jpeg?fit=1200%2C1200&ssl=1&resize=525%2C300 1.5x, https:\/\/i0.wp.com\/www.ofkbrdo.com\/Wordpress\/wp-content\/uploads\/2021\/11\/A840D1DF-3236-43DB-9BE6-05EDAEDE2818.jpeg?fit=1200%2C1200&ssl=1&resize=700%2C400 2x, https:\/\/i0.wp.com\/www.ofkbrdo.com\/Wordpress\/wp-content\/uploads\/2021\/11\/A840D1DF-3236-43DB-9BE6-05EDAEDE2818.jpeg?fit=1200%2C1200&ssl=1&resize=1050%2C600 3x"},"classes":[]},{"id":7907,"url":"https:\/\/www.ofkbrdo.com\/Wordpress\/vrhunska-zabava-u-organizaciji-ofk-brda\/","url_meta":{"origin":6003,"position":2},"title":"VRHUNSKA ZABAVA U ORGANIZACIJI OFK BRDA","author":"admin","date":"28. May 2024","format":false,"excerpt":"Polako nam se pribli\u017eava vrijeme kada \u0107e sokaci i ulice Mataru\u0161kog Brda biti ispunjeni velikim brojem na\u0161ih gra\u0111ana koji s nestrpljenjem \u010dekaju vrijeme godi\u0161njih odmora u zapadnoevropskim, ali zemljama preko okeana. To je vrijeme kada se intenzivira na\u0161e dru\u017eenje sa \u010dlanovima, sponzorima i donatorima kluba koji \u017eivot zna\u010di. Jedna od\u2026","rel":"","context":"In &quot;Pocetna&quot;","block_context":{"text":"Pocetna","link":"https:\/\/www.ofkbrdo.com\/Wordpress\/vijesti\/"},"img":{"alt_text":"","src":"https:\/\/i0.wp.com\/www.ofkbrdo.com\/Wordpress\/wp-content\/uploads\/2024\/05\/IMG_7975.jpeg?fit=1200%2C1200&ssl=1&resize=350%2C200","width":350,"height":200,"srcset":"https:\/\/i0.wp.com\/www.ofkbrdo.com\/Wordpress\/wp-content\/uploads\/2024\/05\/IMG_7975.jpeg?fit=1200%2C1200&ssl=1&resize=350%2C200 1x, https:\/\/i0.wp.com\/www.ofkbrdo.com\/Wordpress\/wp-content\/uploads\/2024\/05\/IMG_7975.jpeg?fit=1200%2C1200&ssl=1&resize=525%2C300 1.5x, https:\/\/i0.wp.com\/www.ofkbrdo.com\/Wordpress\/wp-content\/uploads\/2024\/05\/IMG_7975.jpeg?fit=1200%2C1200&ssl=1&resize=700%2C400 2x, https:\/\/i0.wp.com\/www.ofkbrdo.com\/Wordpress\/wp-content\/uploads\/2024\/05\/IMG_7975.jpeg?fit=1200%2C1200&ssl=1&resize=1050%2C600 3x"},"classes":[]},{"id":2944,"url":"https:\/\/www.ofkbrdo.com\/Wordpress\/povecava-se-broj-clanova-omladinskog-fudbalskog-kluba-brdo\/","url_meta":{"origin":6003,"position":3},"title":"POVE\u0106AVA SE BROJ \u010cLANOVA OMLADINSKOG FUDBALSKOG KLUBA BRDO","author":"admin","date":"4. February 2021","format":false,"excerpt":"Blagajnik OFK Brda Benjamin Kadiri\u0107 je ve\u0107 godinama \u010dlan na\u0161e porodice. Tih i nenametljiv, ali izuzetno sretan kada se lopta zakoprca u mre\u017ei ekipe koja igra protiv voljenog kluba. Da, i Benjamin Kadiri\u0107 je \u010dlan Omladinskog fudbalskog kluba Brdo. Izdvojio je 50 KM i tako se pridru\u017eio, iz dana u\u2026","rel":"","context":"In &quot;Pocetna&quot;","block_context":{"text":"Pocetna","link":"https:\/\/www.ofkbrdo.com\/Wordpress\/vijesti\/"},"img":{"alt_text":"","src":"https:\/\/i0.wp.com\/www.ofkbrdo.com\/Wordpress\/wp-content\/uploads\/2021\/02\/BenjoKadiric.jpg?fit=1200%2C900&ssl=1&resize=350%2C200","width":350,"height":200,"srcset":"https:\/\/i0.wp.com\/www.ofkbrdo.com\/Wordpress\/wp-content\/uploads\/2021\/02\/BenjoKadiric.jpg?fit=1200%2C900&ssl=1&resize=350%2C200 1x, https:\/\/i0.wp.com\/www.ofkbrdo.com\/Wordpress\/wp-content\/uploads\/2021\/02\/BenjoKadiric.jpg?fit=1200%2C900&ssl=1&resize=525%2C300 1.5x, https:\/\/i0.wp.com\/www.ofkbrdo.com\/Wordpress\/wp-content\/uploads\/2021\/02\/BenjoKadiric.jpg?fit=1200%2C900&ssl=1&resize=700%2C400 2x, https:\/\/i0.wp.com\/www.ofkbrdo.com\/Wordpress\/wp-content\/uploads\/2021\/02\/BenjoKadiric.jpg?fit=1200%2C900&ssl=1&resize=1050%2C600 3x"},"classes":[]},{"id":3547,"url":"https:\/\/www.ofkbrdo.com\/Wordpress\/osvjezenje-vedrog-polja\/","url_meta":{"origin":6003,"position":4},"title":"OSVJE\u017dENJE VEDROG POLJA","author":"admin","date":"14. June 2021","format":false,"excerpt":"Zahvaljuju\u0107i prijateljima kluba ovih dana smo rije\u0161ili izuzetno va\u017ean infrastrukturni problem na stadionu Vedro polje. Firma Vodoinstalacije i centralno grijanje, vlasnika Sauda Begovi\u0107a realizovala je projekat ugradnje pumpi za natapanje stadiona. Ugra\u0111ene su dvije pumpe i izvr\u0161ena je popravka postoje\u0107ih instalacija za vodu. U ovim radovima zna\u010dajnu podr\u0161ku je pru\u017eio\u2026","rel":"","context":"In &quot;Vedro polje&quot;","block_context":{"text":"Vedro polje","link":"https:\/\/www.ofkbrdo.com\/Wordpress\/vedro-polje\/"},"img":{"alt_text":"","src":"https:\/\/i0.wp.com\/www.ofkbrdo.com\/Wordpress\/wp-content\/uploads\/2021\/06\/0DBFD8A0-D6AF-4D8F-B584-38D8EF2971B0.png?fit=892%2C1200&ssl=1&resize=350%2C200","width":350,"height":200,"srcset":"https:\/\/i0.wp.com\/www.ofkbrdo.com\/Wordpress\/wp-content\/uploads\/2021\/06\/0DBFD8A0-D6AF-4D8F-B584-38D8EF2971B0.png?fit=892%2C1200&ssl=1&resize=350%2C200 1x, https:\/\/i0.wp.com\/www.ofkbrdo.com\/Wordpress\/wp-content\/uploads\/2021\/06\/0DBFD8A0-D6AF-4D8F-B584-38D8EF2971B0.png?fit=892%2C1200&ssl=1&resize=525%2C300 1.5x, https:\/\/i0.wp.com\/www.ofkbrdo.com\/Wordpress\/wp-content\/uploads\/2021\/06\/0DBFD8A0-D6AF-4D8F-B584-38D8EF2971B0.png?fit=892%2C1200&ssl=1&resize=700%2C400 2x"},"classes":[]},{"id":8422,"url":"https:\/\/www.ofkbrdo.com\/Wordpress\/neka-nas-uzor-bude-samir-causevic\/","url_meta":{"origin":6003,"position":5},"title":"NEKA NA\u0160 UZOR BUDE SAMIR \u010cAU\u0160EVI\u0106","author":"admin","date":"13. November 2024","format":false,"excerpt":"Pred nama je 20. ro\u0111endan Omladinskog fudbalskog kluba Brdo. Naredna godine \u0107emo obilje\u017eiti veliki jubilej. Bi\u0107e to prilika da konstatujemo kako je puna dva desetlje\u0107a \u017euto plavoj boji odan i Samir \u010cau\u0161evi\u0107 iz Hambarina, biznismen u Italiji. On je najzna\u010dajniji sponzor kluba koji \u017eivot zna\u010di. Imali smo uspona i padova\u2026","rel":"","context":"In &quot;Sponzori&quot;","block_context":{"text":"Sponzori","link":"https:\/\/www.ofkbrdo.com\/Wordpress\/sponzori\/"},"img":{"alt_text":"","src":"https:\/\/i0.wp.com\/www.ofkbrdo.com\/Wordpress\/wp-content\/uploads\/2024\/11\/IMG_2409.jpeg?fit=1200%2C540&ssl=1&resize=350%2C200","width":350,"height":200,"srcset":"https:\/\/i0.wp.com\/www.ofkbrdo.com\/Wordpress\/wp-content\/uploads\/2024\/11\/IMG_2409.jpeg?fit=1200%2C540&ssl=1&resize=350%2C200 1x, https:\/\/i0.wp.com\/www.ofkbrdo.com\/Wordpress\/wp-content\/uploads\/2024\/11\/IMG_2409.jpeg?fit=1200%2C540&ssl=1&resize=525%2C300 1.5x, https:\/\/i0.wp.com\/www.ofkbrdo.com\/Wordpress\/wp-content\/uploads\/2024\/11\/IMG_2409.jpeg?fit=1200%2C540&ssl=1&resize=700%2C400 2x, https:\/\/i0.wp.com\/www.ofkbrdo.com\/Wordpress\/wp-content\/uploads\/2024\/11\/IMG_2409.jpeg?fit=1200%2C540&ssl=1&resize=1050%2C600 3x"},"classes":[]}],"_links":{"self":[{"href":"https:\/\/www.ofkbrdo.com\/Wordpress\/wp-json\/wp\/v2\/posts\/6003","targetHints":{"allow":["GET"]}}],"collection":[{"href":"https:\/\/www.ofkbrdo.com\/Wordpress\/wp-json\/wp\/v2\/posts"}],"about":[{"href":"https:\/\/www.ofkbrdo.com\/Wordpress\/wp-json\/wp\/v2\/types\/post"}],"author":[{"embeddable":true,"href":"https:\/\/www.ofkbrdo.com\/Wordpress\/wp-json\/wp\/v2\/users\/1"}],"replies":[{"embeddable":true,"href":"https:\/\/www.ofkbrdo.com\/Wordpress\/wp-json\/wp\/v2\/comments?post=6003"}],"version-history":[{"count":0,"href":"https:\/\/www.ofkbrdo.com\/Wordpress\/wp-json\/wp\/v2\/posts\/6003\/revisions"}],"wp:featuredmedia":[{"embeddable":true,"href":"https:\/\/www.ofkbrdo.com\/Wordpress\/wp-json\/wp\/v2\/media\/6004"}],"wp:attachment":[{"href":"https:\/\/www.ofkbrdo.com\/Wordpress\/wp-json\/wp\/v2\/media?parent=6003"}],"wp:term":[{"taxonomy":"category","embeddable":true,"href":"https:\/\/www.ofkbrdo.com\/Wordpress\/wp-json\/wp\/v2\/categories?post=6003"},{"taxonomy":"post_tag","embeddable":true,"href":"https:\/\/www.ofkbrdo.com\/Wordpress\/wp-json\/wp\/v2\/tags?post=6003"}],"curies":[{"name":"wp","href":"https:\/\/api.w.org\/{rel}","templated":true}]}}