{"id":6009,"date":"2022-10-07T23:05:22","date_gmt":"2022-10-07T21:05:22","guid":{"rendered":"https:\/\/www.ofkbrdo.com\/Wordpress\/?p=6009"},"modified":"2022-10-07T23:32:52","modified_gmt":"2022-10-07T21:32:52","slug":"przionica-kafe-azra-i-ove-sezone-sponzor-kluba-koji-zivot-znaci","status":"publish","type":"post","link":"https:\/\/www.ofkbrdo.com\/Wordpress\/przionica-kafe-azra-i-ove-sezone-sponzor-kluba-koji-zivot-znaci\/","title":{"rendered":"PR\u017dIONICA KAFE AZRA I OVE SEZONE SPONZOR KLUBA KOJI \u017dIVOT ZNA\u010cI"},"content":{"rendered":"<p>Radujemo se nastavku saradnje sa Pr\u017eionicom kafe Azra iz Rakov\u010dana. Reklama ove firme \u0107e i dalje krasiti na\u0161 stadion u 2022-oj godini.<br \/>\n<img data-recalc-dims=\"1\" fetchpriority=\"high\" decoding=\"async\" data-attachment-id=\"6011\" data-permalink=\"https:\/\/www.ofkbrdo.com\/Wordpress\/przionica-kafe-azra-i-ove-sezone-sponzor-kluba-koji-zivot-znaci\/1b1266f1-bebd-49f6-b75d-b4f2c4421993\/\" data-orig-file=\"https:\/\/i0.wp.com\/www.ofkbrdo.com\/Wordpress\/wp-content\/uploads\/2022\/10\/1B1266F1-BEBD-49F6-B75D-B4F2C4421993.jpeg?fit=768%2C507&amp;ssl=1\" data-orig-size=\"768,507\" data-comments-opened=\"0\" data-image-meta=\"{&quot;aperture&quot;:&quot;0&quot;,&quot;credit&quot;:&quot;&quot;,&quot;camera&quot;:&quot;&quot;,&quot;caption&quot;:&quot;&quot;,&quot;created_timestamp&quot;:&quot;0&quot;,&quot;copyright&quot;:&quot;&quot;,&quot;focal_length&quot;:&quot;0&quot;,&quot;iso&quot;:&quot;0&quot;,&quot;shutter_speed&quot;:&quot;0&quot;,&quot;title&quot;:&quot;&quot;,&quot;orientation&quot;:&quot;1&quot;}\" data-image-title=\"1B1266F1-BEBD-49F6-B75D-B4F2C4421993\" data-image-description=\"\" data-image-caption=\"\" data-large-file=\"https:\/\/i0.wp.com\/www.ofkbrdo.com\/Wordpress\/wp-content\/uploads\/2022\/10\/1B1266F1-BEBD-49F6-B75D-B4F2C4421993.jpeg?fit=640%2C423&amp;ssl=1\" class=\"aligncenter size-full wp-image-6011\" src=\"https:\/\/i0.wp.com\/www.ofkbrdo.com\/Wordpress\/wp-content\/uploads\/2022\/10\/1B1266F1-BEBD-49F6-B75D-B4F2C4421993.jpeg?resize=640%2C423&#038;ssl=1\" alt=\"\" width=\"640\" height=\"423\" srcset=\"https:\/\/i0.wp.com\/www.ofkbrdo.com\/Wordpress\/wp-content\/uploads\/2022\/10\/1B1266F1-BEBD-49F6-B75D-B4F2C4421993.jpeg?w=768&amp;ssl=1 768w, https:\/\/i0.wp.com\/www.ofkbrdo.com\/Wordpress\/wp-content\/uploads\/2022\/10\/1B1266F1-BEBD-49F6-B75D-B4F2C4421993.jpeg?resize=300%2C198&amp;ssl=1 300w, https:\/\/i0.wp.com\/www.ofkbrdo.com\/Wordpress\/wp-content\/uploads\/2022\/10\/1B1266F1-BEBD-49F6-B75D-B4F2C4421993.jpeg?resize=128%2C85&amp;ssl=1 128w, https:\/\/i0.wp.com\/www.ofkbrdo.com\/Wordpress\/wp-content\/uploads\/2022\/10\/1B1266F1-BEBD-49F6-B75D-B4F2C4421993.jpeg?resize=32%2C21&amp;ssl=1 32w\" sizes=\"(max-width: 640px) 100vw, 640px\" \/><\/p>\n<p>Podsje\u0107amo da je vlasnik ove firme, Aj\u0161a i Amir Duratovi\u0107, Amir na\u0161 blagajnik i \u010dovjek koji je na razne na\u010dine pru\u017eao podr\u0161ku voljenom klubu.<\/p>\n<p><img data-recalc-dims=\"1\" decoding=\"async\" data-attachment-id=\"6012\" data-permalink=\"https:\/\/www.ofkbrdo.com\/Wordpress\/przionica-kafe-azra-i-ove-sezone-sponzor-kluba-koji-zivot-znaci\/bbcb972e-4dad-4f5b-abd0-f90a026f2893\/\" data-orig-file=\"https:\/\/i0.wp.com\/www.ofkbrdo.com\/Wordpress\/wp-content\/uploads\/2022\/10\/BBCB972E-4DAD-4F5B-ABD0-F90A026F2893.jpeg?fit=1280%2C1102&amp;ssl=1\" data-orig-size=\"1280,1102\" data-comments-opened=\"0\" data-image-meta=\"{&quot;aperture&quot;:&quot;0&quot;,&quot;credit&quot;:&quot;&quot;,&quot;camera&quot;:&quot;&quot;,&quot;caption&quot;:&quot;&quot;,&quot;created_timestamp&quot;:&quot;0&quot;,&quot;copyright&quot;:&quot;&quot;,&quot;focal_length&quot;:&quot;0&quot;,&quot;iso&quot;:&quot;0&quot;,&quot;shutter_speed&quot;:&quot;0&quot;,&quot;title&quot;:&quot;&quot;,&quot;orientation&quot;:&quot;1&quot;}\" data-image-title=\"BBCB972E-4DAD-4F5B-ABD0-F90A026F2893\" data-image-description=\"\" data-image-caption=\"\" data-large-file=\"https:\/\/i0.wp.com\/www.ofkbrdo.com\/Wordpress\/wp-content\/uploads\/2022\/10\/BBCB972E-4DAD-4F5B-ABD0-F90A026F2893.jpeg?fit=640%2C551&amp;ssl=1\" class=\"aligncenter size-full wp-image-6012\" src=\"https:\/\/i0.wp.com\/www.ofkbrdo.com\/Wordpress\/wp-content\/uploads\/2022\/10\/BBCB972E-4DAD-4F5B-ABD0-F90A026F2893.jpeg?resize=640%2C551&#038;ssl=1\" alt=\"\" width=\"640\" height=\"551\" srcset=\"https:\/\/i0.wp.com\/www.ofkbrdo.com\/Wordpress\/wp-content\/uploads\/2022\/10\/BBCB972E-4DAD-4F5B-ABD0-F90A026F2893.jpeg?w=1280&amp;ssl=1 1280w, https:\/\/i0.wp.com\/www.ofkbrdo.com\/Wordpress\/wp-content\/uploads\/2022\/10\/BBCB972E-4DAD-4F5B-ABD0-F90A026F2893.jpeg?resize=300%2C258&amp;ssl=1 300w, https:\/\/i0.wp.com\/www.ofkbrdo.com\/Wordpress\/wp-content\/uploads\/2022\/10\/BBCB972E-4DAD-4F5B-ABD0-F90A026F2893.jpeg?resize=1024%2C882&amp;ssl=1 1024w, https:\/\/i0.wp.com\/www.ofkbrdo.com\/Wordpress\/wp-content\/uploads\/2022\/10\/BBCB972E-4DAD-4F5B-ABD0-F90A026F2893.jpeg?resize=768%2C661&amp;ssl=1 768w, https:\/\/i0.wp.com\/www.ofkbrdo.com\/Wordpress\/wp-content\/uploads\/2022\/10\/BBCB972E-4DAD-4F5B-ABD0-F90A026F2893.jpeg?resize=128%2C110&amp;ssl=1 128w, https:\/\/i0.wp.com\/www.ofkbrdo.com\/Wordpress\/wp-content\/uploads\/2022\/10\/BBCB972E-4DAD-4F5B-ABD0-F90A026F2893.jpeg?resize=32%2C28&amp;ssl=1 32w\" sizes=\"(max-width: 640px) 100vw, 640px\" \/><\/p>\n<p>Naravno, bilo bi veoma dobro da kafa Azra nastala u Amirovoj pr\u017eionici, u na\u0161im dragim Rakov\u010danima, bude u na\u0161im d\u017eezvama.<\/p>\n","protected":false},"excerpt":{"rendered":"<p>Radujemo se nastavku saradnje sa Pr\u017eionicom kafe Azra iz Rakov\u010dana. Reklama ove firme \u0107e i dalje krasiti na\u0161 stadion u 2022-oj godini. Podsje\u0107amo da je vlasnik ove firme, Aj\u0161a i Amir Duratovi\u0107, Amir na\u0161 blagajnik i \u010dovjek koji je na razne na\u010dine pru\u017eao podr\u0161ku voljenom klubu. Naravno, bilo bi veoma dobro da kafa Azra nastala [&hellip;]<\/p>\n","protected":false},"author":1,"featured_media":6013,"comment_status":"closed","ping_status":"closed","sticky":false,"template":"","format":"standard","meta":{"ngg_post_thumbnail":0,"_jetpack_memberships_contains_paid_content":false,"footnotes":"","jetpack_publicize_message":"","jetpack_publicize_feature_enabled":true,"jetpack_social_post_already_shared":false,"jetpack_social_options":{"image_generator_settings":{"template":"highway","default_image_id":0,"font":"","enabled":false},"version":2}},"categories":[20],"tags":[],"class_list":["post-6009","post","type-post","status-publish","format-standard","has-post-thumbnail","hentry","category-sponzori"],"jetpack_publicize_connections":[],"jetpack_featured_media_url":"https:\/\/i0.wp.com\/www.ofkbrdo.com\/Wordpress\/wp-content\/uploads\/2022\/10\/70D4F8B3-CDFB-4921-9D41-A0C02C6551AD.jpeg?fit=1600%2C720&ssl=1","jetpack_sharing_enabled":true,"jetpack_likes_enabled":true,"jetpack_shortlink":"https:\/\/wp.me\/pevKtx-1yV","jetpack-related-posts":[{"id":3534,"url":"https:\/\/www.ofkbrdo.com\/Wordpress\/3534-2\/","url_meta":{"origin":6009,"position":0},"title":"POTPISAN PETOGODIS\u030cNJI SPONZORSKI UGOVOR SA AMIROM NASIC\u0301EM","author":"admin","date":"4. June 2021","format":false,"excerpt":"Sezona je zavrs\u030cena za fudbalski dio Omladinskog fudbalskog kluba Brdo. Me\u0111utim, nas\u030ci napori na stvaranju boljih uslova za funkcioniranje kluba koji z\u030civot znac\u030ci moraju biti u kontinuitetu. Ostvareni rezultati na takmic\u030carskom i organizacionom planu obavezuju na jos\u030c vec\u0301a odricanja. Imamo fenomenalnu raju kojoj je srce kao Brdo i jedino traz\u030ci\u2026","rel":"","context":"In &quot;Sponzori&quot;","block_context":{"text":"Sponzori","link":"https:\/\/www.ofkbrdo.com\/Wordpress\/sponzori\/"},"img":{"alt_text":"","src":"https:\/\/i0.wp.com\/www.ofkbrdo.com\/Wordpress\/wp-content\/uploads\/2021\/06\/FB9C43EA-2AAB-41BA-9BE3-C313D62B2BFF.png?fit=1080%2C599&ssl=1&resize=350%2C200","width":350,"height":200,"srcset":"https:\/\/i0.wp.com\/www.ofkbrdo.com\/Wordpress\/wp-content\/uploads\/2021\/06\/FB9C43EA-2AAB-41BA-9BE3-C313D62B2BFF.png?fit=1080%2C599&ssl=1&resize=350%2C200 1x, https:\/\/i0.wp.com\/www.ofkbrdo.com\/Wordpress\/wp-content\/uploads\/2021\/06\/FB9C43EA-2AAB-41BA-9BE3-C313D62B2BFF.png?fit=1080%2C599&ssl=1&resize=525%2C300 1.5x, https:\/\/i0.wp.com\/www.ofkbrdo.com\/Wordpress\/wp-content\/uploads\/2021\/06\/FB9C43EA-2AAB-41BA-9BE3-C313D62B2BFF.png?fit=1080%2C599&ssl=1&resize=700%2C400 2x, https:\/\/i0.wp.com\/www.ofkbrdo.com\/Wordpress\/wp-content\/uploads\/2021\/06\/FB9C43EA-2AAB-41BA-9BE3-C313D62B2BFF.png?fit=1080%2C599&ssl=1&resize=1050%2C600 3x"},"classes":[]},{"id":4784,"url":"https:\/\/www.ofkbrdo.com\/Wordpress\/podrska-privrednika-nam-je-veoma-bitna\/","url_meta":{"origin":6009,"position":1},"title":"PODR\u0160KA PRIVREDNIKA NAM JE VEOMA BITNA","author":"admin","date":"28. January 2022","format":false,"excerpt":"Va\u0161e povjerenje i dalje raste. Kraj protekle i po\u010detak ove godine smo do\u010dekali u jo\u0161 boljem raspolo\u017eenju jer klub koji \u017eivot zna\u010di ima sve vi\u0161e prijatelja. Podr\u0161ka i razumijevanje vlasnika firme Lim-profi iz Bi\u0161\u0107ana, mnogo nam zna\u010di. https:\/\/youtu.be\/d_t--PbLuuE Sejfo \u0160iljkovi\u0107 i njegovi uposlenici rade odli\u010dan posao za na\u0161 rodni kraj.\u2026","rel":"","context":"In &quot;Sponzori&quot;","block_context":{"text":"Sponzori","link":"https:\/\/www.ofkbrdo.com\/Wordpress\/sponzori\/"},"img":{"alt_text":"","src":"https:\/\/i0.wp.com\/www.ofkbrdo.com\/Wordpress\/wp-content\/uploads\/2022\/01\/CBD2BD58-38D6-4169-8DA5-E9A3608A8309.jpeg?fit=1201%2C658&ssl=1&resize=350%2C200","width":350,"height":200,"srcset":"https:\/\/i0.wp.com\/www.ofkbrdo.com\/Wordpress\/wp-content\/uploads\/2022\/01\/CBD2BD58-38D6-4169-8DA5-E9A3608A8309.jpeg?fit=1201%2C658&ssl=1&resize=350%2C200 1x, https:\/\/i0.wp.com\/www.ofkbrdo.com\/Wordpress\/wp-content\/uploads\/2022\/01\/CBD2BD58-38D6-4169-8DA5-E9A3608A8309.jpeg?fit=1201%2C658&ssl=1&resize=525%2C300 1.5x, https:\/\/i0.wp.com\/www.ofkbrdo.com\/Wordpress\/wp-content\/uploads\/2022\/01\/CBD2BD58-38D6-4169-8DA5-E9A3608A8309.jpeg?fit=1201%2C658&ssl=1&resize=700%2C400 2x, https:\/\/i0.wp.com\/www.ofkbrdo.com\/Wordpress\/wp-content\/uploads\/2022\/01\/CBD2BD58-38D6-4169-8DA5-E9A3608A8309.jpeg?fit=1201%2C658&ssl=1&resize=1050%2C600 3x"},"classes":[]},{"id":6342,"url":"https:\/\/www.ofkbrdo.com\/Wordpress\/amir-ceric-kupio-trenerke-za-mlade-fudbalere-brda\/","url_meta":{"origin":6009,"position":2},"title":"AMIR CERI\u0106 KUPIO TRENERKE ZA MLADE FUDBALERE BRDA","author":"admin","date":"12. February 2023","format":false,"excerpt":"Sigurni smo da ve\u0107ina vas poznaje na\u0161eg dobrog doktora dentalne medicine iz Prijedora, Amira Ceri\u0107a. Jo\u0161 smo sigurniji da ste o njemu \u010duli sve najbolje jer takav je to insan. Gdje se \u010dini dobro za lokalnu zajednicu, tu \u0107ete ga prona\u0107i. Stipendije ili projekti u na\u0161im d\u017eematima, doktor je tu\u2026","rel":"","context":"In &quot;\u0160kola fudbala OFK Brdo&quot;","block_context":{"text":"\u0160kola fudbala OFK Brdo","link":"https:\/\/www.ofkbrdo.com\/Wordpress\/skola-fudbala-ofk-brdo\/"},"img":{"alt_text":"","src":"https:\/\/i0.wp.com\/www.ofkbrdo.com\/Wordpress\/wp-content\/uploads\/2023\/02\/67769E6F-995A-4291-B53D-6A8B12E807ED.jpeg?fit=1068%2C762&ssl=1&resize=350%2C200","width":350,"height":200,"srcset":"https:\/\/i0.wp.com\/www.ofkbrdo.com\/Wordpress\/wp-content\/uploads\/2023\/02\/67769E6F-995A-4291-B53D-6A8B12E807ED.jpeg?fit=1068%2C762&ssl=1&resize=350%2C200 1x, https:\/\/i0.wp.com\/www.ofkbrdo.com\/Wordpress\/wp-content\/uploads\/2023\/02\/67769E6F-995A-4291-B53D-6A8B12E807ED.jpeg?fit=1068%2C762&ssl=1&resize=525%2C300 1.5x, https:\/\/i0.wp.com\/www.ofkbrdo.com\/Wordpress\/wp-content\/uploads\/2023\/02\/67769E6F-995A-4291-B53D-6A8B12E807ED.jpeg?fit=1068%2C762&ssl=1&resize=700%2C400 2x, https:\/\/i0.wp.com\/www.ofkbrdo.com\/Wordpress\/wp-content\/uploads\/2023\/02\/67769E6F-995A-4291-B53D-6A8B12E807ED.jpeg?fit=1068%2C762&ssl=1&resize=1050%2C600 3x"},"classes":[]},{"id":2659,"url":"https:\/\/www.ofkbrdo.com\/Wordpress\/dijete-brda\/","url_meta":{"origin":6009,"position":3},"title":"DIJETE BRDA","author":"admin","date":"18. November 2020","format":false,"excerpt":"Vahid Karupovi\u0107 je ispunio dje\u010da\u010dke snove. Od malih nogu je je u klub koji po\u0161tuje i voli. Danas u seniorskom sastavu Brda predvodi ekipu u drugoliga\u0161koj konkurenciji. Ka\u017ee da je to veliki uspjeh ali i obaveza prema ljudima koji navijaju i pru\u017eaju pomo\u0107 voljenom klubu. U protekloj polusezoni odigrao je\u2026","rel":"","context":"In &quot;Pocetna&quot;","block_context":{"text":"Pocetna","link":"https:\/\/www.ofkbrdo.com\/Wordpress\/vijesti\/"},"img":{"alt_text":"","src":"https:\/\/i0.wp.com\/www.ofkbrdo.com\/Wordpress\/wp-content\/uploads\/2020\/11\/received_1078506589263052.jpeg?fit=720%2C960&ssl=1&resize=350%2C200","width":350,"height":200,"srcset":"https:\/\/i0.wp.com\/www.ofkbrdo.com\/Wordpress\/wp-content\/uploads\/2020\/11\/received_1078506589263052.jpeg?fit=720%2C960&ssl=1&resize=350%2C200 1x, https:\/\/i0.wp.com\/www.ofkbrdo.com\/Wordpress\/wp-content\/uploads\/2020\/11\/received_1078506589263052.jpeg?fit=720%2C960&ssl=1&resize=525%2C300 1.5x, https:\/\/i0.wp.com\/www.ofkbrdo.com\/Wordpress\/wp-content\/uploads\/2020\/11\/received_1078506589263052.jpeg?fit=720%2C960&ssl=1&resize=700%2C400 2x"},"classes":[]},{"id":3140,"url":"https:\/\/www.ofkbrdo.com\/Wordpress\/mesnica-celic-nas-vjerni-sponzor\/","url_meta":{"origin":6009,"position":4},"title":"MESNICA \u010cELI\u0106 NA\u0160 VJERNI SPONZOR","author":"admin","date":"13. March 2021","format":false,"excerpt":"Na samom po\u010detku bi \u017eeljeli dati do znanja da je Amir \u010celi\u0107 vi\u0161e od donatora. Pored toga \u0161to njegova mesnica ve\u0107 godinama podr\u017eava rad Omladinskog fudbalskog kluba Brdo, Amir je tu s nama, na treningu, utakmici, skup\u0161tini kluba gdje je predsjednik. Da, niste pogrije\u0161ili, to je onaj \u0161to do\u0111e na\u2026","rel":"","context":"In &quot;Pocetna&quot;","block_context":{"text":"Pocetna","link":"https:\/\/www.ofkbrdo.com\/Wordpress\/vijesti\/"},"img":{"alt_text":"","src":"https:\/\/i0.wp.com\/www.ofkbrdo.com\/Wordpress\/wp-content\/uploads\/2021\/03\/32ACCF3C-672B-4E8F-96B5-78EDA82C64AC.jpeg?fit=699%2C392&ssl=1&resize=350%2C200","width":350,"height":200,"srcset":"https:\/\/i0.wp.com\/www.ofkbrdo.com\/Wordpress\/wp-content\/uploads\/2021\/03\/32ACCF3C-672B-4E8F-96B5-78EDA82C64AC.jpeg?fit=699%2C392&ssl=1&resize=350%2C200 1x, https:\/\/i0.wp.com\/www.ofkbrdo.com\/Wordpress\/wp-content\/uploads\/2021\/03\/32ACCF3C-672B-4E8F-96B5-78EDA82C64AC.jpeg?fit=699%2C392&ssl=1&resize=525%2C300 1.5x"},"classes":[]},{"id":7554,"url":"https:\/\/www.ofkbrdo.com\/Wordpress\/veliko-iskustvo-za-fudbalere-ofk-brda\/","url_meta":{"origin":6009,"position":5},"title":"VELIKO ISKUSTVO ZA FUDBALERE OFK BRDA","author":"admin","date":"25. February 2024","format":false,"excerpt":"Po\u0161tovani prijatelji Omladinskog fudbalskog kluba Brdo, drugog dana ove godine informisali smo vas o pro\u0161irenom sastanku upravnog odbora. Bila je to prilika i za odre\u0111ene prijedloge i sugestije. Sve \u0161to smo dogovorili, realizovano je. U dogovoru sa na\u0161im prijateljima realizovan je i odlazak na\u0161e ekipe u Mrkonji\u0107 Grad, Donji Vakuf\u2026","rel":"","context":"In &quot;Druga liga RS&quot;","block_context":{"text":"Druga liga RS","link":"https:\/\/www.ofkbrdo.com\/Wordpress\/druga-liga-rs\/"},"img":{"alt_text":"","src":"https:\/\/i0.wp.com\/www.ofkbrdo.com\/Wordpress\/wp-content\/uploads\/2024\/02\/IMG_6259.jpeg?fit=1200%2C580&ssl=1&resize=350%2C200","width":350,"height":200,"srcset":"https:\/\/i0.wp.com\/www.ofkbrdo.com\/Wordpress\/wp-content\/uploads\/2024\/02\/IMG_6259.jpeg?fit=1200%2C580&ssl=1&resize=350%2C200 1x, https:\/\/i0.wp.com\/www.ofkbrdo.com\/Wordpress\/wp-content\/uploads\/2024\/02\/IMG_6259.jpeg?fit=1200%2C580&ssl=1&resize=525%2C300 1.5x, https:\/\/i0.wp.com\/www.ofkbrdo.com\/Wordpress\/wp-content\/uploads\/2024\/02\/IMG_6259.jpeg?fit=1200%2C580&ssl=1&resize=700%2C400 2x, https:\/\/i0.wp.com\/www.ofkbrdo.com\/Wordpress\/wp-content\/uploads\/2024\/02\/IMG_6259.jpeg?fit=1200%2C580&ssl=1&resize=1050%2C600 3x"},"classes":[]}],"_links":{"self":[{"href":"https:\/\/www.ofkbrdo.com\/Wordpress\/wp-json\/wp\/v2\/posts\/6009","targetHints":{"allow":["GET"]}}],"collection":[{"href":"https:\/\/www.ofkbrdo.com\/Wordpress\/wp-json\/wp\/v2\/posts"}],"about":[{"href":"https:\/\/www.ofkbrdo.com\/Wordpress\/wp-json\/wp\/v2\/types\/post"}],"author":[{"embeddable":true,"href":"https:\/\/www.ofkbrdo.com\/Wordpress\/wp-json\/wp\/v2\/users\/1"}],"replies":[{"embeddable":true,"href":"https:\/\/www.ofkbrdo.com\/Wordpress\/wp-json\/wp\/v2\/comments?post=6009"}],"version-history":[{"count":0,"href":"https:\/\/www.ofkbrdo.com\/Wordpress\/wp-json\/wp\/v2\/posts\/6009\/revisions"}],"wp:featuredmedia":[{"embeddable":true,"href":"https:\/\/www.ofkbrdo.com\/Wordpress\/wp-json\/wp\/v2\/media\/6013"}],"wp:attachment":[{"href":"https:\/\/www.ofkbrdo.com\/Wordpress\/wp-json\/wp\/v2\/media?parent=6009"}],"wp:term":[{"taxonomy":"category","embeddable":true,"href":"https:\/\/www.ofkbrdo.com\/Wordpress\/wp-json\/wp\/v2\/categories?post=6009"},{"taxonomy":"post_tag","embeddable":true,"href":"https:\/\/www.ofkbrdo.com\/Wordpress\/wp-json\/wp\/v2\/tags?post=6009"}],"curies":[{"name":"wp","href":"https:\/\/api.w.org\/{rel}","templated":true}]}}