{"id":6108,"date":"2022-12-01T19:21:54","date_gmt":"2022-12-01T18:21:54","guid":{"rendered":"https:\/\/www.ofkbrdo.com\/Wordpress\/?p=6108"},"modified":"2022-12-01T19:21:54","modified_gmt":"2022-12-01T18:21:54","slug":"emir-duratovic-vjeran-klubu-iz-rodnog-kraja","status":"publish","type":"post","link":"https:\/\/www.ofkbrdo.com\/Wordpress\/emir-duratovic-vjeran-klubu-iz-rodnog-kraja\/","title":{"rendered":"EMIR DURATOVI\u0106 VJERAN KLUBU IZ RODNOG KRAJA"},"content":{"rendered":"<p>Bezbroj puta je pokazao da mu Omladinski fudbalski klub Brdo mnogo zna\u010di. Tako je bilo i ove godine u kojoj je klub koji \u017eivot zna\u010di osjetio dobrotu ovog, velikog ljubitelja harmonike, lijepe pjesme i dobrih djela.<\/p>\n<p><img data-recalc-dims=\"1\" fetchpriority=\"high\" decoding=\"async\" data-attachment-id=\"3250\" data-permalink=\"https:\/\/www.ofkbrdo.com\/Wordpress\/harmonika-i-brdo-su-njegov-zivot\/90a9297d-3381-4e45-82da-c25ad4ad7fcc\/\" data-orig-file=\"https:\/\/i0.wp.com\/www.ofkbrdo.com\/Wordpress\/wp-content\/uploads\/2021\/03\/90A9297D-3381-4E45-82DA-C25AD4AD7FCC.jpeg?fit=1080%2C1440&amp;ssl=1\" data-orig-size=\"1080,1440\" data-comments-opened=\"0\" data-image-meta=\"{&quot;aperture&quot;:&quot;0&quot;,&quot;credit&quot;:&quot;&quot;,&quot;camera&quot;:&quot;&quot;,&quot;caption&quot;:&quot;&quot;,&quot;created_timestamp&quot;:&quot;0&quot;,&quot;copyright&quot;:&quot;&quot;,&quot;focal_length&quot;:&quot;0&quot;,&quot;iso&quot;:&quot;0&quot;,&quot;shutter_speed&quot;:&quot;0&quot;,&quot;title&quot;:&quot;&quot;,&quot;orientation&quot;:&quot;1&quot;}\" data-image-title=\"Emir Duratovi\u0107\" data-image-description=\"\" data-image-caption=\"\" data-large-file=\"https:\/\/i0.wp.com\/www.ofkbrdo.com\/Wordpress\/wp-content\/uploads\/2021\/03\/90A9297D-3381-4E45-82DA-C25AD4AD7FCC.jpeg?fit=640%2C853&amp;ssl=1\" class=\"aligncenter size-full wp-image-3250\" src=\"https:\/\/i0.wp.com\/www.ofkbrdo.com\/Wordpress\/wp-content\/uploads\/2021\/03\/90A9297D-3381-4E45-82DA-C25AD4AD7FCC.jpeg?resize=640%2C853&#038;ssl=1\" alt=\"\" width=\"640\" height=\"853\" srcset=\"https:\/\/i0.wp.com\/www.ofkbrdo.com\/Wordpress\/wp-content\/uploads\/2021\/03\/90A9297D-3381-4E45-82DA-C25AD4AD7FCC.jpeg?w=1080&amp;ssl=1 1080w, https:\/\/i0.wp.com\/www.ofkbrdo.com\/Wordpress\/wp-content\/uploads\/2021\/03\/90A9297D-3381-4E45-82DA-C25AD4AD7FCC.jpeg?resize=225%2C300&amp;ssl=1 225w, https:\/\/i0.wp.com\/www.ofkbrdo.com\/Wordpress\/wp-content\/uploads\/2021\/03\/90A9297D-3381-4E45-82DA-C25AD4AD7FCC.jpeg?resize=768%2C1024&amp;ssl=1 768w, https:\/\/i0.wp.com\/www.ofkbrdo.com\/Wordpress\/wp-content\/uploads\/2021\/03\/90A9297D-3381-4E45-82DA-C25AD4AD7FCC.jpeg?resize=310%2C413&amp;ssl=1 310w, https:\/\/i0.wp.com\/www.ofkbrdo.com\/Wordpress\/wp-content\/uploads\/2021\/03\/90A9297D-3381-4E45-82DA-C25AD4AD7FCC.jpeg?resize=60%2C80&amp;ssl=1 60w, https:\/\/i0.wp.com\/www.ofkbrdo.com\/Wordpress\/wp-content\/uploads\/2021\/03\/90A9297D-3381-4E45-82DA-C25AD4AD7FCC.jpeg?resize=96%2C128&amp;ssl=1 96w, https:\/\/i0.wp.com\/www.ofkbrdo.com\/Wordpress\/wp-content\/uploads\/2021\/03\/90A9297D-3381-4E45-82DA-C25AD4AD7FCC.jpeg?resize=24%2C32&amp;ssl=1 24w\" sizes=\"(max-width: 640px) 100vw, 640px\" \/>Na kraju godine \u017eelimo konstatovati da je po\u0161tovani Emir Duratovi\u0107 platio i godi\u0161nju reklamu koja krasi stadion na Vedrom polju. Beskrajno smo zahvalni i sretni \u0161to u na\u0161em okru\u017eenju imamo ljude kao \u0161to je to Emir Duratovi\u0107, insan iz Rizvanovi\u0107a koji \u017eivi i radi u Njema\u010dkoj.<\/p>\n","protected":false},"excerpt":{"rendered":"<p>Bezbroj puta je pokazao da mu Omladinski fudbalski klub Brdo mnogo zna\u010di. Tako je bilo i ove godine u kojoj je klub koji \u017eivot zna\u010di osjetio dobrotu ovog, velikog ljubitelja harmonike, lijepe pjesme i dobrih djela. Na kraju godine \u017eelimo konstatovati da je po\u0161tovani Emir Duratovi\u0107 platio i godi\u0161nju reklamu koja krasi stadion na Vedrom [&hellip;]<\/p>\n","protected":false},"author":1,"featured_media":6109,"comment_status":"closed","ping_status":"closed","sticky":false,"template":"","format":"standard","meta":{"ngg_post_thumbnail":0,"_jetpack_memberships_contains_paid_content":false,"footnotes":"","jetpack_publicize_message":"","jetpack_publicize_feature_enabled":true,"jetpack_social_post_already_shared":false,"jetpack_social_options":{"image_generator_settings":{"template":"highway","default_image_id":0,"font":"","enabled":false},"version":2}},"categories":[20],"tags":[],"class_list":["post-6108","post","type-post","status-publish","format-standard","has-post-thumbnail","hentry","category-sponzori"],"jetpack_publicize_connections":[],"jetpack_featured_media_url":"https:\/\/i0.wp.com\/www.ofkbrdo.com\/Wordpress\/wp-content\/uploads\/2022\/12\/1AB7C6C8-4AB1-4D57-B376-BC156264A3E2.jpeg?fit=1198%2C696&ssl=1","jetpack_sharing_enabled":true,"jetpack_likes_enabled":true,"jetpack_shortlink":"https:\/\/wp.me\/pevKtx-1Aw","jetpack-related-posts":[{"id":3453,"url":"https:\/\/www.ofkbrdo.com\/Wordpress\/emir-duratovic-ce-u-narednih-pet-godina-biti-sponzor-brda\/","url_meta":{"origin":6108,"position":0},"title":"EMIR DURATOVI\u0106 \u0106E U NAREDNIH PET GODINA BITI SPONZOR BRDA","author":"admin","date":"20. May 2021","format":false,"excerpt":"Postoje ljudi zbog kojih moramo biti ponosni da su iz na\u0161eg kraja. Postoje ljudi koji \u017eive i rade negdje daleko, a imate osje\u0107aj da su s vama u rodnom mjestu. Taj osje\u0107aj vas prati jer su prije svega vrijedni i \u010destiti ljudi koji su uspje\u0161ni, ali ne zaboravljaju rodnu grudu.\u2026","rel":"","context":"In &quot;Juniori&quot;","block_context":{"text":"Juniori","link":"https:\/\/www.ofkbrdo.com\/Wordpress\/juniori\/"},"img":{"alt_text":"","src":"https:\/\/i0.wp.com\/www.ofkbrdo.com\/Wordpress\/wp-content\/uploads\/2021\/05\/Emir-2.png?fit=823%2C506&ssl=1&resize=350%2C200","width":350,"height":200,"srcset":"https:\/\/i0.wp.com\/www.ofkbrdo.com\/Wordpress\/wp-content\/uploads\/2021\/05\/Emir-2.png?fit=823%2C506&ssl=1&resize=350%2C200 1x, https:\/\/i0.wp.com\/www.ofkbrdo.com\/Wordpress\/wp-content\/uploads\/2021\/05\/Emir-2.png?fit=823%2C506&ssl=1&resize=525%2C300 1.5x, https:\/\/i0.wp.com\/www.ofkbrdo.com\/Wordpress\/wp-content\/uploads\/2021\/05\/Emir-2.png?fit=823%2C506&ssl=1&resize=700%2C400 2x"},"classes":[]},{"id":3247,"url":"https:\/\/www.ofkbrdo.com\/Wordpress\/harmonika-i-brdo-su-njegov-zivot\/","url_meta":{"origin":6108,"position":1},"title":"HARMONIKA I BRDO SU NJEGOV \u017dIVOT","author":"admin","date":"18. March 2021","format":false,"excerpt":"Emir Duratovi\u0107 \u017eivi i radi u Njema\u010dkoj. Njegova, dva vjerna saputnika u Osnabriku su harmonika i Omladinski fudbalski klub Brdo. Njemu nisu potrebne akcije da bi bio od koristi voljenom klubu. To potvr\u0111uje i nedavna donacija od 100 eura. Par mjeseci ranije za kompletan seniorski i juniorski sastav osigurao je\u2026","rel":"","context":"In &quot;\u010clanska&quot;","block_context":{"text":"\u010clanska","link":"https:\/\/www.ofkbrdo.com\/Wordpress\/clanska\/"},"img":{"alt_text":"","src":"https:\/\/i0.wp.com\/www.ofkbrdo.com\/Wordpress\/wp-content\/uploads\/2021\/03\/EE32838C-7F50-4824-B079-7670F2B97BDB.jpeg?fit=1200%2C835&ssl=1&resize=350%2C200","width":350,"height":200,"srcset":"https:\/\/i0.wp.com\/www.ofkbrdo.com\/Wordpress\/wp-content\/uploads\/2021\/03\/EE32838C-7F50-4824-B079-7670F2B97BDB.jpeg?fit=1200%2C835&ssl=1&resize=350%2C200 1x, https:\/\/i0.wp.com\/www.ofkbrdo.com\/Wordpress\/wp-content\/uploads\/2021\/03\/EE32838C-7F50-4824-B079-7670F2B97BDB.jpeg?fit=1200%2C835&ssl=1&resize=525%2C300 1.5x, https:\/\/i0.wp.com\/www.ofkbrdo.com\/Wordpress\/wp-content\/uploads\/2021\/03\/EE32838C-7F50-4824-B079-7670F2B97BDB.jpeg?fit=1200%2C835&ssl=1&resize=700%2C400 2x, https:\/\/i0.wp.com\/www.ofkbrdo.com\/Wordpress\/wp-content\/uploads\/2021\/03\/EE32838C-7F50-4824-B079-7670F2B97BDB.jpeg?fit=1200%2C835&ssl=1&resize=1050%2C600 3x"},"classes":[]},{"id":4366,"url":"https:\/\/www.ofkbrdo.com\/Wordpress\/donacija-senada-dzolica-za-klub-koji-zivot-znaci\/","url_meta":{"origin":6108,"position":2},"title":"DONACIJA SENADA D\u017dOLI\u0106A ZA KLUB KOJI \u017dIVOT ZNA\u010cI","author":"admin","date":"6. October 2021","format":false,"excerpt":"Vikend pred nama donosi nove izazove za selekcije Omladinskog fudbalskog kluba Brdo. Kadeti obe\u0107avaju da \u0107e i dalje ostati jedina nepora\u017eena ekipa u Omladinskoj ligi Podru\u010dnog fudbalskog saveza Prijedor. Na Vedro polje dolaze juniori Jedinstva iz Biha\u0107a, ali Dedi\u0107, Fori\u0107, Duratovi\u0107 i ostali su spremni da jo\u0161 jednom poka\u017eu koliko\u2026","rel":"","context":"In &quot;\u010clanska&quot;","block_context":{"text":"\u010clanska","link":"https:\/\/www.ofkbrdo.com\/Wordpress\/clanska\/"},"img":{"alt_text":"","src":"https:\/\/i0.wp.com\/www.ofkbrdo.com\/Wordpress\/wp-content\/uploads\/2021\/10\/4491ABBD-9F26-43F9-9842-1C90669D6E07.jpeg?fit=858%2C728&ssl=1&resize=350%2C200","width":350,"height":200,"srcset":"https:\/\/i0.wp.com\/www.ofkbrdo.com\/Wordpress\/wp-content\/uploads\/2021\/10\/4491ABBD-9F26-43F9-9842-1C90669D6E07.jpeg?fit=858%2C728&ssl=1&resize=350%2C200 1x, https:\/\/i0.wp.com\/www.ofkbrdo.com\/Wordpress\/wp-content\/uploads\/2021\/10\/4491ABBD-9F26-43F9-9842-1C90669D6E07.jpeg?fit=858%2C728&ssl=1&resize=525%2C300 1.5x, https:\/\/i0.wp.com\/www.ofkbrdo.com\/Wordpress\/wp-content\/uploads\/2021\/10\/4491ABBD-9F26-43F9-9842-1C90669D6E07.jpeg?fit=858%2C728&ssl=1&resize=700%2C400 2x"},"classes":[]},{"id":8084,"url":"https:\/\/www.ofkbrdo.com\/Wordpress\/samir-causevic-vas-poziva-iz-dervente-da-podrzite-klub-koji-zivot-znaci\/","url_meta":{"origin":6108,"position":3},"title":"SAMIR \u010cAU\u0160EVI\u0106 VAS POZIVA IZ DERVENTE DA PODR\u017dITE KLUB KOJI \u017dIVOT ZNA\u010cI","author":"admin","date":"18. August 2024","format":false,"excerpt":"Omladinski klub Brdo naredne godine proslavlja 20. ro\u0111endan. Od prvog dana uz klub iz rodnog kraja je Samir \u010cau\u0161evi\u0107, rodom iz Hambarina, danas biznismen u Italiji. Biv\u0161i je to golman OFK Prijedora koji je izme\u0111u fudbalske karije i biznisa izabrao ovo drugo. On je na\u0161 najve\u0107i sponzor i \u0161to je\u2026","rel":"","context":"In &quot;Sponzori&quot;","block_context":{"text":"Sponzori","link":"https:\/\/www.ofkbrdo.com\/Wordpress\/sponzori\/"},"img":{"alt_text":"","src":"https:\/\/i0.wp.com\/www.ofkbrdo.com\/Wordpress\/wp-content\/uploads\/2024\/08\/IMG_1135.jpeg?fit=1200%2C667&ssl=1&resize=350%2C200","width":350,"height":200,"srcset":"https:\/\/i0.wp.com\/www.ofkbrdo.com\/Wordpress\/wp-content\/uploads\/2024\/08\/IMG_1135.jpeg?fit=1200%2C667&ssl=1&resize=350%2C200 1x, https:\/\/i0.wp.com\/www.ofkbrdo.com\/Wordpress\/wp-content\/uploads\/2024\/08\/IMG_1135.jpeg?fit=1200%2C667&ssl=1&resize=525%2C300 1.5x, https:\/\/i0.wp.com\/www.ofkbrdo.com\/Wordpress\/wp-content\/uploads\/2024\/08\/IMG_1135.jpeg?fit=1200%2C667&ssl=1&resize=700%2C400 2x, https:\/\/i0.wp.com\/www.ofkbrdo.com\/Wordpress\/wp-content\/uploads\/2024\/08\/IMG_1135.jpeg?fit=1200%2C667&ssl=1&resize=1050%2C600 3x"},"classes":[]},{"id":3809,"url":"https:\/\/www.ofkbrdo.com\/Wordpress\/elvielvir-blazevic-je-veliki-prijatelj-omladinskog-fudbalskog-kluba-brdo\/","url_meta":{"origin":6108,"position":4},"title":"VIDEO: ELVIR BLA\u017dEVI\u0106 JE VELIKI PRIJATELJ OMLADINSKOG FUDBALSKOG KLUBA BRDO","author":"admin","date":"12. August 2021","format":false,"excerpt":"Veliko nam je zadovoljstvo konstatovati da je Elvir Bla\u017eevi\u0107 podr\u0161ka razvoju kluba koji \u017eivot zna\u010di. Jako cijenimo njegov i doprinos njegovog prijatelja Arne iz \u0160vedske, izgradnji tribina na stadionu Vedro polje. Bla\u017eevi\u0107 je rodom iz \u0106ele, nadomak Prijedora, a \u017eivi i radi u \u0160vedskoj gdje pokazuje da je \u010dovjek od\u2026","rel":"","context":"In &quot;Pocetna&quot;","block_context":{"text":"Pocetna","link":"https:\/\/www.ofkbrdo.com\/Wordpress\/vijesti\/"},"img":{"alt_text":"","src":"https:\/\/i0.wp.com\/www.ofkbrdo.com\/Wordpress\/wp-content\/uploads\/2021\/08\/ElvirBlazevic.png?fit=1009%2C1137&ssl=1&resize=350%2C200","width":350,"height":200,"srcset":"https:\/\/i0.wp.com\/www.ofkbrdo.com\/Wordpress\/wp-content\/uploads\/2021\/08\/ElvirBlazevic.png?fit=1009%2C1137&ssl=1&resize=350%2C200 1x, https:\/\/i0.wp.com\/www.ofkbrdo.com\/Wordpress\/wp-content\/uploads\/2021\/08\/ElvirBlazevic.png?fit=1009%2C1137&ssl=1&resize=525%2C300 1.5x, https:\/\/i0.wp.com\/www.ofkbrdo.com\/Wordpress\/wp-content\/uploads\/2021\/08\/ElvirBlazevic.png?fit=1009%2C1137&ssl=1&resize=700%2C400 2x"},"classes":[]},{"id":5909,"url":"https:\/\/www.ofkbrdo.com\/Wordpress\/podrska-iz-budzeta-grada-za-klub-koji-zivot-znaci\/","url_meta":{"origin":6108,"position":5},"title":"PODR\u0160KA IZ BUD\u017dETA GRADA ZA KLUB KOJI \u017dIVOT ZNA\u010cI","author":"admin","date":"13. September 2022","format":false,"excerpt":"Omladinski fudbalski klub Brdo je lijepa pri\u010da koja iz rodnog kraja ide \u0161irom svijeta. Znali smo da se kvalitetnim i transparentnim radom mo\u017ee skrenuti pa\u017enja lokalne zajednice i \u0161ire. Zahvalni smo svima koji to prepoznaju i ulo\u017eu u drugoliga\u0161a s Vedrog polja. Ovog puta smo zahvalni gradu i predsjedniku gradske\u2026","rel":"","context":"In &quot;Sponzori&quot;","block_context":{"text":"Sponzori","link":"https:\/\/www.ofkbrdo.com\/Wordpress\/sponzori\/"},"img":{"alt_text":"","src":"https:\/\/i0.wp.com\/www.ofkbrdo.com\/Wordpress\/wp-content\/uploads\/2022\/09\/EBEE406D-7ED0-40FD-AF92-1D6633B7F203.jpeg?fit=1200%2C794&ssl=1&resize=350%2C200","width":350,"height":200,"srcset":"https:\/\/i0.wp.com\/www.ofkbrdo.com\/Wordpress\/wp-content\/uploads\/2022\/09\/EBEE406D-7ED0-40FD-AF92-1D6633B7F203.jpeg?fit=1200%2C794&ssl=1&resize=350%2C200 1x, https:\/\/i0.wp.com\/www.ofkbrdo.com\/Wordpress\/wp-content\/uploads\/2022\/09\/EBEE406D-7ED0-40FD-AF92-1D6633B7F203.jpeg?fit=1200%2C794&ssl=1&resize=525%2C300 1.5x, https:\/\/i0.wp.com\/www.ofkbrdo.com\/Wordpress\/wp-content\/uploads\/2022\/09\/EBEE406D-7ED0-40FD-AF92-1D6633B7F203.jpeg?fit=1200%2C794&ssl=1&resize=700%2C400 2x, https:\/\/i0.wp.com\/www.ofkbrdo.com\/Wordpress\/wp-content\/uploads\/2022\/09\/EBEE406D-7ED0-40FD-AF92-1D6633B7F203.jpeg?fit=1200%2C794&ssl=1&resize=1050%2C600 3x"},"classes":[]}],"_links":{"self":[{"href":"https:\/\/www.ofkbrdo.com\/Wordpress\/wp-json\/wp\/v2\/posts\/6108","targetHints":{"allow":["GET"]}}],"collection":[{"href":"https:\/\/www.ofkbrdo.com\/Wordpress\/wp-json\/wp\/v2\/posts"}],"about":[{"href":"https:\/\/www.ofkbrdo.com\/Wordpress\/wp-json\/wp\/v2\/types\/post"}],"author":[{"embeddable":true,"href":"https:\/\/www.ofkbrdo.com\/Wordpress\/wp-json\/wp\/v2\/users\/1"}],"replies":[{"embeddable":true,"href":"https:\/\/www.ofkbrdo.com\/Wordpress\/wp-json\/wp\/v2\/comments?post=6108"}],"version-history":[{"count":0,"href":"https:\/\/www.ofkbrdo.com\/Wordpress\/wp-json\/wp\/v2\/posts\/6108\/revisions"}],"wp:featuredmedia":[{"embeddable":true,"href":"https:\/\/www.ofkbrdo.com\/Wordpress\/wp-json\/wp\/v2\/media\/6109"}],"wp:attachment":[{"href":"https:\/\/www.ofkbrdo.com\/Wordpress\/wp-json\/wp\/v2\/media?parent=6108"}],"wp:term":[{"taxonomy":"category","embeddable":true,"href":"https:\/\/www.ofkbrdo.com\/Wordpress\/wp-json\/wp\/v2\/categories?post=6108"},{"taxonomy":"post_tag","embeddable":true,"href":"https:\/\/www.ofkbrdo.com\/Wordpress\/wp-json\/wp\/v2\/tags?post=6108"}],"curies":[{"name":"wp","href":"https:\/\/api.w.org\/{rel}","templated":true}]}}