{"id":6209,"date":"2023-01-06T23:32:11","date_gmt":"2023-01-06T22:32:11","guid":{"rendered":"https:\/\/www.ofkbrdo.com\/Wordpress\/?p=6209"},"modified":"2023-01-06T23:32:11","modified_gmt":"2023-01-06T22:32:11","slug":"sretan-bozic","status":"publish","type":"post","link":"https:\/\/www.ofkbrdo.com\/Wordpress\/sretan-bozic\/","title":{"rendered":"Sretan Bo\u017ei\u0107"},"content":{"rendered":"<p class=\"p1\">Svim vjernicima pravoslavne vjeroispovijesti,OFK Brdo, \u017eeli Sretan Bo\u017ei\u0107 !<\/p>\n<p><img data-recalc-dims=\"1\" fetchpriority=\"high\" decoding=\"async\" data-attachment-id=\"6210\" data-permalink=\"https:\/\/www.ofkbrdo.com\/Wordpress\/sretan-bozic\/c2e4efc2-4f5b-40ab-9c3b-5917628b94b5\/\" data-orig-file=\"https:\/\/i0.wp.com\/www.ofkbrdo.com\/Wordpress\/wp-content\/uploads\/2023\/01\/C2E4EFC2-4F5B-40AB-9C3B-5917628B94B5.jpeg?fit=1201%2C1078&amp;ssl=1\" data-orig-size=\"1201,1078\" data-comments-opened=\"0\" data-image-meta=\"{&quot;aperture&quot;:&quot;0&quot;,&quot;credit&quot;:&quot;&quot;,&quot;camera&quot;:&quot;&quot;,&quot;caption&quot;:&quot;&quot;,&quot;created_timestamp&quot;:&quot;0&quot;,&quot;copyright&quot;:&quot;&quot;,&quot;focal_length&quot;:&quot;0&quot;,&quot;iso&quot;:&quot;0&quot;,&quot;shutter_speed&quot;:&quot;0&quot;,&quot;title&quot;:&quot;&quot;,&quot;orientation&quot;:&quot;1&quot;}\" data-image-title=\"C2E4EFC2-4F5B-40AB-9C3B-5917628B94B5\" data-image-description=\"\" data-image-caption=\"\" data-large-file=\"https:\/\/i0.wp.com\/www.ofkbrdo.com\/Wordpress\/wp-content\/uploads\/2023\/01\/C2E4EFC2-4F5B-40AB-9C3B-5917628B94B5.jpeg?fit=640%2C574&amp;ssl=1\" class=\"aligncenter size-full wp-image-6210\" src=\"https:\/\/i0.wp.com\/www.ofkbrdo.com\/Wordpress\/wp-content\/uploads\/2023\/01\/C2E4EFC2-4F5B-40AB-9C3B-5917628B94B5.jpeg?resize=640%2C574&#038;ssl=1\" alt=\"\" width=\"640\" height=\"574\" srcset=\"https:\/\/i0.wp.com\/www.ofkbrdo.com\/Wordpress\/wp-content\/uploads\/2023\/01\/C2E4EFC2-4F5B-40AB-9C3B-5917628B94B5.jpeg?w=1201&amp;ssl=1 1201w, https:\/\/i0.wp.com\/www.ofkbrdo.com\/Wordpress\/wp-content\/uploads\/2023\/01\/C2E4EFC2-4F5B-40AB-9C3B-5917628B94B5.jpeg?resize=300%2C269&amp;ssl=1 300w, https:\/\/i0.wp.com\/www.ofkbrdo.com\/Wordpress\/wp-content\/uploads\/2023\/01\/C2E4EFC2-4F5B-40AB-9C3B-5917628B94B5.jpeg?resize=1024%2C919&amp;ssl=1 1024w, https:\/\/i0.wp.com\/www.ofkbrdo.com\/Wordpress\/wp-content\/uploads\/2023\/01\/C2E4EFC2-4F5B-40AB-9C3B-5917628B94B5.jpeg?resize=768%2C689&amp;ssl=1 768w, https:\/\/i0.wp.com\/www.ofkbrdo.com\/Wordpress\/wp-content\/uploads\/2023\/01\/C2E4EFC2-4F5B-40AB-9C3B-5917628B94B5.jpeg?resize=128%2C115&amp;ssl=1 128w, https:\/\/i0.wp.com\/www.ofkbrdo.com\/Wordpress\/wp-content\/uploads\/2023\/01\/C2E4EFC2-4F5B-40AB-9C3B-5917628B94B5.jpeg?resize=32%2C29&amp;ssl=1 32w\" sizes=\"(max-width: 640px) 100vw, 640px\" \/><\/p>\n","protected":false},"excerpt":{"rendered":"<p>Svim vjernicima pravoslavne vjeroispovijesti,OFK Brdo, \u017eeli Sretan Bo\u017ei\u0107 !<\/p>\n","protected":false},"author":1,"featured_media":6210,"comment_status":"closed","ping_status":"closed","sticky":false,"template":"","format":"standard","meta":{"ngg_post_thumbnail":0,"_jetpack_memberships_contains_paid_content":false,"footnotes":"","jetpack_publicize_message":"","jetpack_publicize_feature_enabled":true,"jetpack_social_post_already_shared":false,"jetpack_social_options":{"image_generator_settings":{"template":"highway","default_image_id":0,"font":"","enabled":false},"version":2}},"categories":[185],"tags":[],"class_list":["post-6209","post","type-post","status-publish","format-standard","has-post-thumbnail","hentry","category-druzenje"],"jetpack_publicize_connections":[],"jetpack_featured_media_url":"https:\/\/i0.wp.com\/www.ofkbrdo.com\/Wordpress\/wp-content\/uploads\/2023\/01\/C2E4EFC2-4F5B-40AB-9C3B-5917628B94B5.jpeg?fit=1201%2C1078&ssl=1","jetpack_sharing_enabled":true,"jetpack_likes_enabled":true,"jetpack_shortlink":"https:\/\/wp.me\/pevKtx-1C9","jetpack-related-posts":[{"id":9696,"url":"https:\/\/www.ofkbrdo.com\/Wordpress\/sretan-bozic-2\/","url_meta":{"origin":6209,"position":0},"title":"SRETAN BO\u017dI\u0106","author":"admin","date":"7. January 2026","format":false,"excerpt":"Svim vjernicima pravoslavne vjeroispovijesti, OFK Brdo, \u017eeli Sretan Bo\u017ei\u0107 !","rel":"","context":"In &quot;Razno&quot;","block_context":{"text":"Razno","link":"https:\/\/www.ofkbrdo.com\/Wordpress\/razno\/"},"img":{"alt_text":"","src":"https:\/\/i0.wp.com\/www.ofkbrdo.com\/Wordpress\/wp-content\/uploads\/2026\/01\/IMG_6938.jpeg?fit=1200%2C693&ssl=1&resize=350%2C200","width":350,"height":200,"srcset":"https:\/\/i0.wp.com\/www.ofkbrdo.com\/Wordpress\/wp-content\/uploads\/2026\/01\/IMG_6938.jpeg?fit=1200%2C693&ssl=1&resize=350%2C200 1x, https:\/\/i0.wp.com\/www.ofkbrdo.com\/Wordpress\/wp-content\/uploads\/2026\/01\/IMG_6938.jpeg?fit=1200%2C693&ssl=1&resize=525%2C300 1.5x, https:\/\/i0.wp.com\/www.ofkbrdo.com\/Wordpress\/wp-content\/uploads\/2026\/01\/IMG_6938.jpeg?fit=1200%2C693&ssl=1&resize=700%2C400 2x, https:\/\/i0.wp.com\/www.ofkbrdo.com\/Wordpress\/wp-content\/uploads\/2026\/01\/IMG_6938.jpeg?fit=1200%2C693&ssl=1&resize=1050%2C600 3x"},"classes":[]},{"id":7666,"url":"https:\/\/www.ofkbrdo.com\/Wordpress\/sretan-uskrs\/","url_meta":{"origin":6209,"position":1},"title":"SRETAN USKRS","author":"admin","date":"31. March 2024","format":false,"excerpt":"U povodu najve\u0107eg katoli\u010dkog blagdana Uskrsa, OFK BRDO svim svojim \u010dlanovima, navija\u010dima kao i svim katolicima, \u017eeli puno sre\u0107e i zdravlja, te da ovaj blagdan provedu u miru, sre\u0107i i zadovoljstvu sa svojim najmilijim. OFK BRDO","rel":"","context":"In &quot;Razno&quot;","block_context":{"text":"Razno","link":"https:\/\/www.ofkbrdo.com\/Wordpress\/razno\/"},"img":{"alt_text":"","src":"https:\/\/i0.wp.com\/www.ofkbrdo.com\/Wordpress\/wp-content\/uploads\/2024\/03\/IMG_7100.jpeg?fit=1200%2C673&ssl=1&resize=350%2C200","width":350,"height":200,"srcset":"https:\/\/i0.wp.com\/www.ofkbrdo.com\/Wordpress\/wp-content\/uploads\/2024\/03\/IMG_7100.jpeg?fit=1200%2C673&ssl=1&resize=350%2C200 1x, https:\/\/i0.wp.com\/www.ofkbrdo.com\/Wordpress\/wp-content\/uploads\/2024\/03\/IMG_7100.jpeg?fit=1200%2C673&ssl=1&resize=525%2C300 1.5x, https:\/\/i0.wp.com\/www.ofkbrdo.com\/Wordpress\/wp-content\/uploads\/2024\/03\/IMG_7100.jpeg?fit=1200%2C673&ssl=1&resize=700%2C400 2x, https:\/\/i0.wp.com\/www.ofkbrdo.com\/Wordpress\/wp-content\/uploads\/2024\/03\/IMG_7100.jpeg?fit=1200%2C673&ssl=1&resize=1050%2C600 3x"},"classes":[]},{"id":3377,"url":"https:\/\/www.ofkbrdo.com\/Wordpress\/sretan-vaskrs\/","url_meta":{"origin":6209,"position":2},"title":"Sretan Vaskrs!","author":"admin","date":"1. May 2021","format":false,"excerpt":"Omladinski fudbalski klub \"Brdo\" ovom prilikom \u017eeli, svim igra\u010dima, \u010dlanovima i simpatizerima kluba koji \u017eivot zna\u010di, kao i svim pravoslavcima Bosne i Hercegovine, uputiti iskrene \u010destitke povodom predsotje\u0107eg Vaskrsa. \u017delimo da ovaj praznik proslavite u zdravlju, miru, sre\u0107i i toleranciji zajedno sa svojim najbli\u017eima. ...jer Brdo \u017eivot zna\u010di Sportski pozdrav\u2026","rel":"","context":"In &quot;Pocetna&quot;","block_context":{"text":"Pocetna","link":"https:\/\/www.ofkbrdo.com\/Wordpress\/vijesti\/"},"img":{"alt_text":"","src":"https:\/\/i0.wp.com\/www.ofkbrdo.com\/Wordpress\/wp-content\/uploads\/2021\/05\/phpThumb_generated_thumbnail.jpg?fit=750%2C420&ssl=1&resize=350%2C200","width":350,"height":200,"srcset":"https:\/\/i0.wp.com\/www.ofkbrdo.com\/Wordpress\/wp-content\/uploads\/2021\/05\/phpThumb_generated_thumbnail.jpg?fit=750%2C420&ssl=1&resize=350%2C200 1x, https:\/\/i0.wp.com\/www.ofkbrdo.com\/Wordpress\/wp-content\/uploads\/2021\/05\/phpThumb_generated_thumbnail.jpg?fit=750%2C420&ssl=1&resize=525%2C300 1.5x, https:\/\/i0.wp.com\/www.ofkbrdo.com\/Wordpress\/wp-content\/uploads\/2021\/05\/phpThumb_generated_thumbnail.jpg?fit=750%2C420&ssl=1&resize=700%2C400 2x"},"classes":[]},{"id":3700,"url":"https:\/\/www.ofkbrdo.com\/Wordpress\/bajram-serif-mubarek-olsun-2\/","url_meta":{"origin":6209,"position":3},"title":"Bajram \u0160erif Mubarek Olsun","author":"admin","date":"19. July 2021","format":false,"excerpt":"Bajram \u0160erif Mubarek Olsun svim vjernicima, a posebno na\u0161im \u010dlanovima, prijateljima i simpatizerima kluba \u017eeli Vam va\u0161 OFK Brdo. \u2026jer Brdo \u017eivot zna\u010di","rel":"","context":"In &quot;Razno&quot;","block_context":{"text":"Razno","link":"https:\/\/www.ofkbrdo.com\/Wordpress\/razno\/"},"img":{"alt_text":"","src":"https:\/\/i0.wp.com\/www.ofkbrdo.com\/Wordpress\/wp-content\/uploads\/2021\/07\/D3A483B6-A298-491B-8A3A-08C91ECEAC5A.jpeg?fit=1200%2C1200&ssl=1&resize=350%2C200","width":350,"height":200,"srcset":"https:\/\/i0.wp.com\/www.ofkbrdo.com\/Wordpress\/wp-content\/uploads\/2021\/07\/D3A483B6-A298-491B-8A3A-08C91ECEAC5A.jpeg?fit=1200%2C1200&ssl=1&resize=350%2C200 1x, https:\/\/i0.wp.com\/www.ofkbrdo.com\/Wordpress\/wp-content\/uploads\/2021\/07\/D3A483B6-A298-491B-8A3A-08C91ECEAC5A.jpeg?fit=1200%2C1200&ssl=1&resize=525%2C300 1.5x, https:\/\/i0.wp.com\/www.ofkbrdo.com\/Wordpress\/wp-content\/uploads\/2021\/07\/D3A483B6-A298-491B-8A3A-08C91ECEAC5A.jpeg?fit=1200%2C1200&ssl=1&resize=700%2C400 2x, https:\/\/i0.wp.com\/www.ofkbrdo.com\/Wordpress\/wp-content\/uploads\/2021\/07\/D3A483B6-A298-491B-8A3A-08C91ECEAC5A.jpeg?fit=1200%2C1200&ssl=1&resize=1050%2C600 3x"},"classes":[]},{"id":4713,"url":"https:\/\/www.ofkbrdo.com\/Wordpress\/sretan-pocetak-2022-godine-za-ofk-brdo\/","url_meta":{"origin":6209,"position":4},"title":"SRETAN PO\u010cETAK 2022. GODINE ZA OFK BRDO","author":"admin","date":"1. January 2022","format":false,"excerpt":"Kada ka\u017eete Mirsad \u010cau\u0161evi\u0107 odmah pomislite na ljudsku dobrotu. Nema broja humanim djelima ovog skromnog, ali velikog \u010dovjeka. Sjajan je to ambasador Mataru\u0161kog Brda i BiH u Sjedinjenim Ameri\u010dkim Dr\u017eavama. Na po\u010detku nove godine poslao nam je sjanu informaciju koja nas je jako obradovala. Zahvaljuju\u0107i njegovom anga\u017emanu, klub koji \u017eivot\u2026","rel":"","context":"In &quot;\u010clanska&quot;","block_context":{"text":"\u010clanska","link":"https:\/\/www.ofkbrdo.com\/Wordpress\/clanska\/"},"img":{"alt_text":"","src":"https:\/\/i0.wp.com\/www.ofkbrdo.com\/Wordpress\/wp-content\/uploads\/2021\/12\/BA519840-3246-4144-911C-06574AFFB4EC.jpeg?fit=1200%2C812&ssl=1&resize=350%2C200","width":350,"height":200,"srcset":"https:\/\/i0.wp.com\/www.ofkbrdo.com\/Wordpress\/wp-content\/uploads\/2021\/12\/BA519840-3246-4144-911C-06574AFFB4EC.jpeg?fit=1200%2C812&ssl=1&resize=350%2C200 1x, https:\/\/i0.wp.com\/www.ofkbrdo.com\/Wordpress\/wp-content\/uploads\/2021\/12\/BA519840-3246-4144-911C-06574AFFB4EC.jpeg?fit=1200%2C812&ssl=1&resize=525%2C300 1.5x, https:\/\/i0.wp.com\/www.ofkbrdo.com\/Wordpress\/wp-content\/uploads\/2021\/12\/BA519840-3246-4144-911C-06574AFFB4EC.jpeg?fit=1200%2C812&ssl=1&resize=700%2C400 2x, https:\/\/i0.wp.com\/www.ofkbrdo.com\/Wordpress\/wp-content\/uploads\/2021\/12\/BA519840-3246-4144-911C-06574AFFB4EC.jpeg?fit=1200%2C812&ssl=1&resize=1050%2C600 3x"},"classes":[]},{"id":4673,"url":"https:\/\/www.ofkbrdo.com\/Wordpress\/4673-2\/","url_meta":{"origin":6209,"position":5},"title":"SRETAN DAN DR\u017dAVNOSTI BOSNE I HERCEGOVINE","author":"admin","date":"25. November 2021","format":false,"excerpt":"Ispred Omladinskog fudbalskog kluba Brdo najiskrenije \u010destitke povodom Dana dr\u017eavnosti Bosne i Hercegovine.","rel":"","context":"In &quot;Dru\u017eenje&quot;","block_context":{"text":"Dru\u017eenje","link":"https:\/\/www.ofkbrdo.com\/Wordpress\/druzenje\/"},"img":{"alt_text":"","src":"https:\/\/i0.wp.com\/www.ofkbrdo.com\/Wordpress\/wp-content\/uploads\/2021\/11\/7D475676-7892-4204-B920-ED7C2BB4CD4E.jpeg?fit=1201%2C806&ssl=1&resize=350%2C200","width":350,"height":200,"srcset":"https:\/\/i0.wp.com\/www.ofkbrdo.com\/Wordpress\/wp-content\/uploads\/2021\/11\/7D475676-7892-4204-B920-ED7C2BB4CD4E.jpeg?fit=1201%2C806&ssl=1&resize=350%2C200 1x, https:\/\/i0.wp.com\/www.ofkbrdo.com\/Wordpress\/wp-content\/uploads\/2021\/11\/7D475676-7892-4204-B920-ED7C2BB4CD4E.jpeg?fit=1201%2C806&ssl=1&resize=525%2C300 1.5x, https:\/\/i0.wp.com\/www.ofkbrdo.com\/Wordpress\/wp-content\/uploads\/2021\/11\/7D475676-7892-4204-B920-ED7C2BB4CD4E.jpeg?fit=1201%2C806&ssl=1&resize=700%2C400 2x, https:\/\/i0.wp.com\/www.ofkbrdo.com\/Wordpress\/wp-content\/uploads\/2021\/11\/7D475676-7892-4204-B920-ED7C2BB4CD4E.jpeg?fit=1201%2C806&ssl=1&resize=1050%2C600 3x"},"classes":[]}],"_links":{"self":[{"href":"https:\/\/www.ofkbrdo.com\/Wordpress\/wp-json\/wp\/v2\/posts\/6209","targetHints":{"allow":["GET"]}}],"collection":[{"href":"https:\/\/www.ofkbrdo.com\/Wordpress\/wp-json\/wp\/v2\/posts"}],"about":[{"href":"https:\/\/www.ofkbrdo.com\/Wordpress\/wp-json\/wp\/v2\/types\/post"}],"author":[{"embeddable":true,"href":"https:\/\/www.ofkbrdo.com\/Wordpress\/wp-json\/wp\/v2\/users\/1"}],"replies":[{"embeddable":true,"href":"https:\/\/www.ofkbrdo.com\/Wordpress\/wp-json\/wp\/v2\/comments?post=6209"}],"version-history":[{"count":0,"href":"https:\/\/www.ofkbrdo.com\/Wordpress\/wp-json\/wp\/v2\/posts\/6209\/revisions"}],"wp:featuredmedia":[{"embeddable":true,"href":"https:\/\/www.ofkbrdo.com\/Wordpress\/wp-json\/wp\/v2\/media\/6210"}],"wp:attachment":[{"href":"https:\/\/www.ofkbrdo.com\/Wordpress\/wp-json\/wp\/v2\/media?parent=6209"}],"wp:term":[{"taxonomy":"category","embeddable":true,"href":"https:\/\/www.ofkbrdo.com\/Wordpress\/wp-json\/wp\/v2\/categories?post=6209"},{"taxonomy":"post_tag","embeddable":true,"href":"https:\/\/www.ofkbrdo.com\/Wordpress\/wp-json\/wp\/v2\/tags?post=6209"}],"curies":[{"name":"wp","href":"https:\/\/api.w.org\/{rel}","templated":true}]}}