{"id":6319,"date":"2023-02-04T20:00:50","date_gmt":"2023-02-04T19:00:50","guid":{"rendered":"https:\/\/www.ofkbrdo.com\/Wordpress\/?p=6319"},"modified":"2023-02-04T20:02:12","modified_gmt":"2023-02-04T19:02:12","slug":"almir-muhic-cani-svijetla-strana-mataruskog-brda","status":"publish","type":"post","link":"https:\/\/www.ofkbrdo.com\/Wordpress\/almir-muhic-cani-svijetla-strana-mataruskog-brda\/","title":{"rendered":"ALMIR MUHI\u0106 \u0106ANI \u2013 SVIJETLA STRANA MATARU\u0160KOG BRDA"},"content":{"rendered":"<p>Dani, mjeseci i godine uporno pralaze. Za na\u0161u raju razasutu \u0161irom svijeta svaki dan, daleko od rodnog kraja je kao godina.Savremena tehnolo\u0161ka dostignu\u0107a su nam omogu\u0107ila da se znatno smanji na\u0161a udaljenost od mahala i sokaka kojima smo nekada kora\u010dali. Me\u0111utim, vezu s rodnim krajem itekako \u010duva i plemenitost tako da se negdje daleko osje\u0107ate kao da ste tu gdje vam je srce i du\u0161a.<\/p>\n<p>E, ba\u0161 tako nam se \u010dini za na\u0161eg po\u0161tovanog \u010dlana, donatora, sponzora, insana od glave do pete, Almira Muhi\u0107a \u0106anija. On je jedan od onih koji je svojom dobrotom jako prisutan u rodnom kraju, a \u017eivi i radi u hiljadama kilometara udaljenoj Australiji.<\/p>\n<p><img data-recalc-dims=\"1\" fetchpriority=\"high\" decoding=\"async\" data-attachment-id=\"6321\" data-permalink=\"https:\/\/www.ofkbrdo.com\/Wordpress\/almir-muhic-cani-svijetla-strana-mataruskog-brda\/f0e0da14-abbf-44bf-9961-e1fb340d9468\/\" data-orig-file=\"https:\/\/i0.wp.com\/www.ofkbrdo.com\/Wordpress\/wp-content\/uploads\/2023\/02\/F0E0DA14-ABBF-44BF-9961-E1FB340D9468.jpeg?fit=612%2C721&amp;ssl=1\" data-orig-size=\"612,721\" data-comments-opened=\"0\" data-image-meta=\"{&quot;aperture&quot;:&quot;0&quot;,&quot;credit&quot;:&quot;&quot;,&quot;camera&quot;:&quot;&quot;,&quot;caption&quot;:&quot;&quot;,&quot;created_timestamp&quot;:&quot;0&quot;,&quot;copyright&quot;:&quot;&quot;,&quot;focal_length&quot;:&quot;0&quot;,&quot;iso&quot;:&quot;0&quot;,&quot;shutter_speed&quot;:&quot;0&quot;,&quot;title&quot;:&quot;&quot;,&quot;orientation&quot;:&quot;1&quot;}\" data-image-title=\"F0E0DA14-ABBF-44BF-9961-E1FB340D9468\" data-image-description=\"\" data-image-caption=\"\" data-large-file=\"https:\/\/i0.wp.com\/www.ofkbrdo.com\/Wordpress\/wp-content\/uploads\/2023\/02\/F0E0DA14-ABBF-44BF-9961-E1FB340D9468.jpeg?fit=612%2C721&amp;ssl=1\" class=\"aligncenter size-full wp-image-6321\" src=\"https:\/\/i0.wp.com\/www.ofkbrdo.com\/Wordpress\/wp-content\/uploads\/2023\/02\/F0E0DA14-ABBF-44BF-9961-E1FB340D9468.jpeg?resize=612%2C721&#038;ssl=1\" alt=\"\" width=\"612\" height=\"721\" srcset=\"https:\/\/i0.wp.com\/www.ofkbrdo.com\/Wordpress\/wp-content\/uploads\/2023\/02\/F0E0DA14-ABBF-44BF-9961-E1FB340D9468.jpeg?w=612&amp;ssl=1 612w, https:\/\/i0.wp.com\/www.ofkbrdo.com\/Wordpress\/wp-content\/uploads\/2023\/02\/F0E0DA14-ABBF-44BF-9961-E1FB340D9468.jpeg?resize=255%2C300&amp;ssl=1 255w, https:\/\/i0.wp.com\/www.ofkbrdo.com\/Wordpress\/wp-content\/uploads\/2023\/02\/F0E0DA14-ABBF-44BF-9961-E1FB340D9468.jpeg?resize=109%2C128&amp;ssl=1 109w, https:\/\/i0.wp.com\/www.ofkbrdo.com\/Wordpress\/wp-content\/uploads\/2023\/02\/F0E0DA14-ABBF-44BF-9961-E1FB340D9468.jpeg?resize=27%2C32&amp;ssl=1 27w\" sizes=\"(max-width: 612px) 100vw, 612px\" \/>I, pored toga \u0161to je \u010dlan Brda i \u010dovjek koji na mjese\u010dnom nivou izdvaja za klub koji \u017eivot zna\u010di, \u0106ani je i ponosni \u010dlan Humanitarne organizacije \u201cHUMANO BRDO\u201d, na\u0161eg partnera i tvornice brojnih misija dobrote. Naprosto, epiteta koji bi mogli koristiti ispreed \u0106anijevog imena je nestalo.<\/p>\n<p><img data-recalc-dims=\"1\" decoding=\"async\" data-attachment-id=\"6246\" data-permalink=\"https:\/\/www.ofkbrdo.com\/Wordpress\/nova-godina-stare-navike-clanske-karte-2023\/uclanise2023\/\" data-orig-file=\"https:\/\/i0.wp.com\/www.ofkbrdo.com\/Wordpress\/wp-content\/uploads\/2023\/01\/uclanise2023-e1692194448916.jpg?fit=906%2C500&amp;ssl=1\" data-orig-size=\"906,500\" data-comments-opened=\"0\" data-image-meta=\"{&quot;aperture&quot;:&quot;0&quot;,&quot;credit&quot;:&quot;&quot;,&quot;camera&quot;:&quot;&quot;,&quot;caption&quot;:&quot;&quot;,&quot;created_timestamp&quot;:&quot;1673391637&quot;,&quot;copyright&quot;:&quot;&quot;,&quot;focal_length&quot;:&quot;0&quot;,&quot;iso&quot;:&quot;0&quot;,&quot;shutter_speed&quot;:&quot;0&quot;,&quot;title&quot;:&quot;&quot;,&quot;orientation&quot;:&quot;1&quot;}\" data-image-title=\"uclanise2023\" data-image-description=\"\" data-image-caption=\"\" data-large-file=\"https:\/\/i0.wp.com\/www.ofkbrdo.com\/Wordpress\/wp-content\/uploads\/2023\/01\/uclanise2023-e1692194448916.jpg?fit=640%2C353&amp;ssl=1\" class=\"aligncenter size-full wp-image-6246\" src=\"https:\/\/i0.wp.com\/www.ofkbrdo.com\/Wordpress\/wp-content\/uploads\/2023\/01\/uclanise2023.jpg?resize=640%2C353&#038;ssl=1\" alt=\"\" width=\"640\" height=\"353\">Potro\u0161ili smo ih svih ovih godina, njegove uporne brige za klubom koji \u017eivot zna\u010di, bolesnim, socijalno ugro\u017eenim i kom\u0161ijama u stanju neke potrebe. Pogledajte samo kako su \u0106ani i njegov sin ponosni dok u dalekoj Australiji nose dres voljenog kluba.<\/p>\n<p><img data-recalc-dims=\"1\" decoding=\"async\" data-attachment-id=\"6320\" data-permalink=\"https:\/\/www.ofkbrdo.com\/Wordpress\/almir-muhic-cani-svijetla-strana-mataruskog-brda\/ab533a3e-4094-473b-a913-6ccf4b7ea902\/\" data-orig-file=\"https:\/\/i0.wp.com\/www.ofkbrdo.com\/Wordpress\/wp-content\/uploads\/2023\/02\/AB533A3E-4094-473B-A913-6CCF4B7EA902.jpeg?fit=1600%2C1200&amp;ssl=1\" data-orig-size=\"1600,1200\" data-comments-opened=\"0\" data-image-meta=\"{&quot;aperture&quot;:&quot;0&quot;,&quot;credit&quot;:&quot;&quot;,&quot;camera&quot;:&quot;&quot;,&quot;caption&quot;:&quot;&quot;,&quot;created_timestamp&quot;:&quot;0&quot;,&quot;copyright&quot;:&quot;&quot;,&quot;focal_length&quot;:&quot;0&quot;,&quot;iso&quot;:&quot;0&quot;,&quot;shutter_speed&quot;:&quot;0&quot;,&quot;title&quot;:&quot;&quot;,&quot;orientation&quot;:&quot;1&quot;}\" data-image-title=\"AB533A3E-4094-473B-A913-6CCF4B7EA902\" data-image-description=\"\" data-image-caption=\"\" data-large-file=\"https:\/\/i0.wp.com\/www.ofkbrdo.com\/Wordpress\/wp-content\/uploads\/2023\/02\/AB533A3E-4094-473B-A913-6CCF4B7EA902.jpeg?fit=640%2C480&amp;ssl=1\" class=\"aligncenter size-full wp-image-6320\" src=\"https:\/\/i0.wp.com\/www.ofkbrdo.com\/Wordpress\/wp-content\/uploads\/2023\/02\/AB533A3E-4094-473B-A913-6CCF4B7EA902.jpeg?resize=640%2C480&#038;ssl=1\" alt=\"\" width=\"640\" height=\"480\" srcset=\"https:\/\/i0.wp.com\/www.ofkbrdo.com\/Wordpress\/wp-content\/uploads\/2023\/02\/AB533A3E-4094-473B-A913-6CCF4B7EA902.jpeg?w=1600&amp;ssl=1 1600w, https:\/\/i0.wp.com\/www.ofkbrdo.com\/Wordpress\/wp-content\/uploads\/2023\/02\/AB533A3E-4094-473B-A913-6CCF4B7EA902.jpeg?resize=300%2C225&amp;ssl=1 300w, https:\/\/i0.wp.com\/www.ofkbrdo.com\/Wordpress\/wp-content\/uploads\/2023\/02\/AB533A3E-4094-473B-A913-6CCF4B7EA902.jpeg?resize=1024%2C768&amp;ssl=1 1024w, https:\/\/i0.wp.com\/www.ofkbrdo.com\/Wordpress\/wp-content\/uploads\/2023\/02\/AB533A3E-4094-473B-A913-6CCF4B7EA902.jpeg?resize=768%2C576&amp;ssl=1 768w, https:\/\/i0.wp.com\/www.ofkbrdo.com\/Wordpress\/wp-content\/uploads\/2023\/02\/AB533A3E-4094-473B-A913-6CCF4B7EA902.jpeg?resize=1536%2C1152&amp;ssl=1 1536w, https:\/\/i0.wp.com\/www.ofkbrdo.com\/Wordpress\/wp-content\/uploads\/2023\/02\/AB533A3E-4094-473B-A913-6CCF4B7EA902.jpeg?resize=128%2C96&amp;ssl=1 128w, https:\/\/i0.wp.com\/www.ofkbrdo.com\/Wordpress\/wp-content\/uploads\/2023\/02\/AB533A3E-4094-473B-A913-6CCF4B7EA902.jpeg?resize=32%2C24&amp;ssl=1 32w, https:\/\/i0.wp.com\/www.ofkbrdo.com\/Wordpress\/wp-content\/uploads\/2023\/02\/AB533A3E-4094-473B-A913-6CCF4B7EA902.jpeg?w=1280&amp;ssl=1 1280w\" sizes=\"(max-width: 640px) 100vw, 640px\" \/>Nije nam potrebno i\u0107i s Mataru\u0161kog Brda u potrazi za ljudima koji nam mogu biti primjer. Almir Muhi\u0107 \u0106ani je jedan od njih. Svaka ti \u010dast ljudino i neka tebe i tvoje prati svako dobro.<\/p>\n<p><img data-recalc-dims=\"1\" loading=\"lazy\" decoding=\"async\" data-attachment-id=\"6322\" data-permalink=\"https:\/\/www.ofkbrdo.com\/Wordpress\/almir-muhic-cani-svijetla-strana-mataruskog-brda\/1cfde2c7-d370-4185-b0d5-92f0e326822d\/\" data-orig-file=\"https:\/\/i0.wp.com\/www.ofkbrdo.com\/Wordpress\/wp-content\/uploads\/2023\/02\/1CFDE2C7-D370-4185-B0D5-92F0E326822D.jpeg?fit=684%2C687&amp;ssl=1\" data-orig-size=\"684,687\" data-comments-opened=\"0\" data-image-meta=\"{&quot;aperture&quot;:&quot;0&quot;,&quot;credit&quot;:&quot;&quot;,&quot;camera&quot;:&quot;&quot;,&quot;caption&quot;:&quot;&quot;,&quot;created_timestamp&quot;:&quot;0&quot;,&quot;copyright&quot;:&quot;&quot;,&quot;focal_length&quot;:&quot;0&quot;,&quot;iso&quot;:&quot;0&quot;,&quot;shutter_speed&quot;:&quot;0&quot;,&quot;title&quot;:&quot;&quot;,&quot;orientation&quot;:&quot;1&quot;}\" data-image-title=\"1CFDE2C7-D370-4185-B0D5-92F0E326822D\" data-image-description=\"\" data-image-caption=\"\" data-large-file=\"https:\/\/i0.wp.com\/www.ofkbrdo.com\/Wordpress\/wp-content\/uploads\/2023\/02\/1CFDE2C7-D370-4185-B0D5-92F0E326822D.jpeg?fit=640%2C643&amp;ssl=1\" class=\"aligncenter size-full wp-image-6322\" src=\"https:\/\/i0.wp.com\/www.ofkbrdo.com\/Wordpress\/wp-content\/uploads\/2023\/02\/1CFDE2C7-D370-4185-B0D5-92F0E326822D.jpeg?resize=640%2C643&#038;ssl=1\" alt=\"\" width=\"640\" height=\"643\" srcset=\"https:\/\/i0.wp.com\/www.ofkbrdo.com\/Wordpress\/wp-content\/uploads\/2023\/02\/1CFDE2C7-D370-4185-B0D5-92F0E326822D.jpeg?w=684&amp;ssl=1 684w, https:\/\/i0.wp.com\/www.ofkbrdo.com\/Wordpress\/wp-content\/uploads\/2023\/02\/1CFDE2C7-D370-4185-B0D5-92F0E326822D.jpeg?resize=300%2C300&amp;ssl=1 300w, https:\/\/i0.wp.com\/www.ofkbrdo.com\/Wordpress\/wp-content\/uploads\/2023\/02\/1CFDE2C7-D370-4185-B0D5-92F0E326822D.jpeg?resize=200%2C200&amp;ssl=1 200w, https:\/\/i0.wp.com\/www.ofkbrdo.com\/Wordpress\/wp-content\/uploads\/2023\/02\/1CFDE2C7-D370-4185-B0D5-92F0E326822D.jpeg?resize=128%2C128&amp;ssl=1 128w, https:\/\/i0.wp.com\/www.ofkbrdo.com\/Wordpress\/wp-content\/uploads\/2023\/02\/1CFDE2C7-D370-4185-B0D5-92F0E326822D.jpeg?resize=32%2C32&amp;ssl=1 32w, https:\/\/i0.wp.com\/www.ofkbrdo.com\/Wordpress\/wp-content\/uploads\/2023\/02\/1CFDE2C7-D370-4185-B0D5-92F0E326822D.jpeg?resize=225%2C225&amp;ssl=1 225w, https:\/\/i0.wp.com\/www.ofkbrdo.com\/Wordpress\/wp-content\/uploads\/2023\/02\/1CFDE2C7-D370-4185-B0D5-92F0E326822D.jpeg?resize=50%2C50&amp;ssl=1 50w\" sizes=\"(max-width: 640px) 100vw, 640px\" \/>Mi koji \u010dinimo porodicu Omladinskog fudbalskog kluba Brdo, beskrajno smo ti zahvalni, uvjereni da si i ti prepoznao na\u0161e napore da radimo na stvaranju kluba koji po\u0161tuje i ponosno isti\u010de koliko nam je va\u017eno da se okupljamo oko projekata bitnih za na\u0161u raju u rodnom kraju. &nbsp;<\/p>\n","protected":false},"excerpt":{"rendered":"<p>Dani, mjeseci i godine uporno pralaze. Za na\u0161u raju razasutu \u0161irom svijeta svaki dan, daleko od rodnog kraja je kao godina.Savremena tehnolo\u0161ka dostignu\u0107a su nam omogu\u0107ila da se znatno smanji na\u0161a udaljenost od mahala i sokaka kojima smo nekada kora\u010dali. Me\u0111utim, vezu s rodnim krajem itekako \u010duva i plemenitost tako da se negdje daleko osje\u0107ate [&hellip;]<\/p>\n","protected":false},"author":1,"featured_media":6320,"comment_status":"closed","ping_status":"closed","sticky":false,"template":"","format":"standard","meta":{"ngg_post_thumbnail":0,"_jetpack_memberships_contains_paid_content":false,"footnotes":"","jetpack_publicize_message":"","jetpack_publicize_feature_enabled":true,"jetpack_social_post_already_shared":true,"jetpack_social_options":{"image_generator_settings":{"template":"highway","default_image_id":0,"font":"","enabled":false},"version":2}},"categories":[157,20],"tags":[],"class_list":["post-6319","post","type-post","status-publish","format-standard","has-post-thumbnail","hentry","category-clanska","category-sponzori"],"jetpack_publicize_connections":[],"jetpack_featured_media_url":"https:\/\/i0.wp.com\/www.ofkbrdo.com\/Wordpress\/wp-content\/uploads\/2023\/02\/AB533A3E-4094-473B-A913-6CCF4B7EA902.jpeg?fit=1600%2C1200&ssl=1","jetpack_sharing_enabled":true,"jetpack_likes_enabled":true,"jetpack_shortlink":"https:\/\/wp.me\/pevKtx-1DV","jetpack-related-posts":[{"id":3453,"url":"https:\/\/www.ofkbrdo.com\/Wordpress\/emir-duratovic-ce-u-narednih-pet-godina-biti-sponzor-brda\/","url_meta":{"origin":6319,"position":0},"title":"EMIR DURATOVI\u0106 \u0106E U NAREDNIH PET GODINA BITI SPONZOR BRDA","author":"admin","date":"20. May 2021","format":false,"excerpt":"Postoje ljudi zbog kojih moramo biti ponosni da su iz na\u0161eg kraja. Postoje ljudi koji \u017eive i rade negdje daleko, a imate osje\u0107aj da su s vama u rodnom mjestu. Taj osje\u0107aj vas prati jer su prije svega vrijedni i \u010destiti ljudi koji su uspje\u0161ni, ali ne zaboravljaju rodnu grudu.\u2026","rel":"","context":"In &quot;Juniori&quot;","block_context":{"text":"Juniori","link":"https:\/\/www.ofkbrdo.com\/Wordpress\/juniori\/"},"img":{"alt_text":"","src":"https:\/\/i0.wp.com\/www.ofkbrdo.com\/Wordpress\/wp-content\/uploads\/2021\/05\/Emir-2.png?fit=823%2C506&ssl=1&resize=350%2C200","width":350,"height":200,"srcset":"https:\/\/i0.wp.com\/www.ofkbrdo.com\/Wordpress\/wp-content\/uploads\/2021\/05\/Emir-2.png?fit=823%2C506&ssl=1&resize=350%2C200 1x, https:\/\/i0.wp.com\/www.ofkbrdo.com\/Wordpress\/wp-content\/uploads\/2021\/05\/Emir-2.png?fit=823%2C506&ssl=1&resize=525%2C300 1.5x, https:\/\/i0.wp.com\/www.ofkbrdo.com\/Wordpress\/wp-content\/uploads\/2021\/05\/Emir-2.png?fit=823%2C506&ssl=1&resize=700%2C400 2x"},"classes":[]},{"id":4874,"url":"https:\/\/www.ofkbrdo.com\/Wordpress\/almir-muhic-je-nas-veliki-prijatelj\/","url_meta":{"origin":6319,"position":1},"title":"ALMIR MUHI\u0106 JE NA\u0160 VELIKI PRIJATELJ","author":"admin","date":"22. February 2022","format":false,"excerpt":"Me\u0111u ljudima kod kojih nema kalkulacija kada je rije\u010d o ljubavi prema rodnom kraju je i Almir Muhi\u0107. Raja ga zove \u0106ani. Gdje se \u010dine dobra djela tamo je i ovaj dobri insan. Iako je na na drugoj strani svijeta, daleko od Mataru\u0161kog Brda, \u010dini nam se kao da svakog\u2026","rel":"","context":"In &quot;\u010clanska&quot;","block_context":{"text":"\u010clanska","link":"https:\/\/www.ofkbrdo.com\/Wordpress\/clanska\/"},"img":{"alt_text":"","src":"https:\/\/i0.wp.com\/www.ofkbrdo.com\/Wordpress\/wp-content\/uploads\/2022\/02\/F134D5FB-1E37-4CFC-B177-3F6EF66AE121-scaled.jpeg?fit=1200%2C857&ssl=1&resize=350%2C200","width":350,"height":200,"srcset":"https:\/\/i0.wp.com\/www.ofkbrdo.com\/Wordpress\/wp-content\/uploads\/2022\/02\/F134D5FB-1E37-4CFC-B177-3F6EF66AE121-scaled.jpeg?fit=1200%2C857&ssl=1&resize=350%2C200 1x, https:\/\/i0.wp.com\/www.ofkbrdo.com\/Wordpress\/wp-content\/uploads\/2022\/02\/F134D5FB-1E37-4CFC-B177-3F6EF66AE121-scaled.jpeg?fit=1200%2C857&ssl=1&resize=525%2C300 1.5x, https:\/\/i0.wp.com\/www.ofkbrdo.com\/Wordpress\/wp-content\/uploads\/2022\/02\/F134D5FB-1E37-4CFC-B177-3F6EF66AE121-scaled.jpeg?fit=1200%2C857&ssl=1&resize=700%2C400 2x, https:\/\/i0.wp.com\/www.ofkbrdo.com\/Wordpress\/wp-content\/uploads\/2022\/02\/F134D5FB-1E37-4CFC-B177-3F6EF66AE121-scaled.jpeg?fit=1200%2C857&ssl=1&resize=1050%2C600 3x"},"classes":[]},{"id":7618,"url":"https:\/\/www.ofkbrdo.com\/Wordpress\/budite-ponosni-na-klub-iz-rodnog-kraja\/","url_meta":{"origin":6319,"position":2},"title":"BUDITE PONOSNI NA KLUB IZ RODNOG KRAJA","author":"admin","date":"17. March 2024","format":false,"excerpt":"Da Omladinski fudbalski klub Brdo \u201eraste\u201c u o\u010dima klubova koji nastupaju na drugoliga\u0161kom zapadu, mogli smo se uvjeriti i tokom boravka u Bosanskom Brodu. Kao i obi\u010dno, toplo smo primljeni od strane doma\u0107ina i mogli smo \u010duti dosta lijepih rije\u010di na ra\u010dun na\u0161eg kluba kako na takmi\u010darskom tako i organizacionom\u2026","rel":"","context":"In &quot;Druga liga RS&quot;","block_context":{"text":"Druga liga RS","link":"https:\/\/www.ofkbrdo.com\/Wordpress\/druga-liga-rs\/"},"img":{"alt_text":"","src":"https:\/\/i0.wp.com\/www.ofkbrdo.com\/Wordpress\/wp-content\/uploads\/2024\/03\/IMG_6827.jpeg?fit=1012%2C589&ssl=1&resize=350%2C200","width":350,"height":200,"srcset":"https:\/\/i0.wp.com\/www.ofkbrdo.com\/Wordpress\/wp-content\/uploads\/2024\/03\/IMG_6827.jpeg?fit=1012%2C589&ssl=1&resize=350%2C200 1x, https:\/\/i0.wp.com\/www.ofkbrdo.com\/Wordpress\/wp-content\/uploads\/2024\/03\/IMG_6827.jpeg?fit=1012%2C589&ssl=1&resize=525%2C300 1.5x, https:\/\/i0.wp.com\/www.ofkbrdo.com\/Wordpress\/wp-content\/uploads\/2024\/03\/IMG_6827.jpeg?fit=1012%2C589&ssl=1&resize=700%2C400 2x"},"classes":[]},{"id":9402,"url":"https:\/\/www.ofkbrdo.com\/Wordpress\/upoznajte-admiru-duga-pomocnog-trenera-ofk-brda-posvecenost-rad-i-zajednistvo\/","url_meta":{"origin":6319,"position":3},"title":"Upoznajte Admiru \u0110uga, pomo\u0107nog trenera OFK Brda: Posve\u0107enost, rad i zajedni\u0161tvo","author":"admin","date":"28. August 2025","format":false,"excerpt":"OFK Brdo nastavlja svoj uspon u doma\u0107em fudbalu, a jedna od klju\u010dnih figura u klubu je novi pomo\u0107ni trener Admir \u0110ug. Nakon dvije godine uspje\u0161nog rada sa mla\u0111im kategorijama, Admir je dobio priliku da doprinese i na seniorskom nivou, pokazuju\u0107i izuzetnu predanost klubu i zajednici. Njegova energija, ljubav prema fudbalu\u2026","rel":"","context":"In &quot;Pocetna&quot;","block_context":{"text":"Pocetna","link":"https:\/\/www.ofkbrdo.com\/Wordpress\/vijesti\/"},"img":{"alt_text":"","src":"https:\/\/i0.wp.com\/www.ofkbrdo.com\/Wordpress\/wp-content\/uploads\/2025\/08\/IMG_3091.jpeg?fit=1200%2C1200&ssl=1&resize=350%2C200","width":350,"height":200,"srcset":"https:\/\/i0.wp.com\/www.ofkbrdo.com\/Wordpress\/wp-content\/uploads\/2025\/08\/IMG_3091.jpeg?fit=1200%2C1200&ssl=1&resize=350%2C200 1x, https:\/\/i0.wp.com\/www.ofkbrdo.com\/Wordpress\/wp-content\/uploads\/2025\/08\/IMG_3091.jpeg?fit=1200%2C1200&ssl=1&resize=525%2C300 1.5x, https:\/\/i0.wp.com\/www.ofkbrdo.com\/Wordpress\/wp-content\/uploads\/2025\/08\/IMG_3091.jpeg?fit=1200%2C1200&ssl=1&resize=700%2C400 2x, https:\/\/i0.wp.com\/www.ofkbrdo.com\/Wordpress\/wp-content\/uploads\/2025\/08\/IMG_3091.jpeg?fit=1200%2C1200&ssl=1&resize=1050%2C600 3x"},"classes":[]},{"id":6245,"url":"https:\/\/www.ofkbrdo.com\/Wordpress\/nova-godina-stare-navike-clanske-karte-2023\/","url_meta":{"origin":6319,"position":4},"title":"Nova godina, stare navike &#8211; \u010cLANSKE KARTE 2023.","author":"admin","date":"11. January 2023","format":false,"excerpt":"Nova godina, stare navike. U novu godinu ulazimo uz stare navike. Dok mnogi novu godinu koriste da mijenjaju navike, mi je koristimo da obnovimo vjernost \u017euto-plavim bojama. Tako i ove godine obnavljamo na\u0161e \u010dlanks karte i rado otvaramo vrata novim \u010dlanovima i simpatizerima koji, hvala Bogu, ne izostaju ni u\u2026","rel":"","context":"In &quot;Pocetna&quot;","block_context":{"text":"Pocetna","link":"https:\/\/www.ofkbrdo.com\/Wordpress\/vijesti\/"},"img":{"alt_text":"","src":"https:\/\/i0.wp.com\/www.ofkbrdo.com\/Wordpress\/wp-content\/uploads\/2023\/01\/uclanise2023-e1692194448916.jpg?fit=906%2C500&ssl=1&resize=350%2C200","width":350,"height":200,"srcset":"https:\/\/i0.wp.com\/www.ofkbrdo.com\/Wordpress\/wp-content\/uploads\/2023\/01\/uclanise2023-e1692194448916.jpg?fit=906%2C500&ssl=1&resize=350%2C200 1x, https:\/\/i0.wp.com\/www.ofkbrdo.com\/Wordpress\/wp-content\/uploads\/2023\/01\/uclanise2023-e1692194448916.jpg?fit=906%2C500&ssl=1&resize=525%2C300 1.5x, https:\/\/i0.wp.com\/www.ofkbrdo.com\/Wordpress\/wp-content\/uploads\/2023\/01\/uclanise2023-e1692194448916.jpg?fit=906%2C500&ssl=1&resize=700%2C400 2x"},"classes":[]},{"id":7572,"url":"https:\/\/www.ofkbrdo.com\/Wordpress\/trio-za-bolji-napad-ofk-brda\/","url_meta":{"origin":6319,"position":5},"title":"TRIO ZA BOLJI NAPAD OFK BRDA","author":"admin","date":"1. March 2024","format":false,"excerpt":"Omladinski fudbalski klub Brdo je kao bosanski \u0107ilim. Kao \u0161to u tom \u0107ilimu ima mjesta za razne boje i nijanse, tako u klubu koji \u017eivot zna\u010di ima mjesta za sve kvalitetne fudbalere koji po\u0161tuju \u017euto plave boje. Dakle, mi smo BiH u malom. Sada smo napravili novi iskorak tako da\u2026","rel":"","context":"In &quot;Prva ekipa&quot;","block_context":{"text":"Prva ekipa","link":"https:\/\/www.ofkbrdo.com\/Wordpress\/prva-ekipa\/"},"img":{"alt_text":"","src":"https:\/\/i0.wp.com\/www.ofkbrdo.com\/Wordpress\/wp-content\/uploads\/2024\/03\/IMG_6376.jpeg?fit=1200%2C554&ssl=1&resize=350%2C200","width":350,"height":200,"srcset":"https:\/\/i0.wp.com\/www.ofkbrdo.com\/Wordpress\/wp-content\/uploads\/2024\/03\/IMG_6376.jpeg?fit=1200%2C554&ssl=1&resize=350%2C200 1x, https:\/\/i0.wp.com\/www.ofkbrdo.com\/Wordpress\/wp-content\/uploads\/2024\/03\/IMG_6376.jpeg?fit=1200%2C554&ssl=1&resize=525%2C300 1.5x, https:\/\/i0.wp.com\/www.ofkbrdo.com\/Wordpress\/wp-content\/uploads\/2024\/03\/IMG_6376.jpeg?fit=1200%2C554&ssl=1&resize=700%2C400 2x, https:\/\/i0.wp.com\/www.ofkbrdo.com\/Wordpress\/wp-content\/uploads\/2024\/03\/IMG_6376.jpeg?fit=1200%2C554&ssl=1&resize=1050%2C600 3x"},"classes":[]}],"_links":{"self":[{"href":"https:\/\/www.ofkbrdo.com\/Wordpress\/wp-json\/wp\/v2\/posts\/6319","targetHints":{"allow":["GET"]}}],"collection":[{"href":"https:\/\/www.ofkbrdo.com\/Wordpress\/wp-json\/wp\/v2\/posts"}],"about":[{"href":"https:\/\/www.ofkbrdo.com\/Wordpress\/wp-json\/wp\/v2\/types\/post"}],"author":[{"embeddable":true,"href":"https:\/\/www.ofkbrdo.com\/Wordpress\/wp-json\/wp\/v2\/users\/1"}],"replies":[{"embeddable":true,"href":"https:\/\/www.ofkbrdo.com\/Wordpress\/wp-json\/wp\/v2\/comments?post=6319"}],"version-history":[{"count":0,"href":"https:\/\/www.ofkbrdo.com\/Wordpress\/wp-json\/wp\/v2\/posts\/6319\/revisions"}],"wp:featuredmedia":[{"embeddable":true,"href":"https:\/\/www.ofkbrdo.com\/Wordpress\/wp-json\/wp\/v2\/media\/6320"}],"wp:attachment":[{"href":"https:\/\/www.ofkbrdo.com\/Wordpress\/wp-json\/wp\/v2\/media?parent=6319"}],"wp:term":[{"taxonomy":"category","embeddable":true,"href":"https:\/\/www.ofkbrdo.com\/Wordpress\/wp-json\/wp\/v2\/categories?post=6319"},{"taxonomy":"post_tag","embeddable":true,"href":"https:\/\/www.ofkbrdo.com\/Wordpress\/wp-json\/wp\/v2\/tags?post=6319"}],"curies":[{"name":"wp","href":"https:\/\/api.w.org\/{rel}","templated":true}]}}