{"id":6737,"date":"2023-05-24T21:40:26","date_gmt":"2023-05-24T19:40:26","guid":{"rendered":"https:\/\/www.ofkbrdo.com\/Wordpress\/?p=6737"},"modified":"2023-05-24T21:41:44","modified_gmt":"2023-05-24T19:41:44","slug":"ofk-brdo-u-finalu-kupa-grada-prijedora","status":"publish","type":"post","link":"https:\/\/www.ofkbrdo.com\/Wordpress\/ofk-brdo-u-finalu-kupa-grada-prijedora\/","title":{"rendered":"OFK BRDO U FINALU KUPA GRADA PRIJEDORA"},"content":{"rendered":"<p>Kao \u0161to se i o\u010dekivalo, ekipa Omladinskog fudbalskog kluba Brdo ostvarila je plasman u finale gradskog kupa. Treba ista\u0107i da se ekipa Ljubije predstavila u lijepom svijetlu i pru\u017eila solidan otpor favorizovanom drugoliga\u0161u. Brdo je povelo preko Stupara i s minimalnim vodstvom \u017euto-plavih oti\u0161lo se na odmor. Doma\u0107i su kod 0-1 imali odli\u010dnu priliku ali Vidovi\u0107 je bio na visini zadatka.<\/p>\n<div class=\"jetpack-video-wrapper\"><div class=\"lyte-wrapper fourthree\" title=\"FK LJUBIJA- OFK BRDO 0-3 I PLASMAN U FINALE KUPA GRADA PRIJEDORA\" style=\"width:420px;max-width:100%;margin:5px;\"><div class=\"lyMe\" id=\"WYL_PfCWY-3oGUI\" itemprop=\"video\" itemscope itemtype=\"https:\/\/schema.org\/VideoObject\"><div><meta itemprop=\"thumbnailUrl\" content=\"https:\/\/i.ytimg.com\/vi\/PfCWY-3oGUI\/hqdefault.jpg\" \/><meta itemprop=\"embedURL\" content=\"https:\/\/www.youtube.com\/embed\/PfCWY-3oGUI\" \/><meta itemprop=\"duration\" content=\"PT1M30S\" \/><meta itemprop=\"uploadDate\" content=\"2023-05-24T19:18:30Z\" \/><\/div><div id=\"lyte_PfCWY-3oGUI\" data-src=\"https:\/\/i.ytimg.com\/vi\/PfCWY-3oGUI\/hqdefault.jpg\" class=\"pL\"><div class=\"tC\"><div class=\"tT\" itemprop=\"name\">FK LJUBIJA- OFK BRDO 0-3 I PLASMAN U FINALE KUPA GRADA PRIJEDORA<\/div><\/div><div class=\"play\"><\/div><div class=\"ctrl\"><div class=\"Lctrl\"><\/div><div class=\"Rctrl\"><\/div><\/div><\/div><noscript><a href=\"https:\/\/youtu.be\/PfCWY-3oGUI\" rel=\"nofollow noopener\" target=\"_blank\"><img data-recalc-dims=\"1\" fetchpriority=\"high\" decoding=\"async\" src=\"https:\/\/i0.wp.com\/i.ytimg.com\/vi\/PfCWY-3oGUI\/0.jpg?resize=420%2C295&#038;ssl=1\" alt=\"FK LJUBIJA- OFK BRDO 0-3 I PLASMAN U FINALE KUPA GRADA PRIJEDORA\" width=\"420\" height=\"295\" \/><br \/>Watch this video on YouTube<\/a><\/noscript><meta itemprop=\"description\" content=\"FK LJUBIJA- OFK BRDO 0-3 I PLASMAN U FINALE KUPA GRADA PRIJEDORA\"><\/div><\/div><div class=\"lL\" style=\"max-width:100%;width:420px;margin:5px;\"><\/div><\/div>\n<p>U drugom poluvrenu uslijedili su golovi Sarhatli\u0107a i kapitena Karupovi\u0107a. Finalni me\u010d Kupa Grada Prijedora igra se 07.06. na Gradskom stadionu u Prijedoru.<\/p>\n","protected":false},"excerpt":{"rendered":"<p>Kao \u0161to se i o\u010dekivalo, ekipa Omladinskog fudbalskog kluba Brdo ostvarila je plasman u finale gradskog kupa. Treba ista\u0107i da se ekipa Ljubije predstavila u lijepom svijetlu i pru\u017eila solidan otpor favorizovanom drugoliga\u0161u. Brdo je povelo preko Stupara i s minimalnim vodstvom \u017euto-plavih oti\u0161lo se na odmor. Doma\u0107i su kod 0-1 imali odli\u010dnu priliku ali [&hellip;]<\/p>\n","protected":false},"author":1,"featured_media":6738,"comment_status":"closed","ping_status":"closed","sticky":false,"template":"","format":"standard","meta":{"ngg_post_thumbnail":0,"_jetpack_memberships_contains_paid_content":false,"footnotes":"","jetpack_publicize_message":"","jetpack_publicize_feature_enabled":true,"jetpack_social_post_already_shared":true,"jetpack_social_options":{"image_generator_settings":{"template":"highway","default_image_id":0,"font":"","enabled":false},"version":2}},"categories":[190],"tags":[],"class_list":["post-6737","post","type-post","status-publish","format-standard","has-post-thumbnail","hentry","category-kup"],"jetpack_publicize_connections":[],"jetpack_featured_media_url":"https:\/\/i0.wp.com\/www.ofkbrdo.com\/Wordpress\/wp-content\/uploads\/2023\/05\/IMG_8179.jpeg?fit=1935%2C1170&ssl=1","jetpack_sharing_enabled":true,"jetpack_likes_enabled":true,"jetpack_shortlink":"https:\/\/wp.me\/pevKtx-1KF","jetpack-related-posts":[{"id":3918,"url":"https:\/\/www.ofkbrdo.com\/Wordpress\/ofk-brdo-pobjednik-kupa-grada-prijedora-2021\/","url_meta":{"origin":6737,"position":0},"title":"OFK Brdo, pobjednik Kupa Grada Prijedora 2021","author":"admin","date":"1. September 2021","format":false,"excerpt":"DAN ZA PAMC\u0301ENJE S\u030cta je vas\u030ca generacija uradila za klub i da li ste osvojili trofej? To je pitanje na koje brojni fudbaleri nemaju potvrdan odgovor. Aktuelna ekipa, uprava, donatori, sponzori, c\u030clanovi, navijac\u030ci kluba koji z\u030civot znac\u030ci, od danas imaju odgovor koji nam tako prija. Osvojen je Kup Grada Prijedora\u2026","rel":"","context":"In &quot;Kup&quot;","block_context":{"text":"Kup","link":"https:\/\/www.ofkbrdo.com\/Wordpress\/kup\/"},"img":{"alt_text":"","src":"https:\/\/i0.wp.com\/www.ofkbrdo.com\/Wordpress\/wp-content\/uploads\/2021\/09\/8359DFD7-E785-4D51-9E1D-3C3D3DE33887.jpeg?fit=1200%2C554&ssl=1&resize=350%2C200","width":350,"height":200,"srcset":"https:\/\/i0.wp.com\/www.ofkbrdo.com\/Wordpress\/wp-content\/uploads\/2021\/09\/8359DFD7-E785-4D51-9E1D-3C3D3DE33887.jpeg?fit=1200%2C554&ssl=1&resize=350%2C200 1x, https:\/\/i0.wp.com\/www.ofkbrdo.com\/Wordpress\/wp-content\/uploads\/2021\/09\/8359DFD7-E785-4D51-9E1D-3C3D3DE33887.jpeg?fit=1200%2C554&ssl=1&resize=525%2C300 1.5x, https:\/\/i0.wp.com\/www.ofkbrdo.com\/Wordpress\/wp-content\/uploads\/2021\/09\/8359DFD7-E785-4D51-9E1D-3C3D3DE33887.jpeg?fit=1200%2C554&ssl=1&resize=700%2C400 2x, https:\/\/i0.wp.com\/www.ofkbrdo.com\/Wordpress\/wp-content\/uploads\/2021\/09\/8359DFD7-E785-4D51-9E1D-3C3D3DE33887.jpeg?fit=1200%2C554&ssl=1&resize=1050%2C600 3x"},"classes":[]},{"id":3395,"url":"https:\/\/www.ofkbrdo.com\/Wordpress\/berek-brdo-u-kupu-grada-prijedora\/","url_meta":{"origin":6737,"position":1},"title":"BEREK-BRDO U KUPU GRADA PRIJEDORA","author":"admin","date":"5. May 2021","format":false,"excerpt":"Izvla\u010denje parova utakmica osmine finala Kupa grada Prijedora odr\u017eano je u organizaciji Gradskog fudbalskog saveza Prijedor. Voljom \u017erijeba Omladinski fudbalski klub Brdo odmjeri \u0107e snage sa sa sastavom Bereka. Susret se igra 12.05. u 17,00 sati na stadionu Poljana. U ostalim me\u010devima osmine finala sastaju se Kozara ,Gornji Orlovci -\u2026","rel":"","context":"In &quot;Prva ekipa&quot;","block_context":{"text":"Prva ekipa","link":"https:\/\/www.ofkbrdo.com\/Wordpress\/prva-ekipa\/"},"img":{"alt_text":"","src":"https:\/\/i0.wp.com\/www.ofkbrdo.com\/Wordpress\/wp-content\/uploads\/2021\/05\/785B4D43-9653-447B-917C-03005DD0257A.jpeg?fit=960%2C720&ssl=1&resize=350%2C200","width":350,"height":200,"srcset":"https:\/\/i0.wp.com\/www.ofkbrdo.com\/Wordpress\/wp-content\/uploads\/2021\/05\/785B4D43-9653-447B-917C-03005DD0257A.jpeg?fit=960%2C720&ssl=1&resize=350%2C200 1x, https:\/\/i0.wp.com\/www.ofkbrdo.com\/Wordpress\/wp-content\/uploads\/2021\/05\/785B4D43-9653-447B-917C-03005DD0257A.jpeg?fit=960%2C720&ssl=1&resize=525%2C300 1.5x, https:\/\/i0.wp.com\/www.ofkbrdo.com\/Wordpress\/wp-content\/uploads\/2021\/05\/785B4D43-9653-447B-917C-03005DD0257A.jpeg?fit=960%2C720&ssl=1&resize=700%2C400 2x"},"classes":[]},{"id":3482,"url":"https:\/\/www.ofkbrdo.com\/Wordpress\/cetvrtfinale-kupa-grada-prijedora\/","url_meta":{"origin":6737,"position":2},"title":"\u010cETVRTFINALE KUPA GRADA PRIJEDORA","author":"admin","date":"25. May 2021","format":false,"excerpt":"Nakon uvjerljivog trijumfa u duelu sa ekipom Bereka pred fudbalerima Omladinskog fudbalskog kluba Brdo je \u010detvrtfinalni ogled u Ljubiji. Naravno da je u ovom duelu Brdo favorit ali kup nas je nau\u010dio na brojna iznena\u0111enja tako da treba ulo\u017eiti mnogo napora kako bi se ostvario plasman u me\u0111u \u010detiri najbolje\u2026","rel":"","context":"In &quot;Prva ekipa&quot;","block_context":{"text":"Prva ekipa","link":"https:\/\/www.ofkbrdo.com\/Wordpress\/prva-ekipa\/"},"img":{"alt_text":"","src":"https:\/\/i0.wp.com\/www.ofkbrdo.com\/Wordpress\/wp-content\/uploads\/2021\/05\/61653768-888B-43DF-B071-243EFF9748DF.jpeg?fit=1200%2C568&ssl=1&resize=350%2C200","width":350,"height":200,"srcset":"https:\/\/i0.wp.com\/www.ofkbrdo.com\/Wordpress\/wp-content\/uploads\/2021\/05\/61653768-888B-43DF-B071-243EFF9748DF.jpeg?fit=1200%2C568&ssl=1&resize=350%2C200 1x, https:\/\/i0.wp.com\/www.ofkbrdo.com\/Wordpress\/wp-content\/uploads\/2021\/05\/61653768-888B-43DF-B071-243EFF9748DF.jpeg?fit=1200%2C568&ssl=1&resize=525%2C300 1.5x, https:\/\/i0.wp.com\/www.ofkbrdo.com\/Wordpress\/wp-content\/uploads\/2021\/05\/61653768-888B-43DF-B071-243EFF9748DF.jpeg?fit=1200%2C568&ssl=1&resize=700%2C400 2x, https:\/\/i0.wp.com\/www.ofkbrdo.com\/Wordpress\/wp-content\/uploads\/2021\/05\/61653768-888B-43DF-B071-243EFF9748DF.jpeg?fit=1200%2C568&ssl=1&resize=1050%2C600 3x"},"classes":[]},{"id":3412,"url":"https:\/\/www.ofkbrdo.com\/Wordpress\/visoka-pobjeda-brda-u-kupu-grada-prijedora\/","url_meta":{"origin":6737,"position":3},"title":"VISOKA POBJEDA BRDA U KUPU GRADA PRIJEDORA","author":"admin","date":"13. May 2021","format":false,"excerpt":"Ekipa OFK Brda u svim elementima fudbalske igre je nadigrala OFK Berek i plasirala se u \u010detvrtfinale gradskog kupa. Na samom po\u010detku susreta, izabranici Mirze Alki\u0107a su dali do znanja da \u017eele trijumfovalo u duelu sa ekipom Bereka. Nakon prvog poluvremena, golova u ranoj fazi utakmice i rezultata 0-6, Brdo\u2026","rel":"","context":"In &quot;Prva ekipa&quot;","block_context":{"text":"Prva ekipa","link":"https:\/\/www.ofkbrdo.com\/Wordpress\/prva-ekipa\/"},"img":{"alt_text":"","src":"https:\/\/i0.wp.com\/www.ofkbrdo.com\/Wordpress\/wp-content\/uploads\/2021\/05\/B5C8381B-B3F6-4E2E-AB8D-94DFA8D0FBA2.jpeg?fit=921%2C517&ssl=1&resize=350%2C200","width":350,"height":200,"srcset":"https:\/\/i0.wp.com\/www.ofkbrdo.com\/Wordpress\/wp-content\/uploads\/2021\/05\/B5C8381B-B3F6-4E2E-AB8D-94DFA8D0FBA2.jpeg?fit=921%2C517&ssl=1&resize=350%2C200 1x, https:\/\/i0.wp.com\/www.ofkbrdo.com\/Wordpress\/wp-content\/uploads\/2021\/05\/B5C8381B-B3F6-4E2E-AB8D-94DFA8D0FBA2.jpeg?fit=921%2C517&ssl=1&resize=525%2C300 1.5x, https:\/\/i0.wp.com\/www.ofkbrdo.com\/Wordpress\/wp-content\/uploads\/2021\/05\/B5C8381B-B3F6-4E2E-AB8D-94DFA8D0FBA2.jpeg?fit=921%2C517&ssl=1&resize=700%2C400 2x"},"classes":[]},{"id":7742,"url":"https:\/\/www.ofkbrdo.com\/Wordpress\/ofk-brdo-brani-titulu-osvajaca-kupa\/","url_meta":{"origin":6737,"position":4},"title":"OFK BRDO BRANI TITULU OSVAJA\u010cA KUPA","author":"admin","date":"16. April 2024","format":false,"excerpt":"Kup takmi\u010denje u organizaciji Gradskog fudbalskog saveza Prijedor okupi \u0107e 16 ekipa. Podsje\u0107amo da titulu pobjednika Kupa grada Prijedora brani ekipa OFK Brda koja je u pro\u0161logodi\u0161njem finalu savladala FSA Prijedor 4-1. Odbranu titule, izabranici Mirze Alki\u0107a po\u010dinju u sutra\u0161njem duelu sa ekipom Mrakovice u Kozaru\u0161i. Dakle, srijeda u 17:00\u2026","rel":"","context":"In &quot;Kup&quot;","block_context":{"text":"Kup","link":"https:\/\/www.ofkbrdo.com\/Wordpress\/kup\/"},"img":{"alt_text":"","src":"https:\/\/i0.wp.com\/www.ofkbrdo.com\/Wordpress\/wp-content\/uploads\/2024\/04\/IMG_7574.jpeg?fit=959%2C640&ssl=1&resize=350%2C200","width":350,"height":200,"srcset":"https:\/\/i0.wp.com\/www.ofkbrdo.com\/Wordpress\/wp-content\/uploads\/2024\/04\/IMG_7574.jpeg?fit=959%2C640&ssl=1&resize=350%2C200 1x, https:\/\/i0.wp.com\/www.ofkbrdo.com\/Wordpress\/wp-content\/uploads\/2024\/04\/IMG_7574.jpeg?fit=959%2C640&ssl=1&resize=525%2C300 1.5x, https:\/\/i0.wp.com\/www.ofkbrdo.com\/Wordpress\/wp-content\/uploads\/2024\/04\/IMG_7574.jpeg?fit=959%2C640&ssl=1&resize=700%2C400 2x"},"classes":[]},{"id":3520,"url":"https:\/\/www.ofkbrdo.com\/Wordpress\/moze-li-brdo-do-finala-kupa\/","url_meta":{"origin":6737,"position":5},"title":"MO\u017dE LI BRDO DO FINALA KUPA ?","author":"admin","date":"1. June 2021","format":false,"excerpt":"Veliko je isku\u0161enje pred ekipom Mirze Alki\u0107a. Iskreno se nadamo da \u0107e ovo biti pretposljednja utakmica ove sezone i da tim ima snage za jo\u0161 jedan uspjeh. Sutra se na stadionu Vedro polje igra polufinalni susret Kupa grada Prijedora. Brdo \u0107e odmjeriti snage s novim prvoliga\u0161em, sastavom Omarske. \" Spremni\u2026","rel":"","context":"In &quot;Prva ekipa&quot;","block_context":{"text":"Prva ekipa","link":"https:\/\/www.ofkbrdo.com\/Wordpress\/prva-ekipa\/"},"img":{"alt_text":"","src":"https:\/\/i0.wp.com\/www.ofkbrdo.com\/Wordpress\/wp-content\/uploads\/2021\/05\/CE3E9893-1288-445D-A131-AD6037A69825.jpeg?fit=828%2C428&ssl=1&resize=350%2C200","width":350,"height":200,"srcset":"https:\/\/i0.wp.com\/www.ofkbrdo.com\/Wordpress\/wp-content\/uploads\/2021\/05\/CE3E9893-1288-445D-A131-AD6037A69825.jpeg?fit=828%2C428&ssl=1&resize=350%2C200 1x, https:\/\/i0.wp.com\/www.ofkbrdo.com\/Wordpress\/wp-content\/uploads\/2021\/05\/CE3E9893-1288-445D-A131-AD6037A69825.jpeg?fit=828%2C428&ssl=1&resize=525%2C300 1.5x, https:\/\/i0.wp.com\/www.ofkbrdo.com\/Wordpress\/wp-content\/uploads\/2021\/05\/CE3E9893-1288-445D-A131-AD6037A69825.jpeg?fit=828%2C428&ssl=1&resize=700%2C400 2x"},"classes":[]}],"_links":{"self":[{"href":"https:\/\/www.ofkbrdo.com\/Wordpress\/wp-json\/wp\/v2\/posts\/6737","targetHints":{"allow":["GET"]}}],"collection":[{"href":"https:\/\/www.ofkbrdo.com\/Wordpress\/wp-json\/wp\/v2\/posts"}],"about":[{"href":"https:\/\/www.ofkbrdo.com\/Wordpress\/wp-json\/wp\/v2\/types\/post"}],"author":[{"embeddable":true,"href":"https:\/\/www.ofkbrdo.com\/Wordpress\/wp-json\/wp\/v2\/users\/1"}],"replies":[{"embeddable":true,"href":"https:\/\/www.ofkbrdo.com\/Wordpress\/wp-json\/wp\/v2\/comments?post=6737"}],"version-history":[{"count":0,"href":"https:\/\/www.ofkbrdo.com\/Wordpress\/wp-json\/wp\/v2\/posts\/6737\/revisions"}],"wp:featuredmedia":[{"embeddable":true,"href":"https:\/\/www.ofkbrdo.com\/Wordpress\/wp-json\/wp\/v2\/media\/6738"}],"wp:attachment":[{"href":"https:\/\/www.ofkbrdo.com\/Wordpress\/wp-json\/wp\/v2\/media?parent=6737"}],"wp:term":[{"taxonomy":"category","embeddable":true,"href":"https:\/\/www.ofkbrdo.com\/Wordpress\/wp-json\/wp\/v2\/categories?post=6737"},{"taxonomy":"post_tag","embeddable":true,"href":"https:\/\/www.ofkbrdo.com\/Wordpress\/wp-json\/wp\/v2\/tags?post=6737"}],"curies":[{"name":"wp","href":"https:\/\/api.w.org\/{rel}","templated":true}]}}