{"id":6772,"date":"2023-06-06T13:54:45","date_gmt":"2023-06-06T11:54:45","guid":{"rendered":"https:\/\/www.ofkbrdo.com\/Wordpress\/?p=6772"},"modified":"2023-06-06T13:54:45","modified_gmt":"2023-06-06T11:54:45","slug":"prilika-da-se-sjajna-sezona-okonca-osvajanjem-trofeja","status":"publish","type":"post","link":"https:\/\/www.ofkbrdo.com\/Wordpress\/prilika-da-se-sjajna-sezona-okonca-osvajanjem-trofeja\/","title":{"rendered":"PRILIKA DA SE SJAJNA SEZONA OKON\u010cA OSVAJANJEM TROFEJA"},"content":{"rendered":"<p>Fudbaleri Omladinskog fudbalskog kluba Brdo stigli su do zavr\u0161nice gradskog kupa. U srijedu ih na Gradskom stadionu u Prijedoru o\u010dekuje finalni me\u010d i mogu\u0107nost da se sezona okon\u010da osvajanjem trofeja. FSA je protivnik u odlu\u010duju\u0107oj utakmici. Dakle, u duelu drugoliga\u0161a dobit \u0107emo osvaja\u010da kupa.<\/p>\n<div class=\"jetpack-video-wrapper\"><div class=\"lyte-wrapper fourthree\" title=\"NAJAVA FINALA KUPA GRADA PRIJEDORA\" style=\"width:420px;max-width:100%;margin:5px;\"><div class=\"lyMe\" id=\"WYL_-C2EG2lVMXI\" itemprop=\"video\" itemscope itemtype=\"https:\/\/schema.org\/VideoObject\"><div><meta itemprop=\"thumbnailUrl\" content=\"https:\/\/i.ytimg.com\/vi\/-C2EG2lVMXI\/hqdefault.jpg\" \/><meta itemprop=\"embedURL\" content=\"https:\/\/www.youtube.com\/embed\/-C2EG2lVMXI\" \/><meta itemprop=\"duration\" content=\"PT3M27S\" \/><meta itemprop=\"uploadDate\" content=\"2023-06-06T06:30:09Z\" \/><\/div><div id=\"lyte_-C2EG2lVMXI\" data-src=\"https:\/\/i.ytimg.com\/vi\/-C2EG2lVMXI\/hqdefault.jpg\" class=\"pL\"><div class=\"tC\"><div class=\"tT\" itemprop=\"name\">NAJAVA FINALA KUPA GRADA PRIJEDORA<\/div><\/div><div class=\"play\"><\/div><div class=\"ctrl\"><div class=\"Lctrl\"><\/div><div class=\"Rctrl\"><\/div><\/div><\/div><noscript><a href=\"https:\/\/youtu.be\/-C2EG2lVMXI\" rel=\"nofollow noopener\" target=\"_blank\"><img data-recalc-dims=\"1\" fetchpriority=\"high\" decoding=\"async\" src=\"https:\/\/i0.wp.com\/i.ytimg.com\/vi\/-C2EG2lVMXI\/0.jpg?resize=420%2C295&#038;ssl=1\" alt=\"NAJAVA FINALA KUPA GRADA PRIJEDORA\" width=\"420\" height=\"295\" \/><br \/>Watch this video on YouTube<\/a><\/noscript><meta itemprop=\"description\" content=\"NAJAVA FINALA KUPA GRADA PRIJEDORA\"><\/div><\/div><div class=\"lL\" style=\"max-width:100%;width:420px;margin:5px;\"><\/div><\/div>\n<p>U polufinalnoj utakmici FSA je bio bio bolji od prvoliga\u0161a Rudara. Sla\u017eemo se da je to iznena\u0111enje, ali moramo tako\u0111er konstatovati da je FSA ekipa koja zaslu\u017euje respekt. U stru\u010dnom \u0161tabu kluba koji \u017eivot zna\u010di nagla\u0161avaju da je finale kupa odlu\u010dna prilika da se pobjedom okon\u010da sezona koju su fudbaleri Brda u gornjem dijelu tabele, na 6. mjestu.<\/p>\n<p><img data-recalc-dims=\"1\" decoding=\"async\" data-attachment-id=\"6773\" data-permalink=\"https:\/\/www.ofkbrdo.com\/Wordpress\/prilika-da-se-sjajna-sezona-okonca-osvajanjem-trofeja\/img_8626\/\" data-orig-file=\"https:\/\/i0.wp.com\/www.ofkbrdo.com\/Wordpress\/wp-content\/uploads\/2023\/06\/IMG_8626.jpeg?fit=1080%2C1350&amp;ssl=1\" data-orig-size=\"1080,1350\" data-comments-opened=\"0\" data-image-meta=\"{&quot;aperture&quot;:&quot;0&quot;,&quot;credit&quot;:&quot;&quot;,&quot;camera&quot;:&quot;&quot;,&quot;caption&quot;:&quot;&quot;,&quot;created_timestamp&quot;:&quot;0&quot;,&quot;copyright&quot;:&quot;&quot;,&quot;focal_length&quot;:&quot;0&quot;,&quot;iso&quot;:&quot;0&quot;,&quot;shutter_speed&quot;:&quot;0&quot;,&quot;title&quot;:&quot;&quot;,&quot;orientation&quot;:&quot;1&quot;}\" data-image-title=\"IMG_8626\" data-image-description=\"\" data-image-caption=\"\" data-large-file=\"https:\/\/i0.wp.com\/www.ofkbrdo.com\/Wordpress\/wp-content\/uploads\/2023\/06\/IMG_8626.jpeg?fit=640%2C800&amp;ssl=1\" class=\"aligncenter size-full wp-image-6773\" src=\"https:\/\/i0.wp.com\/www.ofkbrdo.com\/Wordpress\/wp-content\/uploads\/2023\/06\/IMG_8626.jpeg?resize=640%2C800&#038;ssl=1\" alt=\"\" width=\"640\" height=\"800\" srcset=\"https:\/\/i0.wp.com\/www.ofkbrdo.com\/Wordpress\/wp-content\/uploads\/2023\/06\/IMG_8626.jpeg?w=1080&amp;ssl=1 1080w, https:\/\/i0.wp.com\/www.ofkbrdo.com\/Wordpress\/wp-content\/uploads\/2023\/06\/IMG_8626.jpeg?resize=240%2C300&amp;ssl=1 240w, https:\/\/i0.wp.com\/www.ofkbrdo.com\/Wordpress\/wp-content\/uploads\/2023\/06\/IMG_8626.jpeg?resize=819%2C1024&amp;ssl=1 819w, https:\/\/i0.wp.com\/www.ofkbrdo.com\/Wordpress\/wp-content\/uploads\/2023\/06\/IMG_8626.jpeg?resize=768%2C960&amp;ssl=1 768w, https:\/\/i0.wp.com\/www.ofkbrdo.com\/Wordpress\/wp-content\/uploads\/2023\/06\/IMG_8626.jpeg?resize=102%2C128&amp;ssl=1 102w, https:\/\/i0.wp.com\/www.ofkbrdo.com\/Wordpress\/wp-content\/uploads\/2023\/06\/IMG_8626.jpeg?resize=26%2C32&amp;ssl=1 26w\" sizes=\"(max-width: 640px) 100vw, 640px\" \/>Susret finala Kupa Grada Prijedora igra se u srijedu na Gradskom stadionu u Prijedoru sa po\u010detkom u 17:30 sati. Za na\u0161u raju \u0161irom svijeta osigurali smo LIVE pra\u0107enje finalne utakmice.<\/p>\n","protected":false},"excerpt":{"rendered":"<p>Fudbaleri Omladinskog fudbalskog kluba Brdo stigli su do zavr\u0161nice gradskog kupa. U srijedu ih na Gradskom stadionu u Prijedoru o\u010dekuje finalni me\u010d i mogu\u0107nost da se sezona okon\u010da osvajanjem trofeja. FSA je protivnik u odlu\u010duju\u0107oj utakmici. Dakle, u duelu drugoliga\u0161a dobit \u0107emo osvaja\u010da kupa. NAJAVA FINALA KUPA GRADA PRIJEDORAWatch this video on YouTube U polufinalnoj [&hellip;]<\/p>\n","protected":false},"author":1,"featured_media":6774,"comment_status":"closed","ping_status":"closed","sticky":false,"template":"","format":"standard","meta":{"ngg_post_thumbnail":0,"_jetpack_memberships_contains_paid_content":false,"footnotes":"","jetpack_publicize_message":"","jetpack_publicize_feature_enabled":true,"jetpack_social_post_already_shared":true,"jetpack_social_options":{"image_generator_settings":{"template":"highway","default_image_id":0,"font":"","enabled":false},"version":2}},"categories":[190],"tags":[],"class_list":["post-6772","post","type-post","status-publish","format-standard","has-post-thumbnail","hentry","category-kup"],"jetpack_publicize_connections":[],"jetpack_featured_media_url":"https:\/\/i0.wp.com\/www.ofkbrdo.com\/Wordpress\/wp-content\/uploads\/2023\/06\/IMG_8626-1.jpeg?fit=1079%2C618&ssl=1","jetpack_sharing_enabled":true,"jetpack_likes_enabled":true,"jetpack_shortlink":"https:\/\/wp.me\/pevKtx-1Le","jetpack-related-posts":[{"id":6777,"url":"https:\/\/www.ofkbrdo.com\/Wordpress\/fudbaleri-brda-u-velikom-stilu-osvojili-titulu-kupa-grada-prijedora\/","url_meta":{"origin":6772,"position":0},"title":"FUDBALERI BRDA U VELIKOM STILU OSVOJILI TITULU KUPA GRADA PRIJEDORA","author":"admin","date":"8. June 2023","format":false,"excerpt":"Bila je to sjajna utakmica u kojoj su fudbaleri Brda pokazali da su ekipa za respekt u punom smislu te rije\u010di. Od prve do zadnje minute su imali potpunu dominaciju tako da je pobjeda i osvajanje kupa nagrada za nezaboravnu igru. Mre\u017eu ekipe FSA na\u010do je Vujatovi\u0107 na samom otvaranju\u2026","rel":"","context":"In &quot;Kup&quot;","block_context":{"text":"Kup","link":"https:\/\/www.ofkbrdo.com\/Wordpress\/kup\/"},"img":{"alt_text":"","src":"https:\/\/i0.wp.com\/www.ofkbrdo.com\/Wordpress\/wp-content\/uploads\/2023\/06\/IMG_8728.jpeg?fit=1200%2C801&ssl=1&resize=350%2C200","width":350,"height":200,"srcset":"https:\/\/i0.wp.com\/www.ofkbrdo.com\/Wordpress\/wp-content\/uploads\/2023\/06\/IMG_8728.jpeg?fit=1200%2C801&ssl=1&resize=350%2C200 1x, https:\/\/i0.wp.com\/www.ofkbrdo.com\/Wordpress\/wp-content\/uploads\/2023\/06\/IMG_8728.jpeg?fit=1200%2C801&ssl=1&resize=525%2C300 1.5x, https:\/\/i0.wp.com\/www.ofkbrdo.com\/Wordpress\/wp-content\/uploads\/2023\/06\/IMG_8728.jpeg?fit=1200%2C801&ssl=1&resize=700%2C400 2x, https:\/\/i0.wp.com\/www.ofkbrdo.com\/Wordpress\/wp-content\/uploads\/2023\/06\/IMG_8728.jpeg?fit=1200%2C801&ssl=1&resize=1050%2C600 3x"},"classes":[]},{"id":6759,"url":"https:\/\/www.ofkbrdo.com\/Wordpress\/ofk-brdo-fk-jedinstvo-zeravica-u-ljubiji\/","url_meta":{"origin":6772,"position":1},"title":"OFK BRDO- FK JEDINSTVO \u017dERAVICA U LJUBIJI","author":"admin","date":"3. June 2023","format":false,"excerpt":"Posljednji ovosezonski susret, fudbaleri Omladinskog fudbalskog kluba Brdo igraju protiv neugodne ekipe Jedinstva iz \u017deravice. Nakon ju\u010dera\u0161njeg poraza ekipe FSA Prijedor i rasporeda u 30. kolu prvenstva, jasno je da Brdo mo\u017ee zavr\u0161iti u gornjem dijelu tabele, ukoliko savlada Jedinstvo. \u0160ef stru\u010dnog \u0161taba Brda, Mirza Alki\u0107 je oprezan, ali vjeruje\u2026","rel":"","context":"In &quot;Druga liga RS&quot;","block_context":{"text":"Druga liga RS","link":"https:\/\/www.ofkbrdo.com\/Wordpress\/druga-liga-rs\/"},"img":{"alt_text":"","src":"https:\/\/i0.wp.com\/www.ofkbrdo.com\/Wordpress\/wp-content\/uploads\/2023\/06\/IMG_8419.jpeg?fit=1197%2C1180&ssl=1&resize=350%2C200","width":350,"height":200,"srcset":"https:\/\/i0.wp.com\/www.ofkbrdo.com\/Wordpress\/wp-content\/uploads\/2023\/06\/IMG_8419.jpeg?fit=1197%2C1180&ssl=1&resize=350%2C200 1x, https:\/\/i0.wp.com\/www.ofkbrdo.com\/Wordpress\/wp-content\/uploads\/2023\/06\/IMG_8419.jpeg?fit=1197%2C1180&ssl=1&resize=525%2C300 1.5x, https:\/\/i0.wp.com\/www.ofkbrdo.com\/Wordpress\/wp-content\/uploads\/2023\/06\/IMG_8419.jpeg?fit=1197%2C1180&ssl=1&resize=700%2C400 2x, https:\/\/i0.wp.com\/www.ofkbrdo.com\/Wordpress\/wp-content\/uploads\/2023\/06\/IMG_8419.jpeg?fit=1197%2C1180&ssl=1&resize=1050%2C600 3x"},"classes":[]},{"id":6609,"url":"https:\/\/www.ofkbrdo.com\/Wordpress\/gradski-derbi-u-prijedoru\/","url_meta":{"origin":6772,"position":2},"title":"GRADSKI DERBI U PRIJEDORU","author":"admin","date":"17. April 2023","format":false,"excerpt":"Iako je postojala mogu\u0107nost da se derbi prijedorskih drugoliga\u0161a odigra na gradskom stadionu, utakmica izme\u0111u FSA i OFK Brdo, bi\u0107e odigrana na stadionu Fudbalskog kluba Berek. Realno je o\u010dekivati veoma zanimljiv i neisvjestan me\u010d jer su akteri derbija na bod razlike. Optimizma u redovima Brda ne nedostaje, a treba ista\u0107i\u2026","rel":"","context":"In &quot;Druga liga RS&quot;","block_context":{"text":"Druga liga RS","link":"https:\/\/www.ofkbrdo.com\/Wordpress\/druga-liga-rs\/"},"img":{"alt_text":"","src":"https:\/\/i0.wp.com\/www.ofkbrdo.com\/Wordpress\/wp-content\/uploads\/2023\/04\/IMG_7035.jpeg?fit=1016%2C1200&ssl=1&resize=350%2C200","width":350,"height":200,"srcset":"https:\/\/i0.wp.com\/www.ofkbrdo.com\/Wordpress\/wp-content\/uploads\/2023\/04\/IMG_7035.jpeg?fit=1016%2C1200&ssl=1&resize=350%2C200 1x, https:\/\/i0.wp.com\/www.ofkbrdo.com\/Wordpress\/wp-content\/uploads\/2023\/04\/IMG_7035.jpeg?fit=1016%2C1200&ssl=1&resize=525%2C300 1.5x, https:\/\/i0.wp.com\/www.ofkbrdo.com\/Wordpress\/wp-content\/uploads\/2023\/04\/IMG_7035.jpeg?fit=1016%2C1200&ssl=1&resize=700%2C400 2x"},"classes":[]},{"id":6737,"url":"https:\/\/www.ofkbrdo.com\/Wordpress\/ofk-brdo-u-finalu-kupa-grada-prijedora\/","url_meta":{"origin":6772,"position":3},"title":"OFK BRDO U FINALU KUPA GRADA PRIJEDORA","author":"admin","date":"24. May 2023","format":false,"excerpt":"Kao \u0161to se i o\u010dekivalo, ekipa Omladinskog fudbalskog kluba Brdo ostvarila je plasman u finale gradskog kupa. Treba ista\u0107i da se ekipa Ljubije predstavila u lijepom svijetlu i pru\u017eila solidan otpor favorizovanom drugoliga\u0161u. Brdo je povelo preko Stupara i s minimalnim vodstvom \u017euto-plavih oti\u0161lo se na odmor. Doma\u0107i su kod\u2026","rel":"","context":"In &quot;Kup&quot;","block_context":{"text":"Kup","link":"https:\/\/www.ofkbrdo.com\/Wordpress\/kup\/"},"img":{"alt_text":"","src":"https:\/\/i0.wp.com\/www.ofkbrdo.com\/Wordpress\/wp-content\/uploads\/2023\/05\/IMG_8179.jpeg?fit=1200%2C726&ssl=1&resize=350%2C200","width":350,"height":200,"srcset":"https:\/\/i0.wp.com\/www.ofkbrdo.com\/Wordpress\/wp-content\/uploads\/2023\/05\/IMG_8179.jpeg?fit=1200%2C726&ssl=1&resize=350%2C200 1x, https:\/\/i0.wp.com\/www.ofkbrdo.com\/Wordpress\/wp-content\/uploads\/2023\/05\/IMG_8179.jpeg?fit=1200%2C726&ssl=1&resize=525%2C300 1.5x, https:\/\/i0.wp.com\/www.ofkbrdo.com\/Wordpress\/wp-content\/uploads\/2023\/05\/IMG_8179.jpeg?fit=1200%2C726&ssl=1&resize=700%2C400 2x, https:\/\/i0.wp.com\/www.ofkbrdo.com\/Wordpress\/wp-content\/uploads\/2023\/05\/IMG_8179.jpeg?fit=1200%2C726&ssl=1&resize=1050%2C600 3x"},"classes":[]},{"id":6613,"url":"https:\/\/www.ofkbrdo.com\/Wordpress\/kup-grada-prijedora\/","url_meta":{"origin":6772,"position":4},"title":"KUP GRADA PRIJEDORA","author":"admin","date":"20. April 2023","format":false,"excerpt":"Prema informacijama koje dolaze iz Gradskog fudbalskog saveza Prijedor, za KUP Grada Prijedora borit \u0107e se 14 klubova. Podsje\u0107amo da je ovo takmi\u010denje osvajala ekipa Omladinskog fudbalskog kluba Brdo tako da se nadamo da \u0107e \u017euto-plavi i ove godine biti uspje\u0161ni. U prisustvu predstavnika klubova Gradskog fudbalskog saveza Prijedor izvu\u010deni\u2026","rel":"","context":"In &quot;Kup&quot;","block_context":{"text":"Kup","link":"https:\/\/www.ofkbrdo.com\/Wordpress\/kup\/"},"img":{"alt_text":"","src":"https:\/\/i0.wp.com\/www.ofkbrdo.com\/Wordpress\/wp-content\/uploads\/2023\/04\/IMG_7123.jpeg?fit=1200%2C645&ssl=1&resize=350%2C200","width":350,"height":200,"srcset":"https:\/\/i0.wp.com\/www.ofkbrdo.com\/Wordpress\/wp-content\/uploads\/2023\/04\/IMG_7123.jpeg?fit=1200%2C645&ssl=1&resize=350%2C200 1x, https:\/\/i0.wp.com\/www.ofkbrdo.com\/Wordpress\/wp-content\/uploads\/2023\/04\/IMG_7123.jpeg?fit=1200%2C645&ssl=1&resize=525%2C300 1.5x, https:\/\/i0.wp.com\/www.ofkbrdo.com\/Wordpress\/wp-content\/uploads\/2023\/04\/IMG_7123.jpeg?fit=1200%2C645&ssl=1&resize=700%2C400 2x, https:\/\/i0.wp.com\/www.ofkbrdo.com\/Wordpress\/wp-content\/uploads\/2023\/04\/IMG_7123.jpeg?fit=1200%2C645&ssl=1&resize=1050%2C600 3x"},"classes":[]},{"id":3911,"url":"https:\/\/www.ofkbrdo.com\/Wordpress\/tezak-poraz-u-trnu\/","url_meta":{"origin":6772,"position":5},"title":"Te\u017eak poraz u Trnu","author":"admin","date":"28. August 2021","format":false,"excerpt":"Fudbaleri Omladinskog fudbalskog kluba Brdo su diktirali tempo dana\u0161nje utakmice odigrane u Trnu. Imali su daleko vi\u0161e loptu u svom posjedu, vi\u0161e odigranih pasova, bili su kondiciono u suficitu i kada se sve uzme u obzir, zaslu\u017eili su povoljniji rezultat. Sloga je \u010dekala gre\u0161ke fudbalera Brda i tako do\u0161lo do\u2026","rel":"","context":"In &quot;Prva ekipa&quot;","block_context":{"text":"Prva ekipa","link":"https:\/\/www.ofkbrdo.com\/Wordpress\/prva-ekipa\/"},"img":{"alt_text":"","src":"https:\/\/i0.wp.com\/www.ofkbrdo.com\/Wordpress\/wp-content\/uploads\/2021\/08\/F27AFF00-EC58-4615-A9D0-262AB2FF4D41.jpeg?fit=1200%2C668&ssl=1&resize=350%2C200","width":350,"height":200,"srcset":"https:\/\/i0.wp.com\/www.ofkbrdo.com\/Wordpress\/wp-content\/uploads\/2021\/08\/F27AFF00-EC58-4615-A9D0-262AB2FF4D41.jpeg?fit=1200%2C668&ssl=1&resize=350%2C200 1x, https:\/\/i0.wp.com\/www.ofkbrdo.com\/Wordpress\/wp-content\/uploads\/2021\/08\/F27AFF00-EC58-4615-A9D0-262AB2FF4D41.jpeg?fit=1200%2C668&ssl=1&resize=525%2C300 1.5x, https:\/\/i0.wp.com\/www.ofkbrdo.com\/Wordpress\/wp-content\/uploads\/2021\/08\/F27AFF00-EC58-4615-A9D0-262AB2FF4D41.jpeg?fit=1200%2C668&ssl=1&resize=700%2C400 2x, https:\/\/i0.wp.com\/www.ofkbrdo.com\/Wordpress\/wp-content\/uploads\/2021\/08\/F27AFF00-EC58-4615-A9D0-262AB2FF4D41.jpeg?fit=1200%2C668&ssl=1&resize=1050%2C600 3x"},"classes":[]}],"_links":{"self":[{"href":"https:\/\/www.ofkbrdo.com\/Wordpress\/wp-json\/wp\/v2\/posts\/6772","targetHints":{"allow":["GET"]}}],"collection":[{"href":"https:\/\/www.ofkbrdo.com\/Wordpress\/wp-json\/wp\/v2\/posts"}],"about":[{"href":"https:\/\/www.ofkbrdo.com\/Wordpress\/wp-json\/wp\/v2\/types\/post"}],"author":[{"embeddable":true,"href":"https:\/\/www.ofkbrdo.com\/Wordpress\/wp-json\/wp\/v2\/users\/1"}],"replies":[{"embeddable":true,"href":"https:\/\/www.ofkbrdo.com\/Wordpress\/wp-json\/wp\/v2\/comments?post=6772"}],"version-history":[{"count":0,"href":"https:\/\/www.ofkbrdo.com\/Wordpress\/wp-json\/wp\/v2\/posts\/6772\/revisions"}],"wp:featuredmedia":[{"embeddable":true,"href":"https:\/\/www.ofkbrdo.com\/Wordpress\/wp-json\/wp\/v2\/media\/6774"}],"wp:attachment":[{"href":"https:\/\/www.ofkbrdo.com\/Wordpress\/wp-json\/wp\/v2\/media?parent=6772"}],"wp:term":[{"taxonomy":"category","embeddable":true,"href":"https:\/\/www.ofkbrdo.com\/Wordpress\/wp-json\/wp\/v2\/categories?post=6772"},{"taxonomy":"post_tag","embeddable":true,"href":"https:\/\/www.ofkbrdo.com\/Wordpress\/wp-json\/wp\/v2\/tags?post=6772"}],"curies":[{"name":"wp","href":"https:\/\/api.w.org\/{rel}","templated":true}]}}