{"id":6805,"date":"2023-06-24T16:12:56","date_gmt":"2023-06-24T14:12:56","guid":{"rendered":"https:\/\/www.ofkbrdo.com\/Wordpress\/?p=6805"},"modified":"2023-06-24T16:12:56","modified_gmt":"2023-06-24T14:12:56","slug":"koncert-za-buducnost-kluba-koji-zivot-znaci","status":"publish","type":"post","link":"https:\/\/www.ofkbrdo.com\/Wordpress\/koncert-za-buducnost-kluba-koji-zivot-znaci\/","title":{"rendered":"KONCERT ZA BUDU\u0106NOST KLUBA KOJI \u017dIVOT ZNA\u010cI"},"content":{"rendered":"<p>Iako je potrebno ulo\u017eiti mnogo truda, odlu\u010dili smo organizovati koncerta za pam\u0107enje. Ovo je koncert od kojeg u velikoj mjeri zavisi i na\u0161a sezona jer va\u0161a podr\u0161ka je va\u017enija nego ikad.<\/p>\n<div class=\"lyte-wrapper fourthree\" title=\"24. Juni 2023\" style=\"width:420px;max-width:100%;margin:5px;\"><div class=\"lyMe\" id=\"WYL_jXOJTtVNmz0\" itemprop=\"video\" itemscope itemtype=\"https:\/\/schema.org\/VideoObject\"><div><meta itemprop=\"thumbnailUrl\" content=\"https:\/\/i.ytimg.com\/vi\/jXOJTtVNmz0\/hqdefault.jpg\" \/><meta itemprop=\"embedURL\" content=\"https:\/\/www.youtube.com\/embed\/jXOJTtVNmz0\" \/><meta itemprop=\"duration\" content=\"PT45S\" \/><meta itemprop=\"uploadDate\" content=\"2023-06-24T14:06:07Z\" \/><\/div><div id=\"lyte_jXOJTtVNmz0\" data-src=\"https:\/\/i.ytimg.com\/vi\/jXOJTtVNmz0\/hqdefault.jpg\" class=\"pL\"><div class=\"tC\"><div class=\"tT\" itemprop=\"name\">24. Juni 2023<\/div><\/div><div class=\"play\"><\/div><div class=\"ctrl\"><div class=\"Lctrl\"><\/div><div class=\"Rctrl\"><\/div><\/div><\/div><noscript><a href=\"https:\/\/youtu.be\/jXOJTtVNmz0\" rel=\"nofollow noopener\" target=\"_blank\"><img data-recalc-dims=\"1\" fetchpriority=\"high\" decoding=\"async\" src=\"https:\/\/i0.wp.com\/i.ytimg.com\/vi\/jXOJTtVNmz0\/0.jpg?resize=420%2C295&#038;ssl=1\" alt=\"24. Juni 2023\" width=\"420\" height=\"295\" \/><br \/>Watch this video on YouTube<\/a><\/noscript><meta itemprop=\"description\" content=\"24. Juni 2023\"><\/div><\/div><div class=\"lL\" style=\"max-width:100%;width:420px;margin:5px;\"><\/div><\/p>\n<p>Sigurni smo da \u0107ete se odlu\u010diti do\u0107i, kako zbog vrhunskog estradnih umjetnika kao \u0161to je to Nihad Feti\u0107 HAKALA, tako i zbog direktne podr\u0161ke koju pru\u017eate Omladinskom fudbalskom klubu Brdo.<\/p>\n<p><img data-recalc-dims=\"1\" decoding=\"async\" data-attachment-id=\"6806\" data-permalink=\"https:\/\/www.ofkbrdo.com\/Wordpress\/koncert-za-buducnost-kluba-koji-zivot-znaci\/img_9071\/\" data-orig-file=\"https:\/\/i0.wp.com\/www.ofkbrdo.com\/Wordpress\/wp-content\/uploads\/2023\/06\/IMG_9071.jpeg?fit=1200%2C1724&amp;ssl=1\" data-orig-size=\"1200,1724\" data-comments-opened=\"0\" data-image-meta=\"{&quot;aperture&quot;:&quot;0&quot;,&quot;credit&quot;:&quot;&quot;,&quot;camera&quot;:&quot;&quot;,&quot;caption&quot;:&quot;&quot;,&quot;created_timestamp&quot;:&quot;0&quot;,&quot;copyright&quot;:&quot;&quot;,&quot;focal_length&quot;:&quot;0&quot;,&quot;iso&quot;:&quot;0&quot;,&quot;shutter_speed&quot;:&quot;0&quot;,&quot;title&quot;:&quot;&quot;,&quot;orientation&quot;:&quot;1&quot;}\" data-image-title=\"IMG_9071\" data-image-description=\"\" data-image-caption=\"\" data-large-file=\"https:\/\/i0.wp.com\/www.ofkbrdo.com\/Wordpress\/wp-content\/uploads\/2023\/06\/IMG_9071.jpeg?fit=640%2C919&amp;ssl=1\" class=\"aligncenter size-full wp-image-6806\" src=\"https:\/\/i0.wp.com\/www.ofkbrdo.com\/Wordpress\/wp-content\/uploads\/2023\/06\/IMG_9071.jpeg?resize=640%2C919&#038;ssl=1\" alt=\"\" width=\"640\" height=\"919\" srcset=\"https:\/\/i0.wp.com\/www.ofkbrdo.com\/Wordpress\/wp-content\/uploads\/2023\/06\/IMG_9071.jpeg?w=1200&amp;ssl=1 1200w, https:\/\/i0.wp.com\/www.ofkbrdo.com\/Wordpress\/wp-content\/uploads\/2023\/06\/IMG_9071.jpeg?resize=209%2C300&amp;ssl=1 209w, https:\/\/i0.wp.com\/www.ofkbrdo.com\/Wordpress\/wp-content\/uploads\/2023\/06\/IMG_9071.jpeg?resize=713%2C1024&amp;ssl=1 713w, https:\/\/i0.wp.com\/www.ofkbrdo.com\/Wordpress\/wp-content\/uploads\/2023\/06\/IMG_9071.jpeg?resize=768%2C1103&amp;ssl=1 768w, https:\/\/i0.wp.com\/www.ofkbrdo.com\/Wordpress\/wp-content\/uploads\/2023\/06\/IMG_9071.jpeg?resize=1069%2C1536&amp;ssl=1 1069w, https:\/\/i0.wp.com\/www.ofkbrdo.com\/Wordpress\/wp-content\/uploads\/2023\/06\/IMG_9071.jpeg?resize=89%2C128&amp;ssl=1 89w, https:\/\/i0.wp.com\/www.ofkbrdo.com\/Wordpress\/wp-content\/uploads\/2023\/06\/IMG_9071.jpeg?resize=22%2C32&amp;ssl=1 22w\" sizes=\"(max-width: 640px) 100vw, 640px\" \/>Dakle, 26. juli (20 sati) odvojite za klub koji je va\u0161 ponos i nada. Hakala vas \u010deka da vam priredi koncert za pam\u0107enje.<\/p>\n<p><img data-recalc-dims=\"1\" decoding=\"async\" data-attachment-id=\"6807\" data-permalink=\"https:\/\/www.ofkbrdo.com\/Wordpress\/koncert-za-buducnost-kluba-koji-zivot-znaci\/img_9086\/\" data-orig-file=\"https:\/\/i0.wp.com\/www.ofkbrdo.com\/Wordpress\/wp-content\/uploads\/2023\/06\/IMG_9086.jpeg?fit=2048%2C1536&amp;ssl=1\" data-orig-size=\"2048,1536\" data-comments-opened=\"0\" data-image-meta=\"{&quot;aperture&quot;:&quot;0&quot;,&quot;credit&quot;:&quot;&quot;,&quot;camera&quot;:&quot;&quot;,&quot;caption&quot;:&quot;&quot;,&quot;created_timestamp&quot;:&quot;0&quot;,&quot;copyright&quot;:&quot;&quot;,&quot;focal_length&quot;:&quot;0&quot;,&quot;iso&quot;:&quot;0&quot;,&quot;shutter_speed&quot;:&quot;0&quot;,&quot;title&quot;:&quot;&quot;,&quot;orientation&quot;:&quot;1&quot;}\" data-image-title=\"IMG_9086\" data-image-description=\"\" data-image-caption=\"\" data-large-file=\"https:\/\/i0.wp.com\/www.ofkbrdo.com\/Wordpress\/wp-content\/uploads\/2023\/06\/IMG_9086.jpeg?fit=640%2C480&amp;ssl=1\" class=\"aligncenter size-full wp-image-6807\" src=\"https:\/\/i0.wp.com\/www.ofkbrdo.com\/Wordpress\/wp-content\/uploads\/2023\/06\/IMG_9086.jpeg?resize=640%2C480&#038;ssl=1\" alt=\"\" width=\"640\" height=\"480\" srcset=\"https:\/\/i0.wp.com\/www.ofkbrdo.com\/Wordpress\/wp-content\/uploads\/2023\/06\/IMG_9086.jpeg?w=2048&amp;ssl=1 2048w, https:\/\/i0.wp.com\/www.ofkbrdo.com\/Wordpress\/wp-content\/uploads\/2023\/06\/IMG_9086.jpeg?resize=300%2C225&amp;ssl=1 300w, https:\/\/i0.wp.com\/www.ofkbrdo.com\/Wordpress\/wp-content\/uploads\/2023\/06\/IMG_9086.jpeg?resize=1024%2C768&amp;ssl=1 1024w, https:\/\/i0.wp.com\/www.ofkbrdo.com\/Wordpress\/wp-content\/uploads\/2023\/06\/IMG_9086.jpeg?resize=768%2C576&amp;ssl=1 768w, https:\/\/i0.wp.com\/www.ofkbrdo.com\/Wordpress\/wp-content\/uploads\/2023\/06\/IMG_9086.jpeg?resize=1536%2C1152&amp;ssl=1 1536w, https:\/\/i0.wp.com\/www.ofkbrdo.com\/Wordpress\/wp-content\/uploads\/2023\/06\/IMG_9086.jpeg?resize=128%2C96&amp;ssl=1 128w, https:\/\/i0.wp.com\/www.ofkbrdo.com\/Wordpress\/wp-content\/uploads\/2023\/06\/IMG_9086.jpeg?resize=32%2C24&amp;ssl=1 32w, https:\/\/i0.wp.com\/www.ofkbrdo.com\/Wordpress\/wp-content\/uploads\/2023\/06\/IMG_9086.jpeg?w=1280&amp;ssl=1 1280w, https:\/\/i0.wp.com\/www.ofkbrdo.com\/Wordpress\/wp-content\/uploads\/2023\/06\/IMG_9086.jpeg?w=1920&amp;ssl=1 1920w\" sizes=\"(max-width: 640px) 100vw, 640px\" \/>Omladinski fudbalski klub Brdo vas \u010deka da ga podr\u017eite i pru\u017eite neophodnu financijsku pomo\u0107 u sezoni koja je pred nama. \u010cekamo vas. Preciznije re\u010deno, \u010deka vas klub koji \u017eivot zna\u010di.<\/p>\n","protected":false},"excerpt":{"rendered":"<p>Iako je potrebno ulo\u017eiti mnogo truda, odlu\u010dili smo organizovati koncerta za pam\u0107enje. Ovo je koncert od kojeg u velikoj mjeri zavisi i na\u0161a sezona jer va\u0161a podr\u0161ka je va\u017enija nego ikad. 24. Juni 2023Watch this video on YouTube Sigurni smo da \u0107ete se odlu\u010diti do\u0107i, kako zbog vrhunskog estradnih umjetnika kao \u0161to je to Nihad [&hellip;]<\/p>\n","protected":false},"author":1,"featured_media":6806,"comment_status":"closed","ping_status":"closed","sticky":false,"template":"","format":"standard","meta":{"ngg_post_thumbnail":0,"_jetpack_memberships_contains_paid_content":false,"footnotes":"","jetpack_publicize_message":"","jetpack_publicize_feature_enabled":true,"jetpack_social_post_already_shared":true,"jetpack_social_options":{"image_generator_settings":{"template":"highway","default_image_id":0,"font":"","enabled":false},"version":2}},"categories":[185,184],"tags":[],"class_list":["post-6805","post","type-post","status-publish","format-standard","has-post-thumbnail","hentry","category-druzenje","category-razno"],"jetpack_publicize_connections":[],"jetpack_featured_media_url":"https:\/\/i0.wp.com\/www.ofkbrdo.com\/Wordpress\/wp-content\/uploads\/2023\/06\/IMG_9071.jpeg?fit=1200%2C1724&ssl=1","jetpack_sharing_enabled":true,"jetpack_likes_enabled":true,"jetpack_shortlink":"https:\/\/wp.me\/pevKtx-1LL","jetpack-related-posts":[{"id":5447,"url":"https:\/\/www.ofkbrdo.com\/Wordpress\/na-vedrom-polju-vas-ocekuje-koncert-za-pamcenje\/","url_meta":{"origin":6805,"position":0},"title":"NA VEDROM POLJU VAS O\u010cEKUJE KONCERT ZA PAM\u0106ENJE","author":"admin","date":"28. June 2022","format":false,"excerpt":"Datum koji morate rezervisati je 26. juli jer to je dan kada vas o\u010dekuje tradicionalni koncert u organizaciji Omladinskog fudbalskog kluba Brdo. Na\u0161 gost je Semir Ceri\u0107 Koke koji obe\u0107ava koncert o kojem \u0107e se pri\u010dati. ,,Radujem se dolasku na Vedro polje i ovom koncertu jer dolazim u kraj koji\u2026","rel":"","context":"In &quot;Dru\u017eenje&quot;","block_context":{"text":"Dru\u017eenje","link":"https:\/\/www.ofkbrdo.com\/Wordpress\/druzenje\/"},"img":{"alt_text":"","src":"https:\/\/i0.wp.com\/www.ofkbrdo.com\/Wordpress\/wp-content\/uploads\/2022\/06\/36300AC1-784D-4517-B4DF-CC4DEC92320C.jpeg?fit=838%2C1200&ssl=1&resize=350%2C200","width":350,"height":200,"srcset":"https:\/\/i0.wp.com\/www.ofkbrdo.com\/Wordpress\/wp-content\/uploads\/2022\/06\/36300AC1-784D-4517-B4DF-CC4DEC92320C.jpeg?fit=838%2C1200&ssl=1&resize=350%2C200 1x, https:\/\/i0.wp.com\/www.ofkbrdo.com\/Wordpress\/wp-content\/uploads\/2022\/06\/36300AC1-784D-4517-B4DF-CC4DEC92320C.jpeg?fit=838%2C1200&ssl=1&resize=525%2C300 1.5x, https:\/\/i0.wp.com\/www.ofkbrdo.com\/Wordpress\/wp-content\/uploads\/2022\/06\/36300AC1-784D-4517-B4DF-CC4DEC92320C.jpeg?fit=838%2C1200&ssl=1&resize=700%2C400 2x"},"classes":[]},{"id":6844,"url":"https:\/\/www.ofkbrdo.com\/Wordpress\/veceras-je-vedro-polje-rezervisano-za-fudbalske-nade\/","url_meta":{"origin":6805,"position":1},"title":"VE\u010cERAS JE VEDRO POLJE REZERVISANO ZA FUDBALSKE NADE","author":"admin","date":"24. July 2023","format":false,"excerpt":"Radujemo se \u0161to smo u prilici pozvati mlade fudbalere da do\u0111u na stadion Omladinskog fudbalskog kluba Brdo. \u0160kola fudbala OFK Brdo poziva fudbalske nade uzrasta od 8 do 14 godina da nam do\u0111u ve\u010deras na trening. Da, svi ste dobro do\u0161li jer nikad se ne zna u kome se krije\u2026","rel":"","context":"In &quot;\u0160kola fudbala OFK Brdo&quot;","block_context":{"text":"\u0160kola fudbala OFK Brdo","link":"https:\/\/www.ofkbrdo.com\/Wordpress\/skola-fudbala-ofk-brdo\/"},"img":{"alt_text":"","src":"https:\/\/i0.wp.com\/www.ofkbrdo.com\/Wordpress\/wp-content\/uploads\/2023\/03\/53FE7741-CD3E-40FE-B3F3-988F3733949F.jpeg?fit=1200%2C848&ssl=1&resize=350%2C200","width":350,"height":200,"srcset":"https:\/\/i0.wp.com\/www.ofkbrdo.com\/Wordpress\/wp-content\/uploads\/2023\/03\/53FE7741-CD3E-40FE-B3F3-988F3733949F.jpeg?fit=1200%2C848&ssl=1&resize=350%2C200 1x, https:\/\/i0.wp.com\/www.ofkbrdo.com\/Wordpress\/wp-content\/uploads\/2023\/03\/53FE7741-CD3E-40FE-B3F3-988F3733949F.jpeg?fit=1200%2C848&ssl=1&resize=525%2C300 1.5x, https:\/\/i0.wp.com\/www.ofkbrdo.com\/Wordpress\/wp-content\/uploads\/2023\/03\/53FE7741-CD3E-40FE-B3F3-988F3733949F.jpeg?fit=1200%2C848&ssl=1&resize=700%2C400 2x, https:\/\/i0.wp.com\/www.ofkbrdo.com\/Wordpress\/wp-content\/uploads\/2023\/03\/53FE7741-CD3E-40FE-B3F3-988F3733949F.jpeg?fit=1200%2C848&ssl=1&resize=1050%2C600 3x"},"classes":[]},{"id":7480,"url":"https:\/\/www.ofkbrdo.com\/Wordpress\/koncert-za-vas-voljeni-klub\/","url_meta":{"origin":6805,"position":2},"title":"KONCERT ZA VA\u0160 VOLJENI KLUB","author":"admin","date":"25. January 2024","format":false,"excerpt":"Kako bi bili \u0161to uspje\u0161niji neophodno je da imamo viziju i gledaamo naprijed. Dakle, bitno je da planiramo doga\u0111aje, va\u017ene za Omladinski fudbalski klub Brdo. Taj put nam je znatno olak\u0161an jer imamo podr\u0161ku ljudi od struke iz rodnog kraja. Kada je rije\u010d o terminima manifestacija koje organizujemo vodimo ra\u010duna\u2026","rel":"","context":"In &quot;Dru\u017eenje&quot;","block_context":{"text":"Dru\u017eenje","link":"https:\/\/www.ofkbrdo.com\/Wordpress\/druzenje\/"},"img":{"alt_text":"","src":"https:\/\/i0.wp.com\/www.ofkbrdo.com\/Wordpress\/wp-content\/uploads\/2024\/01\/IMG_5617.jpeg?fit=830%2C1200&ssl=1&resize=350%2C200","width":350,"height":200,"srcset":"https:\/\/i0.wp.com\/www.ofkbrdo.com\/Wordpress\/wp-content\/uploads\/2024\/01\/IMG_5617.jpeg?fit=830%2C1200&ssl=1&resize=350%2C200 1x, https:\/\/i0.wp.com\/www.ofkbrdo.com\/Wordpress\/wp-content\/uploads\/2024\/01\/IMG_5617.jpeg?fit=830%2C1200&ssl=1&resize=525%2C300 1.5x, https:\/\/i0.wp.com\/www.ofkbrdo.com\/Wordpress\/wp-content\/uploads\/2024\/01\/IMG_5617.jpeg?fit=830%2C1200&ssl=1&resize=700%2C400 2x"},"classes":[]},{"id":6134,"url":"https:\/\/www.ofkbrdo.com\/Wordpress\/zuto-plava-noc-vas-ceka\/","url_meta":{"origin":6805,"position":3},"title":"\u017dUTO- PLAVA NO\u0106 VAS \u010cEKA","author":"admin","date":"8. December 2022","format":false,"excerpt":"Na kraju smo jo\u0161 jedne godine za koju mo\u017eemo konstatovati da je bila jako uspje\u0161na. Svjedoci ste ostvarenih rezultata i napretka Omladinskog fudbalskog kluba Brdo na raznim poljima. Rekli bismo da je to odli\u010dna uvertira za na\u0161u tradicionalnu manifestaciju \"\u017dUTO-PLAVU NO\u0106\". To je ve\u010de kada planiramo na\u0161em klubu osigurati zna\u010dajna\u2026","rel":"","context":"In &quot;BRDO FAN SHOP&quot;","block_context":{"text":"BRDO FAN SHOP","link":"https:\/\/www.ofkbrdo.com\/Wordpress\/brdo-fan-shop\/"},"img":{"alt_text":"","src":"https:\/\/i0.wp.com\/www.ofkbrdo.com\/Wordpress\/wp-content\/uploads\/2022\/12\/BB6FFB34-9E0C-43F8-B60F-15D9A58EC457.jpeg?fit=1198%2C1077&ssl=1&resize=350%2C200","width":350,"height":200,"srcset":"https:\/\/i0.wp.com\/www.ofkbrdo.com\/Wordpress\/wp-content\/uploads\/2022\/12\/BB6FFB34-9E0C-43F8-B60F-15D9A58EC457.jpeg?fit=1198%2C1077&ssl=1&resize=350%2C200 1x, https:\/\/i0.wp.com\/www.ofkbrdo.com\/Wordpress\/wp-content\/uploads\/2022\/12\/BB6FFB34-9E0C-43F8-B60F-15D9A58EC457.jpeg?fit=1198%2C1077&ssl=1&resize=525%2C300 1.5x, https:\/\/i0.wp.com\/www.ofkbrdo.com\/Wordpress\/wp-content\/uploads\/2022\/12\/BB6FFB34-9E0C-43F8-B60F-15D9A58EC457.jpeg?fit=1198%2C1077&ssl=1&resize=700%2C400 2x, https:\/\/i0.wp.com\/www.ofkbrdo.com\/Wordpress\/wp-content\/uploads\/2022\/12\/BB6FFB34-9E0C-43F8-B60F-15D9A58EC457.jpeg?fit=1198%2C1077&ssl=1&resize=1050%2C600 3x"},"classes":[]},{"id":7682,"url":"https:\/\/www.ofkbrdo.com\/Wordpress\/ofk-brdo-ceka-nove-sponzore\/","url_meta":{"origin":6805,"position":4},"title":"OFK BRDO \u010cEKA NOVE SPONZORE","author":"admin","date":"3. April 2024","format":false,"excerpt":"Omladinski fudbalski klub Brdo postaje sve privla\u010dniji za va\u0161a ulaganja. Zaista, imamo \u0161ta ponuditi kako bi se va\u0161a investicija u punoj mjeri isplatila. Zato smatramo da je idealno vrijeme pozvati i one koji nisu da nam se pridru\u017ee i postanu na\u0161i sponzori. Maksimalna transparentnost i klub koji nema dugovanja, odli\u010dan\u2026","rel":"","context":"In &quot;Pocetna&quot;","block_context":{"text":"Pocetna","link":"https:\/\/www.ofkbrdo.com\/Wordpress\/vijesti\/"},"img":{"alt_text":"","src":"https:\/\/i0.wp.com\/www.ofkbrdo.com\/Wordpress\/wp-content\/uploads\/2024\/04\/IMG_7214.jpeg?fit=1200%2C675&ssl=1&resize=350%2C200","width":350,"height":200,"srcset":"https:\/\/i0.wp.com\/www.ofkbrdo.com\/Wordpress\/wp-content\/uploads\/2024\/04\/IMG_7214.jpeg?fit=1200%2C675&ssl=1&resize=350%2C200 1x, https:\/\/i0.wp.com\/www.ofkbrdo.com\/Wordpress\/wp-content\/uploads\/2024\/04\/IMG_7214.jpeg?fit=1200%2C675&ssl=1&resize=525%2C300 1.5x, https:\/\/i0.wp.com\/www.ofkbrdo.com\/Wordpress\/wp-content\/uploads\/2024\/04\/IMG_7214.jpeg?fit=1200%2C675&ssl=1&resize=700%2C400 2x, https:\/\/i0.wp.com\/www.ofkbrdo.com\/Wordpress\/wp-content\/uploads\/2024\/04\/IMG_7214.jpeg?fit=1200%2C675&ssl=1&resize=1050%2C600 3x"},"classes":[]},{"id":3821,"url":"https:\/\/www.ofkbrdo.com\/Wordpress\/ofk-brdo-ide-u-nove-pobjede-2\/","url_meta":{"origin":6805,"position":5},"title":"OFK BRDO IDE U NOVE POBJEDE","author":"admin","date":"14. August 2021","format":false,"excerpt":"Treba biti ponosan na klub koji \u017eivot zna\u010di. Svima vama koji ste na bilo koji na\u010din doprinijeli da Omladinski fudbalski klub Brdo postoji, jako smo zahvalni. Sigurni smo da nas dobro razumijete kada ka\u017eemo da je velika pobjeda postojanje kluba. Zato smo jako ponosni \u0161to radimo u klubu koji je\u2026","rel":"","context":"In &quot;Pocetna&quot;","block_context":{"text":"Pocetna","link":"https:\/\/www.ofkbrdo.com\/Wordpress\/vijesti\/"},"img":{"alt_text":"","src":"https:\/\/i0.wp.com\/www.ofkbrdo.com\/Wordpress\/wp-content\/uploads\/2021\/08\/Trening-scaled.jpg?fit=1200%2C900&ssl=1&resize=350%2C200","width":350,"height":200,"srcset":"https:\/\/i0.wp.com\/www.ofkbrdo.com\/Wordpress\/wp-content\/uploads\/2021\/08\/Trening-scaled.jpg?fit=1200%2C900&ssl=1&resize=350%2C200 1x, https:\/\/i0.wp.com\/www.ofkbrdo.com\/Wordpress\/wp-content\/uploads\/2021\/08\/Trening-scaled.jpg?fit=1200%2C900&ssl=1&resize=525%2C300 1.5x, https:\/\/i0.wp.com\/www.ofkbrdo.com\/Wordpress\/wp-content\/uploads\/2021\/08\/Trening-scaled.jpg?fit=1200%2C900&ssl=1&resize=700%2C400 2x, https:\/\/i0.wp.com\/www.ofkbrdo.com\/Wordpress\/wp-content\/uploads\/2021\/08\/Trening-scaled.jpg?fit=1200%2C900&ssl=1&resize=1050%2C600 3x"},"classes":[]}],"_links":{"self":[{"href":"https:\/\/www.ofkbrdo.com\/Wordpress\/wp-json\/wp\/v2\/posts\/6805","targetHints":{"allow":["GET"]}}],"collection":[{"href":"https:\/\/www.ofkbrdo.com\/Wordpress\/wp-json\/wp\/v2\/posts"}],"about":[{"href":"https:\/\/www.ofkbrdo.com\/Wordpress\/wp-json\/wp\/v2\/types\/post"}],"author":[{"embeddable":true,"href":"https:\/\/www.ofkbrdo.com\/Wordpress\/wp-json\/wp\/v2\/users\/1"}],"replies":[{"embeddable":true,"href":"https:\/\/www.ofkbrdo.com\/Wordpress\/wp-json\/wp\/v2\/comments?post=6805"}],"version-history":[{"count":0,"href":"https:\/\/www.ofkbrdo.com\/Wordpress\/wp-json\/wp\/v2\/posts\/6805\/revisions"}],"wp:featuredmedia":[{"embeddable":true,"href":"https:\/\/www.ofkbrdo.com\/Wordpress\/wp-json\/wp\/v2\/media\/6806"}],"wp:attachment":[{"href":"https:\/\/www.ofkbrdo.com\/Wordpress\/wp-json\/wp\/v2\/media?parent=6805"}],"wp:term":[{"taxonomy":"category","embeddable":true,"href":"https:\/\/www.ofkbrdo.com\/Wordpress\/wp-json\/wp\/v2\/categories?post=6805"},{"taxonomy":"post_tag","embeddable":true,"href":"https:\/\/www.ofkbrdo.com\/Wordpress\/wp-json\/wp\/v2\/tags?post=6805"}],"curies":[{"name":"wp","href":"https:\/\/api.w.org\/{rel}","templated":true}]}}