{"id":7727,"date":"2024-04-14T21:56:17","date_gmt":"2024-04-14T19:56:17","guid":{"rendered":"https:\/\/www.ofkbrdo.com\/Wordpress\/?p=7727"},"modified":"2024-04-14T21:57:37","modified_gmt":"2024-04-14T19:57:37","slug":"poraz-brda-protiv-crnog-vrha","status":"publish","type":"post","link":"https:\/\/www.ofkbrdo.com\/Wordpress\/poraz-brda-protiv-crnog-vrha\/","title":{"rendered":"PORAZ BRDA PROTIV CRNOG VRHA"},"content":{"rendered":"<p>Veoma kvalitetna utakmica u Jaru\u017eanima. Ekipa Brda je pora\u017eena, ali je pobrala simpatije, objektivne doma\u0107e publike.<br \/>\n<img data-recalc-dims=\"1\" fetchpriority=\"high\" decoding=\"async\" data-attachment-id=\"7728\" data-permalink=\"https:\/\/www.ofkbrdo.com\/Wordpress\/poraz-brda-protiv-crnog-vrha\/img_7506\/\" data-orig-file=\"https:\/\/i0.wp.com\/www.ofkbrdo.com\/Wordpress\/wp-content\/uploads\/2024\/04\/IMG_7506.jpeg?fit=1600%2C720&amp;ssl=1\" data-orig-size=\"1600,720\" data-comments-opened=\"0\" data-image-meta=\"{&quot;aperture&quot;:&quot;0&quot;,&quot;credit&quot;:&quot;&quot;,&quot;camera&quot;:&quot;&quot;,&quot;caption&quot;:&quot;&quot;,&quot;created_timestamp&quot;:&quot;0&quot;,&quot;copyright&quot;:&quot;&quot;,&quot;focal_length&quot;:&quot;0&quot;,&quot;iso&quot;:&quot;0&quot;,&quot;shutter_speed&quot;:&quot;0&quot;,&quot;title&quot;:&quot;&quot;,&quot;orientation&quot;:&quot;1&quot;}\" data-image-title=\"IMG_7506\" data-image-description=\"\" data-image-caption=\"\" data-large-file=\"https:\/\/i0.wp.com\/www.ofkbrdo.com\/Wordpress\/wp-content\/uploads\/2024\/04\/IMG_7506.jpeg?fit=640%2C288&amp;ssl=1\" class=\"aligncenter size-full wp-image-7728\" src=\"https:\/\/i0.wp.com\/www.ofkbrdo.com\/Wordpress\/wp-content\/uploads\/2024\/04\/IMG_7506.jpeg?resize=640%2C288&#038;ssl=1\" alt=\"\" width=\"640\" height=\"288\" srcset=\"https:\/\/i0.wp.com\/www.ofkbrdo.com\/Wordpress\/wp-content\/uploads\/2024\/04\/IMG_7506.jpeg?w=1600&amp;ssl=1 1600w, https:\/\/i0.wp.com\/www.ofkbrdo.com\/Wordpress\/wp-content\/uploads\/2024\/04\/IMG_7506.jpeg?resize=300%2C135&amp;ssl=1 300w, https:\/\/i0.wp.com\/www.ofkbrdo.com\/Wordpress\/wp-content\/uploads\/2024\/04\/IMG_7506.jpeg?resize=1024%2C461&amp;ssl=1 1024w, https:\/\/i0.wp.com\/www.ofkbrdo.com\/Wordpress\/wp-content\/uploads\/2024\/04\/IMG_7506.jpeg?resize=768%2C346&amp;ssl=1 768w, https:\/\/i0.wp.com\/www.ofkbrdo.com\/Wordpress\/wp-content\/uploads\/2024\/04\/IMG_7506.jpeg?resize=1536%2C691&amp;ssl=1 1536w, https:\/\/i0.wp.com\/www.ofkbrdo.com\/Wordpress\/wp-content\/uploads\/2024\/04\/IMG_7506.jpeg?w=1280&amp;ssl=1 1280w\" sizes=\"(max-width: 640px) 100vw, 640px\" \/>Po\u010detak susreta pripao je lideru drugoliga\u0161kog zapad. Da je OFK Brdo ekipa vrijedna respekta uvjerili smo se u drugom poluvremenu. <img data-recalc-dims=\"1\" decoding=\"async\" data-attachment-id=\"7729\" data-permalink=\"https:\/\/www.ofkbrdo.com\/Wordpress\/poraz-brda-protiv-crnog-vrha\/img_7508\/\" data-orig-file=\"https:\/\/i0.wp.com\/www.ofkbrdo.com\/Wordpress\/wp-content\/uploads\/2024\/04\/IMG_7508.jpeg?fit=1495%2C720&amp;ssl=1\" data-orig-size=\"1495,720\" data-comments-opened=\"0\" data-image-meta=\"{&quot;aperture&quot;:&quot;0&quot;,&quot;credit&quot;:&quot;&quot;,&quot;camera&quot;:&quot;&quot;,&quot;caption&quot;:&quot;&quot;,&quot;created_timestamp&quot;:&quot;0&quot;,&quot;copyright&quot;:&quot;&quot;,&quot;focal_length&quot;:&quot;0&quot;,&quot;iso&quot;:&quot;0&quot;,&quot;shutter_speed&quot;:&quot;0&quot;,&quot;title&quot;:&quot;&quot;,&quot;orientation&quot;:&quot;1&quot;}\" data-image-title=\"IMG_7508\" data-image-description=\"\" data-image-caption=\"\" data-large-file=\"https:\/\/i0.wp.com\/www.ofkbrdo.com\/Wordpress\/wp-content\/uploads\/2024\/04\/IMG_7508.jpeg?fit=640%2C308&amp;ssl=1\" class=\"aligncenter size-full wp-image-7729\" src=\"https:\/\/i0.wp.com\/www.ofkbrdo.com\/Wordpress\/wp-content\/uploads\/2024\/04\/IMG_7508.jpeg?resize=640%2C308&#038;ssl=1\" alt=\"\" width=\"640\" height=\"308\" srcset=\"https:\/\/i0.wp.com\/www.ofkbrdo.com\/Wordpress\/wp-content\/uploads\/2024\/04\/IMG_7508.jpeg?w=1495&amp;ssl=1 1495w, https:\/\/i0.wp.com\/www.ofkbrdo.com\/Wordpress\/wp-content\/uploads\/2024\/04\/IMG_7508.jpeg?resize=300%2C144&amp;ssl=1 300w, https:\/\/i0.wp.com\/www.ofkbrdo.com\/Wordpress\/wp-content\/uploads\/2024\/04\/IMG_7508.jpeg?resize=1024%2C493&amp;ssl=1 1024w, https:\/\/i0.wp.com\/www.ofkbrdo.com\/Wordpress\/wp-content\/uploads\/2024\/04\/IMG_7508.jpeg?resize=768%2C370&amp;ssl=1 768w, https:\/\/i0.wp.com\/www.ofkbrdo.com\/Wordpress\/wp-content\/uploads\/2024\/04\/IMG_7508.jpeg?w=1280&amp;ssl=1 1280w\" sizes=\"(max-width: 640px) 100vw, 640px\" \/>Na\u017ealost, potpuna dominacija u svim elementima fudbalske igre, nije nagra\u0111ena golovima. Edinjo i Stevi\u0107 su imali odli\u010dne prilike, ali sre\u0107a je ovog puta bila na strani doma\u0107ina. <img data-recalc-dims=\"1\" decoding=\"async\" data-attachment-id=\"7730\" data-permalink=\"https:\/\/www.ofkbrdo.com\/Wordpress\/poraz-brda-protiv-crnog-vrha\/img_7509\/\" data-orig-file=\"https:\/\/i0.wp.com\/www.ofkbrdo.com\/Wordpress\/wp-content\/uploads\/2024\/04\/IMG_7509.jpeg?fit=1426%2C720&amp;ssl=1\" data-orig-size=\"1426,720\" data-comments-opened=\"0\" data-image-meta=\"{&quot;aperture&quot;:&quot;0&quot;,&quot;credit&quot;:&quot;&quot;,&quot;camera&quot;:&quot;&quot;,&quot;caption&quot;:&quot;&quot;,&quot;created_timestamp&quot;:&quot;0&quot;,&quot;copyright&quot;:&quot;&quot;,&quot;focal_length&quot;:&quot;0&quot;,&quot;iso&quot;:&quot;0&quot;,&quot;shutter_speed&quot;:&quot;0&quot;,&quot;title&quot;:&quot;&quot;,&quot;orientation&quot;:&quot;1&quot;}\" data-image-title=\"IMG_7509\" data-image-description=\"\" data-image-caption=\"\" data-large-file=\"https:\/\/i0.wp.com\/www.ofkbrdo.com\/Wordpress\/wp-content\/uploads\/2024\/04\/IMG_7509.jpeg?fit=640%2C323&amp;ssl=1\" class=\"aligncenter size-full wp-image-7730\" src=\"https:\/\/i0.wp.com\/www.ofkbrdo.com\/Wordpress\/wp-content\/uploads\/2024\/04\/IMG_7509.jpeg?resize=640%2C323&#038;ssl=1\" alt=\"\" width=\"640\" height=\"323\" srcset=\"https:\/\/i0.wp.com\/www.ofkbrdo.com\/Wordpress\/wp-content\/uploads\/2024\/04\/IMG_7509.jpeg?w=1426&amp;ssl=1 1426w, https:\/\/i0.wp.com\/www.ofkbrdo.com\/Wordpress\/wp-content\/uploads\/2024\/04\/IMG_7509.jpeg?resize=300%2C151&amp;ssl=1 300w, https:\/\/i0.wp.com\/www.ofkbrdo.com\/Wordpress\/wp-content\/uploads\/2024\/04\/IMG_7509.jpeg?resize=1024%2C517&amp;ssl=1 1024w, https:\/\/i0.wp.com\/www.ofkbrdo.com\/Wordpress\/wp-content\/uploads\/2024\/04\/IMG_7509.jpeg?resize=768%2C388&amp;ssl=1 768w, https:\/\/i0.wp.com\/www.ofkbrdo.com\/Wordpress\/wp-content\/uploads\/2024\/04\/IMG_7509.jpeg?w=1280&amp;ssl=1 1280w\" sizes=\"(max-width: 640px) 100vw, 640px\" \/>Fudbaleri jedne i druge ekipe, gledaoci, sudijska trojka i organizacija utakmice na nivou derbi susreta. Ekipi Brda \u010destitke jer malo je nedostajalo da ova utakmica ode u drugom smjeru.<\/p>\n<p><img data-recalc-dims=\"1\" loading=\"lazy\" decoding=\"async\" data-attachment-id=\"7731\" data-permalink=\"https:\/\/www.ofkbrdo.com\/Wordpress\/poraz-brda-protiv-crnog-vrha\/img_7503\/\" data-orig-file=\"https:\/\/i0.wp.com\/www.ofkbrdo.com\/Wordpress\/wp-content\/uploads\/2024\/04\/IMG_7503.jpeg?fit=945%2C1282&amp;ssl=1\" data-orig-size=\"945,1282\" data-comments-opened=\"0\" data-image-meta=\"{&quot;aperture&quot;:&quot;0&quot;,&quot;credit&quot;:&quot;&quot;,&quot;camera&quot;:&quot;&quot;,&quot;caption&quot;:&quot;&quot;,&quot;created_timestamp&quot;:&quot;0&quot;,&quot;copyright&quot;:&quot;&quot;,&quot;focal_length&quot;:&quot;0&quot;,&quot;iso&quot;:&quot;0&quot;,&quot;shutter_speed&quot;:&quot;0&quot;,&quot;title&quot;:&quot;&quot;,&quot;orientation&quot;:&quot;1&quot;}\" data-image-title=\"IMG_7503\" data-image-description=\"\" data-image-caption=\"\" data-large-file=\"https:\/\/i0.wp.com\/www.ofkbrdo.com\/Wordpress\/wp-content\/uploads\/2024\/04\/IMG_7503.jpeg?fit=640%2C868&amp;ssl=1\" class=\"aligncenter size-full wp-image-7731\" src=\"https:\/\/i0.wp.com\/www.ofkbrdo.com\/Wordpress\/wp-content\/uploads\/2024\/04\/IMG_7503.jpeg?resize=640%2C868&#038;ssl=1\" alt=\"\" width=\"640\" height=\"868\" srcset=\"https:\/\/i0.wp.com\/www.ofkbrdo.com\/Wordpress\/wp-content\/uploads\/2024\/04\/IMG_7503.jpeg?w=945&amp;ssl=1 945w, https:\/\/i0.wp.com\/www.ofkbrdo.com\/Wordpress\/wp-content\/uploads\/2024\/04\/IMG_7503.jpeg?resize=221%2C300&amp;ssl=1 221w, https:\/\/i0.wp.com\/www.ofkbrdo.com\/Wordpress\/wp-content\/uploads\/2024\/04\/IMG_7503.jpeg?resize=755%2C1024&amp;ssl=1 755w, https:\/\/i0.wp.com\/www.ofkbrdo.com\/Wordpress\/wp-content\/uploads\/2024\/04\/IMG_7503.jpeg?resize=768%2C1042&amp;ssl=1 768w\" sizes=\"(max-width: 640px) 100vw, 640px\" \/> Idemo dalje jer slijedi kup utakmica i naredne subote duel na Vedrom polju sa sastavom Jedinstva iz \u017deravice.<\/p>\n<p><img data-recalc-dims=\"1\" loading=\"lazy\" decoding=\"async\" data-attachment-id=\"7734\" data-permalink=\"https:\/\/www.ofkbrdo.com\/Wordpress\/poraz-brda-protiv-crnog-vrha\/img_7511\/\" data-orig-file=\"https:\/\/i0.wp.com\/www.ofkbrdo.com\/Wordpress\/wp-content\/uploads\/2024\/04\/IMG_7511.jpeg?fit=1175%2C720&amp;ssl=1\" data-orig-size=\"1175,720\" data-comments-opened=\"0\" data-image-meta=\"{&quot;aperture&quot;:&quot;0&quot;,&quot;credit&quot;:&quot;&quot;,&quot;camera&quot;:&quot;&quot;,&quot;caption&quot;:&quot;&quot;,&quot;created_timestamp&quot;:&quot;0&quot;,&quot;copyright&quot;:&quot;&quot;,&quot;focal_length&quot;:&quot;0&quot;,&quot;iso&quot;:&quot;0&quot;,&quot;shutter_speed&quot;:&quot;0&quot;,&quot;title&quot;:&quot;&quot;,&quot;orientation&quot;:&quot;1&quot;}\" data-image-title=\"IMG_7511\" data-image-description=\"\" data-image-caption=\"\" data-large-file=\"https:\/\/i0.wp.com\/www.ofkbrdo.com\/Wordpress\/wp-content\/uploads\/2024\/04\/IMG_7511.jpeg?fit=640%2C392&amp;ssl=1\" class=\"aligncenter size-full wp-image-7734\" src=\"https:\/\/i0.wp.com\/www.ofkbrdo.com\/Wordpress\/wp-content\/uploads\/2024\/04\/IMG_7511.jpeg?resize=640%2C392&#038;ssl=1\" alt=\"\" width=\"640\" height=\"392\" srcset=\"https:\/\/i0.wp.com\/www.ofkbrdo.com\/Wordpress\/wp-content\/uploads\/2024\/04\/IMG_7511.jpeg?w=1175&amp;ssl=1 1175w, https:\/\/i0.wp.com\/www.ofkbrdo.com\/Wordpress\/wp-content\/uploads\/2024\/04\/IMG_7511.jpeg?resize=300%2C184&amp;ssl=1 300w, https:\/\/i0.wp.com\/www.ofkbrdo.com\/Wordpress\/wp-content\/uploads\/2024\/04\/IMG_7511.jpeg?resize=1024%2C627&amp;ssl=1 1024w, https:\/\/i0.wp.com\/www.ofkbrdo.com\/Wordpress\/wp-content\/uploads\/2024\/04\/IMG_7511.jpeg?resize=768%2C471&amp;ssl=1 768w\" sizes=\"(max-width: 640px) 100vw, 640px\" \/>Druga liga FSRS, 22 kolo<br \/>\nJaru\u017eani, 14.04.2024.<\/p>\n<p><strong>FK CRNI VRH \u2013 OFK BRDO 2:0<\/strong><br \/>\nZelenika 15\u2019 i 95\u2019<\/p>\n<p>OFK BRDO: Vidovi\u0107, Haramba\u0161i\u0107, Bundalo, Dedi\u0107, Trkulja. Miodragovi\u0107, Miljevi\u0107 . Marmat, Edson, Thomas Stevi\u0107<\/p>\n<p>Rezerve: Babi\u0107, Karupovi\u0107, Karagi\u0107, Isakovi\u0107, Miji\u0107. Stupar, D. Trkulja, Dragi\u0107, Behli\u0107<\/p>\n<div class=\"jetpack-video-wrapper\"><div class=\"lyte-wrapper fourthree\" title=\"CRNI VRH- OFK BRDO 2-0\" style=\"width:420px;max-width:100%;margin:5px;\"><div class=\"lyMe\" id=\"WYL_viUYXr_BUJw\" itemprop=\"video\" itemscope itemtype=\"https:\/\/schema.org\/VideoObject\"><div><meta itemprop=\"thumbnailUrl\" content=\"https:\/\/i.ytimg.com\/vi\/viUYXr_BUJw\/hqdefault.jpg\" \/><meta itemprop=\"embedURL\" content=\"https:\/\/www.youtube.com\/embed\/viUYXr_BUJw\" \/><meta itemprop=\"duration\" content=\"PT2M1S\" \/><meta itemprop=\"uploadDate\" content=\"2024-04-14T19:49:30Z\" \/><\/div><div id=\"lyte_viUYXr_BUJw\" data-src=\"https:\/\/i.ytimg.com\/vi\/viUYXr_BUJw\/hqdefault.jpg\" class=\"pL\"><div class=\"tC\"><div class=\"tT\" itemprop=\"name\">CRNI VRH- OFK BRDO 2-0<\/div><\/div><div class=\"play\"><\/div><div class=\"ctrl\"><div class=\"Lctrl\"><\/div><div class=\"Rctrl\"><\/div><\/div><\/div><noscript><a href=\"https:\/\/youtu.be\/viUYXr_BUJw\" rel=\"nofollow noopener\" target=\"_blank\"><img data-recalc-dims=\"1\" loading=\"lazy\" decoding=\"async\" src=\"https:\/\/i0.wp.com\/i.ytimg.com\/vi\/viUYXr_BUJw\/0.jpg?resize=420%2C295&#038;ssl=1\" alt=\"CRNI VRH- OFK BRDO 2-0\" width=\"420\" height=\"295\" \/><br \/>Watch this video on YouTube<\/a><\/noscript><meta itemprop=\"description\" content=\"CRNI VRH- OFK BRDO 2-0\"><\/div><\/div><div class=\"lL\" style=\"max-width:100%;width:420px;margin:5px;\"><\/div><\/div>\n","protected":false},"excerpt":{"rendered":"<p>Veoma kvalitetna utakmica u Jaru\u017eanima. Ekipa Brda je pora\u017eena, ali je pobrala simpatije, objektivne doma\u0107e publike. Po\u010detak susreta pripao je lideru drugoliga\u0161kog zapad. Da je OFK Brdo ekipa vrijedna respekta uvjerili smo se u drugom poluvremenu. Na\u017ealost, potpuna dominacija u svim elementima fudbalske igre, nije nagra\u0111ena golovima. Edinjo i Stevi\u0107 su imali odli\u010dne prilike, ali [&hellip;]<\/p>\n","protected":false},"author":1,"featured_media":7732,"comment_status":"closed","ping_status":"closed","sticky":false,"template":"","format":"standard","meta":{"ngg_post_thumbnail":0,"_jetpack_memberships_contains_paid_content":false,"footnotes":"","jetpack_publicize_message":"","jetpack_publicize_feature_enabled":true,"jetpack_social_post_already_shared":true,"jetpack_social_options":{"image_generator_settings":{"template":"highway","default_image_id":0,"font":"","enabled":false},"version":2}},"categories":[210],"tags":[],"class_list":["post-7727","post","type-post","status-publish","format-standard","has-post-thumbnail","hentry","category-druga-liga-rs"],"jetpack_publicize_connections":[],"jetpack_featured_media_url":"https:\/\/i0.wp.com\/www.ofkbrdo.com\/Wordpress\/wp-content\/uploads\/2024\/04\/IMG_7510.jpeg?fit=1372%2C720&ssl=1","jetpack_sharing_enabled":true,"jetpack_likes_enabled":true,"jetpack_shortlink":"https:\/\/wp.me\/pevKtx-20D","jetpack-related-posts":[{"id":7163,"url":"https:\/\/www.ofkbrdo.com\/Wordpress\/ofk-brdo-fk-naprijed-1-2\/","url_meta":{"origin":7727,"position":0},"title":"OFK BRDO &#8211; FK NAPRIJED 1-2","author":"admin","date":"16. September 2023","format":false,"excerpt":"Ekipa Naprijeda ostala je lider prvenstva na drugoliga\u0161kom zapada i nakon dana\u0161njeg susreta na Vedrom polju. Gosti su slavili zaslu\u017eenu pobjedu jer nekako se \u010dini da su imali vi\u0161e \u017eelje za osvajanjem bodova. Od prve minute otvorena utakmica s obje strane. Nakon jednog nesporazuma u odbrani Brda, lopta zavr\u0161ava u\u2026","rel":"","context":"In &quot;Druga liga RS&quot;","block_context":{"text":"Druga liga RS","link":"https:\/\/www.ofkbrdo.com\/Wordpress\/druga-liga-rs\/"},"img":{"alt_text":"","src":"https:\/\/i0.wp.com\/www.ofkbrdo.com\/Wordpress\/wp-content\/uploads\/2023\/09\/IMG_2092.jpeg?fit=890%2C586&ssl=1&resize=350%2C200","width":350,"height":200,"srcset":"https:\/\/i0.wp.com\/www.ofkbrdo.com\/Wordpress\/wp-content\/uploads\/2023\/09\/IMG_2092.jpeg?fit=890%2C586&ssl=1&resize=350%2C200 1x, https:\/\/i0.wp.com\/www.ofkbrdo.com\/Wordpress\/wp-content\/uploads\/2023\/09\/IMG_2092.jpeg?fit=890%2C586&ssl=1&resize=525%2C300 1.5x, https:\/\/i0.wp.com\/www.ofkbrdo.com\/Wordpress\/wp-content\/uploads\/2023\/09\/IMG_2092.jpeg?fit=890%2C586&ssl=1&resize=700%2C400 2x"},"classes":[]},{"id":9551,"url":"https:\/\/www.ofkbrdo.com\/Wordpress\/prvi-poraz-ofk-brda\/","url_meta":{"origin":7727,"position":1},"title":"PRVI PORAZ OFK BRDA","author":"admin","date":"6. October 2025","format":false,"excerpt":"Ekipa banjalu\u010dkog \u017deljezni\u010dara zaslu\u017eeno je slavila pobjedu u sedmom kolu drugoliga\u0161kog zapada. Od prve minute doma\u0107i su stisli gas i pas igrom prijetili golu Zgonjanina. Igra\u010dki deficit u ekipi Mirze Alki\u0107a bio je vidljiv. Bundalo, Haramba\u0161i\u0107, Stevi\u0107, Isakovi\u0107 nisu bili u kadru, a Mari\u0107 je igrao sa povi\u0161enom temperaturom. Neujedna\u010denim\u2026","rel":"","context":"In &quot;Druga liga RS&quot;","block_context":{"text":"Druga liga RS","link":"https:\/\/www.ofkbrdo.com\/Wordpress\/druga-liga-rs\/"},"img":{"alt_text":"","src":"https:\/\/i0.wp.com\/www.ofkbrdo.com\/Wordpress\/wp-content\/uploads\/2025\/10\/att.swA80e5s0LPfLWL5KgvMXBQfdrgigIrz2RVYcw4ycEA.jpeg?fit=1200%2C900&ssl=1&resize=350%2C200","width":350,"height":200,"srcset":"https:\/\/i0.wp.com\/www.ofkbrdo.com\/Wordpress\/wp-content\/uploads\/2025\/10\/att.swA80e5s0LPfLWL5KgvMXBQfdrgigIrz2RVYcw4ycEA.jpeg?fit=1200%2C900&ssl=1&resize=350%2C200 1x, https:\/\/i0.wp.com\/www.ofkbrdo.com\/Wordpress\/wp-content\/uploads\/2025\/10\/att.swA80e5s0LPfLWL5KgvMXBQfdrgigIrz2RVYcw4ycEA.jpeg?fit=1200%2C900&ssl=1&resize=525%2C300 1.5x, https:\/\/i0.wp.com\/www.ofkbrdo.com\/Wordpress\/wp-content\/uploads\/2025\/10\/att.swA80e5s0LPfLWL5KgvMXBQfdrgigIrz2RVYcw4ycEA.jpeg?fit=1200%2C900&ssl=1&resize=700%2C400 2x, https:\/\/i0.wp.com\/www.ofkbrdo.com\/Wordpress\/wp-content\/uploads\/2025\/10\/att.swA80e5s0LPfLWL5KgvMXBQfdrgigIrz2RVYcw4ycEA.jpeg?fit=1200%2C900&ssl=1&resize=1050%2C600 3x"},"classes":[]},{"id":9118,"url":"https:\/\/www.ofkbrdo.com\/Wordpress\/trijumf-u-kupu-na-kraju-veoma-uspjesne-sezone\/","url_meta":{"origin":7727,"position":2},"title":"TRIJUMF U KUPU NA KRAJU VEOMA USPJE\u0160NE SEZONE","author":"admin","date":"6. June 2025","format":false,"excerpt":"Bila je to fudbalska poslastica za ljubitelje fudbala, posebno one kojima su drage \u017euto plave boje. Ekipa Brda je nastojala osvojiti trofej u duelu sa ekipom Omarske koje se u sezoni kojom smo nedavno odborajali dane, pro\u0161etala drugoliga\u0161kim zapadom. Ruku na srce, nije se Omarska naigrala sa ekipom Brda u\u2026","rel":"","context":"In &quot;Kup&quot;","block_context":{"text":"Kup","link":"https:\/\/www.ofkbrdo.com\/Wordpress\/kup\/"},"img":{"alt_text":"","src":"https:\/\/i0.wp.com\/www.ofkbrdo.com\/Wordpress\/wp-content\/uploads\/2025\/06\/IMG_0044.jpeg?fit=820%2C479&ssl=1&resize=350%2C200","width":350,"height":200,"srcset":"https:\/\/i0.wp.com\/www.ofkbrdo.com\/Wordpress\/wp-content\/uploads\/2025\/06\/IMG_0044.jpeg?fit=820%2C479&ssl=1&resize=350%2C200 1x, https:\/\/i0.wp.com\/www.ofkbrdo.com\/Wordpress\/wp-content\/uploads\/2025\/06\/IMG_0044.jpeg?fit=820%2C479&ssl=1&resize=525%2C300 1.5x, https:\/\/i0.wp.com\/www.ofkbrdo.com\/Wordpress\/wp-content\/uploads\/2025\/06\/IMG_0044.jpeg?fit=820%2C479&ssl=1&resize=700%2C400 2x"},"classes":[]},{"id":2528,"url":"https:\/\/www.ofkbrdo.com\/Wordpress\/blijedo-izdanje-fudbalera-brda\/","url_meta":{"origin":7727,"position":3},"title":"BLIJEDO IZDANJE FUDBALERA BRDA","author":"admin","date":"27. October 2020","format":false,"excerpt":"Poku\u0161avamo se prisjetiti utakmice koja nakon 0-0 u prvom poluvremenu, zavr\u0161ena rezultatom 1-6? Od protekle nedjelje ne\u0107e nam biti te\u0161ko, iako je neprijatno, odgovoriti i na ovo pitanje. To se desilo u susretu 12. kola Druge fudbalske lige, grupa zapad, na stadionu Vedro polje u Hambarinama. Da stvar bude jo\u0161\u2026","rel":"","context":"In &quot;Pocetna&quot;","block_context":{"text":"Pocetna","link":"https:\/\/www.ofkbrdo.com\/Wordpress\/vijesti\/"},"img":{"alt_text":"","src":"https:\/\/i0.wp.com\/www.ofkbrdo.com\/Wordpress\/wp-content\/uploads\/2020\/10\/BRdo_omarska.jpg?fit=1200%2C900&ssl=1&resize=350%2C200","width":350,"height":200,"srcset":"https:\/\/i0.wp.com\/www.ofkbrdo.com\/Wordpress\/wp-content\/uploads\/2020\/10\/BRdo_omarska.jpg?fit=1200%2C900&ssl=1&resize=350%2C200 1x, https:\/\/i0.wp.com\/www.ofkbrdo.com\/Wordpress\/wp-content\/uploads\/2020\/10\/BRdo_omarska.jpg?fit=1200%2C900&ssl=1&resize=525%2C300 1.5x, https:\/\/i0.wp.com\/www.ofkbrdo.com\/Wordpress\/wp-content\/uploads\/2020\/10\/BRdo_omarska.jpg?fit=1200%2C900&ssl=1&resize=700%2C400 2x, https:\/\/i0.wp.com\/www.ofkbrdo.com\/Wordpress\/wp-content\/uploads\/2020\/10\/BRdo_omarska.jpg?fit=1200%2C900&ssl=1&resize=1050%2C600 3x"},"classes":[]},{"id":6313,"url":"https:\/\/www.ofkbrdo.com\/Wordpress\/zapazen-nastup-mladih-fudbalera-brda-u-zimskoj-ligi\/","url_meta":{"origin":7727,"position":4},"title":"ZAPA\u017dEN NASTUP MLADIH FUDBALERA BRDA U ZIMSKOJ LIGI","author":"admin","date":"1. February 2023","format":false,"excerpt":"Drugi krug utakmica u okviru Zimske lige u Sanskom Mostu donio je nova isku\u0161enja za mlade fudbalere Omladinskog fudbalskog kluba Brdo. Nakon dvije sigurne pobjede na startu lige, uslijedila su dueli sa veoma kvalitetnim protivnicima. Uz dosta sportske nesre\u0107e ekipa Mirze Alki\u0107a je pora\u017eena od odgovaraju\u0107eg sastava Podgrme\u010da iz Sanskog\u2026","rel":"","context":"In &quot;\u0160kola fudbala OFK Brdo&quot;","block_context":{"text":"\u0160kola fudbala OFK Brdo","link":"https:\/\/www.ofkbrdo.com\/Wordpress\/skola-fudbala-ofk-brdo\/"},"img":{"alt_text":"","src":"https:\/\/i0.wp.com\/www.ofkbrdo.com\/Wordpress\/wp-content\/uploads\/2023\/02\/61555C7F-6E16-474B-B09B-9CC3C577DEEC.jpeg?fit=902%2C647&ssl=1&resize=350%2C200","width":350,"height":200,"srcset":"https:\/\/i0.wp.com\/www.ofkbrdo.com\/Wordpress\/wp-content\/uploads\/2023\/02\/61555C7F-6E16-474B-B09B-9CC3C577DEEC.jpeg?fit=902%2C647&ssl=1&resize=350%2C200 1x, https:\/\/i0.wp.com\/www.ofkbrdo.com\/Wordpress\/wp-content\/uploads\/2023\/02\/61555C7F-6E16-474B-B09B-9CC3C577DEEC.jpeg?fit=902%2C647&ssl=1&resize=525%2C300 1.5x, https:\/\/i0.wp.com\/www.ofkbrdo.com\/Wordpress\/wp-content\/uploads\/2023\/02\/61555C7F-6E16-474B-B09B-9CC3C577DEEC.jpeg?fit=902%2C647&ssl=1&resize=700%2C400 2x"},"classes":[]},{"id":2451,"url":"https:\/\/www.ofkbrdo.com\/Wordpress\/neopisiva-radost-na-stadionu-vedro-polje\/","url_meta":{"origin":7727,"position":5},"title":"NEOPISIVA RADOST NA STADIONU VEDRO POLJE","author":"admin","date":"11. October 2020","format":false,"excerpt":"Do\u0161lo je vrijeme da juniori Brda proslave prvu pobjedu u Omladinskoj ligi BiH na doma\u0107em terenu. U trijumfu \u010distom kao suza, izabranici Amira Duratovi\u0107a bili su bolji od Borca iz Kozarske Dubice. Na samom po\u010detku susreta Behli\u0107 je nakon sjajne akcije dove doma\u0107e u vodstvo. Radost Brda se nije ni\u2026","rel":"","context":"In &quot;Pocetna&quot;","block_context":{"text":"Pocetna","link":"https:\/\/www.ofkbrdo.com\/Wordpress\/vijesti\/"},"img":{"alt_text":"","src":"https:\/\/i0.wp.com\/www.ofkbrdo.com\/Wordpress\/wp-content\/uploads\/2020\/10\/Brdo_-BoracDubica1.jpg?fit=960%2C720&ssl=1&resize=350%2C200","width":350,"height":200,"srcset":"https:\/\/i0.wp.com\/www.ofkbrdo.com\/Wordpress\/wp-content\/uploads\/2020\/10\/Brdo_-BoracDubica1.jpg?fit=960%2C720&ssl=1&resize=350%2C200 1x, https:\/\/i0.wp.com\/www.ofkbrdo.com\/Wordpress\/wp-content\/uploads\/2020\/10\/Brdo_-BoracDubica1.jpg?fit=960%2C720&ssl=1&resize=525%2C300 1.5x, https:\/\/i0.wp.com\/www.ofkbrdo.com\/Wordpress\/wp-content\/uploads\/2020\/10\/Brdo_-BoracDubica1.jpg?fit=960%2C720&ssl=1&resize=700%2C400 2x"},"classes":[]}],"_links":{"self":[{"href":"https:\/\/www.ofkbrdo.com\/Wordpress\/wp-json\/wp\/v2\/posts\/7727","targetHints":{"allow":["GET"]}}],"collection":[{"href":"https:\/\/www.ofkbrdo.com\/Wordpress\/wp-json\/wp\/v2\/posts"}],"about":[{"href":"https:\/\/www.ofkbrdo.com\/Wordpress\/wp-json\/wp\/v2\/types\/post"}],"author":[{"embeddable":true,"href":"https:\/\/www.ofkbrdo.com\/Wordpress\/wp-json\/wp\/v2\/users\/1"}],"replies":[{"embeddable":true,"href":"https:\/\/www.ofkbrdo.com\/Wordpress\/wp-json\/wp\/v2\/comments?post=7727"}],"version-history":[{"count":0,"href":"https:\/\/www.ofkbrdo.com\/Wordpress\/wp-json\/wp\/v2\/posts\/7727\/revisions"}],"wp:featuredmedia":[{"embeddable":true,"href":"https:\/\/www.ofkbrdo.com\/Wordpress\/wp-json\/wp\/v2\/media\/7732"}],"wp:attachment":[{"href":"https:\/\/www.ofkbrdo.com\/Wordpress\/wp-json\/wp\/v2\/media?parent=7727"}],"wp:term":[{"taxonomy":"category","embeddable":true,"href":"https:\/\/www.ofkbrdo.com\/Wordpress\/wp-json\/wp\/v2\/categories?post=7727"},{"taxonomy":"post_tag","embeddable":true,"href":"https:\/\/www.ofkbrdo.com\/Wordpress\/wp-json\/wp\/v2\/tags?post=7727"}],"curies":[{"name":"wp","href":"https:\/\/api.w.org\/{rel}","templated":true}]}}