{"id":9886,"date":"2026-04-27T14:41:56","date_gmt":"2026-04-27T12:41:56","guid":{"rendered":"https:\/\/www.ofkbrdo.com\/Wordpress\/?p=9886"},"modified":"2026-04-27T14:45:25","modified_gmt":"2026-04-27T12:45:25","slug":"ulaganje-u-sutra-40-trenerki-za-nase-mlade-nade","status":"publish","type":"post","link":"https:\/\/www.ofkbrdo.com\/Wordpress\/ulaganje-u-sutra-40-trenerki-za-nase-mlade-nade\/","title":{"rendered":"Ulaganje u sutra: 40 trenerki za na\u0161e mlade nade"},"content":{"rendered":"<p>Bosanci za bolje sutra-(Bosnian for a Better Tomorrow) iz Amerike (Atlanta) su, u saradnji sa Humanim Brdom, pru\u017eili veliku podr\u0161ku na\u0161em omladinskom pogonu na\u0161im kadetima i pionirima OFK Brdo.<\/p>\n<p><img data-recalc-dims=\"1\" fetchpriority=\"high\" decoding=\"async\" data-attachment-id=\"9885\" data-permalink=\"https:\/\/www.ofkbrdo.com\/Wordpress\/uspjesan-dan-za-ofk-brdo-protiv-fsa\/img_0897-2\/\" data-orig-file=\"https:\/\/i0.wp.com\/www.ofkbrdo.com\/Wordpress\/wp-content\/uploads\/2026\/04\/IMG_0897-1.jpeg?fit=887%2C598&amp;ssl=1\" data-orig-size=\"887,598\" data-comments-opened=\"0\" data-image-meta=\"{&quot;aperture&quot;:&quot;0&quot;,&quot;credit&quot;:&quot;&quot;,&quot;camera&quot;:&quot;&quot;,&quot;caption&quot;:&quot;&quot;,&quot;created_timestamp&quot;:&quot;0&quot;,&quot;copyright&quot;:&quot;&quot;,&quot;focal_length&quot;:&quot;0&quot;,&quot;iso&quot;:&quot;0&quot;,&quot;shutter_speed&quot;:&quot;0&quot;,&quot;title&quot;:&quot;&quot;,&quot;orientation&quot;:&quot;1&quot;}\" data-image-title=\"IMG_0897\" data-image-description=\"\" data-image-caption=\"\" data-large-file=\"https:\/\/i0.wp.com\/www.ofkbrdo.com\/Wordpress\/wp-content\/uploads\/2026\/04\/IMG_0897-1.jpeg?fit=640%2C431&amp;ssl=1\" class=\"aligncenter size-full wp-image-9885\" src=\"https:\/\/i0.wp.com\/www.ofkbrdo.com\/Wordpress\/wp-content\/uploads\/2026\/04\/IMG_0897-1.jpeg?resize=640%2C431&#038;ssl=1\" alt=\"\" width=\"640\" height=\"431\" srcset=\"https:\/\/i0.wp.com\/www.ofkbrdo.com\/Wordpress\/wp-content\/uploads\/2026\/04\/IMG_0897-1.jpeg?w=887&amp;ssl=1 887w, https:\/\/i0.wp.com\/www.ofkbrdo.com\/Wordpress\/wp-content\/uploads\/2026\/04\/IMG_0897-1.jpeg?resize=300%2C202&amp;ssl=1 300w, https:\/\/i0.wp.com\/www.ofkbrdo.com\/Wordpress\/wp-content\/uploads\/2026\/04\/IMG_0897-1.jpeg?resize=768%2C518&amp;ssl=1 768w\" sizes=\"(max-width: 640px) 100vw, 640px\" \/>Ova pomo\u0107 nije stigla samo u pravi trenutak stigla je tamo gdje najvi\u0161e zna\u010di, me\u0111u na\u0161u djecu, na\u0161e budu\u0107e nade.<\/p>\n<p>OFK Brdo ve\u0107 godinama ponosno gradi jednu posebnu pri\u010du kroz svoj omladinski pogon. Od cicibana, pjetli\u0107a, pretpionira, pa sve do pionira i kadeta to su djeca koja sanjaju, koja rastu i koja nose budu\u0107nost na\u0161eg kluba na svojim le\u0111ima.<\/p>\n<p><img data-recalc-dims=\"1\" decoding=\"async\" data-attachment-id=\"9883\" data-permalink=\"https:\/\/www.ofkbrdo.com\/Wordpress\/uspjesan-dan-za-ofk-brdo-protiv-fsa\/att-dz1ihbiwdoymxaolbt5wyq6nhuoi3zcfyxjkuq5ps3y\/\" data-orig-file=\"https:\/\/i0.wp.com\/www.ofkbrdo.com\/Wordpress\/wp-content\/uploads\/2026\/04\/att.dz1IHbIwDOYmXAoLBt5wyQ6nHuoi3ZcfyXJKuQ5PS3Y.jpeg?fit=698%2C463&amp;ssl=1\" data-orig-size=\"698,463\" data-comments-opened=\"0\" data-image-meta=\"{&quot;aperture&quot;:&quot;0&quot;,&quot;credit&quot;:&quot;&quot;,&quot;camera&quot;:&quot;&quot;,&quot;caption&quot;:&quot;&quot;,&quot;created_timestamp&quot;:&quot;0&quot;,&quot;copyright&quot;:&quot;&quot;,&quot;focal_length&quot;:&quot;0&quot;,&quot;iso&quot;:&quot;0&quot;,&quot;shutter_speed&quot;:&quot;0&quot;,&quot;title&quot;:&quot;&quot;,&quot;orientation&quot;:&quot;1&quot;}\" data-image-title=\"att.dz1IHbIwDOYmXAoLBt5wyQ6nHuoi3ZcfyXJKuQ5PS3Y\" data-image-description=\"\" data-image-caption=\"\" data-large-file=\"https:\/\/i0.wp.com\/www.ofkbrdo.com\/Wordpress\/wp-content\/uploads\/2026\/04\/att.dz1IHbIwDOYmXAoLBt5wyQ6nHuoi3ZcfyXJKuQ5PS3Y.jpeg?fit=640%2C425&amp;ssl=1\" class=\"aligncenter size-full wp-image-9883\" src=\"https:\/\/i0.wp.com\/www.ofkbrdo.com\/Wordpress\/wp-content\/uploads\/2026\/04\/att.dz1IHbIwDOYmXAoLBt5wyQ6nHuoi3ZcfyXJKuQ5PS3Y.jpeg?resize=640%2C425&#038;ssl=1\" alt=\"\" width=\"640\" height=\"425\" srcset=\"https:\/\/i0.wp.com\/www.ofkbrdo.com\/Wordpress\/wp-content\/uploads\/2026\/04\/att.dz1IHbIwDOYmXAoLBt5wyQ6nHuoi3ZcfyXJKuQ5PS3Y.jpeg?w=698&amp;ssl=1 698w, https:\/\/i0.wp.com\/www.ofkbrdo.com\/Wordpress\/wp-content\/uploads\/2026\/04\/att.dz1IHbIwDOYmXAoLBt5wyQ6nHuoi3ZcfyXJKuQ5PS3Y.jpeg?resize=300%2C199&amp;ssl=1 300w\" sizes=\"(max-width: 640px) 100vw, 640px\" \/>Zato je svaka podr\u0161ka njima vi\u0161e od pomo\u0107i to je ulaganje u sutra.<\/p>\n<p>Od srca se zahvaljujemo na\u0161im prijateljima iz Amerike, \u201cBosanci za bolje sutra\u201d, ali i na\u0161em Humanom Brdu, koje ve\u0107 godinama stoji uz na\u0161u omladinu i pokazuje \u0161ta zna\u010di biti uz svoj klub i svoju zajednicu.<\/p>\n<p>Posebnu te\u017einu ovoj pri\u010di daje \u010dinjenica da iza svega stoje ljudi velikog srca.<\/p>\n<p><img data-recalc-dims=\"1\" decoding=\"async\" data-attachment-id=\"9889\" data-permalink=\"https:\/\/www.ofkbrdo.com\/Wordpress\/ulaganje-u-sutra-40-trenerki-za-nase-mlade-nade\/img_1003\/\" data-orig-file=\"https:\/\/i0.wp.com\/www.ofkbrdo.com\/Wordpress\/wp-content\/uploads\/2026\/04\/IMG_1003.jpeg?fit=1136%2C1599&amp;ssl=1\" data-orig-size=\"1136,1599\" data-comments-opened=\"0\" data-image-meta=\"{&quot;aperture&quot;:&quot;0&quot;,&quot;credit&quot;:&quot;&quot;,&quot;camera&quot;:&quot;&quot;,&quot;caption&quot;:&quot;&quot;,&quot;created_timestamp&quot;:&quot;0&quot;,&quot;copyright&quot;:&quot;&quot;,&quot;focal_length&quot;:&quot;0&quot;,&quot;iso&quot;:&quot;0&quot;,&quot;shutter_speed&quot;:&quot;0&quot;,&quot;title&quot;:&quot;&quot;,&quot;orientation&quot;:&quot;1&quot;}\" data-image-title=\"IMG_1003\" data-image-description=\"\" data-image-caption=\"\" data-large-file=\"https:\/\/i0.wp.com\/www.ofkbrdo.com\/Wordpress\/wp-content\/uploads\/2026\/04\/IMG_1003.jpeg?fit=640%2C901&amp;ssl=1\" class=\"aligncenter size-full wp-image-9889\" src=\"https:\/\/i0.wp.com\/www.ofkbrdo.com\/Wordpress\/wp-content\/uploads\/2026\/04\/IMG_1003.jpeg?resize=640%2C901&#038;ssl=1\" alt=\"\" width=\"640\" height=\"901\" srcset=\"https:\/\/i0.wp.com\/www.ofkbrdo.com\/Wordpress\/wp-content\/uploads\/2026\/04\/IMG_1003.jpeg?w=1136&amp;ssl=1 1136w, https:\/\/i0.wp.com\/www.ofkbrdo.com\/Wordpress\/wp-content\/uploads\/2026\/04\/IMG_1003.jpeg?resize=213%2C300&amp;ssl=1 213w, https:\/\/i0.wp.com\/www.ofkbrdo.com\/Wordpress\/wp-content\/uploads\/2026\/04\/IMG_1003.jpeg?resize=727%2C1024&amp;ssl=1 727w, https:\/\/i0.wp.com\/www.ofkbrdo.com\/Wordpress\/wp-content\/uploads\/2026\/04\/IMG_1003.jpeg?resize=768%2C1081&amp;ssl=1 768w, https:\/\/i0.wp.com\/www.ofkbrdo.com\/Wordpress\/wp-content\/uploads\/2026\/04\/IMG_1003.jpeg?resize=1091%2C1536&amp;ssl=1 1091w\" sizes=\"(max-width: 640px) 100vw, 640px\" \/>Na\u0161 BHFanaticos Ferta-Admir \u0160vraka iz Engleske bio je most koji nas je spojio sa jednim od pokreta\u010da organizacije Ervin Kranti\u0107 i omogu\u0107io da ova ideja postane stvarnost.<\/p>\n<p>Ne mo\u017eemo, a da ne spomenemo na\u0161eg neumornog Mirsada \u010cau\u0161evi\u0107a, koji je ovu lijepu pri\u010du pomogao financijski.<\/p>\n<p>Ovo nije samo pomo\u0107 ovo je dokaz da nismo sami. Da imamo jedni druge, bez obzira gdje smo.<\/p>\n<p>Ukupno 40 trenerki u vrijednosti od 3.280 KM<\/p>\n<p>Hvala vam od srca \u2764\ufe0f<\/p>\n","protected":false},"excerpt":{"rendered":"<p>Bosanci za bolje sutra-(Bosnian for a Better Tomorrow) iz Amerike (Atlanta) su, u saradnji sa Humanim Brdom, pru\u017eili veliku podr\u0161ku na\u0161em omladinskom pogonu na\u0161im kadetima i pionirima OFK Brdo. Ova pomo\u0107 nije stigla samo u pravi trenutak stigla je tamo gdje najvi\u0161e zna\u010di, me\u0111u na\u0161u djecu, na\u0161e budu\u0107e nade. OFK Brdo ve\u0107 godinama ponosno gradi [&hellip;]<\/p>\n","protected":false},"author":1,"featured_media":9888,"comment_status":"closed","ping_status":"closed","sticky":false,"template":"","format":"standard","meta":{"ngg_post_thumbnail":0,"_jetpack_memberships_contains_paid_content":false,"footnotes":"","jetpack_publicize_message":"","jetpack_publicize_feature_enabled":true,"jetpack_social_post_already_shared":true,"jetpack_social_options":{"image_generator_settings":{"template":"highway","default_image_id":0,"font":"","enabled":false},"version":2}},"categories":[29,13,184,212,20],"tags":[],"class_list":["post-9886","post","type-post","status-publish","format-standard","has-post-thumbnail","hentry","category-kadetska-liga-pfs-prijedor","category-kadeti-u16","category-razno","category-skola-fudbala-ofk-brdo","category-sponzori"],"jetpack_publicize_connections":[],"jetpack_featured_media_url":"https:\/\/i0.wp.com\/www.ofkbrdo.com\/Wordpress\/wp-content\/uploads\/2026\/04\/att.63AR7bSpwL9fWtYIZgQWwfTXP5nQcn0_VYbh1lwh8D4.jpeg?fit=1077%2C718&ssl=1","jetpack_sharing_enabled":true,"jetpack_likes_enabled":true,"jetpack_shortlink":"https:\/\/wp.me\/pevKtx-2zs","jetpack-related-posts":[{"id":6371,"url":"https:\/\/www.ofkbrdo.com\/Wordpress\/brdo-bolje-od-sloge-iz-bosanske-otoke\/","url_meta":{"origin":9886,"position":0},"title":"BRDO BOLJE OD SLOGE IZ BOSANSKE OTOKE","author":"admin","date":"19. February 2023","format":false,"excerpt":"Dobra fudbalska predstava iako je to bila pripremna utakmica drugoliga\u0161a iz dva entiteta. Ukupno sedam golova i jo\u0161 dosta toga \u0161to treba popraviti do po\u010detka prvenstva. Golove za Omladinski fudbalski klub Brdo su postiglu, Kurid\u017ea, Karajica, Krneta i Hod\u017ei\u0107. Za na\u0161e sportske prijatelje iz Bosanske Otoke golove su postigli Vu\u010den,\u2026","rel":"","context":"In &quot;Prva ekipa&quot;","block_context":{"text":"Prva ekipa","link":"https:\/\/www.ofkbrdo.com\/Wordpress\/prva-ekipa\/"},"img":{"alt_text":"","src":"https:\/\/i0.wp.com\/www.ofkbrdo.com\/Wordpress\/wp-content\/uploads\/2023\/02\/E9E2D519-6A98-4BED-A79E-EBDFC564AD37.jpeg?fit=1200%2C540&ssl=1&resize=350%2C200","width":350,"height":200,"srcset":"https:\/\/i0.wp.com\/www.ofkbrdo.com\/Wordpress\/wp-content\/uploads\/2023\/02\/E9E2D519-6A98-4BED-A79E-EBDFC564AD37.jpeg?fit=1200%2C540&ssl=1&resize=350%2C200 1x, https:\/\/i0.wp.com\/www.ofkbrdo.com\/Wordpress\/wp-content\/uploads\/2023\/02\/E9E2D519-6A98-4BED-A79E-EBDFC564AD37.jpeg?fit=1200%2C540&ssl=1&resize=525%2C300 1.5x, https:\/\/i0.wp.com\/www.ofkbrdo.com\/Wordpress\/wp-content\/uploads\/2023\/02\/E9E2D519-6A98-4BED-A79E-EBDFC564AD37.jpeg?fit=1200%2C540&ssl=1&resize=700%2C400 2x, https:\/\/i0.wp.com\/www.ofkbrdo.com\/Wordpress\/wp-content\/uploads\/2023\/02\/E9E2D519-6A98-4BED-A79E-EBDFC564AD37.jpeg?fit=1200%2C540&ssl=1&resize=1050%2C600 3x"},"classes":[]},{"id":5890,"url":"https:\/\/www.ofkbrdo.com\/Wordpress\/pocela-prvenstvena-iskusenja-za-mlade-fudbalere-brda\/","url_meta":{"origin":9886,"position":1},"title":"PO\u010cELA PRVENSTVENA ISKU\u0160ENJA ZA MLADE FUDBALERE BRDA","author":"admin","date":"12. September 2022","format":false,"excerpt":"Proteklog vikenda po\u010dela je sezona i za mlade fudbalere koji se takmi\u010de u omladinskim ligama Podru\u010dnog fudbalskog saveza Prijedor. Aktivne su bile i fudbalske nade Omladinskog fudbalskog kluba Brdo. Odmah treba naglasiti da moramo imati puno razumijevanja za na\u0161e mlade fudbalere i sigurni smo da \u0107e to iz utakmice u\u2026","rel":"","context":"In &quot;\u0160kola fudbala OFK Brdo&quot;","block_context":{"text":"\u0160kola fudbala OFK Brdo","link":"https:\/\/www.ofkbrdo.com\/Wordpress\/skola-fudbala-ofk-brdo\/"},"img":{"alt_text":"","src":"https:\/\/i0.wp.com\/www.ofkbrdo.com\/Wordpress\/wp-content\/uploads\/2022\/09\/AC4780C9-7833-4746-99E2-87416DD6FF25.jpeg?fit=1200%2C900&ssl=1&resize=350%2C200","width":350,"height":200,"srcset":"https:\/\/i0.wp.com\/www.ofkbrdo.com\/Wordpress\/wp-content\/uploads\/2022\/09\/AC4780C9-7833-4746-99E2-87416DD6FF25.jpeg?fit=1200%2C900&ssl=1&resize=350%2C200 1x, https:\/\/i0.wp.com\/www.ofkbrdo.com\/Wordpress\/wp-content\/uploads\/2022\/09\/AC4780C9-7833-4746-99E2-87416DD6FF25.jpeg?fit=1200%2C900&ssl=1&resize=525%2C300 1.5x, https:\/\/i0.wp.com\/www.ofkbrdo.com\/Wordpress\/wp-content\/uploads\/2022\/09\/AC4780C9-7833-4746-99E2-87416DD6FF25.jpeg?fit=1200%2C900&ssl=1&resize=700%2C400 2x, https:\/\/i0.wp.com\/www.ofkbrdo.com\/Wordpress\/wp-content\/uploads\/2022\/09\/AC4780C9-7833-4746-99E2-87416DD6FF25.jpeg?fit=1200%2C900&ssl=1&resize=1050%2C600 3x"},"classes":[]},{"id":2262,"url":"https:\/\/www.ofkbrdo.com\/Wordpress\/omladinske-selekcije-ofk-brdo-izvjestaji-sa-utakmica\/","url_meta":{"origin":9886,"position":2},"title":"Omladinske selekcije OFK BRDO &#8211; izvje\u0161taji sa utakmica","author":"admin","date":"21. September 2020","format":false,"excerpt":"Protekl vikend Omladisnke selkcije OFK BRDO igrale su tre\u0107e kolo Omladinske lige Bosne i Hercegovine grupa Zapad. U goste nam je do\u0161la ekipa Podgrme\u010da iz Sanskog Mosta koja je ostvarila dvije gostuju\u0107e pobjede. Kadeti na\u0161eg kluba pora\u017eeni su rezultatom 0:8 dok su juniori na\u0161eg kluba tako\u0111er pretrpili poraz od 0:7.\u2026","rel":"","context":"In &quot;Pocetna&quot;","block_context":{"text":"Pocetna","link":"https:\/\/www.ofkbrdo.com\/Wordpress\/vijesti\/"},"img":{"alt_text":"","src":"https:\/\/i0.wp.com\/www.ofkbrdo.com\/Wordpress\/wp-content\/uploads\/2020\/09\/IMG_2700-1.jpg?fit=1000%2C563&ssl=1&resize=350%2C200","width":350,"height":200,"srcset":"https:\/\/i0.wp.com\/www.ofkbrdo.com\/Wordpress\/wp-content\/uploads\/2020\/09\/IMG_2700-1.jpg?fit=1000%2C563&ssl=1&resize=350%2C200 1x, https:\/\/i0.wp.com\/www.ofkbrdo.com\/Wordpress\/wp-content\/uploads\/2020\/09\/IMG_2700-1.jpg?fit=1000%2C563&ssl=1&resize=525%2C300 1.5x, https:\/\/i0.wp.com\/www.ofkbrdo.com\/Wordpress\/wp-content\/uploads\/2020\/09\/IMG_2700-1.jpg?fit=1000%2C563&ssl=1&resize=700%2C400 2x"},"classes":[]},{"id":6844,"url":"https:\/\/www.ofkbrdo.com\/Wordpress\/veceras-je-vedro-polje-rezervisano-za-fudbalske-nade\/","url_meta":{"origin":9886,"position":3},"title":"VE\u010cERAS JE VEDRO POLJE REZERVISANO ZA FUDBALSKE NADE","author":"admin","date":"24. July 2023","format":false,"excerpt":"Radujemo se \u0161to smo u prilici pozvati mlade fudbalere da do\u0111u na stadion Omladinskog fudbalskog kluba Brdo. \u0160kola fudbala OFK Brdo poziva fudbalske nade uzrasta od 8 do 14 godina da nam do\u0111u ve\u010deras na trening. Da, svi ste dobro do\u0161li jer nikad se ne zna u kome se krije\u2026","rel":"","context":"In &quot;\u0160kola fudbala OFK Brdo&quot;","block_context":{"text":"\u0160kola fudbala OFK Brdo","link":"https:\/\/www.ofkbrdo.com\/Wordpress\/skola-fudbala-ofk-brdo\/"},"img":{"alt_text":"","src":"https:\/\/i0.wp.com\/www.ofkbrdo.com\/Wordpress\/wp-content\/uploads\/2023\/03\/53FE7741-CD3E-40FE-B3F3-988F3733949F.jpeg?fit=1200%2C848&ssl=1&resize=350%2C200","width":350,"height":200,"srcset":"https:\/\/i0.wp.com\/www.ofkbrdo.com\/Wordpress\/wp-content\/uploads\/2023\/03\/53FE7741-CD3E-40FE-B3F3-988F3733949F.jpeg?fit=1200%2C848&ssl=1&resize=350%2C200 1x, https:\/\/i0.wp.com\/www.ofkbrdo.com\/Wordpress\/wp-content\/uploads\/2023\/03\/53FE7741-CD3E-40FE-B3F3-988F3733949F.jpeg?fit=1200%2C848&ssl=1&resize=525%2C300 1.5x, https:\/\/i0.wp.com\/www.ofkbrdo.com\/Wordpress\/wp-content\/uploads\/2023\/03\/53FE7741-CD3E-40FE-B3F3-988F3733949F.jpeg?fit=1200%2C848&ssl=1&resize=700%2C400 2x, https:\/\/i0.wp.com\/www.ofkbrdo.com\/Wordpress\/wp-content\/uploads\/2023\/03\/53FE7741-CD3E-40FE-B3F3-988F3733949F.jpeg?fit=1200%2C848&ssl=1&resize=1050%2C600 3x"},"classes":[]},{"id":6295,"url":"https:\/\/www.ofkbrdo.com\/Wordpress\/brdo-bolje-od-prijedorskog-rudara\/","url_meta":{"origin":9886,"position":4},"title":"BRDO BOLJE OD PRIJEDORSKOG RUDARA","author":"admin","date":"23. January 2023","format":false,"excerpt":"Zimska liga mladih fudbalera u Sanskom Mostu je razgalila srca i du\u0161e navija\u010da Omladinskog fudbalskog kluba Brdo. Prvi krug takmi\u010danja koje se odr\u017eava tokom zimskih dana, svake nedjelje po dvije utakmice u gradu na devet rijeka, polu\u010dio je dvije sigurne pobjede izabranika Mirze Alki\u0107a. Kroz afirmaciju fudbalskih nada, upoznavanje i\u2026","rel":"","context":"In &quot;\u0160kola fudbala OFK Brdo&quot;","block_context":{"text":"\u0160kola fudbala OFK Brdo","link":"https:\/\/www.ofkbrdo.com\/Wordpress\/skola-fudbala-ofk-brdo\/"},"img":{"alt_text":"","src":"https:\/\/i0.wp.com\/www.ofkbrdo.com\/Wordpress\/wp-content\/uploads\/2023\/01\/96B0901C-87A0-45BD-9C19-A08C55BC7519.jpeg?fit=1000%2C550&ssl=1&resize=350%2C200","width":350,"height":200,"srcset":"https:\/\/i0.wp.com\/www.ofkbrdo.com\/Wordpress\/wp-content\/uploads\/2023\/01\/96B0901C-87A0-45BD-9C19-A08C55BC7519.jpeg?fit=1000%2C550&ssl=1&resize=350%2C200 1x, https:\/\/i0.wp.com\/www.ofkbrdo.com\/Wordpress\/wp-content\/uploads\/2023\/01\/96B0901C-87A0-45BD-9C19-A08C55BC7519.jpeg?fit=1000%2C550&ssl=1&resize=525%2C300 1.5x, https:\/\/i0.wp.com\/www.ofkbrdo.com\/Wordpress\/wp-content\/uploads\/2023\/01\/96B0901C-87A0-45BD-9C19-A08C55BC7519.jpeg?fit=1000%2C550&ssl=1&resize=700%2C400 2x"},"classes":[]},{"id":7405,"url":"https:\/\/www.ofkbrdo.com\/Wordpress\/pripremamo-zuto-plavu-noc-ali-ne-zaboravljamo-nase-fudbalske-nade\/","url_meta":{"origin":9886,"position":5},"title":"PRIPREMAMO \u017dUTO-PLAVU NO\u0106, ALI NE ZABORAVLJAMO NA\u0160E FUDBALSKE NADE","author":"admin","date":"8. December 2023","format":false,"excerpt":"Ako ste pomislili da smo u dubokom zimskom snu i da smo na odmoru, prevarili ste se. U Omladinskom fudbalskom klubu Brdo radimo na dva fronta. Naravno, prioritet svih prioriteta je priprema za klupski koncert 24.12. i \u017duto-plavu no\u0107 26.12. Ali, uz veliku dozu zadovoljstva \u017eelimo naglasiti da su u\u2026","rel":"","context":"In &quot;Razno&quot;","block_context":{"text":"Razno","link":"https:\/\/www.ofkbrdo.com\/Wordpress\/razno\/"},"img":{"alt_text":"","src":"https:\/\/i0.wp.com\/www.ofkbrdo.com\/Wordpress\/wp-content\/uploads\/2023\/10\/IMG_2779.jpeg?fit=810%2C564&ssl=1&resize=350%2C200","width":350,"height":200,"srcset":"https:\/\/i0.wp.com\/www.ofkbrdo.com\/Wordpress\/wp-content\/uploads\/2023\/10\/IMG_2779.jpeg?fit=810%2C564&ssl=1&resize=350%2C200 1x, https:\/\/i0.wp.com\/www.ofkbrdo.com\/Wordpress\/wp-content\/uploads\/2023\/10\/IMG_2779.jpeg?fit=810%2C564&ssl=1&resize=525%2C300 1.5x, https:\/\/i0.wp.com\/www.ofkbrdo.com\/Wordpress\/wp-content\/uploads\/2023\/10\/IMG_2779.jpeg?fit=810%2C564&ssl=1&resize=700%2C400 2x"},"classes":[]}],"_links":{"self":[{"href":"https:\/\/www.ofkbrdo.com\/Wordpress\/wp-json\/wp\/v2\/posts\/9886","targetHints":{"allow":["GET"]}}],"collection":[{"href":"https:\/\/www.ofkbrdo.com\/Wordpress\/wp-json\/wp\/v2\/posts"}],"about":[{"href":"https:\/\/www.ofkbrdo.com\/Wordpress\/wp-json\/wp\/v2\/types\/post"}],"author":[{"embeddable":true,"href":"https:\/\/www.ofkbrdo.com\/Wordpress\/wp-json\/wp\/v2\/users\/1"}],"replies":[{"embeddable":true,"href":"https:\/\/www.ofkbrdo.com\/Wordpress\/wp-json\/wp\/v2\/comments?post=9886"}],"version-history":[{"count":3,"href":"https:\/\/www.ofkbrdo.com\/Wordpress\/wp-json\/wp\/v2\/posts\/9886\/revisions"}],"predecessor-version":[{"id":9891,"href":"https:\/\/www.ofkbrdo.com\/Wordpress\/wp-json\/wp\/v2\/posts\/9886\/revisions\/9891"}],"wp:featuredmedia":[{"embeddable":true,"href":"https:\/\/www.ofkbrdo.com\/Wordpress\/wp-json\/wp\/v2\/media\/9888"}],"wp:attachment":[{"href":"https:\/\/www.ofkbrdo.com\/Wordpress\/wp-json\/wp\/v2\/media?parent=9886"}],"wp:term":[{"taxonomy":"category","embeddable":true,"href":"https:\/\/www.ofkbrdo.com\/Wordpress\/wp-json\/wp\/v2\/categories?post=9886"},{"taxonomy":"post_tag","embeddable":true,"href":"https:\/\/www.ofkbrdo.com\/Wordpress\/wp-json\/wp\/v2\/tags?post=9886"}],"curies":[{"name":"wp","href":"https:\/\/api.w.org\/{rel}","templated":true}]}}